{"id":40794,"date":"2019-04-11T15:50:35","date_gmt":"2019-04-11T13:50:35","guid":{"rendered":"https:\/\/vosgesinfo.fr\/gerardmerinfo\/2019\/04\/exposition-de-ceramique-a-mcl\/"},"modified":"2019-04-11T15:50:35","modified_gmt":"2019-04-11T13:50:35","slug":"exposition-de-ceramique-a-mcl","status":"publish","type":"post","link":"https:\/\/vosgesinfo.fr\/gerardmerinfo\/2019\/04\/exposition-de-ceramique-a-mcl\/","title":{"rendered":"Exposition de c\u00e9ramique \u00e0 la MCL"},"content":{"rendered":"<h3>La Saison 2018&rsquo;2019 de la galerie de la MCL continue avec une\u00a0<b><span style=\"color: #7c2a00; font-size: large;\">exposition de c\u00e9ramique<\/span><\/b><b> du 12 au 29 avril\u00a0prochain<\/b> qui regroupe trois artistes : <b><span style=\"color: #7c2a00;\">Marianne Succord, <\/span><span style=\"color: #ad3e00;\">Nelly Martinelli<\/span> <span style=\"color: #d95000;\">&amp; Christine Ceccato<\/span>.<\/b><\/h3>\n<div>\n<div><\/div>\n<div>Vous \u00eates les bienvenus au\u00a0<b>vernissage<\/b>\u00a0qui aura lieu le\u00a0<b>vendredi 12 avril \u00e0 18h30<\/b>\u00a0en pr\u00e9sence des artistes.<\/div>\n<div>Un moment id\u00e9al pour partager, \u00e9changer, questionner autour d\u2019un verre et d\u2019un buffet convivial (en entr\u00e9e libre, ouvert \u00e0 tous).<\/div>\n<div><\/div>\n<div><\/div>\n<div><b><span style=\"color: #7c2a00;\">Marianne Succord<\/span><\/b><\/div>\n<\/div>\n<div>\n<div><a href=\"\/2019\/04\/14963129_133906263750455_8028429268629698785_n.jpg\"><img decoding=\"async\" class=\"alignright size-medium wp-image-144525\" src=\"\/2019\/04\/14963129_133906263750455_8028429268629698785_n-255x255.jpg\" alt=\"Marianne Succord\" width=\"255\" height=\"255\" \/><\/a>L\u2019arch\u00e9ologie et surtout l\u2019art rupestre fascinent Marianne Succord depuis l\u2019enfance.<\/div>\n<div>Ces animaux sculpt\u00e9s sont fait uniquement de terre, de fer, de cuivre, d\u2019oxyde, de mati\u00e8res animales et v\u00e9g\u00e9tales. Des mat\u00e9riaux que nos anc\u00eatres ont d\u00e9couverts et utilis\u00e9s.<\/div>\n<div>La puret\u00e9 de la ligne rupestre est le fil conducteur de cette c\u00e9ramiste qui souhaite, par son travail, \u00e9veiller en vous des \u00e9clats du pass\u00e9 qui soudain resurgissent de l\u2019oubli.<\/div>\n<div>Des \u00e9clats de mondes disparus, l\u2019empreinte de la longue histoire du vivant qui nous a donn\u00e9 naissance.<\/div>\n<div><\/div>\n<div>\n<div>\n<div><b><span style=\"color: #ad3e00;\">Nelly Martinelli<\/span><\/b><\/div>\n<\/div>\n<div>\n<div><a href=\"\/2019\/04\/Nelly3.jpg\"><img decoding=\"async\" class=\"alignright size-medium wp-image-144527\" src=\"\/2019\/04\/Nelly3-400x235.jpg\" alt=\"Nelly3\" width=\"400\" height=\"235\" \/><\/a>Elle travaille la technique du papier porcelaine, qui int\u00e8gre de la cellulose. \u00c0 la cuisson, la cellulose br\u00fble et laisse un vide, ce qui permet des pi\u00e8ce d\u2019une extr\u00eame finesse. Un savoir faire ancien oubli\u00e9, qu\u2019elle remet au go\u00fbt du jour.<\/div>\n<div>Laisser surgir les \u00e9motions Un peu bourrue pour cacher une sensibilit\u00e9 \u00e0 fleur de peau, elle s\u2019apaise \u00e0 travailler la terre. C\u2019est un voyage o\u00f9 les \u00e9nergies s\u2019\u00e9quilibrent. Elle fait tomber la cuirasse, laisse \u00e9merger les \u00e9motions qui la submergent et\u00a0se concentre sur ces fines lamelles, coraux d\u2019un affect en bouillonnement.<\/div>\n<div><\/div>\n<\/div>\n<div>\n<div>\n<div><b><span style=\"color: #d95000;\">Christine Ceccato<\/span><\/b><\/div>\n<\/div>\n<div>\n<div><a href=\"\/2019\/04\/DSC_0099.jpg\"><img decoding=\"async\" class=\"alignright size-medium wp-image-144526\" src=\"\/2019\/04\/DSC_0099-381x255.jpg\" alt=\"Christine ceccato\" width=\"381\" height=\"255\" \/><\/a>Apr\u00e8s l\u2019obtention de son dipl\u00f4me d\u2019arts du feu \u00e0 l\u2019\u00c9cole des Arts D\u00e9coratifs, elle revient s\u2019installer dans sa Lorraine natale.<\/div>\n<div>Elle travaille le gr\u00e8s et la porcelaine dans des sculptures monumentales ou plus petites ainsi que des objets du quotidien revisit\u00e9s. Sa d\u00e9marche cr\u00e9ative s\u2019inspire du sens du sacr\u00e9 o\u00f9 la beaut\u00e9 int\u00e9rieure et ext\u00e9rieure se refl\u00e8tent l\u2019une l\u2019autre\u00a0dans une danse de la vie. De ses sculptures ou objets du quotidien \u00e9mane une \u00e9nergie sereine, un enthousiasme pour la vie qui se traduisent par une sobri\u00e9t\u00e9 ou une exub\u00e9rance joyeuse. La technique se met au service de la beaut\u00e9 avec des\u00a0\u00e9maux chatoyants ou encore avec des contrastes de terres brutes ou d\u00e9licates.<\/div>\n<div>Mes sculptures sont r\u00e9sonances d\u2019\u00eatre, lien entre mati\u00e8re et esprit, symboliques ou animali\u00e8res.<\/div>\n<\/div>\n<\/div>\n<div><\/div>\n<\/div>\n<\/div>\n","protected":false},"excerpt":{"rendered":"<p>La Saison 2018&rsquo;2019 de la galerie de la MCL continue avec une\u00a0exposition de c\u00e9ramique du 12 au 29 avril\u00a0prochain qui [&hellip;]<\/p>\n","protected":false},"author":1,"featured_media":40795,"comment_status":"open","ping_status":"open","sticky":false,"template":"","format":"standard","meta":{"footnotes":""},"categories":[20,4,25],"tags":[103],"class_list":["post-40794","post","type-post","status-publish","format-standard","has-post-thumbnail","hentry","category-a-la-une","category-culture","category-gerardmer","tag-mcl-gerardmer"],"acf":[],"yoast_head":"<!-- This site is optimized with the Yoast SEO plugin v22.5 - https:\/\/yoast.com\/wordpress\/plugins\/seo\/ -->\n<title>Exposition de c\u00e9ramique \u00e0 la MCL - Gerardmer Info<\/title>\n<meta name=\"robots\" content=\"index, follow, max-snippet:-1, max-image-preview:large, max-video-preview:-1\" \/>\n<link rel=\"canonical\" href=\"https:\/\/vosgesinfo.fr\/gerardmerinfo\/2019\/04\/exposition-de-ceramique-a-mcl\/\" \/>\n<meta name=\"twitter:card\" content=\"summary_large_image\" \/>\n<meta name=\"twitter:title\" content=\"Exposition de c\u00e9ramique \u00e0 la MCL - Gerardmer Info\" \/>\n<meta name=\"twitter:description\" content=\"La Saison 2018&rsquo;2019 de la galerie de la MCL continue avec une\u00a0exposition de c\u00e9ramique du 12 au 29 avril\u00a0prochain qui [&hellip;]\" \/>\n<meta name=\"twitter:image\" content=\"https:\/\/vosgesinfo.fr\/app\/uploads\/sites\/6\/2024\/07\/201904dsc-0099.jpg\" \/>\n<meta name=\"twitter:creator\" content=\"@VosgesInfo88\" \/>\n<meta name=\"twitter:site\" content=\"@VosgesInfo88\" \/>\n<meta name=\"twitter:label1\" content=\"\u00c9crit par\" \/>\n\t<meta name=\"twitter:data1\" content=\"qs_admin\" \/>\n\t<meta name=\"twitter:label2\" content=\"Dur\u00e9e de lecture estim\u00e9e\" \/>\n\t<meta name=\"twitter:data2\" content=\"2 minutes\" \/>\n<script type=\"application\/ld+json\" class=\"yoast-schema-graph\">{\"@context\":\"https:\/\/schema.org\",\"@graph\":[{\"@type\":\"Article\",\"@id\":\"https:\/\/vosgesinfo.fr\/gerardmerinfo\/2019\/04\/exposition-de-ceramique-a-mcl\/#article\",\"isPartOf\":{\"@id\":\"https:\/\/vosgesinfo.fr\/gerardmerinfo\/2019\/04\/exposition-de-ceramique-a-mcl\/\"},\"author\":{\"name\":\"qs_admin\",\"@id\":\"https:\/\/vosgesinfo.fr\/gerardmerinfo\/#\/schema\/person\/bc5d02d71e6932e81b6dadb7386667b1\"},\"headline\":\"Exposition de c\u00e9ramique \u00e0 la MCL\",\"datePublished\":\"2019-04-11T13:50:35+00:00\",\"dateModified\":\"2019-04-11T13:50:35+00:00\",\"mainEntityOfPage\":{\"@id\":\"https:\/\/vosgesinfo.fr\/gerardmerinfo\/2019\/04\/exposition-de-ceramique-a-mcl\/\"},\"wordCount\":434,\"commentCount\":0,\"publisher\":{\"@id\":\"https:\/\/vosgesinfo.fr\/gerardmerinfo\/#organization\"},\"image\":{\"@id\":\"https:\/\/vosgesinfo.fr\/gerardmerinfo\/2019\/04\/exposition-de-ceramique-a-mcl\/#primaryimage\"},\"thumbnailUrl\":\"https:\/\/vosgesinfo.fr\/app\/uploads\/sites\/6\/2024\/07\/201904dsc-0099.jpg\",\"keywords\":[\"MCL G\u00e9rardmer\"],\"articleSection\":[\"A la une\",\"Culture\",\"G\u00e9rardmer\"],\"inLanguage\":\"fr-FR\",\"potentialAction\":[{\"@type\":\"CommentAction\",\"name\":\"Comment\",\"target\":[\"https:\/\/vosgesinfo.fr\/gerardmerinfo\/2019\/04\/exposition-de-ceramique-a-mcl\/#respond\"]}]},{\"@type\":\"WebPage\",\"@id\":\"https:\/\/vosgesinfo.fr\/gerardmerinfo\/2019\/04\/exposition-de-ceramique-a-mcl\/\",\"url\":\"https:\/\/vosgesinfo.fr\/gerardmerinfo\/2019\/04\/exposition-de-ceramique-a-mcl\/\",\"name\":\"Exposition de c\u00e9ramique \u00e0 la MCL - Gerardmer Info\",\"isPartOf\":{\"@id\":\"https:\/\/vosgesinfo.fr\/gerardmerinfo\/#website\"},\"primaryImageOfPage\":{\"@id\":\"https:\/\/vosgesinfo.fr\/gerardmerinfo\/2019\/04\/exposition-de-ceramique-a-mcl\/#primaryimage\"},\"image\":{\"@id\":\"https:\/\/vosgesinfo.fr\/gerardmerinfo\/2019\/04\/exposition-de-ceramique-a-mcl\/#primaryimage\"},\"thumbnailUrl\":\"https:\/\/vosgesinfo.fr\/app\/uploads\/sites\/6\/2024\/07\/201904dsc-0099.jpg\",\"datePublished\":\"2019-04-11T13:50:35+00:00\",\"dateModified\":\"2019-04-11T13:50:35+00:00\",\"breadcrumb\":{\"@id\":\"https:\/\/vosgesinfo.fr\/gerardmerinfo\/2019\/04\/exposition-de-ceramique-a-mcl\/#breadcrumb\"},\"inLanguage\":\"fr-FR\",\"potentialAction\":[{\"@type\":\"ReadAction\",\"target\":[\"https:\/\/vosgesinfo.fr\/gerardmerinfo\/2019\/04\/exposition-de-ceramique-a-mcl\/\"]}]},{\"@type\":\"ImageObject\",\"inLanguage\":\"fr-FR\",\"@id\":\"https:\/\/vosgesinfo.fr\/gerardmerinfo\/2019\/04\/exposition-de-ceramique-a-mcl\/#primaryimage\",\"url\":\"https:\/\/vosgesinfo.fr\/app\/uploads\/sites\/6\/2024\/07\/201904dsc-0099.jpg\",\"contentUrl\":\"https:\/\/vosgesinfo.fr\/app\/uploads\/sites\/6\/2024\/07\/201904dsc-0099.jpg\",\"width\":800,\"height\":536},{\"@type\":\"BreadcrumbList\",\"@id\":\"https:\/\/vosgesinfo.fr\/gerardmerinfo\/2019\/04\/exposition-de-ceramique-a-mcl\/#breadcrumb\",\"itemListElement\":[{\"@type\":\"ListItem\",\"position\":1,\"name\":\"Home\",\"item\":\"https:\/\/vosgesinfo.fr\/gerardmerinfo\/\"},{\"@type\":\"ListItem\",\"position\":2,\"name\":\"Exposition de c\u00e9ramique \u00e0 la MCL\"}]},{\"@type\":\"WebSite\",\"@id\":\"https:\/\/vosgesinfo.fr\/gerardmerinfo\/#website\",\"url\":\"https:\/\/vosgesinfo.fr\/gerardmerinfo\/\",\"name\":\"Gerardmer Info\",\"description\":\"Toute l&#039;actualit\u00e9 de G\u00e9rardmer\",\"publisher\":{\"@id\":\"https:\/\/vosgesinfo.fr\/gerardmerinfo\/#organization\"},\"alternateName\":\"Toute l'actualit\u00e9 de G\u00e9rardmer\",\"potentialAction\":[{\"@type\":\"SearchAction\",\"target\":{\"@type\":\"EntryPoint\",\"urlTemplate\":\"https:\/\/vosgesinfo.fr\/gerardmerinfo\/?s={search_term_string}\"},\"query-input\":\"required name=search_term_string\"}],\"inLanguage\":\"fr-FR\"},{\"@type\":\"Organization\",\"@id\":\"https:\/\/vosgesinfo.fr\/gerardmerinfo\/#organization\",\"name\":\"Gerardmer Info\",\"url\":\"https:\/\/vosgesinfo.fr\/gerardmerinfo\/\",\"logo\":{\"@type\":\"ImageObject\",\"inLanguage\":\"fr-FR\",\"@id\":\"https:\/\/vosgesinfo.fr\/gerardmerinfo\/#\/schema\/logo\/image\/\",\"url\":\"https:\/\/vosgesinfo.fr\/app\/uploads\/sites\/6\/2023\/08\/favicon-gerardmerinfo.png\",\"contentUrl\":\"https:\/\/vosgesinfo.fr\/app\/uploads\/sites\/6\/2023\/08\/favicon-gerardmerinfo.png\",\"width\":512,\"height\":512,\"caption\":\"Gerardmer Info\"},\"image\":{\"@id\":\"https:\/\/vosgesinfo.fr\/gerardmerinfo\/#\/schema\/logo\/image\/\"},\"sameAs\":[\"https:\/\/www.facebook.com\/profile.php?id=100049475262660\",\"https:\/\/x.com\/VosgesInfo88\",\"https:\/\/www.youtube.com\/@vosgesinfo\"]},{\"@type\":\"Person\",\"@id\":\"https:\/\/vosgesinfo.fr\/gerardmerinfo\/#\/schema\/person\/bc5d02d71e6932e81b6dadb7386667b1\",\"name\":\"qs_admin\",\"image\":{\"@type\":\"ImageObject\",\"inLanguage\":\"fr-FR\",\"@id\":\"https:\/\/vosgesinfo.fr\/gerardmerinfo\/#\/schema\/person\/image\/\",\"url\":\"https:\/\/secure.gravatar.com\/avatar\/94b18ee0ed79e4a42ea2f2931277b6841a8999fc6fde214600c78057cf1fe1de?s=96&d=mm&r=g\",\"contentUrl\":\"https:\/\/secure.gravatar.com\/avatar\/94b18ee0ed79e4a42ea2f2931277b6841a8999fc6fde214600c78057cf1fe1de?s=96&d=mm&r=g\",\"caption\":\"qs_admin\"},\"sameAs\":[\"https:\/\/vosgesinfo.fr\/wp\"],\"url\":\"https:\/\/vosgesinfo.fr\/gerardmerinfo\/author\/qs_admin\/\"}]}<\/script>\n<!-- \/ Yoast SEO plugin. -->","yoast_head_json":{"title":"Exposition de c\u00e9ramique \u00e0 la MCL - Gerardmer Info","robots":{"index":"index","follow":"follow","max-snippet":"max-snippet:-1","max-image-preview":"max-image-preview:large","max-video-preview":"max-video-preview:-1"},"canonical":"https:\/\/vosgesinfo.fr\/gerardmerinfo\/2019\/04\/exposition-de-ceramique-a-mcl\/","twitter_card":"summary_large_image","twitter_title":"Exposition de c\u00e9ramique \u00e0 la MCL - Gerardmer Info","twitter_description":"La Saison 2018&rsquo;2019 de la galerie de la MCL continue avec une\u00a0exposition de c\u00e9ramique du 12 au 29 avril\u00a0prochain qui [&hellip;]","twitter_image":"https:\/\/vosgesinfo.fr\/app\/uploads\/sites\/6\/2024\/07\/201904dsc-0099.jpg","twitter_creator":"@VosgesInfo88","twitter_site":"@VosgesInfo88","twitter_misc":{"\u00c9crit par":"qs_admin","Dur\u00e9e de lecture estim\u00e9e":"2 minutes"},"schema":{"@context":"https:\/\/schema.org","@graph":[{"@type":"Article","@id":"https:\/\/vosgesinfo.fr\/gerardmerinfo\/2019\/04\/exposition-de-ceramique-a-mcl\/#article","isPartOf":{"@id":"https:\/\/vosgesinfo.fr\/gerardmerinfo\/2019\/04\/exposition-de-ceramique-a-mcl\/"},"author":{"name":"qs_admin","@id":"https:\/\/vosgesinfo.fr\/gerardmerinfo\/#\/schema\/person\/bc5d02d71e6932e81b6dadb7386667b1"},"headline":"Exposition de c\u00e9ramique \u00e0 la MCL","datePublished":"2019-04-11T13:50:35+00:00","dateModified":"2019-04-11T13:50:35+00:00","mainEntityOfPage":{"@id":"https:\/\/vosgesinfo.fr\/gerardmerinfo\/2019\/04\/exposition-de-ceramique-a-mcl\/"},"wordCount":434,"commentCount":0,"publisher":{"@id":"https:\/\/vosgesinfo.fr\/gerardmerinfo\/#organization"},"image":{"@id":"https:\/\/vosgesinfo.fr\/gerardmerinfo\/2019\/04\/exposition-de-ceramique-a-mcl\/#primaryimage"},"thumbnailUrl":"https:\/\/vosgesinfo.fr\/app\/uploads\/sites\/6\/2024\/07\/201904dsc-0099.jpg","keywords":["MCL G\u00e9rardmer"],"articleSection":["A la une","Culture","G\u00e9rardmer"],"inLanguage":"fr-FR","potentialAction":[{"@type":"CommentAction","name":"Comment","target":["https:\/\/vosgesinfo.fr\/gerardmerinfo\/2019\/04\/exposition-de-ceramique-a-mcl\/#respond"]}]},{"@type":"WebPage","@id":"https:\/\/vosgesinfo.fr\/gerardmerinfo\/2019\/04\/exposition-de-ceramique-a-mcl\/","url":"https:\/\/vosgesinfo.fr\/gerardmerinfo\/2019\/04\/exposition-de-ceramique-a-mcl\/","name":"Exposition de c\u00e9ramique \u00e0 la MCL - Gerardmer Info","isPartOf":{"@id":"https:\/\/vosgesinfo.fr\/gerardmerinfo\/#website"},"primaryImageOfPage":{"@id":"https:\/\/vosgesinfo.fr\/gerardmerinfo\/2019\/04\/exposition-de-ceramique-a-mcl\/#primaryimage"},"image":{"@id":"https:\/\/vosgesinfo.fr\/gerardmerinfo\/2019\/04\/exposition-de-ceramique-a-mcl\/#primaryimage"},"thumbnailUrl":"https:\/\/vosgesinfo.fr\/app\/uploads\/sites\/6\/2024\/07\/201904dsc-0099.jpg","datePublished":"2019-04-11T13:50:35+00:00","dateModified":"2019-04-11T13:50:35+00:00","breadcrumb":{"@id":"https:\/\/vosgesinfo.fr\/gerardmerinfo\/2019\/04\/exposition-de-ceramique-a-mcl\/#breadcrumb"},"inLanguage":"fr-FR","potentialAction":[{"@type":"ReadAction","target":["https:\/\/vosgesinfo.fr\/gerardmerinfo\/2019\/04\/exposition-de-ceramique-a-mcl\/"]}]},{"@type":"ImageObject","inLanguage":"fr-FR","@id":"https:\/\/vosgesinfo.fr\/gerardmerinfo\/2019\/04\/exposition-de-ceramique-a-mcl\/#primaryimage","url":"https:\/\/vosgesinfo.fr\/app\/uploads\/sites\/6\/2024\/07\/201904dsc-0099.jpg","contentUrl":"https:\/\/vosgesinfo.fr\/app\/uploads\/sites\/6\/2024\/07\/201904dsc-0099.jpg","width":800,"height":536},{"@type":"BreadcrumbList","@id":"https:\/\/vosgesinfo.fr\/gerardmerinfo\/2019\/04\/exposition-de-ceramique-a-mcl\/#breadcrumb","itemListElement":[{"@type":"ListItem","position":1,"name":"Home","item":"https:\/\/vosgesinfo.fr\/gerardmerinfo\/"},{"@type":"ListItem","position":2,"name":"Exposition de c\u00e9ramique \u00e0 la MCL"}]},{"@type":"WebSite","@id":"https:\/\/vosgesinfo.fr\/gerardmerinfo\/#website","url":"https:\/\/vosgesinfo.fr\/gerardmerinfo\/","name":"Gerardmer Info","description":"Toute l&#039;actualit\u00e9 de G\u00e9rardmer","publisher":{"@id":"https:\/\/vosgesinfo.fr\/gerardmerinfo\/#organization"},"alternateName":"Toute l'actualit\u00e9 de G\u00e9rardmer","potentialAction":[{"@type":"SearchAction","target":{"@type":"EntryPoint","urlTemplate":"https:\/\/vosgesinfo.fr\/gerardmerinfo\/?s={search_term_string}"},"query-input":"required name=search_term_string"}],"inLanguage":"fr-FR"},{"@type":"Organization","@id":"https:\/\/vosgesinfo.fr\/gerardmerinfo\/#organization","name":"Gerardmer Info","url":"https:\/\/vosgesinfo.fr\/gerardmerinfo\/","logo":{"@type":"ImageObject","inLanguage":"fr-FR","@id":"https:\/\/vosgesinfo.fr\/gerardmerinfo\/#\/schema\/logo\/image\/","url":"https:\/\/vosgesinfo.fr\/app\/uploads\/sites\/6\/2023\/08\/favicon-gerardmerinfo.png","contentUrl":"https:\/\/vosgesinfo.fr\/app\/uploads\/sites\/6\/2023\/08\/favicon-gerardmerinfo.png","width":512,"height":512,"caption":"Gerardmer Info"},"image":{"@id":"https:\/\/vosgesinfo.fr\/gerardmerinfo\/#\/schema\/logo\/image\/"},"sameAs":["https:\/\/www.facebook.com\/profile.php?id=100049475262660","https:\/\/x.com\/VosgesInfo88","https:\/\/www.youtube.com\/@vosgesinfo"]},{"@type":"Person","@id":"https:\/\/vosgesinfo.fr\/gerardmerinfo\/#\/schema\/person\/bc5d02d71e6932e81b6dadb7386667b1","name":"qs_admin","image":{"@type":"ImageObject","inLanguage":"fr-FR","@id":"https:\/\/vosgesinfo.fr\/gerardmerinfo\/#\/schema\/person\/image\/","url":"https:\/\/secure.gravatar.com\/avatar\/94b18ee0ed79e4a42ea2f2931277b6841a8999fc6fde214600c78057cf1fe1de?s=96&d=mm&r=g","contentUrl":"https:\/\/secure.gravatar.com\/avatar\/94b18ee0ed79e4a42ea2f2931277b6841a8999fc6fde214600c78057cf1fe1de?s=96&d=mm&r=g","caption":"qs_admin"},"sameAs":["https:\/\/vosgesinfo.fr\/wp"],"url":"https:\/\/vosgesinfo.fr\/gerardmerinfo\/author\/qs_admin\/"}]}},"_links":{"self":[{"href":"https:\/\/vosgesinfo.fr\/gerardmerinfo\/wp-json\/wp\/v2\/posts\/40794","targetHints":{"allow":["GET"]}}],"collection":[{"href":"https:\/\/vosgesinfo.fr\/gerardmerinfo\/wp-json\/wp\/v2\/posts"}],"about":[{"href":"https:\/\/vosgesinfo.fr\/gerardmerinfo\/wp-json\/wp\/v2\/types\/post"}],"author":[{"embeddable":true,"href":"https:\/\/vosgesinfo.fr\/gerardmerinfo\/wp-json\/wp\/v2\/users\/1"}],"replies":[{"embeddable":true,"href":"https:\/\/vosgesinfo.fr\/gerardmerinfo\/wp-json\/wp\/v2\/comments?post=40794"}],"version-history":[{"count":0,"href":"https:\/\/vosgesinfo.fr\/gerardmerinfo\/wp-json\/wp\/v2\/posts\/40794\/revisions"}],"wp:featuredmedia":[{"embeddable":true,"href":"https:\/\/vosgesinfo.fr\/gerardmerinfo\/wp-json\/wp\/v2\/media\/40795"}],"wp:attachment":[{"href":"https:\/\/vosgesinfo.fr\/gerardmerinfo\/wp-json\/wp\/v2\/media?parent=40794"}],"wp:term":[{"taxonomy":"category","embeddable":true,"href":"https:\/\/vosgesinfo.fr\/gerardmerinfo\/wp-json\/wp\/v2\/categories?post=40794"},{"taxonomy":"post_tag","embeddable":true,"href":"https:\/\/vosgesinfo.fr\/gerardmerinfo\/wp-json\/wp\/v2\/tags?post=40794"}],"curies":[{"name":"wp","href":"https:\/\/api.w.org\/{rel}","templated":true}]}}