{"id":40798,"date":"2019-04-08T16:16:05","date_gmt":"2019-04-08T14:16:05","guid":{"rendered":"https:\/\/vosgesinfo.fr\/gerardmerinfo\/2019\/04\/saison-culturelle-joublie-lalzheimer-rire-aux-larmes\/"},"modified":"2019-04-08T16:16:05","modified_gmt":"2019-04-08T14:16:05","slug":"saison-culturelle-joublie-lalzheimer-rire-aux-larmes","status":"publish","type":"post","link":"https:\/\/vosgesinfo.fr\/gerardmerinfo\/2019\/04\/saison-culturelle-joublie-lalzheimer-rire-aux-larmes\/","title":{"rendered":"Saison Culturelle : AVANT QUE J\u2019OUBLIE \/ L\u2019Alzheimer du rire aux larmes"},"content":{"rendered":"<p><iframe loading=\"lazy\" src=\"\/\/www.youtube.com\/embed\/tKPkH7-ThqM\" width=\"425\" height=\"350\" allowfullscreen=\"allowfullscreen\"><\/iframe><\/p>\n<h3><\/h3>\n<h3>La Saison Culturelle de la Ville se poursuit le 13 avril \u00e0 20 h 30 avec le spectacle \u00ab\u00a0Avant que j&rsquo;oublie &#8211; L\u2019Alzheimer du rire aux larmes\u00a0\u00bb de Vanessa Van Durme &amp; Genevi\u00e8ve Peign\u00e9.<\/h3>\n<p><a href=\"\/2019\/04\/AvantOublie.jpeg\"><img decoding=\"async\" class=\"alignright wp-image-144538\" src=\"\/2019\/04\/AvantOublie.jpeg\" alt=\"AvantOublie\" width=\"288\" height=\"472\" \/><\/a>Tarifs : 6\u20ac \u00e0 10\u20ac<\/p>\n<p><strong>Pr\u00e9sentation :<\/strong><\/p>\n<p>Et puis un jour votre maman vous dit \u00ab\u00a0Madame\u00a0\u00bb.<br \/>\nComment se r\u00e9apprendre quand on devient\u00a0deux inconnues?<br \/>\n\u00ab Je t\u2019ai d\u00e9\u00e7ue, maman ? Pourquoi ? Parce que j\u2019\u00e9tais diff\u00e9rent ?<br \/>\nToi aussi maintenant, tu es diff\u00e9rente maman.\u00a0Toute la haine que j\u2019avais pour toi et qui m\u2019a d\u00e9vor\u00e9e\u00a0pendant des ann\u00e9es. Elle s\u2019est effac\u00e9e. Dieu merci. Quand je\u00a0te vois comme \u00e7a\u2026 Ici, dans cette usine de fin de vie\u2026\u00a0Tu es devenue une ombre. J\u2019ai peur que tu meures tu sais,\u00a0je te pr\u00e9f\u00e8re folle. \u00bb<br \/>\n<strong>Comment gr\u00e2ce \u00e0 l\u2019oubli,\u00a0les non-dits se lib\u00e8rent au fil des mots\u2026\u00a0<\/strong>C\u2019est dans cette rencontre dominicale\u00a0entre une m\u00e8re atteinte de la maladie\u00a0d\u2019Alzheimer et sa fille, que <a href=\"http:\/\/mclgerardmer.fr\/wp-content\/uploads\/2018\/12\/Affiche-40x60cm-BD.jpeg\"><img decoding=\"async\" class=\"alignright size-thumbnail wp-image-8607\" src=\"http:\/\/mclgerardmer.fr\/wp-content\/uploads\/2018\/12\/Affiche-40x60cm-BD-150x150.jpeg\" alt=\"\" width=\"150\" height=\"150\" \/><\/a>l\u2019on d\u00e9couvre\u00a0leur amour et leur\u00a0 d\u00e9samour\u00a0qui se confrontent tour \u00e0 tour.<br \/>\nLa com\u00e9dienne incarne les deux r\u00f4les dans un basculement incessant, m\u00ealant le tragique\u00a0\u00e0 l\u2019humour.<br \/>\nAvec un talent fou, la com\u00e9dienne qui joue \u00e0 la fois le r\u00f4le de la m\u00e8re et la fille, aborde un\u00a0sujet grave et surtout nous r\u00e9v\u00e8le la relation entre les deux personnages.\u00a0Le rapport m\u00e8re fille. La famille. Tr\u00e8s \u00e9mouvant, prenant, hypnotisant !<\/p>\n<p>De Vanessa Van Durme &amp; Genevi\u00e8ve Peign\u00e9<br \/>\nMis en sc\u00e8ne par Violette Campo<\/p>\n<p><strong>AUTOUR DU SPECTACLE<\/strong><\/p>\n<p>&nbsp;<\/p>\n<p><strong><a href=\"http:\/\/mclgerardmer.fr\/wp-content\/uploads\/2018\/12\/Sans-titre-2.jpeg\"><img decoding=\"async\" class=\"alignleft wp-image-8609 size-full\" src=\"http:\/\/mclgerardmer.fr\/wp-content\/uploads\/2018\/12\/Sans-titre-2.jpeg\" alt=\"\" width=\"223\" height=\"126\" \/><\/a> PR\u00c9SENTATION ANTENNE \u00ab\u00a0FRANCE ALZHEIMER (gratuit)<\/strong><br \/>\nVendredi 12 avril apr\u00e8s-midi<br \/>\nPr\u00e9sentation de l\u2019antenne \u00ab\u00a0France Alzheimer\u00a0\u00bb de\u00a0G\u00e9rardmer par les b\u00e9n\u00e9voles et des intervenants du<br \/>\nmilieu m\u00e9dical, suivi d\u2019un \u00e9change avec le public.<br \/>\nOuvert \u00e0 tous en entr\u00e9e libre\u00a0Foyer Bar de la MCL<\/p>\n<p>&nbsp;<\/p>\n<p><a href=\"http:\/\/mclgerardmer.fr\/wp-content\/uploads\/2018\/12\/Sans-titre2-2.jpeg\"><img decoding=\"async\" class=\"size-thumbnail wp-image-8610 alignleft\" src=\"http:\/\/mclgerardmer.fr\/wp-content\/uploads\/2018\/12\/Sans-titre2-2-150x150.jpeg\" alt=\"\" width=\"150\" height=\"150\" \/><\/a><\/p>\n<p><strong>RENC\u2019ART CIN\u00c9 TH\u00c9MATIQUE (gratuit)<\/strong><br \/>\nVendredi 12 avril \u00e0 18h00<br \/>\nUne projection sur le th\u00e8me de la m\u00e9moire, \u00e0 d\u00e9couvrir \u00e0\u00a0partir de 10 ans.<br \/>\nInformations \u00e0 la M\u00e9diath\u00e8que\u00a0au 03 29 63 00 70<\/p>\n<p>&nbsp;<\/p>\n<p>&nbsp;<\/p>\n<p><strong><a href=\"http:\/\/mclgerardmer.fr\/wp-content\/uploads\/2018\/12\/Sans-titre3-1.jpeg\"><img decoding=\"async\" class=\"size-thumbnail wp-image-8611 alignleft\" src=\"http:\/\/mclgerardmer.fr\/wp-content\/uploads\/2018\/12\/Sans-titre3-1-150x147.jpeg\" alt=\"\" width=\"150\" height=\"147\" \/><\/a>APR\u00c8S-MIDI JEUX (gratuit)<\/strong><br \/>\nmardi 16 avril apr\u00e8s-midi<br \/>\nUn apr\u00e8s-midi jeux est propos\u00e9 par la Ludoth\u00e8que,\u00a0en partenariat avec les b\u00e9n\u00e9voles de l\u2019antenne<br \/>\n\u00ab\u00a0France Alzheimer\u00a0\u00bb de G\u00e9rardmer. Il est ouvert \u00e0\u00a0tous (r\u00e9sidents du Vinot, patients, seniors et toutes<br \/>\npersonne d\u00e9sireuses de conna\u00eetre l\u2019association).<br \/>\n\u00c0 la R\u00e9sidence \u00ab\u00a0autonomie\u00a0\u00bb du Vinot<\/p>\n","protected":false},"excerpt":{"rendered":"<p>La Saison Culturelle de la Ville se poursuit le 13 avril \u00e0 20 h 30 avec le spectacle \u00ab\u00a0Avant que [&hellip;]<\/p>\n","protected":false},"author":1,"featured_media":40799,"comment_status":"open","ping_status":"open","sticky":false,"template":"","format":"standard","meta":{"footnotes":""},"categories":[20,4,25],"tags":[103,974],"class_list":["post-40798","post","type-post","status-publish","format-standard","has-post-thumbnail","hentry","category-a-la-une","category-culture","category-gerardmer","tag-mcl-gerardmer","tag-saison-culturelle"],"acf":[],"yoast_head":"<!-- This site is optimized with the Yoast SEO plugin v22.5 - https:\/\/yoast.com\/wordpress\/plugins\/seo\/ -->\n<title>Saison Culturelle : AVANT QUE J\u2019OUBLIE \/ L\u2019Alzheimer du rire aux larmes - Gerardmer Info<\/title>\n<meta name=\"robots\" content=\"index, follow, max-snippet:-1, max-image-preview:large, max-video-preview:-1\" \/>\n<link rel=\"canonical\" href=\"https:\/\/vosgesinfo.fr\/gerardmerinfo\/2019\/04\/saison-culturelle-joublie-lalzheimer-rire-aux-larmes\/\" \/>\n<meta name=\"twitter:card\" content=\"summary_large_image\" \/>\n<meta name=\"twitter:title\" content=\"Saison Culturelle : AVANT QUE J\u2019OUBLIE \/ L\u2019Alzheimer du rire aux larmes - Gerardmer Info\" \/>\n<meta name=\"twitter:description\" content=\"La Saison Culturelle de la Ville se poursuit le 13 avril \u00e0 20 h 30 avec le spectacle \u00ab\u00a0Avant que [&hellip;]\" \/>\n<meta name=\"twitter:image\" content=\"https:\/\/vosgesinfo.fr\/app\/uploads\/sites\/6\/2024\/07\/201904affiche-40x60cm-bd.jpeg\" \/>\n<meta name=\"twitter:creator\" content=\"@VosgesInfo88\" \/>\n<meta name=\"twitter:site\" content=\"@VosgesInfo88\" \/>\n<meta name=\"twitter:label1\" content=\"\u00c9crit par\" \/>\n\t<meta name=\"twitter:data1\" content=\"qs_admin\" \/>\n\t<meta name=\"twitter:label2\" content=\"Dur\u00e9e de lecture estim\u00e9e\" \/>\n\t<meta name=\"twitter:data2\" content=\"2 minutes\" \/>\n<script type=\"application\/ld+json\" class=\"yoast-schema-graph\">{\"@context\":\"https:\/\/schema.org\",\"@graph\":[{\"@type\":\"Article\",\"@id\":\"https:\/\/vosgesinfo.fr\/gerardmerinfo\/2019\/04\/saison-culturelle-joublie-lalzheimer-rire-aux-larmes\/#article\",\"isPartOf\":{\"@id\":\"https:\/\/vosgesinfo.fr\/gerardmerinfo\/2019\/04\/saison-culturelle-joublie-lalzheimer-rire-aux-larmes\/\"},\"author\":{\"name\":\"qs_admin\",\"@id\":\"https:\/\/vosgesinfo.fr\/gerardmerinfo\/#\/schema\/person\/bc5d02d71e6932e81b6dadb7386667b1\"},\"headline\":\"Saison Culturelle : AVANT QUE J\u2019OUBLIE \/ L\u2019Alzheimer du rire aux larmes\",\"datePublished\":\"2019-04-08T14:16:05+00:00\",\"dateModified\":\"2019-04-08T14:16:05+00:00\",\"mainEntityOfPage\":{\"@id\":\"https:\/\/vosgesinfo.fr\/gerardmerinfo\/2019\/04\/saison-culturelle-joublie-lalzheimer-rire-aux-larmes\/\"},\"wordCount\":423,\"commentCount\":0,\"publisher\":{\"@id\":\"https:\/\/vosgesinfo.fr\/gerardmerinfo\/#organization\"},\"image\":{\"@id\":\"https:\/\/vosgesinfo.fr\/gerardmerinfo\/2019\/04\/saison-culturelle-joublie-lalzheimer-rire-aux-larmes\/#primaryimage\"},\"thumbnailUrl\":\"https:\/\/vosgesinfo.fr\/app\/uploads\/sites\/6\/2024\/07\/201904affiche-40x60cm-bd.jpeg\",\"keywords\":[\"MCL G\u00e9rardmer\",\"saison culturelle\"],\"articleSection\":[\"A la une\",\"Culture\",\"G\u00e9rardmer\"],\"inLanguage\":\"fr-FR\",\"potentialAction\":[{\"@type\":\"CommentAction\",\"name\":\"Comment\",\"target\":[\"https:\/\/vosgesinfo.fr\/gerardmerinfo\/2019\/04\/saison-culturelle-joublie-lalzheimer-rire-aux-larmes\/#respond\"]}]},{\"@type\":\"WebPage\",\"@id\":\"https:\/\/vosgesinfo.fr\/gerardmerinfo\/2019\/04\/saison-culturelle-joublie-lalzheimer-rire-aux-larmes\/\",\"url\":\"https:\/\/vosgesinfo.fr\/gerardmerinfo\/2019\/04\/saison-culturelle-joublie-lalzheimer-rire-aux-larmes\/\",\"name\":\"Saison Culturelle : AVANT QUE J\u2019OUBLIE \/ L\u2019Alzheimer du rire aux larmes - Gerardmer Info\",\"isPartOf\":{\"@id\":\"https:\/\/vosgesinfo.fr\/gerardmerinfo\/#website\"},\"primaryImageOfPage\":{\"@id\":\"https:\/\/vosgesinfo.fr\/gerardmerinfo\/2019\/04\/saison-culturelle-joublie-lalzheimer-rire-aux-larmes\/#primaryimage\"},\"image\":{\"@id\":\"https:\/\/vosgesinfo.fr\/gerardmerinfo\/2019\/04\/saison-culturelle-joublie-lalzheimer-rire-aux-larmes\/#primaryimage\"},\"thumbnailUrl\":\"https:\/\/vosgesinfo.fr\/app\/uploads\/sites\/6\/2024\/07\/201904affiche-40x60cm-bd.jpeg\",\"datePublished\":\"2019-04-08T14:16:05+00:00\",\"dateModified\":\"2019-04-08T14:16:05+00:00\",\"breadcrumb\":{\"@id\":\"https:\/\/vosgesinfo.fr\/gerardmerinfo\/2019\/04\/saison-culturelle-joublie-lalzheimer-rire-aux-larmes\/#breadcrumb\"},\"inLanguage\":\"fr-FR\",\"potentialAction\":[{\"@type\":\"ReadAction\",\"target\":[\"https:\/\/vosgesinfo.fr\/gerardmerinfo\/2019\/04\/saison-culturelle-joublie-lalzheimer-rire-aux-larmes\/\"]}]},{\"@type\":\"ImageObject\",\"inLanguage\":\"fr-FR\",\"@id\":\"https:\/\/vosgesinfo.fr\/gerardmerinfo\/2019\/04\/saison-culturelle-joublie-lalzheimer-rire-aux-larmes\/#primaryimage\",\"url\":\"https:\/\/vosgesinfo.fr\/app\/uploads\/sites\/6\/2024\/07\/201904affiche-40x60cm-bd.jpeg\",\"contentUrl\":\"https:\/\/vosgesinfo.fr\/app\/uploads\/sites\/6\/2024\/07\/201904affiche-40x60cm-bd.jpeg\",\"width\":533,\"height\":800},{\"@type\":\"BreadcrumbList\",\"@id\":\"https:\/\/vosgesinfo.fr\/gerardmerinfo\/2019\/04\/saison-culturelle-joublie-lalzheimer-rire-aux-larmes\/#breadcrumb\",\"itemListElement\":[{\"@type\":\"ListItem\",\"position\":1,\"name\":\"Home\",\"item\":\"https:\/\/vosgesinfo.fr\/gerardmerinfo\/\"},{\"@type\":\"ListItem\",\"position\":2,\"name\":\"Saison Culturelle : AVANT QUE J\u2019OUBLIE \/ L\u2019Alzheimer du rire aux larmes\"}]},{\"@type\":\"WebSite\",\"@id\":\"https:\/\/vosgesinfo.fr\/gerardmerinfo\/#website\",\"url\":\"https:\/\/vosgesinfo.fr\/gerardmerinfo\/\",\"name\":\"Gerardmer Info\",\"description\":\"Toute l&#039;actualit\u00e9 de G\u00e9rardmer\",\"publisher\":{\"@id\":\"https:\/\/vosgesinfo.fr\/gerardmerinfo\/#organization\"},\"alternateName\":\"Toute l'actualit\u00e9 de G\u00e9rardmer\",\"potentialAction\":[{\"@type\":\"SearchAction\",\"target\":{\"@type\":\"EntryPoint\",\"urlTemplate\":\"https:\/\/vosgesinfo.fr\/gerardmerinfo\/?s={search_term_string}\"},\"query-input\":\"required name=search_term_string\"}],\"inLanguage\":\"fr-FR\"},{\"@type\":\"Organization\",\"@id\":\"https:\/\/vosgesinfo.fr\/gerardmerinfo\/#organization\",\"name\":\"Gerardmer Info\",\"url\":\"https:\/\/vosgesinfo.fr\/gerardmerinfo\/\",\"logo\":{\"@type\":\"ImageObject\",\"inLanguage\":\"fr-FR\",\"@id\":\"https:\/\/vosgesinfo.fr\/gerardmerinfo\/#\/schema\/logo\/image\/\",\"url\":\"https:\/\/vosgesinfo.fr\/app\/uploads\/sites\/6\/2023\/08\/favicon-gerardmerinfo.png\",\"contentUrl\":\"https:\/\/vosgesinfo.fr\/app\/uploads\/sites\/6\/2023\/08\/favicon-gerardmerinfo.png\",\"width\":512,\"height\":512,\"caption\":\"Gerardmer Info\"},\"image\":{\"@id\":\"https:\/\/vosgesinfo.fr\/gerardmerinfo\/#\/schema\/logo\/image\/\"},\"sameAs\":[\"https:\/\/www.facebook.com\/profile.php?id=100049475262660\",\"https:\/\/x.com\/VosgesInfo88\",\"https:\/\/www.youtube.com\/@vosgesinfo\"]},{\"@type\":\"Person\",\"@id\":\"https:\/\/vosgesinfo.fr\/gerardmerinfo\/#\/schema\/person\/bc5d02d71e6932e81b6dadb7386667b1\",\"name\":\"qs_admin\",\"image\":{\"@type\":\"ImageObject\",\"inLanguage\":\"fr-FR\",\"@id\":\"https:\/\/vosgesinfo.fr\/gerardmerinfo\/#\/schema\/person\/image\/\",\"url\":\"https:\/\/secure.gravatar.com\/avatar\/94b18ee0ed79e4a42ea2f2931277b6841a8999fc6fde214600c78057cf1fe1de?s=96&d=mm&r=g\",\"contentUrl\":\"https:\/\/secure.gravatar.com\/avatar\/94b18ee0ed79e4a42ea2f2931277b6841a8999fc6fde214600c78057cf1fe1de?s=96&d=mm&r=g\",\"caption\":\"qs_admin\"},\"sameAs\":[\"https:\/\/vosgesinfo.fr\/wp\"],\"url\":\"https:\/\/vosgesinfo.fr\/gerardmerinfo\/author\/qs_admin\/\"}]}<\/script>\n<!-- \/ Yoast SEO plugin. -->","yoast_head_json":{"title":"Saison Culturelle : AVANT QUE J\u2019OUBLIE \/ L\u2019Alzheimer du rire aux larmes - Gerardmer Info","robots":{"index":"index","follow":"follow","max-snippet":"max-snippet:-1","max-image-preview":"max-image-preview:large","max-video-preview":"max-video-preview:-1"},"canonical":"https:\/\/vosgesinfo.fr\/gerardmerinfo\/2019\/04\/saison-culturelle-joublie-lalzheimer-rire-aux-larmes\/","twitter_card":"summary_large_image","twitter_title":"Saison Culturelle : AVANT QUE J\u2019OUBLIE \/ L\u2019Alzheimer du rire aux larmes - Gerardmer Info","twitter_description":"La Saison Culturelle de la Ville se poursuit le 13 avril \u00e0 20 h 30 avec le spectacle \u00ab\u00a0Avant que [&hellip;]","twitter_image":"https:\/\/vosgesinfo.fr\/app\/uploads\/sites\/6\/2024\/07\/201904affiche-40x60cm-bd.jpeg","twitter_creator":"@VosgesInfo88","twitter_site":"@VosgesInfo88","twitter_misc":{"\u00c9crit par":"qs_admin","Dur\u00e9e de lecture estim\u00e9e":"2 minutes"},"schema":{"@context":"https:\/\/schema.org","@graph":[{"@type":"Article","@id":"https:\/\/vosgesinfo.fr\/gerardmerinfo\/2019\/04\/saison-culturelle-joublie-lalzheimer-rire-aux-larmes\/#article","isPartOf":{"@id":"https:\/\/vosgesinfo.fr\/gerardmerinfo\/2019\/04\/saison-culturelle-joublie-lalzheimer-rire-aux-larmes\/"},"author":{"name":"qs_admin","@id":"https:\/\/vosgesinfo.fr\/gerardmerinfo\/#\/schema\/person\/bc5d02d71e6932e81b6dadb7386667b1"},"headline":"Saison Culturelle : AVANT QUE J\u2019OUBLIE \/ L\u2019Alzheimer du rire aux larmes","datePublished":"2019-04-08T14:16:05+00:00","dateModified":"2019-04-08T14:16:05+00:00","mainEntityOfPage":{"@id":"https:\/\/vosgesinfo.fr\/gerardmerinfo\/2019\/04\/saison-culturelle-joublie-lalzheimer-rire-aux-larmes\/"},"wordCount":423,"commentCount":0,"publisher":{"@id":"https:\/\/vosgesinfo.fr\/gerardmerinfo\/#organization"},"image":{"@id":"https:\/\/vosgesinfo.fr\/gerardmerinfo\/2019\/04\/saison-culturelle-joublie-lalzheimer-rire-aux-larmes\/#primaryimage"},"thumbnailUrl":"https:\/\/vosgesinfo.fr\/app\/uploads\/sites\/6\/2024\/07\/201904affiche-40x60cm-bd.jpeg","keywords":["MCL G\u00e9rardmer","saison culturelle"],"articleSection":["A la une","Culture","G\u00e9rardmer"],"inLanguage":"fr-FR","potentialAction":[{"@type":"CommentAction","name":"Comment","target":["https:\/\/vosgesinfo.fr\/gerardmerinfo\/2019\/04\/saison-culturelle-joublie-lalzheimer-rire-aux-larmes\/#respond"]}]},{"@type":"WebPage","@id":"https:\/\/vosgesinfo.fr\/gerardmerinfo\/2019\/04\/saison-culturelle-joublie-lalzheimer-rire-aux-larmes\/","url":"https:\/\/vosgesinfo.fr\/gerardmerinfo\/2019\/04\/saison-culturelle-joublie-lalzheimer-rire-aux-larmes\/","name":"Saison Culturelle : AVANT QUE J\u2019OUBLIE \/ L\u2019Alzheimer du rire aux larmes - Gerardmer Info","isPartOf":{"@id":"https:\/\/vosgesinfo.fr\/gerardmerinfo\/#website"},"primaryImageOfPage":{"@id":"https:\/\/vosgesinfo.fr\/gerardmerinfo\/2019\/04\/saison-culturelle-joublie-lalzheimer-rire-aux-larmes\/#primaryimage"},"image":{"@id":"https:\/\/vosgesinfo.fr\/gerardmerinfo\/2019\/04\/saison-culturelle-joublie-lalzheimer-rire-aux-larmes\/#primaryimage"},"thumbnailUrl":"https:\/\/vosgesinfo.fr\/app\/uploads\/sites\/6\/2024\/07\/201904affiche-40x60cm-bd.jpeg","datePublished":"2019-04-08T14:16:05+00:00","dateModified":"2019-04-08T14:16:05+00:00","breadcrumb":{"@id":"https:\/\/vosgesinfo.fr\/gerardmerinfo\/2019\/04\/saison-culturelle-joublie-lalzheimer-rire-aux-larmes\/#breadcrumb"},"inLanguage":"fr-FR","potentialAction":[{"@type":"ReadAction","target":["https:\/\/vosgesinfo.fr\/gerardmerinfo\/2019\/04\/saison-culturelle-joublie-lalzheimer-rire-aux-larmes\/"]}]},{"@type":"ImageObject","inLanguage":"fr-FR","@id":"https:\/\/vosgesinfo.fr\/gerardmerinfo\/2019\/04\/saison-culturelle-joublie-lalzheimer-rire-aux-larmes\/#primaryimage","url":"https:\/\/vosgesinfo.fr\/app\/uploads\/sites\/6\/2024\/07\/201904affiche-40x60cm-bd.jpeg","contentUrl":"https:\/\/vosgesinfo.fr\/app\/uploads\/sites\/6\/2024\/07\/201904affiche-40x60cm-bd.jpeg","width":533,"height":800},{"@type":"BreadcrumbList","@id":"https:\/\/vosgesinfo.fr\/gerardmerinfo\/2019\/04\/saison-culturelle-joublie-lalzheimer-rire-aux-larmes\/#breadcrumb","itemListElement":[{"@type":"ListItem","position":1,"name":"Home","item":"https:\/\/vosgesinfo.fr\/gerardmerinfo\/"},{"@type":"ListItem","position":2,"name":"Saison Culturelle : AVANT QUE J\u2019OUBLIE \/ L\u2019Alzheimer du rire aux larmes"}]},{"@type":"WebSite","@id":"https:\/\/vosgesinfo.fr\/gerardmerinfo\/#website","url":"https:\/\/vosgesinfo.fr\/gerardmerinfo\/","name":"Gerardmer Info","description":"Toute l&#039;actualit\u00e9 de G\u00e9rardmer","publisher":{"@id":"https:\/\/vosgesinfo.fr\/gerardmerinfo\/#organization"},"alternateName":"Toute l'actualit\u00e9 de G\u00e9rardmer","potentialAction":[{"@type":"SearchAction","target":{"@type":"EntryPoint","urlTemplate":"https:\/\/vosgesinfo.fr\/gerardmerinfo\/?s={search_term_string}"},"query-input":"required name=search_term_string"}],"inLanguage":"fr-FR"},{"@type":"Organization","@id":"https:\/\/vosgesinfo.fr\/gerardmerinfo\/#organization","name":"Gerardmer Info","url":"https:\/\/vosgesinfo.fr\/gerardmerinfo\/","logo":{"@type":"ImageObject","inLanguage":"fr-FR","@id":"https:\/\/vosgesinfo.fr\/gerardmerinfo\/#\/schema\/logo\/image\/","url":"https:\/\/vosgesinfo.fr\/app\/uploads\/sites\/6\/2023\/08\/favicon-gerardmerinfo.png","contentUrl":"https:\/\/vosgesinfo.fr\/app\/uploads\/sites\/6\/2023\/08\/favicon-gerardmerinfo.png","width":512,"height":512,"caption":"Gerardmer Info"},"image":{"@id":"https:\/\/vosgesinfo.fr\/gerardmerinfo\/#\/schema\/logo\/image\/"},"sameAs":["https:\/\/www.facebook.com\/profile.php?id=100049475262660","https:\/\/x.com\/VosgesInfo88","https:\/\/www.youtube.com\/@vosgesinfo"]},{"@type":"Person","@id":"https:\/\/vosgesinfo.fr\/gerardmerinfo\/#\/schema\/person\/bc5d02d71e6932e81b6dadb7386667b1","name":"qs_admin","image":{"@type":"ImageObject","inLanguage":"fr-FR","@id":"https:\/\/vosgesinfo.fr\/gerardmerinfo\/#\/schema\/person\/image\/","url":"https:\/\/secure.gravatar.com\/avatar\/94b18ee0ed79e4a42ea2f2931277b6841a8999fc6fde214600c78057cf1fe1de?s=96&d=mm&r=g","contentUrl":"https:\/\/secure.gravatar.com\/avatar\/94b18ee0ed79e4a42ea2f2931277b6841a8999fc6fde214600c78057cf1fe1de?s=96&d=mm&r=g","caption":"qs_admin"},"sameAs":["https:\/\/vosgesinfo.fr\/wp"],"url":"https:\/\/vosgesinfo.fr\/gerardmerinfo\/author\/qs_admin\/"}]}},"_links":{"self":[{"href":"https:\/\/vosgesinfo.fr\/gerardmerinfo\/wp-json\/wp\/v2\/posts\/40798","targetHints":{"allow":["GET"]}}],"collection":[{"href":"https:\/\/vosgesinfo.fr\/gerardmerinfo\/wp-json\/wp\/v2\/posts"}],"about":[{"href":"https:\/\/vosgesinfo.fr\/gerardmerinfo\/wp-json\/wp\/v2\/types\/post"}],"author":[{"embeddable":true,"href":"https:\/\/vosgesinfo.fr\/gerardmerinfo\/wp-json\/wp\/v2\/users\/1"}],"replies":[{"embeddable":true,"href":"https:\/\/vosgesinfo.fr\/gerardmerinfo\/wp-json\/wp\/v2\/comments?post=40798"}],"version-history":[{"count":0,"href":"https:\/\/vosgesinfo.fr\/gerardmerinfo\/wp-json\/wp\/v2\/posts\/40798\/revisions"}],"wp:featuredmedia":[{"embeddable":true,"href":"https:\/\/vosgesinfo.fr\/gerardmerinfo\/wp-json\/wp\/v2\/media\/40799"}],"wp:attachment":[{"href":"https:\/\/vosgesinfo.fr\/gerardmerinfo\/wp-json\/wp\/v2\/media?parent=40798"}],"wp:term":[{"taxonomy":"category","embeddable":true,"href":"https:\/\/vosgesinfo.fr\/gerardmerinfo\/wp-json\/wp\/v2\/categories?post=40798"},{"taxonomy":"post_tag","embeddable":true,"href":"https:\/\/vosgesinfo.fr\/gerardmerinfo\/wp-json\/wp\/v2\/tags?post=40798"}],"curies":[{"name":"wp","href":"https:\/\/api.w.org\/{rel}","templated":true}]}}