{"id":40822,"date":"2019-04-08T14:54:15","date_gmt":"2019-04-08T12:54:15","guid":{"rendered":"https:\/\/vosgesinfo.fr\/gerardmerinfo\/2019\/04\/graines-de-cine-a-mcl-5-films-jeunesses-programme-pendant-vacances-davril\/"},"modified":"2019-04-08T14:54:15","modified_gmt":"2019-04-08T12:54:15","slug":"graines-de-cine-a-mcl-5-films-jeunesses-programme-pendant-vacances-davril","status":"publish","type":"post","link":"https:\/\/vosgesinfo.fr\/gerardmerinfo\/2019\/04\/graines-de-cine-a-mcl-5-films-jeunesses-programme-pendant-vacances-davril\/","title":{"rendered":"Graines de Cin\u00e9 \u00e0 la MCL : 5 films jeunesses au programme pendant les vacances d&rsquo;avril"},"content":{"rendered":"<h3 style=\"text-align: center;\"><a href=\"\/2019\/04\/Dossier_DBS_Broly_000-650x412.jpg\"><img decoding=\"async\" class=\"aligncenter size-medium wp-image-144600\" src=\"\/2019\/04\/Dossier_DBS_Broly_000-650x412-400x255.jpg\" alt=\"Dossier_DBS_Broly_000-650x412\" width=\"400\" height=\"255\" \/><\/a><\/h3>\n<h3 style=\"text-align: center;\"><b>Vacances avril 2019<\/b><br \/>\n5 films jeunesse seront propos\u00e9s pour ces vacances au cin\u00e9ma de la MCL :<\/h3>\n<p style=\"text-align: left;\"><b>Les Aventures de Rita et Machin<\/b> (d\u00e8s 3 ans)<br \/>\n<b>Mango <\/b>(d\u00e8s 6 ans) Une taupe en marionnette qui fait du foot<br \/>\n<b>Terra Willy, plan\u00e8te inconnue<\/b> (d\u00e8s 6 ans) dans le cadre de Mix&rsquo;ture science organis\u00e9 par la Ludoth\u00e8que<\/p>\n<p><b><span style=\"color: #ff0000;\">NOUVEAU : <\/span>UNE SELECTION DE FILMS POUR LES ADOS :<\/b><br \/>\nEn lien avec le d\u00e9veloppement du secteur jeunesse vers le public adolescent, Graines de cin\u00e9 s\u2019ouvre aux plus grands d\u00e8s le mois d\u2019avril avec 2 films \u00e0 d\u00e9couvrir d\u00e8s 12 ans :<br \/>\n<b>Dragon Ball Super : Broly<\/b> \/ Le film qui fait rena\u00eetre le mythe Dragon Ball<br \/>\n<b>Funan<\/b> \/ L\u2019histoire d\u2019une famille cambodgienne durant la r\u00e9volution Khmers rouges au Cambodge<\/p>\n<p>Le catalogue et les horaires sont t\u00e9l\u00e9chargeables sur le site : <a href=\"http:\/\/grainesdecine.fr\" target=\"_blank\" rel=\"noopener noreferrer\" data-auth=\"NotApplicable\"> grainesdecine.fr<\/a><\/p>\n<p>Lien vers le catalogue : <a href=\"http:\/\/mclgerardmer.fr\/gdc\/wp-content\/uploads\/2019\/03\/GDCavril.pdf\" target=\"_blank\" rel=\"noopener noreferrer\" data-auth=\"NotApplicable\"> http:\/\/mclgerardmer.fr\/gdc\/wp-content\/uploads\/2019\/03\/GDCavril.pdf<\/a><\/p>\n<p style=\"text-align: center;\"><strong>Les horaires :<\/strong><\/p>\n<div class=\"x_moz-signature\"><\/div>\n<div class=\"x_moz-signature\">\n<h4 class=\"x_et_pb_module_header\">Les aventures de Rita et Machin<\/h4>\n<div class=\"x_et_pb_blurb_description\">\n<p><strong>1h30 \u2013 d\u00e8s 3 ans<\/strong><br \/>\nMercredi 10 avril \u00e0 16h30<br \/>\nDimanche 14 avril \u00e0 17h15<br \/>\nMardi 16 avril \u00e0 14h30<br \/>\nMercredi 17 avril \u00e0 17h00<br \/>\nJeudi 18 avril \u00e0 10h30<br \/>\nMardi 23 avril \u00e0 17h30<\/p>\n<\/div>\n<\/div>\n<div class=\"x_moz-signature\"><\/div>\n<div class=\"x_moz-signature\"><\/div>\n<div class=\"x_moz-signature\">\n<h4 class=\"x_et_pb_module_header\">Mango<\/h4>\n<div class=\"x_et_pb_blurb_description\">\n<p><strong>1h35 \u2013 d\u00e8s 6 ans<\/strong><\/p>\n<p>Mercredi 3 avril \u00e0 14h30<br \/>\nLundi 8 avril \u00e0 16h30<br \/>\nMardi 9 avril \u00e0 14h30<br \/>\nVendredi 12 avril \u00e0 14h30<br \/>\nLundi 15 avril \u00e0 14h30<br \/>\nMardi 16 avril \u00e0 16h00<\/p>\n<\/div>\n<\/div>\n<div class=\"x_moz-signature\"><\/div>\n<div class=\"x_moz-signature\"><\/div>\n<div class=\"x_moz-signature\">\n<h4 class=\"x_et_pb_module_header\">Terra Willy \u2013 Plan\u00e8te inconnue<\/h4>\n<div class=\"x_et_pb_blurb_description\">\n<p><strong>1h30 \u2013 d\u00e8s 6 ans<\/strong><\/p>\n<p>Mercredi 10 avril \u00e0 14h30<br \/>\nVendredi 12 avril \u00e0 16h30<br \/>\nDimanche 14 avril \u00e0 15h30<br \/>\nLundi 15 avril \u00e0 16h30<br \/>\nMardi 16 avril \u00e0 10h00<\/p>\n<\/div>\n<\/div>\n<h4 class=\"x_et_pb_module_header\">Dragon Ball Super: Broly<\/h4>\n<div class=\"x_et_pb_blurb_description\">\n<p><strong>1h40 \u2013 d\u00e8s 12 ans<\/strong><\/p>\n<p>Mercredi 17 avril \u00e0 14h30<br \/>\nJeudi 18 avril \u00e0 18h00\u00a0en VOST<br \/>\nLundi 22 avril \u00e0 16h00<br \/>\nMercredi 24 avril \u00e0 16h30<br \/>\nDimanche 28 avril \u00e0 20h30\u00a0en VOST<br \/>\nMardi 30 avril \u00e0 14h30<\/p>\n<h4 class=\"x_et_pb_module_header\">Funan<\/h4>\n<div class=\"x_et_pb_blurb_description\">\n<p><strong>1h22 \u2013 d\u00e8s 13 ans<\/strong><\/p>\n<p>Mercredi 24 avril \u00e0 20h30<br \/>\nVendredi 26 avril \u00e0 16h30<br \/>\nSamedi 27 avril \u00e0 18h30<br \/>\nLundi 29 avril \u00e0 16h30<\/p>\n<\/div>\n<\/div>\n","protected":false},"excerpt":{"rendered":"<p>Vacances avril 2019 5 films jeunesse seront propos\u00e9s pour ces vacances au cin\u00e9ma de la MCL : Les Aventures de [&hellip;]<\/p>\n","protected":false},"author":1,"featured_media":40823,"comment_status":"open","ping_status":"open","sticky":false,"template":"","format":"standard","meta":{"footnotes":""},"categories":[20,4,25],"tags":[103],"class_list":["post-40822","post","type-post","status-publish","format-standard","has-post-thumbnail","hentry","category-a-la-une","category-culture","category-gerardmer","tag-mcl-gerardmer"],"acf":[],"yoast_head":"<!-- This site is optimized with the Yoast SEO plugin v22.5 - https:\/\/yoast.com\/wordpress\/plugins\/seo\/ -->\n<title>Graines de Cin\u00e9 \u00e0 la MCL : 5 films jeunesses au programme pendant les vacances d&#039;avril - Gerardmer Info<\/title>\n<meta name=\"robots\" content=\"index, follow, max-snippet:-1, max-image-preview:large, max-video-preview:-1\" \/>\n<link rel=\"canonical\" href=\"https:\/\/vosgesinfo.fr\/gerardmerinfo\/2019\/04\/graines-de-cine-a-mcl-5-films-jeunesses-programme-pendant-vacances-davril\/\" \/>\n<meta name=\"twitter:card\" content=\"summary_large_image\" \/>\n<meta name=\"twitter:title\" content=\"Graines de Cin\u00e9 \u00e0 la MCL : 5 films jeunesses au programme pendant les vacances d&#039;avril - Gerardmer Info\" \/>\n<meta name=\"twitter:description\" content=\"Vacances avril 2019 5 films jeunesse seront propos\u00e9s pour ces vacances au cin\u00e9ma de la MCL : Les Aventures de [&hellip;]\" \/>\n<meta name=\"twitter:image\" content=\"https:\/\/vosgesinfo.fr\/app\/uploads\/sites\/6\/2024\/07\/201904dossier-dbs-broly-000-650x412-1.jpg\" \/>\n<meta name=\"twitter:creator\" content=\"@VosgesInfo88\" \/>\n<meta name=\"twitter:site\" content=\"@VosgesInfo88\" \/>\n<meta name=\"twitter:label1\" content=\"\u00c9crit par\" \/>\n\t<meta name=\"twitter:data1\" content=\"qs_admin\" \/>\n\t<meta name=\"twitter:label2\" content=\"Dur\u00e9e de lecture estim\u00e9e\" \/>\n\t<meta name=\"twitter:data2\" content=\"1 minute\" \/>\n<script type=\"application\/ld+json\" class=\"yoast-schema-graph\">{\"@context\":\"https:\/\/schema.org\",\"@graph\":[{\"@type\":\"Article\",\"@id\":\"https:\/\/vosgesinfo.fr\/gerardmerinfo\/2019\/04\/graines-de-cine-a-mcl-5-films-jeunesses-programme-pendant-vacances-davril\/#article\",\"isPartOf\":{\"@id\":\"https:\/\/vosgesinfo.fr\/gerardmerinfo\/2019\/04\/graines-de-cine-a-mcl-5-films-jeunesses-programme-pendant-vacances-davril\/\"},\"author\":{\"name\":\"qs_admin\",\"@id\":\"https:\/\/vosgesinfo.fr\/gerardmerinfo\/#\/schema\/person\/bc5d02d71e6932e81b6dadb7386667b1\"},\"headline\":\"Graines de Cin\u00e9 \u00e0 la MCL : 5 films jeunesses au programme pendant les vacances d&rsquo;avril\",\"datePublished\":\"2019-04-08T12:54:15+00:00\",\"dateModified\":\"2019-04-08T12:54:15+00:00\",\"mainEntityOfPage\":{\"@id\":\"https:\/\/vosgesinfo.fr\/gerardmerinfo\/2019\/04\/graines-de-cine-a-mcl-5-films-jeunesses-programme-pendant-vacances-davril\/\"},\"wordCount\":292,\"commentCount\":0,\"publisher\":{\"@id\":\"https:\/\/vosgesinfo.fr\/gerardmerinfo\/#organization\"},\"image\":{\"@id\":\"https:\/\/vosgesinfo.fr\/gerardmerinfo\/2019\/04\/graines-de-cine-a-mcl-5-films-jeunesses-programme-pendant-vacances-davril\/#primaryimage\"},\"thumbnailUrl\":\"https:\/\/vosgesinfo.fr\/app\/uploads\/sites\/6\/2024\/07\/201904dossier-dbs-broly-000-650x412-1.jpg\",\"keywords\":[\"MCL G\u00e9rardmer\"],\"articleSection\":[\"A la une\",\"Culture\",\"G\u00e9rardmer\"],\"inLanguage\":\"fr-FR\",\"potentialAction\":[{\"@type\":\"CommentAction\",\"name\":\"Comment\",\"target\":[\"https:\/\/vosgesinfo.fr\/gerardmerinfo\/2019\/04\/graines-de-cine-a-mcl-5-films-jeunesses-programme-pendant-vacances-davril\/#respond\"]}]},{\"@type\":\"WebPage\",\"@id\":\"https:\/\/vosgesinfo.fr\/gerardmerinfo\/2019\/04\/graines-de-cine-a-mcl-5-films-jeunesses-programme-pendant-vacances-davril\/\",\"url\":\"https:\/\/vosgesinfo.fr\/gerardmerinfo\/2019\/04\/graines-de-cine-a-mcl-5-films-jeunesses-programme-pendant-vacances-davril\/\",\"name\":\"Graines de Cin\u00e9 \u00e0 la MCL : 5 films jeunesses au programme pendant les vacances d'avril - Gerardmer Info\",\"isPartOf\":{\"@id\":\"https:\/\/vosgesinfo.fr\/gerardmerinfo\/#website\"},\"primaryImageOfPage\":{\"@id\":\"https:\/\/vosgesinfo.fr\/gerardmerinfo\/2019\/04\/graines-de-cine-a-mcl-5-films-jeunesses-programme-pendant-vacances-davril\/#primaryimage\"},\"image\":{\"@id\":\"https:\/\/vosgesinfo.fr\/gerardmerinfo\/2019\/04\/graines-de-cine-a-mcl-5-films-jeunesses-programme-pendant-vacances-davril\/#primaryimage\"},\"thumbnailUrl\":\"https:\/\/vosgesinfo.fr\/app\/uploads\/sites\/6\/2024\/07\/201904dossier-dbs-broly-000-650x412-1.jpg\",\"datePublished\":\"2019-04-08T12:54:15+00:00\",\"dateModified\":\"2019-04-08T12:54:15+00:00\",\"breadcrumb\":{\"@id\":\"https:\/\/vosgesinfo.fr\/gerardmerinfo\/2019\/04\/graines-de-cine-a-mcl-5-films-jeunesses-programme-pendant-vacances-davril\/#breadcrumb\"},\"inLanguage\":\"fr-FR\",\"potentialAction\":[{\"@type\":\"ReadAction\",\"target\":[\"https:\/\/vosgesinfo.fr\/gerardmerinfo\/2019\/04\/graines-de-cine-a-mcl-5-films-jeunesses-programme-pendant-vacances-davril\/\"]}]},{\"@type\":\"ImageObject\",\"inLanguage\":\"fr-FR\",\"@id\":\"https:\/\/vosgesinfo.fr\/gerardmerinfo\/2019\/04\/graines-de-cine-a-mcl-5-films-jeunesses-programme-pendant-vacances-davril\/#primaryimage\",\"url\":\"https:\/\/vosgesinfo.fr\/app\/uploads\/sites\/6\/2024\/07\/201904dossier-dbs-broly-000-650x412-1.jpg\",\"contentUrl\":\"https:\/\/vosgesinfo.fr\/app\/uploads\/sites\/6\/2024\/07\/201904dossier-dbs-broly-000-650x412-1.jpg\",\"width\":650,\"height\":412},{\"@type\":\"BreadcrumbList\",\"@id\":\"https:\/\/vosgesinfo.fr\/gerardmerinfo\/2019\/04\/graines-de-cine-a-mcl-5-films-jeunesses-programme-pendant-vacances-davril\/#breadcrumb\",\"itemListElement\":[{\"@type\":\"ListItem\",\"position\":1,\"name\":\"Home\",\"item\":\"https:\/\/vosgesinfo.fr\/gerardmerinfo\/\"},{\"@type\":\"ListItem\",\"position\":2,\"name\":\"Graines de Cin\u00e9 \u00e0 la MCL : 5 films jeunesses au programme pendant les vacances d&rsquo;avril\"}]},{\"@type\":\"WebSite\",\"@id\":\"https:\/\/vosgesinfo.fr\/gerardmerinfo\/#website\",\"url\":\"https:\/\/vosgesinfo.fr\/gerardmerinfo\/\",\"name\":\"Gerardmer Info\",\"description\":\"Toute l&#039;actualit\u00e9 de G\u00e9rardmer\",\"publisher\":{\"@id\":\"https:\/\/vosgesinfo.fr\/gerardmerinfo\/#organization\"},\"alternateName\":\"Toute l'actualit\u00e9 de G\u00e9rardmer\",\"potentialAction\":[{\"@type\":\"SearchAction\",\"target\":{\"@type\":\"EntryPoint\",\"urlTemplate\":\"https:\/\/vosgesinfo.fr\/gerardmerinfo\/?s={search_term_string}\"},\"query-input\":\"required name=search_term_string\"}],\"inLanguage\":\"fr-FR\"},{\"@type\":\"Organization\",\"@id\":\"https:\/\/vosgesinfo.fr\/gerardmerinfo\/#organization\",\"name\":\"Gerardmer Info\",\"url\":\"https:\/\/vosgesinfo.fr\/gerardmerinfo\/\",\"logo\":{\"@type\":\"ImageObject\",\"inLanguage\":\"fr-FR\",\"@id\":\"https:\/\/vosgesinfo.fr\/gerardmerinfo\/#\/schema\/logo\/image\/\",\"url\":\"https:\/\/vosgesinfo.fr\/app\/uploads\/sites\/6\/2023\/08\/favicon-gerardmerinfo.png\",\"contentUrl\":\"https:\/\/vosgesinfo.fr\/app\/uploads\/sites\/6\/2023\/08\/favicon-gerardmerinfo.png\",\"width\":512,\"height\":512,\"caption\":\"Gerardmer Info\"},\"image\":{\"@id\":\"https:\/\/vosgesinfo.fr\/gerardmerinfo\/#\/schema\/logo\/image\/\"},\"sameAs\":[\"https:\/\/www.facebook.com\/profile.php?id=100049475262660\",\"https:\/\/x.com\/VosgesInfo88\",\"https:\/\/www.youtube.com\/@vosgesinfo\"]},{\"@type\":\"Person\",\"@id\":\"https:\/\/vosgesinfo.fr\/gerardmerinfo\/#\/schema\/person\/bc5d02d71e6932e81b6dadb7386667b1\",\"name\":\"qs_admin\",\"image\":{\"@type\":\"ImageObject\",\"inLanguage\":\"fr-FR\",\"@id\":\"https:\/\/vosgesinfo.fr\/gerardmerinfo\/#\/schema\/person\/image\/\",\"url\":\"https:\/\/secure.gravatar.com\/avatar\/94b18ee0ed79e4a42ea2f2931277b6841a8999fc6fde214600c78057cf1fe1de?s=96&d=mm&r=g\",\"contentUrl\":\"https:\/\/secure.gravatar.com\/avatar\/94b18ee0ed79e4a42ea2f2931277b6841a8999fc6fde214600c78057cf1fe1de?s=96&d=mm&r=g\",\"caption\":\"qs_admin\"},\"sameAs\":[\"https:\/\/vosgesinfo.fr\/wp\"],\"url\":\"https:\/\/vosgesinfo.fr\/gerardmerinfo\/author\/qs_admin\/\"}]}<\/script>\n<!-- \/ Yoast SEO plugin. -->","yoast_head_json":{"title":"Graines de Cin\u00e9 \u00e0 la MCL : 5 films jeunesses au programme pendant les vacances d'avril - Gerardmer Info","robots":{"index":"index","follow":"follow","max-snippet":"max-snippet:-1","max-image-preview":"max-image-preview:large","max-video-preview":"max-video-preview:-1"},"canonical":"https:\/\/vosgesinfo.fr\/gerardmerinfo\/2019\/04\/graines-de-cine-a-mcl-5-films-jeunesses-programme-pendant-vacances-davril\/","twitter_card":"summary_large_image","twitter_title":"Graines de Cin\u00e9 \u00e0 la MCL : 5 films jeunesses au programme pendant les vacances d'avril - Gerardmer Info","twitter_description":"Vacances avril 2019 5 films jeunesse seront propos\u00e9s pour ces vacances au cin\u00e9ma de la MCL : Les Aventures de [&hellip;]","twitter_image":"https:\/\/vosgesinfo.fr\/app\/uploads\/sites\/6\/2024\/07\/201904dossier-dbs-broly-000-650x412-1.jpg","twitter_creator":"@VosgesInfo88","twitter_site":"@VosgesInfo88","twitter_misc":{"\u00c9crit par":"qs_admin","Dur\u00e9e de lecture estim\u00e9e":"1 minute"},"schema":{"@context":"https:\/\/schema.org","@graph":[{"@type":"Article","@id":"https:\/\/vosgesinfo.fr\/gerardmerinfo\/2019\/04\/graines-de-cine-a-mcl-5-films-jeunesses-programme-pendant-vacances-davril\/#article","isPartOf":{"@id":"https:\/\/vosgesinfo.fr\/gerardmerinfo\/2019\/04\/graines-de-cine-a-mcl-5-films-jeunesses-programme-pendant-vacances-davril\/"},"author":{"name":"qs_admin","@id":"https:\/\/vosgesinfo.fr\/gerardmerinfo\/#\/schema\/person\/bc5d02d71e6932e81b6dadb7386667b1"},"headline":"Graines de Cin\u00e9 \u00e0 la MCL : 5 films jeunesses au programme pendant les vacances d&rsquo;avril","datePublished":"2019-04-08T12:54:15+00:00","dateModified":"2019-04-08T12:54:15+00:00","mainEntityOfPage":{"@id":"https:\/\/vosgesinfo.fr\/gerardmerinfo\/2019\/04\/graines-de-cine-a-mcl-5-films-jeunesses-programme-pendant-vacances-davril\/"},"wordCount":292,"commentCount":0,"publisher":{"@id":"https:\/\/vosgesinfo.fr\/gerardmerinfo\/#organization"},"image":{"@id":"https:\/\/vosgesinfo.fr\/gerardmerinfo\/2019\/04\/graines-de-cine-a-mcl-5-films-jeunesses-programme-pendant-vacances-davril\/#primaryimage"},"thumbnailUrl":"https:\/\/vosgesinfo.fr\/app\/uploads\/sites\/6\/2024\/07\/201904dossier-dbs-broly-000-650x412-1.jpg","keywords":["MCL G\u00e9rardmer"],"articleSection":["A la une","Culture","G\u00e9rardmer"],"inLanguage":"fr-FR","potentialAction":[{"@type":"CommentAction","name":"Comment","target":["https:\/\/vosgesinfo.fr\/gerardmerinfo\/2019\/04\/graines-de-cine-a-mcl-5-films-jeunesses-programme-pendant-vacances-davril\/#respond"]}]},{"@type":"WebPage","@id":"https:\/\/vosgesinfo.fr\/gerardmerinfo\/2019\/04\/graines-de-cine-a-mcl-5-films-jeunesses-programme-pendant-vacances-davril\/","url":"https:\/\/vosgesinfo.fr\/gerardmerinfo\/2019\/04\/graines-de-cine-a-mcl-5-films-jeunesses-programme-pendant-vacances-davril\/","name":"Graines de Cin\u00e9 \u00e0 la MCL : 5 films jeunesses au programme pendant les vacances d'avril - Gerardmer Info","isPartOf":{"@id":"https:\/\/vosgesinfo.fr\/gerardmerinfo\/#website"},"primaryImageOfPage":{"@id":"https:\/\/vosgesinfo.fr\/gerardmerinfo\/2019\/04\/graines-de-cine-a-mcl-5-films-jeunesses-programme-pendant-vacances-davril\/#primaryimage"},"image":{"@id":"https:\/\/vosgesinfo.fr\/gerardmerinfo\/2019\/04\/graines-de-cine-a-mcl-5-films-jeunesses-programme-pendant-vacances-davril\/#primaryimage"},"thumbnailUrl":"https:\/\/vosgesinfo.fr\/app\/uploads\/sites\/6\/2024\/07\/201904dossier-dbs-broly-000-650x412-1.jpg","datePublished":"2019-04-08T12:54:15+00:00","dateModified":"2019-04-08T12:54:15+00:00","breadcrumb":{"@id":"https:\/\/vosgesinfo.fr\/gerardmerinfo\/2019\/04\/graines-de-cine-a-mcl-5-films-jeunesses-programme-pendant-vacances-davril\/#breadcrumb"},"inLanguage":"fr-FR","potentialAction":[{"@type":"ReadAction","target":["https:\/\/vosgesinfo.fr\/gerardmerinfo\/2019\/04\/graines-de-cine-a-mcl-5-films-jeunesses-programme-pendant-vacances-davril\/"]}]},{"@type":"ImageObject","inLanguage":"fr-FR","@id":"https:\/\/vosgesinfo.fr\/gerardmerinfo\/2019\/04\/graines-de-cine-a-mcl-5-films-jeunesses-programme-pendant-vacances-davril\/#primaryimage","url":"https:\/\/vosgesinfo.fr\/app\/uploads\/sites\/6\/2024\/07\/201904dossier-dbs-broly-000-650x412-1.jpg","contentUrl":"https:\/\/vosgesinfo.fr\/app\/uploads\/sites\/6\/2024\/07\/201904dossier-dbs-broly-000-650x412-1.jpg","width":650,"height":412},{"@type":"BreadcrumbList","@id":"https:\/\/vosgesinfo.fr\/gerardmerinfo\/2019\/04\/graines-de-cine-a-mcl-5-films-jeunesses-programme-pendant-vacances-davril\/#breadcrumb","itemListElement":[{"@type":"ListItem","position":1,"name":"Home","item":"https:\/\/vosgesinfo.fr\/gerardmerinfo\/"},{"@type":"ListItem","position":2,"name":"Graines de Cin\u00e9 \u00e0 la MCL : 5 films jeunesses au programme pendant les vacances d&rsquo;avril"}]},{"@type":"WebSite","@id":"https:\/\/vosgesinfo.fr\/gerardmerinfo\/#website","url":"https:\/\/vosgesinfo.fr\/gerardmerinfo\/","name":"Gerardmer Info","description":"Toute l&#039;actualit\u00e9 de G\u00e9rardmer","publisher":{"@id":"https:\/\/vosgesinfo.fr\/gerardmerinfo\/#organization"},"alternateName":"Toute l'actualit\u00e9 de G\u00e9rardmer","potentialAction":[{"@type":"SearchAction","target":{"@type":"EntryPoint","urlTemplate":"https:\/\/vosgesinfo.fr\/gerardmerinfo\/?s={search_term_string}"},"query-input":"required name=search_term_string"}],"inLanguage":"fr-FR"},{"@type":"Organization","@id":"https:\/\/vosgesinfo.fr\/gerardmerinfo\/#organization","name":"Gerardmer Info","url":"https:\/\/vosgesinfo.fr\/gerardmerinfo\/","logo":{"@type":"ImageObject","inLanguage":"fr-FR","@id":"https:\/\/vosgesinfo.fr\/gerardmerinfo\/#\/schema\/logo\/image\/","url":"https:\/\/vosgesinfo.fr\/app\/uploads\/sites\/6\/2023\/08\/favicon-gerardmerinfo.png","contentUrl":"https:\/\/vosgesinfo.fr\/app\/uploads\/sites\/6\/2023\/08\/favicon-gerardmerinfo.png","width":512,"height":512,"caption":"Gerardmer Info"},"image":{"@id":"https:\/\/vosgesinfo.fr\/gerardmerinfo\/#\/schema\/logo\/image\/"},"sameAs":["https:\/\/www.facebook.com\/profile.php?id=100049475262660","https:\/\/x.com\/VosgesInfo88","https:\/\/www.youtube.com\/@vosgesinfo"]},{"@type":"Person","@id":"https:\/\/vosgesinfo.fr\/gerardmerinfo\/#\/schema\/person\/bc5d02d71e6932e81b6dadb7386667b1","name":"qs_admin","image":{"@type":"ImageObject","inLanguage":"fr-FR","@id":"https:\/\/vosgesinfo.fr\/gerardmerinfo\/#\/schema\/person\/image\/","url":"https:\/\/secure.gravatar.com\/avatar\/94b18ee0ed79e4a42ea2f2931277b6841a8999fc6fde214600c78057cf1fe1de?s=96&d=mm&r=g","contentUrl":"https:\/\/secure.gravatar.com\/avatar\/94b18ee0ed79e4a42ea2f2931277b6841a8999fc6fde214600c78057cf1fe1de?s=96&d=mm&r=g","caption":"qs_admin"},"sameAs":["https:\/\/vosgesinfo.fr\/wp"],"url":"https:\/\/vosgesinfo.fr\/gerardmerinfo\/author\/qs_admin\/"}]}},"_links":{"self":[{"href":"https:\/\/vosgesinfo.fr\/gerardmerinfo\/wp-json\/wp\/v2\/posts\/40822","targetHints":{"allow":["GET"]}}],"collection":[{"href":"https:\/\/vosgesinfo.fr\/gerardmerinfo\/wp-json\/wp\/v2\/posts"}],"about":[{"href":"https:\/\/vosgesinfo.fr\/gerardmerinfo\/wp-json\/wp\/v2\/types\/post"}],"author":[{"embeddable":true,"href":"https:\/\/vosgesinfo.fr\/gerardmerinfo\/wp-json\/wp\/v2\/users\/1"}],"replies":[{"embeddable":true,"href":"https:\/\/vosgesinfo.fr\/gerardmerinfo\/wp-json\/wp\/v2\/comments?post=40822"}],"version-history":[{"count":0,"href":"https:\/\/vosgesinfo.fr\/gerardmerinfo\/wp-json\/wp\/v2\/posts\/40822\/revisions"}],"wp:featuredmedia":[{"embeddable":true,"href":"https:\/\/vosgesinfo.fr\/gerardmerinfo\/wp-json\/wp\/v2\/media\/40823"}],"wp:attachment":[{"href":"https:\/\/vosgesinfo.fr\/gerardmerinfo\/wp-json\/wp\/v2\/media?parent=40822"}],"wp:term":[{"taxonomy":"category","embeddable":true,"href":"https:\/\/vosgesinfo.fr\/gerardmerinfo\/wp-json\/wp\/v2\/categories?post=40822"},{"taxonomy":"post_tag","embeddable":true,"href":"https:\/\/vosgesinfo.fr\/gerardmerinfo\/wp-json\/wp\/v2\/tags?post=40822"}],"curies":[{"name":"wp","href":"https:\/\/api.w.org\/{rel}","templated":true}]}}