{"id":40863,"date":"2019-04-09T15:26:24","date_gmt":"2019-04-09T13:26:24","guid":{"rendered":"https:\/\/vosgesinfo.fr\/gerardmerinfo\/2019\/04\/incroyables-potagers-refleurissent-printemps\/"},"modified":"2019-04-09T15:26:24","modified_gmt":"2019-04-09T13:26:24","slug":"incroyables-potagers-refleurissent-printemps","status":"publish","type":"post","link":"https:\/\/vosgesinfo.fr\/gerardmerinfo\/2019\/04\/incroyables-potagers-refleurissent-printemps\/","title":{"rendered":"\u00ab\u00a0Les Incroyables Potagers\u00a0\u00bb refleurissent avec le printemps"},"content":{"rendered":"<p><a href=\"https:\/\/gerardmerinfo.fr\/2019\/04\/incroyables-potagers-refleurissent-printemps\/attachment\/360\/\" rel=\"attachment wp-att-144686\"><img decoding=\"async\" class=\"aligncenter size-full wp-image-144686\" src=\"\/2019\/04\/360.jpg\" alt=\"360\" width=\"800\" height=\"600\" \/><\/a>L&rsquo;assembl\u00e9e\u00a0 g\u00e9n\u00e9rale de l&rsquo;association \u00a0\u00bb les incroyables potagers\u00a0\u00bb a eu lieu le vendredi 29 mars \u00e0 la \u00ab\u00a0Maison d&rsquo;Annie\u00a0\u00bb \u00e0 Champdray. Martine Dautcourt, pr\u00e9sidente,\u00a0 fait l&rsquo;historique de la premi\u00e8re ann\u00e9e d&rsquo;existence de cette association, marqu\u00e9e essentiellement,<\/p>\n<ul>\n<li>d&rsquo;une part, par la construction des bacs potagers situ\u00e9s derri\u00e8re la mairie et pr\u00e8s du ccas( ceci avec un soutien tr\u00e8s actif des services de la mairie que nous remercions \u00e0 nouveau ),<\/li>\n<li>d&rsquo;autre part par le d\u00e9sir d&rsquo;informer\u00a0 les G\u00e9romois sur notre action afin d&rsquo;essayer de leur donner envie\u00a0 de reproduire ces bacs dans d&rsquo;autres quartiers. En effet cette action s&rsquo;inscrit dans le cadre du mouvement international des \u00ab\u00a0incroyables comestibles\u00a0\u00bb, mouvement auquel Martine Dautcourt propose d&rsquo;adh\u00e9rer. L&rsquo;adh\u00e9sion est vot\u00e9e et approuv\u00e9e.<\/li>\n<\/ul>\n<p><strong>Les projets pour l&rsquo;ann\u00e9e 2019 sont nombreux :<\/strong><\/p>\n<ul>\n<li>Organisation d&rsquo;un troc de plantes le samedi apr\u00e8s-midi 11 mai pr\u00e8s des bacs potagers derri\u00e8re la mairie, et plantations de printemps dans ceux ci<\/li>\n<li>Soutien au mouvement \u00a0\u00bb nous voulons des coquelicots\u00a0\u00bb et organisation d&rsquo;un rassemblement tous les premiers vendredis de chaque mois \u00e0 18h30 sur le parvis des droits de l&rsquo;homme en face de la mairie: Appel \u00e0 signatures\u00a0 pour stopper l&rsquo;utilisation des pesticides, pour obtenir cinq\u00a0 million de signatures (p\u00e9tition en ligne ou sur papier), comme dans toutes les autres villes de France o\u00f9 cela se met en place.<\/li>\n<li>aide \u00e0 la construction de nouveaux bacs, partout o\u00f9 nous aurons une demande. En particulier, une institutrice de Rambervillers tr\u00e8s motiv\u00e9e a sollicit\u00e9 notre intervention et nos conseils, dans le quartier du Bergon, des mamans accompagn\u00e9es de leurs enfants souhaitent construire des bacs et s&rsquo;int\u00e9grer dans ce mouvement de nourriture saine, sans pesticides, facile \u00e0 produire, et &#8230;partag\u00e9e !<\/li>\n<\/ul>\n<p>Apr\u00e8s lecture du rapport financier par Nicole Gehin, tr\u00e9sori\u00e8re, et approbation de celui-ci, d&rsquo;autres projets possibles, sont \u00e9voqu\u00e9s comme l&rsquo;organisation d&rsquo;autres conf\u00e9rences sur la permaculture, sur le potager du paresseux ou autre sujet en rapport avec un d\u00e9veloppement durable de la plan\u00e8te.<\/p>\n<p>Un repas convivial a cl\u00f4tur\u00e9 cette assembl\u00e9e g\u00e9n\u00e9rale d&rsquo;une association heureuse de se retrouver pour un deuxi\u00e8me printemps et qui esp\u00e8re partager ses actions avec de nouveaux adh\u00e9rents pour l&rsquo;ann\u00e9e \u00e0 venir ! Venez nous rejoindre !<\/p>\n","protected":false},"excerpt":{"rendered":"<p>L&rsquo;assembl\u00e9e\u00a0 g\u00e9n\u00e9rale de l&rsquo;association \u00a0\u00bb les incroyables potagers\u00a0\u00bb a eu lieu le vendredi 29 mars \u00e0 la \u00ab\u00a0Maison d&rsquo;Annie\u00a0\u00bb \u00e0 [&hellip;]<\/p>\n","protected":false},"author":1,"featured_media":40864,"comment_status":"open","ping_status":"open","sticky":false,"template":"","format":"standard","meta":{"footnotes":""},"categories":[20,17],"tags":[],"class_list":["post-40863","post","type-post","status-publish","format-standard","has-post-thumbnail","hentry","category-a-la-une","category-vie-associative"],"acf":[],"yoast_head":"<!-- This site is optimized with the Yoast SEO plugin v22.5 - https:\/\/yoast.com\/wordpress\/plugins\/seo\/ -->\n<title>&quot;Les Incroyables Potagers&quot; refleurissent avec le printemps - Gerardmer Info<\/title>\n<meta name=\"robots\" content=\"index, follow, max-snippet:-1, max-image-preview:large, max-video-preview:-1\" \/>\n<link rel=\"canonical\" href=\"https:\/\/vosgesinfo.fr\/gerardmerinfo\/2019\/04\/incroyables-potagers-refleurissent-printemps\/\" \/>\n<meta name=\"twitter:card\" content=\"summary_large_image\" \/>\n<meta name=\"twitter:title\" content=\"&quot;Les Incroyables Potagers&quot; refleurissent avec le printemps - Gerardmer Info\" \/>\n<meta name=\"twitter:description\" content=\"L&rsquo;assembl\u00e9e\u00a0 g\u00e9n\u00e9rale de l&rsquo;association \u00a0\u00bb les incroyables potagers\u00a0\u00bb a eu lieu le vendredi 29 mars \u00e0 la \u00ab\u00a0Maison d&rsquo;Annie\u00a0\u00bb \u00e0 [&hellip;]\" \/>\n<meta name=\"twitter:image\" content=\"https:\/\/vosgesinfo.fr\/app\/uploads\/sites\/6\/2024\/07\/201904360.jpg\" \/>\n<meta name=\"twitter:creator\" content=\"@VosgesInfo88\" \/>\n<meta name=\"twitter:site\" content=\"@VosgesInfo88\" \/>\n<meta name=\"twitter:label1\" content=\"\u00c9crit par\" \/>\n\t<meta name=\"twitter:data1\" content=\"qs_admin\" \/>\n\t<meta name=\"twitter:label2\" content=\"Dur\u00e9e de lecture estim\u00e9e\" \/>\n\t<meta name=\"twitter:data2\" content=\"2 minutes\" \/>\n<script type=\"application\/ld+json\" class=\"yoast-schema-graph\">{\"@context\":\"https:\/\/schema.org\",\"@graph\":[{\"@type\":\"Article\",\"@id\":\"https:\/\/vosgesinfo.fr\/gerardmerinfo\/2019\/04\/incroyables-potagers-refleurissent-printemps\/#article\",\"isPartOf\":{\"@id\":\"https:\/\/vosgesinfo.fr\/gerardmerinfo\/2019\/04\/incroyables-potagers-refleurissent-printemps\/\"},\"author\":{\"name\":\"qs_admin\",\"@id\":\"https:\/\/vosgesinfo.fr\/gerardmerinfo\/#\/schema\/person\/bc5d02d71e6932e81b6dadb7386667b1\"},\"headline\":\"\u00ab\u00a0Les Incroyables Potagers\u00a0\u00bb refleurissent avec le printemps\",\"datePublished\":\"2019-04-09T13:26:24+00:00\",\"dateModified\":\"2019-04-09T13:26:24+00:00\",\"mainEntityOfPage\":{\"@id\":\"https:\/\/vosgesinfo.fr\/gerardmerinfo\/2019\/04\/incroyables-potagers-refleurissent-printemps\/\"},\"wordCount\":410,\"commentCount\":0,\"publisher\":{\"@id\":\"https:\/\/vosgesinfo.fr\/gerardmerinfo\/#organization\"},\"image\":{\"@id\":\"https:\/\/vosgesinfo.fr\/gerardmerinfo\/2019\/04\/incroyables-potagers-refleurissent-printemps\/#primaryimage\"},\"thumbnailUrl\":\"https:\/\/vosgesinfo.fr\/app\/uploads\/sites\/6\/2024\/07\/201904360.jpg\",\"articleSection\":[\"A la une\",\"Vie Associative\"],\"inLanguage\":\"fr-FR\",\"potentialAction\":[{\"@type\":\"CommentAction\",\"name\":\"Comment\",\"target\":[\"https:\/\/vosgesinfo.fr\/gerardmerinfo\/2019\/04\/incroyables-potagers-refleurissent-printemps\/#respond\"]}]},{\"@type\":\"WebPage\",\"@id\":\"https:\/\/vosgesinfo.fr\/gerardmerinfo\/2019\/04\/incroyables-potagers-refleurissent-printemps\/\",\"url\":\"https:\/\/vosgesinfo.fr\/gerardmerinfo\/2019\/04\/incroyables-potagers-refleurissent-printemps\/\",\"name\":\"\\\"Les Incroyables Potagers\\\" refleurissent avec le printemps - Gerardmer Info\",\"isPartOf\":{\"@id\":\"https:\/\/vosgesinfo.fr\/gerardmerinfo\/#website\"},\"primaryImageOfPage\":{\"@id\":\"https:\/\/vosgesinfo.fr\/gerardmerinfo\/2019\/04\/incroyables-potagers-refleurissent-printemps\/#primaryimage\"},\"image\":{\"@id\":\"https:\/\/vosgesinfo.fr\/gerardmerinfo\/2019\/04\/incroyables-potagers-refleurissent-printemps\/#primaryimage\"},\"thumbnailUrl\":\"https:\/\/vosgesinfo.fr\/app\/uploads\/sites\/6\/2024\/07\/201904360.jpg\",\"datePublished\":\"2019-04-09T13:26:24+00:00\",\"dateModified\":\"2019-04-09T13:26:24+00:00\",\"breadcrumb\":{\"@id\":\"https:\/\/vosgesinfo.fr\/gerardmerinfo\/2019\/04\/incroyables-potagers-refleurissent-printemps\/#breadcrumb\"},\"inLanguage\":\"fr-FR\",\"potentialAction\":[{\"@type\":\"ReadAction\",\"target\":[\"https:\/\/vosgesinfo.fr\/gerardmerinfo\/2019\/04\/incroyables-potagers-refleurissent-printemps\/\"]}]},{\"@type\":\"ImageObject\",\"inLanguage\":\"fr-FR\",\"@id\":\"https:\/\/vosgesinfo.fr\/gerardmerinfo\/2019\/04\/incroyables-potagers-refleurissent-printemps\/#primaryimage\",\"url\":\"https:\/\/vosgesinfo.fr\/app\/uploads\/sites\/6\/2024\/07\/201904360.jpg\",\"contentUrl\":\"https:\/\/vosgesinfo.fr\/app\/uploads\/sites\/6\/2024\/07\/201904360.jpg\",\"width\":800,\"height\":600},{\"@type\":\"BreadcrumbList\",\"@id\":\"https:\/\/vosgesinfo.fr\/gerardmerinfo\/2019\/04\/incroyables-potagers-refleurissent-printemps\/#breadcrumb\",\"itemListElement\":[{\"@type\":\"ListItem\",\"position\":1,\"name\":\"Home\",\"item\":\"https:\/\/vosgesinfo.fr\/gerardmerinfo\/\"},{\"@type\":\"ListItem\",\"position\":2,\"name\":\"\u00ab\u00a0Les Incroyables Potagers\u00a0\u00bb refleurissent avec le printemps\"}]},{\"@type\":\"WebSite\",\"@id\":\"https:\/\/vosgesinfo.fr\/gerardmerinfo\/#website\",\"url\":\"https:\/\/vosgesinfo.fr\/gerardmerinfo\/\",\"name\":\"Gerardmer Info\",\"description\":\"Toute l&#039;actualit\u00e9 de G\u00e9rardmer\",\"publisher\":{\"@id\":\"https:\/\/vosgesinfo.fr\/gerardmerinfo\/#organization\"},\"alternateName\":\"Toute l'actualit\u00e9 de G\u00e9rardmer\",\"potentialAction\":[{\"@type\":\"SearchAction\",\"target\":{\"@type\":\"EntryPoint\",\"urlTemplate\":\"https:\/\/vosgesinfo.fr\/gerardmerinfo\/?s={search_term_string}\"},\"query-input\":\"required name=search_term_string\"}],\"inLanguage\":\"fr-FR\"},{\"@type\":\"Organization\",\"@id\":\"https:\/\/vosgesinfo.fr\/gerardmerinfo\/#organization\",\"name\":\"Gerardmer Info\",\"url\":\"https:\/\/vosgesinfo.fr\/gerardmerinfo\/\",\"logo\":{\"@type\":\"ImageObject\",\"inLanguage\":\"fr-FR\",\"@id\":\"https:\/\/vosgesinfo.fr\/gerardmerinfo\/#\/schema\/logo\/image\/\",\"url\":\"https:\/\/vosgesinfo.fr\/app\/uploads\/sites\/6\/2023\/08\/favicon-gerardmerinfo.png\",\"contentUrl\":\"https:\/\/vosgesinfo.fr\/app\/uploads\/sites\/6\/2023\/08\/favicon-gerardmerinfo.png\",\"width\":512,\"height\":512,\"caption\":\"Gerardmer Info\"},\"image\":{\"@id\":\"https:\/\/vosgesinfo.fr\/gerardmerinfo\/#\/schema\/logo\/image\/\"},\"sameAs\":[\"https:\/\/www.facebook.com\/profile.php?id=100049475262660\",\"https:\/\/x.com\/VosgesInfo88\",\"https:\/\/www.youtube.com\/@vosgesinfo\"]},{\"@type\":\"Person\",\"@id\":\"https:\/\/vosgesinfo.fr\/gerardmerinfo\/#\/schema\/person\/bc5d02d71e6932e81b6dadb7386667b1\",\"name\":\"qs_admin\",\"image\":{\"@type\":\"ImageObject\",\"inLanguage\":\"fr-FR\",\"@id\":\"https:\/\/vosgesinfo.fr\/gerardmerinfo\/#\/schema\/person\/image\/\",\"url\":\"https:\/\/secure.gravatar.com\/avatar\/94b18ee0ed79e4a42ea2f2931277b6841a8999fc6fde214600c78057cf1fe1de?s=96&d=mm&r=g\",\"contentUrl\":\"https:\/\/secure.gravatar.com\/avatar\/94b18ee0ed79e4a42ea2f2931277b6841a8999fc6fde214600c78057cf1fe1de?s=96&d=mm&r=g\",\"caption\":\"qs_admin\"},\"sameAs\":[\"https:\/\/vosgesinfo.fr\/wp\"],\"url\":\"https:\/\/vosgesinfo.fr\/gerardmerinfo\/author\/qs_admin\/\"}]}<\/script>\n<!-- \/ Yoast SEO plugin. -->","yoast_head_json":{"title":"\"Les Incroyables Potagers\" refleurissent avec le printemps - Gerardmer Info","robots":{"index":"index","follow":"follow","max-snippet":"max-snippet:-1","max-image-preview":"max-image-preview:large","max-video-preview":"max-video-preview:-1"},"canonical":"https:\/\/vosgesinfo.fr\/gerardmerinfo\/2019\/04\/incroyables-potagers-refleurissent-printemps\/","twitter_card":"summary_large_image","twitter_title":"\"Les Incroyables Potagers\" refleurissent avec le printemps - Gerardmer Info","twitter_description":"L&rsquo;assembl\u00e9e\u00a0 g\u00e9n\u00e9rale de l&rsquo;association \u00a0\u00bb les incroyables potagers\u00a0\u00bb a eu lieu le vendredi 29 mars \u00e0 la \u00ab\u00a0Maison d&rsquo;Annie\u00a0\u00bb \u00e0 [&hellip;]","twitter_image":"https:\/\/vosgesinfo.fr\/app\/uploads\/sites\/6\/2024\/07\/201904360.jpg","twitter_creator":"@VosgesInfo88","twitter_site":"@VosgesInfo88","twitter_misc":{"\u00c9crit par":"qs_admin","Dur\u00e9e de lecture estim\u00e9e":"2 minutes"},"schema":{"@context":"https:\/\/schema.org","@graph":[{"@type":"Article","@id":"https:\/\/vosgesinfo.fr\/gerardmerinfo\/2019\/04\/incroyables-potagers-refleurissent-printemps\/#article","isPartOf":{"@id":"https:\/\/vosgesinfo.fr\/gerardmerinfo\/2019\/04\/incroyables-potagers-refleurissent-printemps\/"},"author":{"name":"qs_admin","@id":"https:\/\/vosgesinfo.fr\/gerardmerinfo\/#\/schema\/person\/bc5d02d71e6932e81b6dadb7386667b1"},"headline":"\u00ab\u00a0Les Incroyables Potagers\u00a0\u00bb refleurissent avec le printemps","datePublished":"2019-04-09T13:26:24+00:00","dateModified":"2019-04-09T13:26:24+00:00","mainEntityOfPage":{"@id":"https:\/\/vosgesinfo.fr\/gerardmerinfo\/2019\/04\/incroyables-potagers-refleurissent-printemps\/"},"wordCount":410,"commentCount":0,"publisher":{"@id":"https:\/\/vosgesinfo.fr\/gerardmerinfo\/#organization"},"image":{"@id":"https:\/\/vosgesinfo.fr\/gerardmerinfo\/2019\/04\/incroyables-potagers-refleurissent-printemps\/#primaryimage"},"thumbnailUrl":"https:\/\/vosgesinfo.fr\/app\/uploads\/sites\/6\/2024\/07\/201904360.jpg","articleSection":["A la une","Vie Associative"],"inLanguage":"fr-FR","potentialAction":[{"@type":"CommentAction","name":"Comment","target":["https:\/\/vosgesinfo.fr\/gerardmerinfo\/2019\/04\/incroyables-potagers-refleurissent-printemps\/#respond"]}]},{"@type":"WebPage","@id":"https:\/\/vosgesinfo.fr\/gerardmerinfo\/2019\/04\/incroyables-potagers-refleurissent-printemps\/","url":"https:\/\/vosgesinfo.fr\/gerardmerinfo\/2019\/04\/incroyables-potagers-refleurissent-printemps\/","name":"\"Les Incroyables Potagers\" refleurissent avec le printemps - Gerardmer Info","isPartOf":{"@id":"https:\/\/vosgesinfo.fr\/gerardmerinfo\/#website"},"primaryImageOfPage":{"@id":"https:\/\/vosgesinfo.fr\/gerardmerinfo\/2019\/04\/incroyables-potagers-refleurissent-printemps\/#primaryimage"},"image":{"@id":"https:\/\/vosgesinfo.fr\/gerardmerinfo\/2019\/04\/incroyables-potagers-refleurissent-printemps\/#primaryimage"},"thumbnailUrl":"https:\/\/vosgesinfo.fr\/app\/uploads\/sites\/6\/2024\/07\/201904360.jpg","datePublished":"2019-04-09T13:26:24+00:00","dateModified":"2019-04-09T13:26:24+00:00","breadcrumb":{"@id":"https:\/\/vosgesinfo.fr\/gerardmerinfo\/2019\/04\/incroyables-potagers-refleurissent-printemps\/#breadcrumb"},"inLanguage":"fr-FR","potentialAction":[{"@type":"ReadAction","target":["https:\/\/vosgesinfo.fr\/gerardmerinfo\/2019\/04\/incroyables-potagers-refleurissent-printemps\/"]}]},{"@type":"ImageObject","inLanguage":"fr-FR","@id":"https:\/\/vosgesinfo.fr\/gerardmerinfo\/2019\/04\/incroyables-potagers-refleurissent-printemps\/#primaryimage","url":"https:\/\/vosgesinfo.fr\/app\/uploads\/sites\/6\/2024\/07\/201904360.jpg","contentUrl":"https:\/\/vosgesinfo.fr\/app\/uploads\/sites\/6\/2024\/07\/201904360.jpg","width":800,"height":600},{"@type":"BreadcrumbList","@id":"https:\/\/vosgesinfo.fr\/gerardmerinfo\/2019\/04\/incroyables-potagers-refleurissent-printemps\/#breadcrumb","itemListElement":[{"@type":"ListItem","position":1,"name":"Home","item":"https:\/\/vosgesinfo.fr\/gerardmerinfo\/"},{"@type":"ListItem","position":2,"name":"\u00ab\u00a0Les Incroyables Potagers\u00a0\u00bb refleurissent avec le printemps"}]},{"@type":"WebSite","@id":"https:\/\/vosgesinfo.fr\/gerardmerinfo\/#website","url":"https:\/\/vosgesinfo.fr\/gerardmerinfo\/","name":"Gerardmer Info","description":"Toute l&#039;actualit\u00e9 de G\u00e9rardmer","publisher":{"@id":"https:\/\/vosgesinfo.fr\/gerardmerinfo\/#organization"},"alternateName":"Toute l'actualit\u00e9 de G\u00e9rardmer","potentialAction":[{"@type":"SearchAction","target":{"@type":"EntryPoint","urlTemplate":"https:\/\/vosgesinfo.fr\/gerardmerinfo\/?s={search_term_string}"},"query-input":"required name=search_term_string"}],"inLanguage":"fr-FR"},{"@type":"Organization","@id":"https:\/\/vosgesinfo.fr\/gerardmerinfo\/#organization","name":"Gerardmer Info","url":"https:\/\/vosgesinfo.fr\/gerardmerinfo\/","logo":{"@type":"ImageObject","inLanguage":"fr-FR","@id":"https:\/\/vosgesinfo.fr\/gerardmerinfo\/#\/schema\/logo\/image\/","url":"https:\/\/vosgesinfo.fr\/app\/uploads\/sites\/6\/2023\/08\/favicon-gerardmerinfo.png","contentUrl":"https:\/\/vosgesinfo.fr\/app\/uploads\/sites\/6\/2023\/08\/favicon-gerardmerinfo.png","width":512,"height":512,"caption":"Gerardmer Info"},"image":{"@id":"https:\/\/vosgesinfo.fr\/gerardmerinfo\/#\/schema\/logo\/image\/"},"sameAs":["https:\/\/www.facebook.com\/profile.php?id=100049475262660","https:\/\/x.com\/VosgesInfo88","https:\/\/www.youtube.com\/@vosgesinfo"]},{"@type":"Person","@id":"https:\/\/vosgesinfo.fr\/gerardmerinfo\/#\/schema\/person\/bc5d02d71e6932e81b6dadb7386667b1","name":"qs_admin","image":{"@type":"ImageObject","inLanguage":"fr-FR","@id":"https:\/\/vosgesinfo.fr\/gerardmerinfo\/#\/schema\/person\/image\/","url":"https:\/\/secure.gravatar.com\/avatar\/94b18ee0ed79e4a42ea2f2931277b6841a8999fc6fde214600c78057cf1fe1de?s=96&d=mm&r=g","contentUrl":"https:\/\/secure.gravatar.com\/avatar\/94b18ee0ed79e4a42ea2f2931277b6841a8999fc6fde214600c78057cf1fe1de?s=96&d=mm&r=g","caption":"qs_admin"},"sameAs":["https:\/\/vosgesinfo.fr\/wp"],"url":"https:\/\/vosgesinfo.fr\/gerardmerinfo\/author\/qs_admin\/"}]}},"_links":{"self":[{"href":"https:\/\/vosgesinfo.fr\/gerardmerinfo\/wp-json\/wp\/v2\/posts\/40863","targetHints":{"allow":["GET"]}}],"collection":[{"href":"https:\/\/vosgesinfo.fr\/gerardmerinfo\/wp-json\/wp\/v2\/posts"}],"about":[{"href":"https:\/\/vosgesinfo.fr\/gerardmerinfo\/wp-json\/wp\/v2\/types\/post"}],"author":[{"embeddable":true,"href":"https:\/\/vosgesinfo.fr\/gerardmerinfo\/wp-json\/wp\/v2\/users\/1"}],"replies":[{"embeddable":true,"href":"https:\/\/vosgesinfo.fr\/gerardmerinfo\/wp-json\/wp\/v2\/comments?post=40863"}],"version-history":[{"count":0,"href":"https:\/\/vosgesinfo.fr\/gerardmerinfo\/wp-json\/wp\/v2\/posts\/40863\/revisions"}],"wp:featuredmedia":[{"embeddable":true,"href":"https:\/\/vosgesinfo.fr\/gerardmerinfo\/wp-json\/wp\/v2\/media\/40864"}],"wp:attachment":[{"href":"https:\/\/vosgesinfo.fr\/gerardmerinfo\/wp-json\/wp\/v2\/media?parent=40863"}],"wp:term":[{"taxonomy":"category","embeddable":true,"href":"https:\/\/vosgesinfo.fr\/gerardmerinfo\/wp-json\/wp\/v2\/categories?post=40863"},{"taxonomy":"post_tag","embeddable":true,"href":"https:\/\/vosgesinfo.fr\/gerardmerinfo\/wp-json\/wp\/v2\/tags?post=40863"}],"curies":[{"name":"wp","href":"https:\/\/api.w.org\/{rel}","templated":true}]}}