{"id":40968,"date":"2019-04-09T15:44:57","date_gmt":"2019-04-09T13:44:57","guid":{"rendered":"https:\/\/vosgesinfo.fr\/gerardmerinfo\/2019\/04\/beltuner-a-brasserie-geromoise-release-party-exceptionnelle\/"},"modified":"2019-04-09T15:44:57","modified_gmt":"2019-04-09T13:44:57","slug":"beltuner-a-brasserie-geromoise-release-party-exceptionnelle","status":"publish","type":"post","link":"https:\/\/vosgesinfo.fr\/gerardmerinfo\/2019\/04\/beltuner-a-brasserie-geromoise-release-party-exceptionnelle\/","title":{"rendered":"Beltuner \u00e0 La Brasserie la G\u00e9r\u00f4moise pour une \u00ab\u00a0release party\u00a0\u00bb exceptionnelle"},"content":{"rendered":"<p><a href=\"https:\/\/gerardmerinfo.fr\/2019\/04\/beltuner-a-brasserie-geromoise-release-party-exceptionnelle\/bel1\/\" rel=\"attachment wp-att-144943\"><img decoding=\"async\" class=\"aligncenter size-full wp-image-144943\" src=\"\/2019\/04\/bel1.jpg\" alt=\"bel1\" width=\"800\" height=\"533\" \/><\/a>C&rsquo;est le grand retour du groupe Beltuner en terre g\u00e9r\u00f4moise, l\u00e0 m\u00eame o\u00f9 tout est parti pour l&rsquo;accord\u00e9oniste de g\u00e9nie Johann Riche&#8230;. C&rsquo;est une v\u00e9ritable star \u00e0 sa fa\u00e7on Jojo, un musicien qui ne laisse pas indiff\u00e9rent toutes celles et ceux qui le croisent. Qu&rsquo;il se produise seul ou avec son groupe Beltuner, que ce soit sur une sc\u00e8ne parisienne, dans un bistrot lituanien ou encore bien cal\u00e9 sur un rocher du Haut du T\u00f4t, un lieu que pianiste \u00e0 bretelle affectionne tout particuli\u00e8rement. Depuis presque une dizaine d&rsquo;ann\u00e9es, l&rsquo;ancien \u00e9l\u00e8ve du lyc\u00e9e de La haie Griselle poursuit son ascension personnelle, musicale, spirituelle en compagnie de ses potes Pascal M\u00fcller (g\u00e9r\u00f4mois \u00e9galement) \u00e0 la\u00a0 guitare, Mickael Correia \u00e0 la batterie et\u00a0 Bertrand Allaume \u00e0 la basse. Et comme promis, Beltuner sort un quatri\u00e8me album\u00a0 enregistr\u00e9 en 2018 en partenariat avec la ville de Nogent sur Oise. Ce disque marque un tournant dans la discographie de Beltuner avec l\u2019arriv\u00e9e de nouveaux sons, de nouvelles ambiances et une approche sensiblement plus \u00ab rock \u00bb que les pr\u00e9c\u00e9dents. Ce nouvel opus s&rsquo;appelle \u00ab Promis ! \u00bb et sa sortie officielle se fait ce mercredi 10 avril \u00e0 La Brasserie La G\u00e9r\u00f4moise avec l&rsquo;organisation d&rsquo;une \u00ab\u00a0Release Party\u00a0\u00bb. En fran\u00e7ais dans le texte, d&rsquo;une v\u00e9ritable rencontre avec le publique. Au del\u00e0 de la musique offerte par Beltuner, il sera possible de discuter avec les artistes,\u00a0 d&rsquo;acheter le nouveau CD, soit de passer un moment convivial autour d&rsquo;une bi\u00e8re maison et d&rsquo;une sp\u00e9cialit\u00e9 locale&#8230;Une double sp\u00e9cialit\u00e9 car Jojo en est une \u00e0 part enti\u00e8re !<\/p>\n<p>Un d\u00e9tour s&rsquo;impose mercredi 10 avril pour une rencontre qui d\u00e9bute \u00e0 20h. Entr\u00e9e libre. Et selon la devise de Johann \u00ab\u00a0<em><strong>sans dieu, ni ma\u00eetre mais avec l&rsquo;\u00e2me et le c\u0153ur<\/strong><\/em>\u00ab\u00a0. Tout un programme !<strong><br \/>\n<\/strong><\/p>\n<p><strong>Brasserie La G\u00e9r\u00f4moise, 2 avenue Morand, 88 400 G\u00e9rardmer. T\u00e9l : <span class=\"LrzXr zdqRlf kno-fv\"><span data-dtype=\"d3ifr\" data-local-attribute=\"d3ph\">03 29 60 91 45<\/span><\/span><\/strong><\/p>\n<p><iframe loading=\"lazy\" src=\"\/\/www.youtube.com\/embed\/LhCND6Lrg6o\" width=\"425\" height=\"350\" allowfullscreen=\"allowfullscreen\"><\/iframe><\/p>\n<p><strong>La bio de BELTUNER<\/strong><\/p>\n<p>Beltuner, emmen\u00e9 par l&rsquo;accord\u00e9oniste Johann Riche, revient en 2018 avec un nouveau projet qui m\u00e9lange swing, rock et improvisation pour une musique toujours \u00e0 fleur de peau. Beltuner a \u00e9t\u00e9 cr\u00e9\u00e9 \u00e0 Paris en 2001, le groupe original \u00e9tait un quartet compos\u00e9 de Johann Riche (accord\u00e9on), Pascal Muller (guitare), Arnaud Soidet (guitare) et Nicolas Pautras (contrebasse). Les quatre musiciens ont tout d\u2019abord jou\u00e9 un r\u00e9pertoire de morceaux traditionnels issus du swing manouche, du musette parisien, du tango mais aussi du yiddish ou des musiques balkaniques. Tr\u00e8s rapidement une entente exceptionnelle appara\u00eet et le groupe \u00e9volue vers un son et un style propre, m\u00e9langeant les genres, apportant de nombreuses influences (jazz, world music, classique mais aussi pop, rock, funk, \u00e9lectro&#8230;), rempla\u00e7ant au gr\u00e9 des concerts et des albums les morceaux traditionnels par des compositions ou des reprises inattendues. A partir de 2009, un an apr\u00e8s l\u2019enregistrement de l\u2019 \u00ab Album 2 \u00bb, et apr\u00e8s le d\u00e9part d\u2019Arnaud Soidet (guitare), le trio Beltuner s\u2019entoure de diff\u00e9rents musiciens (notamment le guitariste Guillaume Juhel ou la violoniste V\u00e9ronique Audin) pour finalement \u00eatre rejoint en 2014 par le percussionniste Micka\u00ebl Correia. Enfin, apr\u00e8s le d\u00e9c\u00e8s tragique de Nicolas Pautras (contrebasse) en janvier 2017, le groupe d\u00e9cide de revenir sur sc\u00e8ne en octobre 2017 avec Bertrand Allaume (basse) qui est \u00e9galement le r\u00e9alisateur des 3 premiers albums de Beltuner.<\/p>\n<p>Mais c&rsquo;est avant tout sur sc\u00e8ne que Beltuner d\u00e9veloppe un jeu tout \u00e0 fait personnel, d\u00e9passant tous les genres, libre et instinctif, o\u00f9 \u00e9nergie, expressivit\u00e9 et complicit\u00e9 sont pouss\u00e9es aux extr\u00eames. Beltuner s&rsquo;est d&rsquo;ailleurs rapidement fait conna\u00eetre par ses prestations live particuli\u00e8rement g\u00e9n\u00e9reuses et d\u00e9brid\u00e9es, offrant un spectacle qui laisse rarement indiff\u00e9rent. Les prestations de Johann \u00e0 l&rsquo;accord\u00e9on font particuli\u00e8rement sensation, se livrant corps et \u00e2me \u00e0 la musique et laissant libre court \u00e0 sa sensibilit\u00e9 et ses folies, entre cris, rires, larmes et d\u00e9lires en tous genres. En quelques ann\u00e9es Beltuner ne tarde pas \u00e0 encha\u00eener les concerts en France comme \u00e0 l&rsquo;\u00e9tranger (Italie, Russie, Asie, Inde, Emirats, etc&#8230;), croisant parfois la route des plus grands tels que Bir\u00e9li Lagr\u00e8ne ou Richard Galliano.<\/p>\n<p><strong>BELTUNER C\u00f4t\u00e9 discographie<\/strong><\/p>\n<p>Le groupe\u00a0 compte d\u00e9j\u00e0 3 albums contenant un m\u00e9lange d\u2019enregistrements studio et live ; Album 1, Album 2, et Tout Simplement (enregistr\u00e9s en 2005, 2008 et 2012, chez Narguil\u00e9 Productions et ICI Label, deux labels ind\u00e9pendants). Depuis Beltuner appara\u00eet \u00e9galement dans plusieurs compilations comme \u00ab Gainsbourg in Jazz \u00bb (Wagram), des bandes sons et musiques de films, ou encore des remix de DJs, et en 2010 Beltuner a \u00e9t\u00e9 mondialement diffus\u00e9 gr\u00e2ce \u00e0 l\u2019album Paris Caf\u00e9 Music (qui inclue un cd bonus de 24 titres de Beltuner), produit par World Music Network dans la s\u00e9rie des Rough Guide, une r\u00e9f\u00e9rence internationale pour la World-Music.<\/p>\n<p>&nbsp;<\/p>\n","protected":false},"excerpt":{"rendered":"<p>C&rsquo;est le grand retour du groupe Beltuner en terre g\u00e9r\u00f4moise, l\u00e0 m\u00eame o\u00f9 tout est parti pour l&rsquo;accord\u00e9oniste de g\u00e9nie [&hellip;]<\/p>\n","protected":false},"author":1,"featured_media":40969,"comment_status":"open","ping_status":"open","sticky":false,"template":"","format":"standard","meta":{"footnotes":""},"categories":[20,18],"tags":[],"class_list":["post-40968","post","type-post","status-publish","format-standard","has-post-thumbnail","hentry","category-a-la-une","category-vosges"],"acf":[],"yoast_head":"<!-- This site is optimized with the Yoast SEO plugin v22.5 - https:\/\/yoast.com\/wordpress\/plugins\/seo\/ -->\n<title>Beltuner \u00e0 La Brasserie la G\u00e9r\u00f4moise pour une &quot;release party&quot; exceptionnelle - Gerardmer Info<\/title>\n<meta name=\"robots\" content=\"index, follow, max-snippet:-1, max-image-preview:large, max-video-preview:-1\" \/>\n<link rel=\"canonical\" href=\"https:\/\/vosgesinfo.fr\/gerardmerinfo\/2019\/04\/beltuner-a-brasserie-geromoise-release-party-exceptionnelle\/\" \/>\n<meta name=\"twitter:card\" content=\"summary_large_image\" \/>\n<meta name=\"twitter:title\" content=\"Beltuner \u00e0 La Brasserie la G\u00e9r\u00f4moise pour une &quot;release party&quot; exceptionnelle - Gerardmer Info\" \/>\n<meta name=\"twitter:description\" content=\"C&rsquo;est le grand retour du groupe Beltuner en terre g\u00e9r\u00f4moise, l\u00e0 m\u00eame o\u00f9 tout est parti pour l&rsquo;accord\u00e9oniste de g\u00e9nie [&hellip;]\" \/>\n<meta name=\"twitter:image\" content=\"https:\/\/vosgesinfo.fr\/app\/uploads\/sites\/6\/2024\/07\/201904bel1.jpg\" \/>\n<meta name=\"twitter:creator\" content=\"@VosgesInfo88\" \/>\n<meta name=\"twitter:site\" content=\"@VosgesInfo88\" \/>\n<meta name=\"twitter:label1\" content=\"\u00c9crit par\" \/>\n\t<meta name=\"twitter:data1\" content=\"qs_admin\" \/>\n\t<meta name=\"twitter:label2\" content=\"Dur\u00e9e de lecture estim\u00e9e\" \/>\n\t<meta name=\"twitter:data2\" content=\"4 minutes\" \/>\n<script type=\"application\/ld+json\" class=\"yoast-schema-graph\">{\"@context\":\"https:\/\/schema.org\",\"@graph\":[{\"@type\":\"Article\",\"@id\":\"https:\/\/vosgesinfo.fr\/gerardmerinfo\/2019\/04\/beltuner-a-brasserie-geromoise-release-party-exceptionnelle\/#article\",\"isPartOf\":{\"@id\":\"https:\/\/vosgesinfo.fr\/gerardmerinfo\/2019\/04\/beltuner-a-brasserie-geromoise-release-party-exceptionnelle\/\"},\"author\":{\"name\":\"qs_admin\",\"@id\":\"https:\/\/vosgesinfo.fr\/gerardmerinfo\/#\/schema\/person\/bc5d02d71e6932e81b6dadb7386667b1\"},\"headline\":\"Beltuner \u00e0 La Brasserie la G\u00e9r\u00f4moise pour une \u00ab\u00a0release party\u00a0\u00bb exceptionnelle\",\"datePublished\":\"2019-04-09T13:44:57+00:00\",\"dateModified\":\"2019-04-09T13:44:57+00:00\",\"mainEntityOfPage\":{\"@id\":\"https:\/\/vosgesinfo.fr\/gerardmerinfo\/2019\/04\/beltuner-a-brasserie-geromoise-release-party-exceptionnelle\/\"},\"wordCount\":840,\"commentCount\":0,\"publisher\":{\"@id\":\"https:\/\/vosgesinfo.fr\/gerardmerinfo\/#organization\"},\"image\":{\"@id\":\"https:\/\/vosgesinfo.fr\/gerardmerinfo\/2019\/04\/beltuner-a-brasserie-geromoise-release-party-exceptionnelle\/#primaryimage\"},\"thumbnailUrl\":\"https:\/\/vosgesinfo.fr\/app\/uploads\/sites\/6\/2024\/07\/201904bel1.jpg\",\"articleSection\":[\"A la une\",\"Vosges\"],\"inLanguage\":\"fr-FR\",\"potentialAction\":[{\"@type\":\"CommentAction\",\"name\":\"Comment\",\"target\":[\"https:\/\/vosgesinfo.fr\/gerardmerinfo\/2019\/04\/beltuner-a-brasserie-geromoise-release-party-exceptionnelle\/#respond\"]}]},{\"@type\":\"WebPage\",\"@id\":\"https:\/\/vosgesinfo.fr\/gerardmerinfo\/2019\/04\/beltuner-a-brasserie-geromoise-release-party-exceptionnelle\/\",\"url\":\"https:\/\/vosgesinfo.fr\/gerardmerinfo\/2019\/04\/beltuner-a-brasserie-geromoise-release-party-exceptionnelle\/\",\"name\":\"Beltuner \u00e0 La Brasserie la G\u00e9r\u00f4moise pour une \\\"release party\\\" exceptionnelle - Gerardmer Info\",\"isPartOf\":{\"@id\":\"https:\/\/vosgesinfo.fr\/gerardmerinfo\/#website\"},\"primaryImageOfPage\":{\"@id\":\"https:\/\/vosgesinfo.fr\/gerardmerinfo\/2019\/04\/beltuner-a-brasserie-geromoise-release-party-exceptionnelle\/#primaryimage\"},\"image\":{\"@id\":\"https:\/\/vosgesinfo.fr\/gerardmerinfo\/2019\/04\/beltuner-a-brasserie-geromoise-release-party-exceptionnelle\/#primaryimage\"},\"thumbnailUrl\":\"https:\/\/vosgesinfo.fr\/app\/uploads\/sites\/6\/2024\/07\/201904bel1.jpg\",\"datePublished\":\"2019-04-09T13:44:57+00:00\",\"dateModified\":\"2019-04-09T13:44:57+00:00\",\"breadcrumb\":{\"@id\":\"https:\/\/vosgesinfo.fr\/gerardmerinfo\/2019\/04\/beltuner-a-brasserie-geromoise-release-party-exceptionnelle\/#breadcrumb\"},\"inLanguage\":\"fr-FR\",\"potentialAction\":[{\"@type\":\"ReadAction\",\"target\":[\"https:\/\/vosgesinfo.fr\/gerardmerinfo\/2019\/04\/beltuner-a-brasserie-geromoise-release-party-exceptionnelle\/\"]}]},{\"@type\":\"ImageObject\",\"inLanguage\":\"fr-FR\",\"@id\":\"https:\/\/vosgesinfo.fr\/gerardmerinfo\/2019\/04\/beltuner-a-brasserie-geromoise-release-party-exceptionnelle\/#primaryimage\",\"url\":\"https:\/\/vosgesinfo.fr\/app\/uploads\/sites\/6\/2024\/07\/201904bel1.jpg\",\"contentUrl\":\"https:\/\/vosgesinfo.fr\/app\/uploads\/sites\/6\/2024\/07\/201904bel1.jpg\",\"width\":800,\"height\":533},{\"@type\":\"BreadcrumbList\",\"@id\":\"https:\/\/vosgesinfo.fr\/gerardmerinfo\/2019\/04\/beltuner-a-brasserie-geromoise-release-party-exceptionnelle\/#breadcrumb\",\"itemListElement\":[{\"@type\":\"ListItem\",\"position\":1,\"name\":\"Home\",\"item\":\"https:\/\/vosgesinfo.fr\/gerardmerinfo\/\"},{\"@type\":\"ListItem\",\"position\":2,\"name\":\"Beltuner \u00e0 La Brasserie la G\u00e9r\u00f4moise pour une \u00ab\u00a0release party\u00a0\u00bb exceptionnelle\"}]},{\"@type\":\"WebSite\",\"@id\":\"https:\/\/vosgesinfo.fr\/gerardmerinfo\/#website\",\"url\":\"https:\/\/vosgesinfo.fr\/gerardmerinfo\/\",\"name\":\"Gerardmer Info\",\"description\":\"Toute l&#039;actualit\u00e9 de G\u00e9rardmer\",\"publisher\":{\"@id\":\"https:\/\/vosgesinfo.fr\/gerardmerinfo\/#organization\"},\"alternateName\":\"Toute l'actualit\u00e9 de G\u00e9rardmer\",\"potentialAction\":[{\"@type\":\"SearchAction\",\"target\":{\"@type\":\"EntryPoint\",\"urlTemplate\":\"https:\/\/vosgesinfo.fr\/gerardmerinfo\/?s={search_term_string}\"},\"query-input\":\"required name=search_term_string\"}],\"inLanguage\":\"fr-FR\"},{\"@type\":\"Organization\",\"@id\":\"https:\/\/vosgesinfo.fr\/gerardmerinfo\/#organization\",\"name\":\"Gerardmer Info\",\"url\":\"https:\/\/vosgesinfo.fr\/gerardmerinfo\/\",\"logo\":{\"@type\":\"ImageObject\",\"inLanguage\":\"fr-FR\",\"@id\":\"https:\/\/vosgesinfo.fr\/gerardmerinfo\/#\/schema\/logo\/image\/\",\"url\":\"https:\/\/vosgesinfo.fr\/app\/uploads\/sites\/6\/2023\/08\/favicon-gerardmerinfo.png\",\"contentUrl\":\"https:\/\/vosgesinfo.fr\/app\/uploads\/sites\/6\/2023\/08\/favicon-gerardmerinfo.png\",\"width\":512,\"height\":512,\"caption\":\"Gerardmer Info\"},\"image\":{\"@id\":\"https:\/\/vosgesinfo.fr\/gerardmerinfo\/#\/schema\/logo\/image\/\"},\"sameAs\":[\"https:\/\/www.facebook.com\/profile.php?id=100049475262660\",\"https:\/\/x.com\/VosgesInfo88\",\"https:\/\/www.youtube.com\/@vosgesinfo\"]},{\"@type\":\"Person\",\"@id\":\"https:\/\/vosgesinfo.fr\/gerardmerinfo\/#\/schema\/person\/bc5d02d71e6932e81b6dadb7386667b1\",\"name\":\"qs_admin\",\"image\":{\"@type\":\"ImageObject\",\"inLanguage\":\"fr-FR\",\"@id\":\"https:\/\/vosgesinfo.fr\/gerardmerinfo\/#\/schema\/person\/image\/\",\"url\":\"https:\/\/secure.gravatar.com\/avatar\/94b18ee0ed79e4a42ea2f2931277b6841a8999fc6fde214600c78057cf1fe1de?s=96&d=mm&r=g\",\"contentUrl\":\"https:\/\/secure.gravatar.com\/avatar\/94b18ee0ed79e4a42ea2f2931277b6841a8999fc6fde214600c78057cf1fe1de?s=96&d=mm&r=g\",\"caption\":\"qs_admin\"},\"sameAs\":[\"https:\/\/vosgesinfo.fr\/wp\"],\"url\":\"https:\/\/vosgesinfo.fr\/gerardmerinfo\/author\/qs_admin\/\"}]}<\/script>\n<!-- \/ Yoast SEO plugin. -->","yoast_head_json":{"title":"Beltuner \u00e0 La Brasserie la G\u00e9r\u00f4moise pour une \"release party\" exceptionnelle - Gerardmer Info","robots":{"index":"index","follow":"follow","max-snippet":"max-snippet:-1","max-image-preview":"max-image-preview:large","max-video-preview":"max-video-preview:-1"},"canonical":"https:\/\/vosgesinfo.fr\/gerardmerinfo\/2019\/04\/beltuner-a-brasserie-geromoise-release-party-exceptionnelle\/","twitter_card":"summary_large_image","twitter_title":"Beltuner \u00e0 La Brasserie la G\u00e9r\u00f4moise pour une \"release party\" exceptionnelle - Gerardmer Info","twitter_description":"C&rsquo;est le grand retour du groupe Beltuner en terre g\u00e9r\u00f4moise, l\u00e0 m\u00eame o\u00f9 tout est parti pour l&rsquo;accord\u00e9oniste de g\u00e9nie [&hellip;]","twitter_image":"https:\/\/vosgesinfo.fr\/app\/uploads\/sites\/6\/2024\/07\/201904bel1.jpg","twitter_creator":"@VosgesInfo88","twitter_site":"@VosgesInfo88","twitter_misc":{"\u00c9crit par":"qs_admin","Dur\u00e9e de lecture estim\u00e9e":"4 minutes"},"schema":{"@context":"https:\/\/schema.org","@graph":[{"@type":"Article","@id":"https:\/\/vosgesinfo.fr\/gerardmerinfo\/2019\/04\/beltuner-a-brasserie-geromoise-release-party-exceptionnelle\/#article","isPartOf":{"@id":"https:\/\/vosgesinfo.fr\/gerardmerinfo\/2019\/04\/beltuner-a-brasserie-geromoise-release-party-exceptionnelle\/"},"author":{"name":"qs_admin","@id":"https:\/\/vosgesinfo.fr\/gerardmerinfo\/#\/schema\/person\/bc5d02d71e6932e81b6dadb7386667b1"},"headline":"Beltuner \u00e0 La Brasserie la G\u00e9r\u00f4moise pour une \u00ab\u00a0release party\u00a0\u00bb exceptionnelle","datePublished":"2019-04-09T13:44:57+00:00","dateModified":"2019-04-09T13:44:57+00:00","mainEntityOfPage":{"@id":"https:\/\/vosgesinfo.fr\/gerardmerinfo\/2019\/04\/beltuner-a-brasserie-geromoise-release-party-exceptionnelle\/"},"wordCount":840,"commentCount":0,"publisher":{"@id":"https:\/\/vosgesinfo.fr\/gerardmerinfo\/#organization"},"image":{"@id":"https:\/\/vosgesinfo.fr\/gerardmerinfo\/2019\/04\/beltuner-a-brasserie-geromoise-release-party-exceptionnelle\/#primaryimage"},"thumbnailUrl":"https:\/\/vosgesinfo.fr\/app\/uploads\/sites\/6\/2024\/07\/201904bel1.jpg","articleSection":["A la une","Vosges"],"inLanguage":"fr-FR","potentialAction":[{"@type":"CommentAction","name":"Comment","target":["https:\/\/vosgesinfo.fr\/gerardmerinfo\/2019\/04\/beltuner-a-brasserie-geromoise-release-party-exceptionnelle\/#respond"]}]},{"@type":"WebPage","@id":"https:\/\/vosgesinfo.fr\/gerardmerinfo\/2019\/04\/beltuner-a-brasserie-geromoise-release-party-exceptionnelle\/","url":"https:\/\/vosgesinfo.fr\/gerardmerinfo\/2019\/04\/beltuner-a-brasserie-geromoise-release-party-exceptionnelle\/","name":"Beltuner \u00e0 La Brasserie la G\u00e9r\u00f4moise pour une \"release party\" exceptionnelle - Gerardmer Info","isPartOf":{"@id":"https:\/\/vosgesinfo.fr\/gerardmerinfo\/#website"},"primaryImageOfPage":{"@id":"https:\/\/vosgesinfo.fr\/gerardmerinfo\/2019\/04\/beltuner-a-brasserie-geromoise-release-party-exceptionnelle\/#primaryimage"},"image":{"@id":"https:\/\/vosgesinfo.fr\/gerardmerinfo\/2019\/04\/beltuner-a-brasserie-geromoise-release-party-exceptionnelle\/#primaryimage"},"thumbnailUrl":"https:\/\/vosgesinfo.fr\/app\/uploads\/sites\/6\/2024\/07\/201904bel1.jpg","datePublished":"2019-04-09T13:44:57+00:00","dateModified":"2019-04-09T13:44:57+00:00","breadcrumb":{"@id":"https:\/\/vosgesinfo.fr\/gerardmerinfo\/2019\/04\/beltuner-a-brasserie-geromoise-release-party-exceptionnelle\/#breadcrumb"},"inLanguage":"fr-FR","potentialAction":[{"@type":"ReadAction","target":["https:\/\/vosgesinfo.fr\/gerardmerinfo\/2019\/04\/beltuner-a-brasserie-geromoise-release-party-exceptionnelle\/"]}]},{"@type":"ImageObject","inLanguage":"fr-FR","@id":"https:\/\/vosgesinfo.fr\/gerardmerinfo\/2019\/04\/beltuner-a-brasserie-geromoise-release-party-exceptionnelle\/#primaryimage","url":"https:\/\/vosgesinfo.fr\/app\/uploads\/sites\/6\/2024\/07\/201904bel1.jpg","contentUrl":"https:\/\/vosgesinfo.fr\/app\/uploads\/sites\/6\/2024\/07\/201904bel1.jpg","width":800,"height":533},{"@type":"BreadcrumbList","@id":"https:\/\/vosgesinfo.fr\/gerardmerinfo\/2019\/04\/beltuner-a-brasserie-geromoise-release-party-exceptionnelle\/#breadcrumb","itemListElement":[{"@type":"ListItem","position":1,"name":"Home","item":"https:\/\/vosgesinfo.fr\/gerardmerinfo\/"},{"@type":"ListItem","position":2,"name":"Beltuner \u00e0 La Brasserie la G\u00e9r\u00f4moise pour une \u00ab\u00a0release party\u00a0\u00bb exceptionnelle"}]},{"@type":"WebSite","@id":"https:\/\/vosgesinfo.fr\/gerardmerinfo\/#website","url":"https:\/\/vosgesinfo.fr\/gerardmerinfo\/","name":"Gerardmer Info","description":"Toute l&#039;actualit\u00e9 de G\u00e9rardmer","publisher":{"@id":"https:\/\/vosgesinfo.fr\/gerardmerinfo\/#organization"},"alternateName":"Toute l'actualit\u00e9 de G\u00e9rardmer","potentialAction":[{"@type":"SearchAction","target":{"@type":"EntryPoint","urlTemplate":"https:\/\/vosgesinfo.fr\/gerardmerinfo\/?s={search_term_string}"},"query-input":"required name=search_term_string"}],"inLanguage":"fr-FR"},{"@type":"Organization","@id":"https:\/\/vosgesinfo.fr\/gerardmerinfo\/#organization","name":"Gerardmer Info","url":"https:\/\/vosgesinfo.fr\/gerardmerinfo\/","logo":{"@type":"ImageObject","inLanguage":"fr-FR","@id":"https:\/\/vosgesinfo.fr\/gerardmerinfo\/#\/schema\/logo\/image\/","url":"https:\/\/vosgesinfo.fr\/app\/uploads\/sites\/6\/2023\/08\/favicon-gerardmerinfo.png","contentUrl":"https:\/\/vosgesinfo.fr\/app\/uploads\/sites\/6\/2023\/08\/favicon-gerardmerinfo.png","width":512,"height":512,"caption":"Gerardmer Info"},"image":{"@id":"https:\/\/vosgesinfo.fr\/gerardmerinfo\/#\/schema\/logo\/image\/"},"sameAs":["https:\/\/www.facebook.com\/profile.php?id=100049475262660","https:\/\/x.com\/VosgesInfo88","https:\/\/www.youtube.com\/@vosgesinfo"]},{"@type":"Person","@id":"https:\/\/vosgesinfo.fr\/gerardmerinfo\/#\/schema\/person\/bc5d02d71e6932e81b6dadb7386667b1","name":"qs_admin","image":{"@type":"ImageObject","inLanguage":"fr-FR","@id":"https:\/\/vosgesinfo.fr\/gerardmerinfo\/#\/schema\/person\/image\/","url":"https:\/\/secure.gravatar.com\/avatar\/94b18ee0ed79e4a42ea2f2931277b6841a8999fc6fde214600c78057cf1fe1de?s=96&d=mm&r=g","contentUrl":"https:\/\/secure.gravatar.com\/avatar\/94b18ee0ed79e4a42ea2f2931277b6841a8999fc6fde214600c78057cf1fe1de?s=96&d=mm&r=g","caption":"qs_admin"},"sameAs":["https:\/\/vosgesinfo.fr\/wp"],"url":"https:\/\/vosgesinfo.fr\/gerardmerinfo\/author\/qs_admin\/"}]}},"_links":{"self":[{"href":"https:\/\/vosgesinfo.fr\/gerardmerinfo\/wp-json\/wp\/v2\/posts\/40968","targetHints":{"allow":["GET"]}}],"collection":[{"href":"https:\/\/vosgesinfo.fr\/gerardmerinfo\/wp-json\/wp\/v2\/posts"}],"about":[{"href":"https:\/\/vosgesinfo.fr\/gerardmerinfo\/wp-json\/wp\/v2\/types\/post"}],"author":[{"embeddable":true,"href":"https:\/\/vosgesinfo.fr\/gerardmerinfo\/wp-json\/wp\/v2\/users\/1"}],"replies":[{"embeddable":true,"href":"https:\/\/vosgesinfo.fr\/gerardmerinfo\/wp-json\/wp\/v2\/comments?post=40968"}],"version-history":[{"count":0,"href":"https:\/\/vosgesinfo.fr\/gerardmerinfo\/wp-json\/wp\/v2\/posts\/40968\/revisions"}],"wp:featuredmedia":[{"embeddable":true,"href":"https:\/\/vosgesinfo.fr\/gerardmerinfo\/wp-json\/wp\/v2\/media\/40969"}],"wp:attachment":[{"href":"https:\/\/vosgesinfo.fr\/gerardmerinfo\/wp-json\/wp\/v2\/media?parent=40968"}],"wp:term":[{"taxonomy":"category","embeddable":true,"href":"https:\/\/vosgesinfo.fr\/gerardmerinfo\/wp-json\/wp\/v2\/categories?post=40968"},{"taxonomy":"post_tag","embeddable":true,"href":"https:\/\/vosgesinfo.fr\/gerardmerinfo\/wp-json\/wp\/v2\/tags?post=40968"}],"curies":[{"name":"wp","href":"https:\/\/api.w.org\/{rel}","templated":true}]}}