{"id":40970,"date":"2019-04-09T15:48:00","date_gmt":"2019-04-09T13:48:00","guid":{"rendered":"https:\/\/vosgesinfo.fr\/gerardmerinfo\/2019\/04\/palmares-de-49eme-fete-jonquilles\/"},"modified":"2019-04-09T15:48:00","modified_gmt":"2019-04-09T13:48:00","slug":"palmares-de-49eme-fete-jonquilles","status":"publish","type":"post","link":"https:\/\/vosgesinfo.fr\/gerardmerinfo\/2019\/04\/palmares-de-49eme-fete-jonquilles\/","title":{"rendered":"Le palmar\u00e8s de la 49\u00e8me F\u00eate des Jonquilles"},"content":{"rendered":"<p><a href=\"https:\/\/gerardmerinfo.fr\/2019\/04\/palmares-de-49eme-fete-jonquilles\/drag-2\/\" rel=\"attachment wp-att-144969\"><img decoding=\"async\" class=\"aligncenter size-full wp-image-144969\" src=\"\/2019\/04\/drag1.jpg\" alt=\"drag\" width=\"800\" height=\"667\" \/><\/a>&#8211; Le prix du Jury\u00a0: N\u00b021 L\u00e9on le cam\u00e9l\u00e9on. (BEAUSIRE Benjamin et Daniel)<\/p>\n<p><strong>&#8211; Le prix de la Soci\u00e9t\u00e9 Des F\u00eates\u00a0: N\u00b09 BOWSER arrive\u00a0!!!!.(BEAUSIRE Alex et Alain).<\/strong><\/p>\n<p><strong>&#8211; les Tr\u00e8s Grands Chars\u00a0:<\/strong><\/p>\n<p>1<sup>er<\/sup> \u00a0\u00a0\u00a0\u00a0\u00a0\u00a0 N\u00b0\u00a0 24\u00a0\u00a0\u00a0 Charlie et la chocolaterie. (AGUETTAZ Th\u00e9o).<\/p>\n<p>2<sup>\u00e8me<\/sup> \u00a0\u00a0 N\u00b0\u00a0 30\u00a0\u00a0 WALT DISNEY stories. (Les constructeurs du Neun\u00e9).<\/p>\n<p>3<sup>\u00e8me<\/sup>\u00a0\u00a0\u00a0 N\u00b0\u00a0 16\u00a0\u00a0 Rucheisland. (A.P.E.L Ecole Notre Dame).<\/p>\n<p><strong>&#8211; Les Grand Chars\u00a0:<\/strong><\/p>\n<p>1<sup>er\u00a0\u00a0 <\/sup>N\u00b0 7, La 7<sup>\u00e8me<\/sup> compagnie en mode Jonquilles. (Tom Bad Team)<\/p>\n<p>2<sup>\u00e8me<\/sup> \u00a0\u00a0\u00a0\u00a0 N\u00b0\u00a0 \u00a0\u00a06\u00a0\u00a0 Il \u00e9tait une fois. (RIGHINI Mathieu et M\u00e9lanie, MOUGEL Florian et Johanna)<\/p>\n<p>3<sup>\u00e8me<\/sup> \u00a0\u00a0\u00a0\u00a0 N\u00b0\u00a0 \u00a011\u00a0 La chanterie du coq. (Bertrand SCHMITT et Eric BASSIERE pour la ville de Waremme)<\/p>\n<p>4<sup>\u00e8me<\/sup> \u00a0\u00a0\u00a0\u00a0 N\u00b0 \u00a010\u00a0\u00a0 Spiderman et compagnie. (THIMONT Damien)<\/p>\n<p>5<sup>\u00e8me<\/sup>\u00a0\u00a0\u00a0\u00a0\u00a0 N\u00b0\u00a0\u00a0\u00a0 5\u00a0 Van Gogh au pays des Jonquilles (PITOIS Jean-Luc).<\/p>\n<p><strong>&#8211; Les Moyens Chars\u00a0:<\/strong><\/p>\n<p>1<sup>er<\/sup> \u00a0\u00a0\u00a0\u00a0\u00a0\u00a0 N\u00b0 29\u00a0\u00a0 Le Locle \u2013 G\u00e9rardmer, un jumelage \u00e0 l\u2019heure et toujours au rendez-vous. (Comit\u00e9 des Oeuvres Sociales de G\u00e9rardmer).<\/p>\n<p>2<sup>\u00e8me<\/sup>\u00a0\u00a0\u00a0\u00a0\u00a0 N\u00b0 23\u00a0\u00a0 Retour aux sources. (RUAUX Philippe).<\/p>\n<p>3<sup>\u00e8me<\/sup>\u00a0\u00a0\u00a0\u00a0\u00a0 N\u00b0 18\u00a0 \u00a0Balade \u00e0 la cascade. (Soci\u00e9t\u00e9 des F\u00eates Sport et Loisir de St Am\u00e9).<\/p>\n<p>4<sup>\u00e8me<\/sup>\u00a0\u00a0\u00a0\u00a0\u00a0 N\u00b0 19\u00a0\u00a0 Le combin\u00e9 nordique. (Les constructeurs secrets).<\/p>\n<p>5<sup>\u00e8me<\/sup>\u00a0\u00a0\u00a0\u00a0\u00a0 N\u00b0 \u00a0\u00a04\u00a0\u00a0 Le dernier dragon. (Les nez rouges de St-Di\u00e9 des Vosges)<\/p>\n<p>6<sup>\u00e8me<\/sup>\u00a0\u00a0\u00a0\u00a0\u00a0 N\u00b0 13\u00a0\u00a0 Une licorne. (MORESI Alain).<\/p>\n<p><strong>&#8211; Les Petits Chars\u00a0:<\/strong><\/p>\n<p>S\u00e9rie A\u00a0:<\/p>\n<p>1<sup>er<\/sup> \u00a0 N\u00b0 25\u00a0\u00a0 Les Wakabarupts. (Association des Parents d\u2019El\u00e8ves de l\u2019\u00e9cole des Bas-Rupts).<\/p>\n<p>2<sup>\u00e8me<\/sup>\u00a0\u00a0\u00a0\u00a0\u00a0 N\u00b0 14\u00a0\u00a0 Les mignons de Rochesson. (Amicale scolaire de Rochesson).<\/p>\n<p>3<sup>\u00e8me<\/sup>\u00a0\u00a0\u00a0\u00a0\u00a0 N\u00b0 \u00a0\u00a03\u00a0\u00a0 Dia de los Muertos. (BOULAY et compagnie).<\/p>\n<p>4<sup>\u00e8me<\/sup> \u00a0\u00a0\u00a0\u00a0 N\u00b0 15 \u00a0\u00a0L\u2019\u00e9glise de St Barth\u00e9lemy. (CLEMENT Micka\u00ebl).<\/p>\n<p>5<sup>\u00e8me<\/sup>\u00a0\u00a0 \u00a0\u00a0 N\u00b0 \u00a0\u00a08\u00a0\u00a0 Dur dur d\u2019\u00eatre un b\u00e9b\u00e9\u00a0!!!!. (BALLAND Bernard).<\/p>\n<p>6<sup>\u00e8me<\/sup> \u00a0\u00a0\u00a0\u00a0 N\u00b0 22 \u00a0\u00a0Le charme de Paris. (Festivit\u00e9s Club de Sarre-Union).<\/p>\n<p><strong>S\u00e9rie B\u00a0:<\/strong><\/p>\n<p>1<sup>er<\/sup> \u00a0\u00a0\u00a0\u00a0\u00a0\u00a0 N\u00b0 12 \u00a0\u00a0\u00a0\u00a0 Myst\u00e8re \u00e0 la Pierre du Chaud Costet. (Ecoles locales CMJ du Tholy).<\/p>\n<p>2<sup>\u00e8me<\/sup>\u00a0\u00a0\u00a0\u00a0\u00a0 N\u00b0 \u00a0\u00a01 \u00a0\u00a0\u00a0\u00a0 Castelkin. (DIDIER Louys et REMY Gabin).<\/p>\n<p>3<sup>\u00e8me<\/sup>\u00a0\u00a0\u00a0\u00a0\u00a0 N\u00b0 21B\u00a0\u00a0 Il y a du vent dans les voiles. (ASG Voile).<\/p>\n<p>4<sup>\u00e8me<\/sup> \u00a0\u00a0\u00a0\u00a0 N\u00b0 \u00a0\u00a02 \u00a0\u00a0\u00a0\u00a0 Cendrillon. (Comit\u00e9 des f\u00eates de Plainfaing).<\/p>\n<p>5<sup>\u00e8me<\/sup>\u00a0\u00a0 \u00a0\u00a0 N\u00b0 17 \u00a0\u00a0\u00a0\u00a0 Le centenaire Citro\u00ebn. (Soci\u00e9t\u00e9 des F\u00eates de Saulxures sur Moselotte).<\/p>\n<p>6<sup>\u00e8me<\/sup> \u00a0\u00a0\u00a0\u00a0 N\u00b0 27 \u00a0\u00a0\u00a0\u00a0 La soupe aux choux. (Festivit\u00e9s Club de Sarre-Union).<\/p>\n<p>7<sup>\u00e8me<\/sup>\u00a0\u00a0\u00a0\u00a0\u00a0 N\u00b0 26\u00a0\u00a0\u00a0\u00a0\u00a0 Fleur de printemps. (Association\u00a0\u00ab\u00a0le carrosse d\u2019or\u00a0\u00bb de Mittlach).<\/p>\n<p>8<sup>\u00e8me<\/sup>\u00a0\u00a0\u00a0\u00a0\u00a0 N\u00b0 20\u00a0\u00a0\u00a0\u00a0\u00a0 Fifine et Lulu au cirque. (Flac de Remiremont).<\/p>\n<p>&#8211; Hors concours\u00a0: Narcisse et les Mistinguet\u2019s<\/p>\n<p><strong>Palmar\u00e8s des Sujets Fixes de la 49<sup>\u00e8me<\/sup> F\u00eate des Jonquilles.<\/strong><\/p>\n<p><strong><span style=\"font-size: 14pt;\">\u00a0 Prix du jury\u00a0: La tortue de Merlvil (KIEFFER Jean-Claude).<\/span><\/strong><\/p>\n<p>&#8211; \u00a0Prix de la Soci\u00e9t\u00e9 des F\u00eates\u00a0: L\u2019arriv\u00e9e avant l\u2019heure (H\u00f4tel des Bains, MICHEL Jo\u00eal).<\/p>\n<ul>\n<li>Sujet Anim\u00e9\u00a0: L\u2019arche de No\u00e9 (Boutique le chalet des peluches, HIRTH J\u00e9r\u00f4me)<\/li>\n<\/ul>\n<h1><span style=\"font-size: 14pt;\">\u00a0Les Gros Sujets\u00a0:<\/span><\/h1>\n<p>1<sup>er<\/sup>\u00a0\u00a0\u00a0\u00a0\u00a0\u00a0\u00a0 Les 100 ans de Xonrupt \u00e7a se f\u00eate (BERNARD Christelle).<\/p>\n<p>2<sup>\u00e8me<\/sup> \u00a0\u00a0\u00a0\u00a0 Au lion d\u2019or quartier G\u00e9n\u00e9ral de la Badteam (BADONNEL Daniel, Alexis, Julie et<\/p>\n<p>Louis).<\/p>\n<p>3<sup>\u00e8me<\/sup> \u00a0\u00a0\u00a0\u00a0 Titi (Boulangerie Michel, MICHEL Philippe).<\/p>\n<p>4<sup>\u00e8me<\/sup> \u00a0\u00a0\u00a0\u00a0 Le combat des tigres (Association l\u2019Azmontaine).<\/p>\n<p>5<sup>\u00e8me<\/sup> \u00a0\u00a0\u00a0\u00a0 Train Gerb\u00e9pal village (DIDIER Michel).<\/p>\n<p>6<sup>\u00e8me<\/sup> \u00a0\u00a0\u00a0\u00a0 Vu d\u2019en Haut (MORESI Patrick).<\/p>\n<p>7<sup>\u00e9me<\/sup>\u00a0\u00a0\u00a0\u00a0\u00a0 Maitre Yoda (Le Tramway, AGUETTAZ Th\u00e9o).<\/p>\n<p>&#8211;<strong> Les Moyens Sujets\u00a0:<\/strong><\/p>\n<p>1<sup>er\u00a0\u00a0\u00a0\u00a0\u00a0\u00a0\u00a0\u00a0\u00a0\u00a0\u00a0\u00a0\u00a0 <\/sup>Krokmou en perle des Vosges (Lerousseau Benjamin).<\/p>\n<p>2<sup>\u00e8me <\/sup>\u00a0\u00a0\u00a0\u00a0\u00a0 L\u2019outre mesure (Image\u2019in, AGUETTAZ Fr\u00e9d\u00e9ric).<\/p>\n<p>3<sup>\u00e8me<\/sup> \u00a0\u00a0\u00a0\u00a0 Quand l\u2019Alsace s\u2019invite \u00e0 G\u00e9rardmer (La Taverne Alsacienne, AGUETTAZ Th\u00e9o).<\/p>\n<p>4<sup>\u00e8me<\/sup> \u00a0\u00a0\u00a0\u00a0 L\u2019hippopotame (GUTTIN Pierre).<\/p>\n<p>5<sup>\u00e8me<\/sup>\u00a0\u00a0\u00a0\u00a0\u00a0\u00a0 Hommage en lumi\u00e8res (G\u00e9rardmer Fun\u00e9raire, MARCHAL Dominique et Jules).<\/p>\n<p>6<sup>\u00e8me<\/sup>\u00a0\u00a0\u00a0\u00a0\u00a0\u00a0 La vapoteuse (L\u2019atelier tabac Presse, DEMANGE David Alexandre).<\/p>\n<p>7<sup>\u00e8me<\/sup>\u00a0\u00a0\u00a0\u00a0\u00a0\u00a0 Le paon (Confiserie des Hautes Vosges, Comit\u00e9 des f\u00eates de Plainfaing).<\/p>\n<p>8<sup>\u00e9me\u00a0\u00a0\u00a0\u00a0\u00a0\u00a0\u00a0\u00a0\u00a0 <\/sup>\u2018\u2019L\u2019Alsacienne\u2019\u2019 (Restaurant OLAC, BEDEL Michel).<\/p>\n<p><strong>&#8211; Les Petits Sujets\u00a0:<\/strong><\/p>\n<p>1<sup>er<\/sup> \u00a0\u00a0\u00a0\u00a0\u00a0\u00a0 The Monster (BAUDION Barth\u00e9l\u00e9my).<\/p>\n<p>2<sup>\u00e8me\u00a0\u00a0\u00a0\u00a0\u00a0\u00a0\u00a0\u00a0 <\/sup>Ma petite maison dans la prairie (FLEURENCE Patrick).<\/p>\n<p>3<sup>\u00e8me<\/sup> \u00a0\u00a0\u00a0\u00a0 La chouette (LECONTE G\u00e9rard).<\/p>\n<p>4<sup>\u00e8me<\/sup> \u00a0\u00a0\u00a0\u00a0 La godasse (One sports Skiloc, DIETSCH Adeline).<\/p>\n<p>5<sup>\u00e8me<\/sup>\u00a0\u00a0 \u00a0\u00a0 Le bien manger (Super March\u00e9 Match, PITOIS Jean-Luc).<\/p>\n<p>6<sup>\u00e8me<\/sup> \u00a0\u00a0\u00a0\u00a0 L\u2019abeille et le pot de miel (Salon Bello Bella, MORESI Alain).<\/p>\n<p>7<sup>\u00e8me<\/sup>\u00a0\u00a0\u00a0\u00a0\u00a0 Les souvenirs ont la banane\u00a0! (Chalet des souvenirs, HIRTH J\u00e9r\u00f4me).<\/p>\n<p><strong>&#8211; Les Grands Panneaux :<\/strong><\/p>\n<p>1<sup>er<\/sup> \u00a0\u00a0\u00a0\u00a0\u00a0\u00a0\u00a0\u00a0\u00a0 Oh la jolie fleur (Les Fleurs de Lac, BEAUSIE Alex).<\/p>\n<p>2<sup>\u00e8me\u00a0\u00a0\u00a0\u00a0\u00a0 \u00a0\u00a0\u00a0\u00a0\u00a0\u00a0\u00a0 <\/sup>La Gendarmerie de montagne (Brigade Territorial Autonome de G\u00e9rardmer).<\/p>\n<p>3<sup>\u00e9me<\/sup>\u00a0\u00a0\u00a0\u00a0\u00a0\u00a0\u00a0\u00a0 Blason de Granges Aumonzey (MORESI Patrick).<\/p>\n<p>4<sup>\u00e9me<\/sup> \u00a0\u00a0\u00a0\u00a0\u00a0\u00a0\u00a0\u00a0ASG Basket (CROUVEZIER Laurent).<\/p>\n<p>5<sup>\u00e9me<\/sup> \u00a0\u00a0\u00a0\u00a0\u00a0\u00a0\u00a0 La perle et sa cuisine (Le Bistrot de la Perle, BEAUSIRE Alex).<\/p>\n<p>6<sup>\u00e9me<\/sup>\u00a0\u00a0\u00a0 \u00a0\u00a0\u00a0\u00a0\u00a0\u00a0Conseil des Jeunes de Li\u00e9zey (Conseil Municipal des Jeunes).<\/p>\n<p><strong>&#8211; Les Petit Panneaux<br \/>\n<\/strong><\/p>\n<p>1<sup>er<\/sup> \u00a0\u00a0\u00a0\u00a0\u00a0\u00a0\u00a0\u00a0\u00a0 Escale bien \u00eatre (FLEURENCE Patrick).<\/p>\n<p>2<sup>\u00e8me\u00a0\u00a0\u00a0\u00a0\u00a0 \u00a0\u00a0 <\/sup>La maison des p\u2019tits loups (DEMANGEON L\u00e9a).<\/p>\n<p>3<sup>\u00e9me<\/sup>\u00a0\u00a0\u00a0\u00a0\u00a0\u00a0\u00a0\u00a0 Lo Phohh\u00e9 (le porc en patois Vosgien) (Boucherie Baudoin, BAUDOIN Barth\u00e9l\u00e9my).<\/p>\n<p>4<sup>\u00e9me<\/sup> \u00a0\u00a0\u00a0\u00a0\u00a0\u00a0\u00a0\u00a0H\u00e9 une bouteille une\u00a0! (BEAUSIRE Alex).<\/p>\n<p>5<sup>\u00e9me<\/sup> \u00a0\u00a0 \u00a0\u00a0\u00a0\u00a0\u00a0\u00a0\u00ab\u00a0Ecusson de Rochesson\u00a0\u00bb constructeur Philippe Poirot<\/p>\n<p>6<sup>\u00e9me<\/sup>\u00a0\u00a0\u00a0 \u00a0\u00a0\u00a0\u00a0\u00a0\u00a0Conseil des Jeunes de Li\u00e9zey (POIROT Philippe).<\/p>\n<p>Le jury remercie tout particuli\u00e8rement toutes les personnes du canton (Commer\u00e7ants et particuliers) et des alentours qui ont r\u00e9alis\u00e9 un d\u00e9cor floral sur la fa\u00e7ade de leur maison.<\/p>\n<p><strong>Palmar\u00e8s vitrines<\/strong><\/p>\n<p>Prix du Jury :<strong>Au Tr\u00e9sor de la Terre 56, rue Charles de Gaulle\u00a0 Mr Domoniak Laurent<\/strong><\/p>\n<p>Prix Coup de C\u0153ur: <strong>Stef Coiffure 1, rue Saint G\u00e9rard Mme Poirot St\u00e9phanie<\/strong><\/p>\n<p><strong>1: G\u00e9radmer Fun\u00e9raire 58, rue Charles de Gaulle Mme Christelle et Mme Rohrer Anne<\/strong><\/p>\n<p><strong>2: Chez Dame Marmotte 57, Bd de Saint Di\u00e9 Mr Hirth J\u00e9r\u00f4me<\/strong><\/p>\n<p><strong>3: Marie T 37, rue Fran\u00e7ois Mitterrand Mme Freidrichs Coralie<\/strong><\/p>\n<p><strong>4: Super Dry 23, rue Charles de Gaulle Mr Tronnenschlager St\u00e9phane<\/strong><\/p>\n<p><strong>Merci \u00e0 tous les commer\u00e7ants qui on pris la peine de d\u00e9corer leur vitrines. La ville en a \u00e9t\u00e9 encore plus belle\u00a0!<\/strong><\/p>\n<p><strong>\u00a0<\/strong><\/p>\n<p>&nbsp;<\/p>\n<p>&nbsp;<\/p>\n<p>&nbsp;<\/p>\n","protected":false},"excerpt":{"rendered":"<p>&#8211; Le prix du Jury\u00a0: N\u00b021 L\u00e9on le cam\u00e9l\u00e9on. (BEAUSIRE Benjamin et Daniel) &#8211; Le prix de la Soci\u00e9t\u00e9 Des [&hellip;]<\/p>\n","protected":false},"author":1,"featured_media":40971,"comment_status":"open","ping_status":"open","sticky":false,"template":"","format":"standard","meta":{"footnotes":""},"categories":[20,18],"tags":[],"class_list":["post-40970","post","type-post","status-publish","format-standard","has-post-thumbnail","hentry","category-a-la-une","category-vosges"],"acf":[],"yoast_head":"<!-- This site is optimized with the Yoast SEO plugin v22.5 - https:\/\/yoast.com\/wordpress\/plugins\/seo\/ -->\n<title>Le palmar\u00e8s de la 49\u00e8me F\u00eate des Jonquilles - Gerardmer Info<\/title>\n<meta name=\"robots\" content=\"index, follow, max-snippet:-1, max-image-preview:large, max-video-preview:-1\" \/>\n<link rel=\"canonical\" href=\"https:\/\/vosgesinfo.fr\/gerardmerinfo\/2019\/04\/palmares-de-49eme-fete-jonquilles\/\" \/>\n<meta name=\"twitter:card\" content=\"summary_large_image\" \/>\n<meta name=\"twitter:title\" content=\"Le palmar\u00e8s de la 49\u00e8me F\u00eate des Jonquilles - Gerardmer Info\" \/>\n<meta name=\"twitter:description\" content=\"&#8211; Le prix du Jury\u00a0: N\u00b021 L\u00e9on le cam\u00e9l\u00e9on. (BEAUSIRE Benjamin et Daniel) &#8211; Le prix de la Soci\u00e9t\u00e9 Des [&hellip;]\" \/>\n<meta name=\"twitter:image\" content=\"https:\/\/vosgesinfo.fr\/app\/uploads\/sites\/6\/2024\/07\/201904drag1.jpg\" \/>\n<meta name=\"twitter:creator\" content=\"@VosgesInfo88\" \/>\n<meta name=\"twitter:site\" content=\"@VosgesInfo88\" \/>\n<meta name=\"twitter:label1\" content=\"\u00c9crit par\" \/>\n\t<meta name=\"twitter:data1\" content=\"qs_admin\" \/>\n\t<meta name=\"twitter:label2\" content=\"Dur\u00e9e de lecture estim\u00e9e\" \/>\n\t<meta name=\"twitter:data2\" content=\"5 minutes\" \/>\n<script type=\"application\/ld+json\" class=\"yoast-schema-graph\">{\"@context\":\"https:\/\/schema.org\",\"@graph\":[{\"@type\":\"Article\",\"@id\":\"https:\/\/vosgesinfo.fr\/gerardmerinfo\/2019\/04\/palmares-de-49eme-fete-jonquilles\/#article\",\"isPartOf\":{\"@id\":\"https:\/\/vosgesinfo.fr\/gerardmerinfo\/2019\/04\/palmares-de-49eme-fete-jonquilles\/\"},\"author\":{\"name\":\"qs_admin\",\"@id\":\"https:\/\/vosgesinfo.fr\/gerardmerinfo\/#\/schema\/person\/bc5d02d71e6932e81b6dadb7386667b1\"},\"headline\":\"Le palmar\u00e8s de la 49\u00e8me F\u00eate des Jonquilles\",\"datePublished\":\"2019-04-09T13:48:00+00:00\",\"dateModified\":\"2019-04-09T13:48:00+00:00\",\"mainEntityOfPage\":{\"@id\":\"https:\/\/vosgesinfo.fr\/gerardmerinfo\/2019\/04\/palmares-de-49eme-fete-jonquilles\/\"},\"wordCount\":927,\"commentCount\":0,\"publisher\":{\"@id\":\"https:\/\/vosgesinfo.fr\/gerardmerinfo\/#organization\"},\"image\":{\"@id\":\"https:\/\/vosgesinfo.fr\/gerardmerinfo\/2019\/04\/palmares-de-49eme-fete-jonquilles\/#primaryimage\"},\"thumbnailUrl\":\"https:\/\/vosgesinfo.fr\/app\/uploads\/sites\/6\/2024\/07\/201904drag1.jpg\",\"articleSection\":[\"A la une\",\"Vosges\"],\"inLanguage\":\"fr-FR\",\"potentialAction\":[{\"@type\":\"CommentAction\",\"name\":\"Comment\",\"target\":[\"https:\/\/vosgesinfo.fr\/gerardmerinfo\/2019\/04\/palmares-de-49eme-fete-jonquilles\/#respond\"]}]},{\"@type\":\"WebPage\",\"@id\":\"https:\/\/vosgesinfo.fr\/gerardmerinfo\/2019\/04\/palmares-de-49eme-fete-jonquilles\/\",\"url\":\"https:\/\/vosgesinfo.fr\/gerardmerinfo\/2019\/04\/palmares-de-49eme-fete-jonquilles\/\",\"name\":\"Le palmar\u00e8s de la 49\u00e8me F\u00eate des Jonquilles - Gerardmer Info\",\"isPartOf\":{\"@id\":\"https:\/\/vosgesinfo.fr\/gerardmerinfo\/#website\"},\"primaryImageOfPage\":{\"@id\":\"https:\/\/vosgesinfo.fr\/gerardmerinfo\/2019\/04\/palmares-de-49eme-fete-jonquilles\/#primaryimage\"},\"image\":{\"@id\":\"https:\/\/vosgesinfo.fr\/gerardmerinfo\/2019\/04\/palmares-de-49eme-fete-jonquilles\/#primaryimage\"},\"thumbnailUrl\":\"https:\/\/vosgesinfo.fr\/app\/uploads\/sites\/6\/2024\/07\/201904drag1.jpg\",\"datePublished\":\"2019-04-09T13:48:00+00:00\",\"dateModified\":\"2019-04-09T13:48:00+00:00\",\"breadcrumb\":{\"@id\":\"https:\/\/vosgesinfo.fr\/gerardmerinfo\/2019\/04\/palmares-de-49eme-fete-jonquilles\/#breadcrumb\"},\"inLanguage\":\"fr-FR\",\"potentialAction\":[{\"@type\":\"ReadAction\",\"target\":[\"https:\/\/vosgesinfo.fr\/gerardmerinfo\/2019\/04\/palmares-de-49eme-fete-jonquilles\/\"]}]},{\"@type\":\"ImageObject\",\"inLanguage\":\"fr-FR\",\"@id\":\"https:\/\/vosgesinfo.fr\/gerardmerinfo\/2019\/04\/palmares-de-49eme-fete-jonquilles\/#primaryimage\",\"url\":\"https:\/\/vosgesinfo.fr\/app\/uploads\/sites\/6\/2024\/07\/201904drag1.jpg\",\"contentUrl\":\"https:\/\/vosgesinfo.fr\/app\/uploads\/sites\/6\/2024\/07\/201904drag1.jpg\",\"width\":800,\"height\":667},{\"@type\":\"BreadcrumbList\",\"@id\":\"https:\/\/vosgesinfo.fr\/gerardmerinfo\/2019\/04\/palmares-de-49eme-fete-jonquilles\/#breadcrumb\",\"itemListElement\":[{\"@type\":\"ListItem\",\"position\":1,\"name\":\"Home\",\"item\":\"https:\/\/vosgesinfo.fr\/gerardmerinfo\/\"},{\"@type\":\"ListItem\",\"position\":2,\"name\":\"Le palmar\u00e8s de la 49\u00e8me F\u00eate des Jonquilles\"}]},{\"@type\":\"WebSite\",\"@id\":\"https:\/\/vosgesinfo.fr\/gerardmerinfo\/#website\",\"url\":\"https:\/\/vosgesinfo.fr\/gerardmerinfo\/\",\"name\":\"Gerardmer Info\",\"description\":\"Toute l&#039;actualit\u00e9 de G\u00e9rardmer\",\"publisher\":{\"@id\":\"https:\/\/vosgesinfo.fr\/gerardmerinfo\/#organization\"},\"alternateName\":\"Toute l'actualit\u00e9 de G\u00e9rardmer\",\"potentialAction\":[{\"@type\":\"SearchAction\",\"target\":{\"@type\":\"EntryPoint\",\"urlTemplate\":\"https:\/\/vosgesinfo.fr\/gerardmerinfo\/?s={search_term_string}\"},\"query-input\":\"required name=search_term_string\"}],\"inLanguage\":\"fr-FR\"},{\"@type\":\"Organization\",\"@id\":\"https:\/\/vosgesinfo.fr\/gerardmerinfo\/#organization\",\"name\":\"Gerardmer Info\",\"url\":\"https:\/\/vosgesinfo.fr\/gerardmerinfo\/\",\"logo\":{\"@type\":\"ImageObject\",\"inLanguage\":\"fr-FR\",\"@id\":\"https:\/\/vosgesinfo.fr\/gerardmerinfo\/#\/schema\/logo\/image\/\",\"url\":\"https:\/\/vosgesinfo.fr\/app\/uploads\/sites\/6\/2023\/08\/favicon-gerardmerinfo.png\",\"contentUrl\":\"https:\/\/vosgesinfo.fr\/app\/uploads\/sites\/6\/2023\/08\/favicon-gerardmerinfo.png\",\"width\":512,\"height\":512,\"caption\":\"Gerardmer Info\"},\"image\":{\"@id\":\"https:\/\/vosgesinfo.fr\/gerardmerinfo\/#\/schema\/logo\/image\/\"},\"sameAs\":[\"https:\/\/www.facebook.com\/profile.php?id=100049475262660\",\"https:\/\/x.com\/VosgesInfo88\",\"https:\/\/www.youtube.com\/@vosgesinfo\"]},{\"@type\":\"Person\",\"@id\":\"https:\/\/vosgesinfo.fr\/gerardmerinfo\/#\/schema\/person\/bc5d02d71e6932e81b6dadb7386667b1\",\"name\":\"qs_admin\",\"image\":{\"@type\":\"ImageObject\",\"inLanguage\":\"fr-FR\",\"@id\":\"https:\/\/vosgesinfo.fr\/gerardmerinfo\/#\/schema\/person\/image\/\",\"url\":\"https:\/\/secure.gravatar.com\/avatar\/94b18ee0ed79e4a42ea2f2931277b6841a8999fc6fde214600c78057cf1fe1de?s=96&d=mm&r=g\",\"contentUrl\":\"https:\/\/secure.gravatar.com\/avatar\/94b18ee0ed79e4a42ea2f2931277b6841a8999fc6fde214600c78057cf1fe1de?s=96&d=mm&r=g\",\"caption\":\"qs_admin\"},\"sameAs\":[\"https:\/\/vosgesinfo.fr\/wp\"],\"url\":\"https:\/\/vosgesinfo.fr\/gerardmerinfo\/author\/qs_admin\/\"}]}<\/script>\n<!-- \/ Yoast SEO plugin. -->","yoast_head_json":{"title":"Le palmar\u00e8s de la 49\u00e8me F\u00eate des Jonquilles - Gerardmer Info","robots":{"index":"index","follow":"follow","max-snippet":"max-snippet:-1","max-image-preview":"max-image-preview:large","max-video-preview":"max-video-preview:-1"},"canonical":"https:\/\/vosgesinfo.fr\/gerardmerinfo\/2019\/04\/palmares-de-49eme-fete-jonquilles\/","twitter_card":"summary_large_image","twitter_title":"Le palmar\u00e8s de la 49\u00e8me F\u00eate des Jonquilles - Gerardmer Info","twitter_description":"&#8211; Le prix du Jury\u00a0: N\u00b021 L\u00e9on le cam\u00e9l\u00e9on. (BEAUSIRE Benjamin et Daniel) &#8211; Le prix de la Soci\u00e9t\u00e9 Des [&hellip;]","twitter_image":"https:\/\/vosgesinfo.fr\/app\/uploads\/sites\/6\/2024\/07\/201904drag1.jpg","twitter_creator":"@VosgesInfo88","twitter_site":"@VosgesInfo88","twitter_misc":{"\u00c9crit par":"qs_admin","Dur\u00e9e de lecture estim\u00e9e":"5 minutes"},"schema":{"@context":"https:\/\/schema.org","@graph":[{"@type":"Article","@id":"https:\/\/vosgesinfo.fr\/gerardmerinfo\/2019\/04\/palmares-de-49eme-fete-jonquilles\/#article","isPartOf":{"@id":"https:\/\/vosgesinfo.fr\/gerardmerinfo\/2019\/04\/palmares-de-49eme-fete-jonquilles\/"},"author":{"name":"qs_admin","@id":"https:\/\/vosgesinfo.fr\/gerardmerinfo\/#\/schema\/person\/bc5d02d71e6932e81b6dadb7386667b1"},"headline":"Le palmar\u00e8s de la 49\u00e8me F\u00eate des Jonquilles","datePublished":"2019-04-09T13:48:00+00:00","dateModified":"2019-04-09T13:48:00+00:00","mainEntityOfPage":{"@id":"https:\/\/vosgesinfo.fr\/gerardmerinfo\/2019\/04\/palmares-de-49eme-fete-jonquilles\/"},"wordCount":927,"commentCount":0,"publisher":{"@id":"https:\/\/vosgesinfo.fr\/gerardmerinfo\/#organization"},"image":{"@id":"https:\/\/vosgesinfo.fr\/gerardmerinfo\/2019\/04\/palmares-de-49eme-fete-jonquilles\/#primaryimage"},"thumbnailUrl":"https:\/\/vosgesinfo.fr\/app\/uploads\/sites\/6\/2024\/07\/201904drag1.jpg","articleSection":["A la une","Vosges"],"inLanguage":"fr-FR","potentialAction":[{"@type":"CommentAction","name":"Comment","target":["https:\/\/vosgesinfo.fr\/gerardmerinfo\/2019\/04\/palmares-de-49eme-fete-jonquilles\/#respond"]}]},{"@type":"WebPage","@id":"https:\/\/vosgesinfo.fr\/gerardmerinfo\/2019\/04\/palmares-de-49eme-fete-jonquilles\/","url":"https:\/\/vosgesinfo.fr\/gerardmerinfo\/2019\/04\/palmares-de-49eme-fete-jonquilles\/","name":"Le palmar\u00e8s de la 49\u00e8me F\u00eate des Jonquilles - Gerardmer Info","isPartOf":{"@id":"https:\/\/vosgesinfo.fr\/gerardmerinfo\/#website"},"primaryImageOfPage":{"@id":"https:\/\/vosgesinfo.fr\/gerardmerinfo\/2019\/04\/palmares-de-49eme-fete-jonquilles\/#primaryimage"},"image":{"@id":"https:\/\/vosgesinfo.fr\/gerardmerinfo\/2019\/04\/palmares-de-49eme-fete-jonquilles\/#primaryimage"},"thumbnailUrl":"https:\/\/vosgesinfo.fr\/app\/uploads\/sites\/6\/2024\/07\/201904drag1.jpg","datePublished":"2019-04-09T13:48:00+00:00","dateModified":"2019-04-09T13:48:00+00:00","breadcrumb":{"@id":"https:\/\/vosgesinfo.fr\/gerardmerinfo\/2019\/04\/palmares-de-49eme-fete-jonquilles\/#breadcrumb"},"inLanguage":"fr-FR","potentialAction":[{"@type":"ReadAction","target":["https:\/\/vosgesinfo.fr\/gerardmerinfo\/2019\/04\/palmares-de-49eme-fete-jonquilles\/"]}]},{"@type":"ImageObject","inLanguage":"fr-FR","@id":"https:\/\/vosgesinfo.fr\/gerardmerinfo\/2019\/04\/palmares-de-49eme-fete-jonquilles\/#primaryimage","url":"https:\/\/vosgesinfo.fr\/app\/uploads\/sites\/6\/2024\/07\/201904drag1.jpg","contentUrl":"https:\/\/vosgesinfo.fr\/app\/uploads\/sites\/6\/2024\/07\/201904drag1.jpg","width":800,"height":667},{"@type":"BreadcrumbList","@id":"https:\/\/vosgesinfo.fr\/gerardmerinfo\/2019\/04\/palmares-de-49eme-fete-jonquilles\/#breadcrumb","itemListElement":[{"@type":"ListItem","position":1,"name":"Home","item":"https:\/\/vosgesinfo.fr\/gerardmerinfo\/"},{"@type":"ListItem","position":2,"name":"Le palmar\u00e8s de la 49\u00e8me F\u00eate des Jonquilles"}]},{"@type":"WebSite","@id":"https:\/\/vosgesinfo.fr\/gerardmerinfo\/#website","url":"https:\/\/vosgesinfo.fr\/gerardmerinfo\/","name":"Gerardmer Info","description":"Toute l&#039;actualit\u00e9 de G\u00e9rardmer","publisher":{"@id":"https:\/\/vosgesinfo.fr\/gerardmerinfo\/#organization"},"alternateName":"Toute l'actualit\u00e9 de G\u00e9rardmer","potentialAction":[{"@type":"SearchAction","target":{"@type":"EntryPoint","urlTemplate":"https:\/\/vosgesinfo.fr\/gerardmerinfo\/?s={search_term_string}"},"query-input":"required name=search_term_string"}],"inLanguage":"fr-FR"},{"@type":"Organization","@id":"https:\/\/vosgesinfo.fr\/gerardmerinfo\/#organization","name":"Gerardmer Info","url":"https:\/\/vosgesinfo.fr\/gerardmerinfo\/","logo":{"@type":"ImageObject","inLanguage":"fr-FR","@id":"https:\/\/vosgesinfo.fr\/gerardmerinfo\/#\/schema\/logo\/image\/","url":"https:\/\/vosgesinfo.fr\/app\/uploads\/sites\/6\/2023\/08\/favicon-gerardmerinfo.png","contentUrl":"https:\/\/vosgesinfo.fr\/app\/uploads\/sites\/6\/2023\/08\/favicon-gerardmerinfo.png","width":512,"height":512,"caption":"Gerardmer Info"},"image":{"@id":"https:\/\/vosgesinfo.fr\/gerardmerinfo\/#\/schema\/logo\/image\/"},"sameAs":["https:\/\/www.facebook.com\/profile.php?id=100049475262660","https:\/\/x.com\/VosgesInfo88","https:\/\/www.youtube.com\/@vosgesinfo"]},{"@type":"Person","@id":"https:\/\/vosgesinfo.fr\/gerardmerinfo\/#\/schema\/person\/bc5d02d71e6932e81b6dadb7386667b1","name":"qs_admin","image":{"@type":"ImageObject","inLanguage":"fr-FR","@id":"https:\/\/vosgesinfo.fr\/gerardmerinfo\/#\/schema\/person\/image\/","url":"https:\/\/secure.gravatar.com\/avatar\/94b18ee0ed79e4a42ea2f2931277b6841a8999fc6fde214600c78057cf1fe1de?s=96&d=mm&r=g","contentUrl":"https:\/\/secure.gravatar.com\/avatar\/94b18ee0ed79e4a42ea2f2931277b6841a8999fc6fde214600c78057cf1fe1de?s=96&d=mm&r=g","caption":"qs_admin"},"sameAs":["https:\/\/vosgesinfo.fr\/wp"],"url":"https:\/\/vosgesinfo.fr\/gerardmerinfo\/author\/qs_admin\/"}]}},"_links":{"self":[{"href":"https:\/\/vosgesinfo.fr\/gerardmerinfo\/wp-json\/wp\/v2\/posts\/40970","targetHints":{"allow":["GET"]}}],"collection":[{"href":"https:\/\/vosgesinfo.fr\/gerardmerinfo\/wp-json\/wp\/v2\/posts"}],"about":[{"href":"https:\/\/vosgesinfo.fr\/gerardmerinfo\/wp-json\/wp\/v2\/types\/post"}],"author":[{"embeddable":true,"href":"https:\/\/vosgesinfo.fr\/gerardmerinfo\/wp-json\/wp\/v2\/users\/1"}],"replies":[{"embeddable":true,"href":"https:\/\/vosgesinfo.fr\/gerardmerinfo\/wp-json\/wp\/v2\/comments?post=40970"}],"version-history":[{"count":0,"href":"https:\/\/vosgesinfo.fr\/gerardmerinfo\/wp-json\/wp\/v2\/posts\/40970\/revisions"}],"wp:featuredmedia":[{"embeddable":true,"href":"https:\/\/vosgesinfo.fr\/gerardmerinfo\/wp-json\/wp\/v2\/media\/40971"}],"wp:attachment":[{"href":"https:\/\/vosgesinfo.fr\/gerardmerinfo\/wp-json\/wp\/v2\/media?parent=40970"}],"wp:term":[{"taxonomy":"category","embeddable":true,"href":"https:\/\/vosgesinfo.fr\/gerardmerinfo\/wp-json\/wp\/v2\/categories?post=40970"},{"taxonomy":"post_tag","embeddable":true,"href":"https:\/\/vosgesinfo.fr\/gerardmerinfo\/wp-json\/wp\/v2\/tags?post=40970"}],"curies":[{"name":"wp","href":"https:\/\/api.w.org\/{rel}","templated":true}]}}