{"id":40998,"date":"2019-04-11T15:50:58","date_gmt":"2019-04-11T13:50:58","guid":{"rendered":"https:\/\/vosgesinfo.fr\/gerardmerinfo\/2019\/04\/conseil-municipal-de-mutualisation-services-com-com\/"},"modified":"2019-04-11T15:50:58","modified_gmt":"2019-04-11T13:50:58","slug":"conseil-municipal-de-mutualisation-services-com-com","status":"publish","type":"post","link":"https:\/\/vosgesinfo.fr\/gerardmerinfo\/2019\/04\/conseil-municipal-de-mutualisation-services-com-com\/","title":{"rendered":"Conseil Municipal : pas de mutualisation des services avec la Com&rsquo; Com&rsquo;"},"content":{"rendered":"<div id=\"attachment_145065\" style=\"width: 350px\" class=\"wp-caption aligncenter\"><a href=\"\/2019\/04\/conseil-municipal-tablettes.jpg\"><img decoding=\"async\" aria-describedby=\"caption-attachment-145065\" class=\"size-medium wp-image-145065\" src=\"\/2019\/04\/conseil-municipal-tablettes-340x255.jpg\" alt=\"La Ville met d\u00e9sormais des tablettes \u00e0 disposition des conseillers afin d'imprimer les ordres du jour, proc\u00e8s verbaux et documents annexes notamment. \" width=\"340\" height=\"255\" \/><\/a><p id=\"caption-attachment-145065\" class=\"wp-caption-text\">La Ville met d\u00e9sormais des tablettes \u00e0 disposition des conseillers afin d&rsquo;imprimer les ordres du jour, proc\u00e8s verbaux et documents annexes notamment.<\/p><\/div>\n<p>&nbsp;<\/p>\n<p><strong>Conseil municipal \u00e9clair ce mercredi en soir\u00e9e \u00e0 l&rsquo;h\u00f4tel de ville de G\u00e9rardmer avec 4 points \u00e0 l&rsquo;ordre du jour sans compter les questions diverses. Des points vot\u00e9s \u00e0 l&rsquo;unanimit\u00e9 et qui n&rsquo;ont souffert d&rsquo;aucun d\u00e9bat.<\/strong><\/p>\n<p>Et cela d\u00e9butait avec une question concernant l&rsquo;\u00e9ventualit\u00e9 d&rsquo;une mutualisation des services de la commune avec ceux de la Communaut\u00e9 de Communes. Etant donn\u00e9e la volont\u00e9 de sortir de la Com&rsquo; Com&rsquo; affich\u00e9e par G\u00e9rardmer et 6 autres communes, la proposition a re\u00e7u sans surprise un avis d\u00e9favorable de la part de l&rsquo;ensemble des conseillers !\u00a0 Rappelons que le 11 Janvier 2019, la Commune avait re\u00e7u pour avis de la Communaut\u00e9 de Communes des Hautes Vosges le projet de sch\u00e9ma de mutualisation dont elle avait confi\u00e9 l\u2019\u00e9laboration au cabinet KPMG. \u00ab\u00a0Pour G\u00c9RARDMER, le principe de mutualisation n\u2019est pas une nouveaut\u00e9 dans la pratique avec les structures intercommunales. Citons celle avec le Syndicat Intercommunal d\u2019Assainissement de la Vall\u00e9e des Lacs qui se d\u00e9cline tant sur le plan technique que sur le plan administratif avec les moyens de la Commune de G\u00c9RARDMER\u00a0\u00bb pr\u00e9cisait ainsi le maire Stessy Speissmann \u00e0 la lecture de ce premier point \u00e0 l&rsquo;ordre du jour.<\/p>\n<p>Et d&rsquo;ajouter : \u00ab\u00a0D\u00e8s sa cr\u00e9ation au 1er Janvier 2017, la Communaut\u00e9 de Communes des Hautes Vosges a d\u00e9cid\u00e9 unilat\u00e9ralement sans m\u00eame un \u00e9crit \u00e0 destination de la Commune de G\u00c9RARDMER de confier \u00e0 ses propres services \u2013y compris par voie de recrutement les missions de comptabilit\u00e9 \u2013 finances \u2013 ressources humaines sans mutualiser avec la Commune qui s\u2019est vue contrainte, du jour au lendemain, de r\u00e9ajuster les missions de ses agents concern\u00e9s.<br \/>\nCette situation vivement d\u00e9nonc\u00e9e par les \u00e9lus g\u00e9r\u00f4mois a \u00e9t\u00e9 relev\u00e9e par la Chambre R\u00e9gionale des Comptes lors de son contr\u00f4le sur les comptes et la gestion de la Commune comme \u00e9tant \u00ab \u00e0 rebours des orientations du l\u00e9gislateur \u00bb. Et pourtant, quelques mois plus tard, la Communaut\u00e9 de Communes des Hautes Vosges d\u00e9gage des moyens financiers pour r\u00e9aliser un projet de mutualisation et affiche en premier objectif \u00ab un objectif financier en cherchant, \u00e0 travers la mutualisation, des \u00e9conomies d\u2019\u00e9chelle en vue d\u2019att\u00e9nuer les effets des baisses de dotations de l\u2019Etat et de maintenir une jauge d\u2019investissement significative sur le territoire \u00bb.<br \/>\nAlors que la phase de consultation des communes n\u2019est pas termin\u00e9e, alors que le Conseil Communautaire n\u2019a pas encore valid\u00e9 le sch\u00e9ma de mutualisation, le bureau communautaire avait d\u00e9j\u00e0 \u00e0 statuer sur le recrutement, \u00e0 compter du 1er Juin, d\u2019un poste permanent de r\u00e9dacteur territorial \u00e0 temps complet \u2013charg\u00e9 de la mutualisation-, lequel travaillerait uniquement sur la cr\u00e9ation de r\u00e9seaux et\u00a0 la cr\u00e9ation d\u2019un observatoire Ressources Humaines.\u00a0\u00bb\u00a0 Des arguments de poids visiblement, m\u00eame si le conseiller Michel Graiche n&rsquo;a pas souhait\u00e9 prendre part au vote.<\/p>\n<p>Le deuxi\u00e8me point \u00e0 l&rsquo;ordre du jour \u00e9tait plus ou\u00a0 moins du m\u00eame tonneau puisqu&rsquo;il s&rsquo;agissait l\u00e0 d&rsquo;envisager un \u00e9ventuel transfert des comp\u00e9tences \u00ab eau \u00bb et \u00abassainissement \u00bb \u00e0 la Communaut\u00e9 de Communes des Hautes Vosges, comme le pr\u00e9voit la loi du 7 ao\u00fbt 2015, portant sur la nouvelle organisation territoriale de la R\u00e9publique. Les communes concern\u00e9s peuvent n\u00e9anmoins s&rsquo;y opposer, sachant que la Commune de G\u00e9rardmer g\u00e8re parfaitement ces comp\u00e9tences, la proposition n&rsquo;a pas fait fureur et, l\u00e0 encore, il \u00e9tait propos\u00e9 aux conseillers de s&rsquo;opposer \u00e0 ce transfert. Ce qui a \u00e9t\u00e9 fait avec un vote \u00e0 l&rsquo;unanimit\u00e9, l\u00e0 aussi sans surprise&#8230;<\/p>\n<p>En guise de troisi\u00e8me point, il \u00e9tait propos\u00e9\u00a0 \u00e0 l\u2019h\u00e9micycle de se prononcer en faveur de la signature d&rsquo;une convention avec le SDIS concernant la mise \u00e0 disposition d&rsquo;un membre du personnel communal pendant une partie de la dur\u00e9e des travaux du complexe sportif.\u00a0 Consid\u00e9rant la modification des dates initialement programm\u00e9es pour la mise \u00e0 disposition de personnel au Service D\u00e9partemental d\u2019Incendie et de Secours pendant la p\u00e9riode de fermeture du complexe sportif, il y avait lieu de valider la nouvelle convention propos\u00e9e par le Service D\u00e9partemental le 26 Mars 2019. Proposition vot\u00e9e \u00e0 l\u2019unanimit\u00e9 !<\/p>\n<p>Le 4\u00e8me point sugg\u00e9rait enfin aux conseillers de s&rsquo;opposer \u00e0 l\u2019encaissement des recettes des ventes de bois par l\u2019Office National des For\u00eats en lieu et place de la Commune. \u00ab\u00a0Depuis plusieurs mois la F\u00e9d\u00e9ration Nationale des Communes Foresti\u00e8res a engag\u00e9 une action contre la d\u00e9cision annonc\u00e9e de l\u2019Etat de mettre en place, pour le 1er Juillet 2019, l\u2019encaissement direct par l\u2019ONF des produits des ventes de bois des for\u00eats communales soumises au r\u00e9gime forestier. Une telle d\u00e9cision pourrait avoir des cons\u00e9quences significatives sur le budget des communes en retardant de plusieurs mois le versement des recettes de bois et s\u2019inscrit \u00e0 l\u2019encontre du principe de libre administration des collectivit\u00e9s locales\u00a0\u00bb pr\u00e9cisait le maire g\u00e9r\u00f4mois \u00e0 la lecture de ce point. Et le conseiller de l\u2019opposition Eric Defranould de poser la question suivante : \u00ab\u00a0Quel est l&rsquo;objectif de l\u2019\u00c9tat si ce n&rsquo;est cr\u00e9er de la tr\u00e9sorerie ?!!!\u00a0\u00bb Vous devinez l&rsquo;issue du vote&#8230;<\/p>\n","protected":false},"excerpt":{"rendered":"<p>&nbsp; Conseil municipal \u00e9clair ce mercredi en soir\u00e9e \u00e0 l&rsquo;h\u00f4tel de ville de G\u00e9rardmer avec 4 points \u00e0 l&rsquo;ordre du [&hellip;]<\/p>\n","protected":false},"author":42,"featured_media":40999,"comment_status":"open","ping_status":"open","sticky":false,"template":"","format":"standard","meta":{"footnotes":""},"categories":[20,25,10],"tags":[2189],"class_list":["post-40998","post","type-post","status-publish","format-standard","has-post-thumbnail","hentry","category-a-la-une","category-gerardmer","category-politique","tag-conseil-municipal-gerardmer"],"acf":[],"yoast_head":"<!-- This site is optimized with the Yoast SEO plugin v22.5 - https:\/\/yoast.com\/wordpress\/plugins\/seo\/ -->\n<title>Conseil Municipal : pas de mutualisation des services avec la Com&#039; Com&#039; - Gerardmer Info<\/title>\n<meta name=\"robots\" content=\"index, follow, max-snippet:-1, max-image-preview:large, max-video-preview:-1\" \/>\n<link rel=\"canonical\" href=\"https:\/\/vosgesinfo.fr\/gerardmerinfo\/2019\/04\/conseil-municipal-de-mutualisation-services-com-com\/\" \/>\n<meta name=\"twitter:card\" content=\"summary_large_image\" \/>\n<meta name=\"twitter:title\" content=\"Conseil Municipal : pas de mutualisation des services avec la Com&#039; Com&#039; - Gerardmer Info\" \/>\n<meta name=\"twitter:description\" content=\"&nbsp; Conseil municipal \u00e9clair ce mercredi en soir\u00e9e \u00e0 l&rsquo;h\u00f4tel de ville de G\u00e9rardmer avec 4 points \u00e0 l&rsquo;ordre du [&hellip;]\" \/>\n<meta name=\"twitter:image\" content=\"https:\/\/vosgesinfo.fr\/app\/uploads\/sites\/6\/2024\/07\/201904conseil-municipal-tablettes.jpg\" \/>\n<meta name=\"twitter:creator\" content=\"@VosgesInfo88\" \/>\n<meta name=\"twitter:site\" content=\"@VosgesInfo88\" \/>\n<meta name=\"twitter:label1\" content=\"\u00c9crit par\" \/>\n\t<meta name=\"twitter:data1\" content=\"QG\" \/>\n\t<meta name=\"twitter:label2\" content=\"Dur\u00e9e de lecture estim\u00e9e\" \/>\n\t<meta name=\"twitter:data2\" content=\"4 minutes\" \/>\n<script type=\"application\/ld+json\" class=\"yoast-schema-graph\">{\"@context\":\"https:\/\/schema.org\",\"@graph\":[{\"@type\":\"Article\",\"@id\":\"https:\/\/vosgesinfo.fr\/gerardmerinfo\/2019\/04\/conseil-municipal-de-mutualisation-services-com-com\/#article\",\"isPartOf\":{\"@id\":\"https:\/\/vosgesinfo.fr\/gerardmerinfo\/2019\/04\/conseil-municipal-de-mutualisation-services-com-com\/\"},\"author\":{\"name\":\"QG\",\"@id\":\"https:\/\/vosgesinfo.fr\/gerardmerinfo\/#\/schema\/person\/db5605779a843dad16b5368f3e7613a5\"},\"headline\":\"Conseil Municipal : pas de mutualisation des services avec la Com&rsquo; Com&rsquo;\",\"datePublished\":\"2019-04-11T13:50:58+00:00\",\"dateModified\":\"2019-04-11T13:50:58+00:00\",\"mainEntityOfPage\":{\"@id\":\"https:\/\/vosgesinfo.fr\/gerardmerinfo\/2019\/04\/conseil-municipal-de-mutualisation-services-com-com\/\"},\"wordCount\":934,\"commentCount\":0,\"publisher\":{\"@id\":\"https:\/\/vosgesinfo.fr\/gerardmerinfo\/#organization\"},\"image\":{\"@id\":\"https:\/\/vosgesinfo.fr\/gerardmerinfo\/2019\/04\/conseil-municipal-de-mutualisation-services-com-com\/#primaryimage\"},\"thumbnailUrl\":\"https:\/\/vosgesinfo.fr\/app\/uploads\/sites\/6\/2024\/07\/201904conseil-municipal-tablettes.jpg\",\"keywords\":[\"conseil municipal g\u00e9rardmer\"],\"articleSection\":[\"A la une\",\"G\u00e9rardmer\",\"Politique\"],\"inLanguage\":\"fr-FR\",\"potentialAction\":[{\"@type\":\"CommentAction\",\"name\":\"Comment\",\"target\":[\"https:\/\/vosgesinfo.fr\/gerardmerinfo\/2019\/04\/conseil-municipal-de-mutualisation-services-com-com\/#respond\"]}]},{\"@type\":\"WebPage\",\"@id\":\"https:\/\/vosgesinfo.fr\/gerardmerinfo\/2019\/04\/conseil-municipal-de-mutualisation-services-com-com\/\",\"url\":\"https:\/\/vosgesinfo.fr\/gerardmerinfo\/2019\/04\/conseil-municipal-de-mutualisation-services-com-com\/\",\"name\":\"Conseil Municipal : pas de mutualisation des services avec la Com' Com' - Gerardmer Info\",\"isPartOf\":{\"@id\":\"https:\/\/vosgesinfo.fr\/gerardmerinfo\/#website\"},\"primaryImageOfPage\":{\"@id\":\"https:\/\/vosgesinfo.fr\/gerardmerinfo\/2019\/04\/conseil-municipal-de-mutualisation-services-com-com\/#primaryimage\"},\"image\":{\"@id\":\"https:\/\/vosgesinfo.fr\/gerardmerinfo\/2019\/04\/conseil-municipal-de-mutualisation-services-com-com\/#primaryimage\"},\"thumbnailUrl\":\"https:\/\/vosgesinfo.fr\/app\/uploads\/sites\/6\/2024\/07\/201904conseil-municipal-tablettes.jpg\",\"datePublished\":\"2019-04-11T13:50:58+00:00\",\"dateModified\":\"2019-04-11T13:50:58+00:00\",\"breadcrumb\":{\"@id\":\"https:\/\/vosgesinfo.fr\/gerardmerinfo\/2019\/04\/conseil-municipal-de-mutualisation-services-com-com\/#breadcrumb\"},\"inLanguage\":\"fr-FR\",\"potentialAction\":[{\"@type\":\"ReadAction\",\"target\":[\"https:\/\/vosgesinfo.fr\/gerardmerinfo\/2019\/04\/conseil-municipal-de-mutualisation-services-com-com\/\"]}]},{\"@type\":\"ImageObject\",\"inLanguage\":\"fr-FR\",\"@id\":\"https:\/\/vosgesinfo.fr\/gerardmerinfo\/2019\/04\/conseil-municipal-de-mutualisation-services-com-com\/#primaryimage\",\"url\":\"https:\/\/vosgesinfo.fr\/app\/uploads\/sites\/6\/2024\/07\/201904conseil-municipal-tablettes.jpg\",\"contentUrl\":\"https:\/\/vosgesinfo.fr\/app\/uploads\/sites\/6\/2024\/07\/201904conseil-municipal-tablettes.jpg\",\"width\":800,\"height\":600},{\"@type\":\"BreadcrumbList\",\"@id\":\"https:\/\/vosgesinfo.fr\/gerardmerinfo\/2019\/04\/conseil-municipal-de-mutualisation-services-com-com\/#breadcrumb\",\"itemListElement\":[{\"@type\":\"ListItem\",\"position\":1,\"name\":\"Home\",\"item\":\"https:\/\/vosgesinfo.fr\/gerardmerinfo\/\"},{\"@type\":\"ListItem\",\"position\":2,\"name\":\"Conseil Municipal : pas de mutualisation des services avec la Com&rsquo; Com&rsquo;\"}]},{\"@type\":\"WebSite\",\"@id\":\"https:\/\/vosgesinfo.fr\/gerardmerinfo\/#website\",\"url\":\"https:\/\/vosgesinfo.fr\/gerardmerinfo\/\",\"name\":\"Gerardmer Info\",\"description\":\"Toute l&#039;actualit\u00e9 de G\u00e9rardmer\",\"publisher\":{\"@id\":\"https:\/\/vosgesinfo.fr\/gerardmerinfo\/#organization\"},\"alternateName\":\"Toute l'actualit\u00e9 de G\u00e9rardmer\",\"potentialAction\":[{\"@type\":\"SearchAction\",\"target\":{\"@type\":\"EntryPoint\",\"urlTemplate\":\"https:\/\/vosgesinfo.fr\/gerardmerinfo\/?s={search_term_string}\"},\"query-input\":\"required name=search_term_string\"}],\"inLanguage\":\"fr-FR\"},{\"@type\":\"Organization\",\"@id\":\"https:\/\/vosgesinfo.fr\/gerardmerinfo\/#organization\",\"name\":\"Gerardmer Info\",\"url\":\"https:\/\/vosgesinfo.fr\/gerardmerinfo\/\",\"logo\":{\"@type\":\"ImageObject\",\"inLanguage\":\"fr-FR\",\"@id\":\"https:\/\/vosgesinfo.fr\/gerardmerinfo\/#\/schema\/logo\/image\/\",\"url\":\"https:\/\/vosgesinfo.fr\/app\/uploads\/sites\/6\/2023\/08\/favicon-gerardmerinfo.png\",\"contentUrl\":\"https:\/\/vosgesinfo.fr\/app\/uploads\/sites\/6\/2023\/08\/favicon-gerardmerinfo.png\",\"width\":512,\"height\":512,\"caption\":\"Gerardmer Info\"},\"image\":{\"@id\":\"https:\/\/vosgesinfo.fr\/gerardmerinfo\/#\/schema\/logo\/image\/\"},\"sameAs\":[\"https:\/\/www.facebook.com\/profile.php?id=100049475262660\",\"https:\/\/x.com\/VosgesInfo88\",\"https:\/\/www.youtube.com\/@vosgesinfo\"]},{\"@type\":\"Person\",\"@id\":\"https:\/\/vosgesinfo.fr\/gerardmerinfo\/#\/schema\/person\/db5605779a843dad16b5368f3e7613a5\",\"name\":\"QG\",\"image\":{\"@type\":\"ImageObject\",\"inLanguage\":\"fr-FR\",\"@id\":\"https:\/\/vosgesinfo.fr\/gerardmerinfo\/#\/schema\/person\/image\/\",\"url\":\"https:\/\/secure.gravatar.com\/avatar\/ea80c42c204b534408512832fde52504ecabb9706bcb6151cf6175e5b64e6793?s=96&d=mm&r=g\",\"contentUrl\":\"https:\/\/secure.gravatar.com\/avatar\/ea80c42c204b534408512832fde52504ecabb9706bcb6151cf6175e5b64e6793?s=96&d=mm&r=g\",\"caption\":\"QG\"},\"url\":\"https:\/\/vosgesinfo.fr\/gerardmerinfo\/author\/quentin88\/\"}]}<\/script>\n<!-- \/ Yoast SEO plugin. -->","yoast_head_json":{"title":"Conseil Municipal : pas de mutualisation des services avec la Com' Com' - Gerardmer Info","robots":{"index":"index","follow":"follow","max-snippet":"max-snippet:-1","max-image-preview":"max-image-preview:large","max-video-preview":"max-video-preview:-1"},"canonical":"https:\/\/vosgesinfo.fr\/gerardmerinfo\/2019\/04\/conseil-municipal-de-mutualisation-services-com-com\/","twitter_card":"summary_large_image","twitter_title":"Conseil Municipal : pas de mutualisation des services avec la Com' Com' - Gerardmer Info","twitter_description":"&nbsp; Conseil municipal \u00e9clair ce mercredi en soir\u00e9e \u00e0 l&rsquo;h\u00f4tel de ville de G\u00e9rardmer avec 4 points \u00e0 l&rsquo;ordre du [&hellip;]","twitter_image":"https:\/\/vosgesinfo.fr\/app\/uploads\/sites\/6\/2024\/07\/201904conseil-municipal-tablettes.jpg","twitter_creator":"@VosgesInfo88","twitter_site":"@VosgesInfo88","twitter_misc":{"\u00c9crit par":"QG","Dur\u00e9e de lecture estim\u00e9e":"4 minutes"},"schema":{"@context":"https:\/\/schema.org","@graph":[{"@type":"Article","@id":"https:\/\/vosgesinfo.fr\/gerardmerinfo\/2019\/04\/conseil-municipal-de-mutualisation-services-com-com\/#article","isPartOf":{"@id":"https:\/\/vosgesinfo.fr\/gerardmerinfo\/2019\/04\/conseil-municipal-de-mutualisation-services-com-com\/"},"author":{"name":"QG","@id":"https:\/\/vosgesinfo.fr\/gerardmerinfo\/#\/schema\/person\/db5605779a843dad16b5368f3e7613a5"},"headline":"Conseil Municipal : pas de mutualisation des services avec la Com&rsquo; Com&rsquo;","datePublished":"2019-04-11T13:50:58+00:00","dateModified":"2019-04-11T13:50:58+00:00","mainEntityOfPage":{"@id":"https:\/\/vosgesinfo.fr\/gerardmerinfo\/2019\/04\/conseil-municipal-de-mutualisation-services-com-com\/"},"wordCount":934,"commentCount":0,"publisher":{"@id":"https:\/\/vosgesinfo.fr\/gerardmerinfo\/#organization"},"image":{"@id":"https:\/\/vosgesinfo.fr\/gerardmerinfo\/2019\/04\/conseil-municipal-de-mutualisation-services-com-com\/#primaryimage"},"thumbnailUrl":"https:\/\/vosgesinfo.fr\/app\/uploads\/sites\/6\/2024\/07\/201904conseil-municipal-tablettes.jpg","keywords":["conseil municipal g\u00e9rardmer"],"articleSection":["A la une","G\u00e9rardmer","Politique"],"inLanguage":"fr-FR","potentialAction":[{"@type":"CommentAction","name":"Comment","target":["https:\/\/vosgesinfo.fr\/gerardmerinfo\/2019\/04\/conseil-municipal-de-mutualisation-services-com-com\/#respond"]}]},{"@type":"WebPage","@id":"https:\/\/vosgesinfo.fr\/gerardmerinfo\/2019\/04\/conseil-municipal-de-mutualisation-services-com-com\/","url":"https:\/\/vosgesinfo.fr\/gerardmerinfo\/2019\/04\/conseil-municipal-de-mutualisation-services-com-com\/","name":"Conseil Municipal : pas de mutualisation des services avec la Com' Com' - Gerardmer Info","isPartOf":{"@id":"https:\/\/vosgesinfo.fr\/gerardmerinfo\/#website"},"primaryImageOfPage":{"@id":"https:\/\/vosgesinfo.fr\/gerardmerinfo\/2019\/04\/conseil-municipal-de-mutualisation-services-com-com\/#primaryimage"},"image":{"@id":"https:\/\/vosgesinfo.fr\/gerardmerinfo\/2019\/04\/conseil-municipal-de-mutualisation-services-com-com\/#primaryimage"},"thumbnailUrl":"https:\/\/vosgesinfo.fr\/app\/uploads\/sites\/6\/2024\/07\/201904conseil-municipal-tablettes.jpg","datePublished":"2019-04-11T13:50:58+00:00","dateModified":"2019-04-11T13:50:58+00:00","breadcrumb":{"@id":"https:\/\/vosgesinfo.fr\/gerardmerinfo\/2019\/04\/conseil-municipal-de-mutualisation-services-com-com\/#breadcrumb"},"inLanguage":"fr-FR","potentialAction":[{"@type":"ReadAction","target":["https:\/\/vosgesinfo.fr\/gerardmerinfo\/2019\/04\/conseil-municipal-de-mutualisation-services-com-com\/"]}]},{"@type":"ImageObject","inLanguage":"fr-FR","@id":"https:\/\/vosgesinfo.fr\/gerardmerinfo\/2019\/04\/conseil-municipal-de-mutualisation-services-com-com\/#primaryimage","url":"https:\/\/vosgesinfo.fr\/app\/uploads\/sites\/6\/2024\/07\/201904conseil-municipal-tablettes.jpg","contentUrl":"https:\/\/vosgesinfo.fr\/app\/uploads\/sites\/6\/2024\/07\/201904conseil-municipal-tablettes.jpg","width":800,"height":600},{"@type":"BreadcrumbList","@id":"https:\/\/vosgesinfo.fr\/gerardmerinfo\/2019\/04\/conseil-municipal-de-mutualisation-services-com-com\/#breadcrumb","itemListElement":[{"@type":"ListItem","position":1,"name":"Home","item":"https:\/\/vosgesinfo.fr\/gerardmerinfo\/"},{"@type":"ListItem","position":2,"name":"Conseil Municipal : pas de mutualisation des services avec la Com&rsquo; Com&rsquo;"}]},{"@type":"WebSite","@id":"https:\/\/vosgesinfo.fr\/gerardmerinfo\/#website","url":"https:\/\/vosgesinfo.fr\/gerardmerinfo\/","name":"Gerardmer Info","description":"Toute l&#039;actualit\u00e9 de G\u00e9rardmer","publisher":{"@id":"https:\/\/vosgesinfo.fr\/gerardmerinfo\/#organization"},"alternateName":"Toute l'actualit\u00e9 de G\u00e9rardmer","potentialAction":[{"@type":"SearchAction","target":{"@type":"EntryPoint","urlTemplate":"https:\/\/vosgesinfo.fr\/gerardmerinfo\/?s={search_term_string}"},"query-input":"required name=search_term_string"}],"inLanguage":"fr-FR"},{"@type":"Organization","@id":"https:\/\/vosgesinfo.fr\/gerardmerinfo\/#organization","name":"Gerardmer Info","url":"https:\/\/vosgesinfo.fr\/gerardmerinfo\/","logo":{"@type":"ImageObject","inLanguage":"fr-FR","@id":"https:\/\/vosgesinfo.fr\/gerardmerinfo\/#\/schema\/logo\/image\/","url":"https:\/\/vosgesinfo.fr\/app\/uploads\/sites\/6\/2023\/08\/favicon-gerardmerinfo.png","contentUrl":"https:\/\/vosgesinfo.fr\/app\/uploads\/sites\/6\/2023\/08\/favicon-gerardmerinfo.png","width":512,"height":512,"caption":"Gerardmer Info"},"image":{"@id":"https:\/\/vosgesinfo.fr\/gerardmerinfo\/#\/schema\/logo\/image\/"},"sameAs":["https:\/\/www.facebook.com\/profile.php?id=100049475262660","https:\/\/x.com\/VosgesInfo88","https:\/\/www.youtube.com\/@vosgesinfo"]},{"@type":"Person","@id":"https:\/\/vosgesinfo.fr\/gerardmerinfo\/#\/schema\/person\/db5605779a843dad16b5368f3e7613a5","name":"QG","image":{"@type":"ImageObject","inLanguage":"fr-FR","@id":"https:\/\/vosgesinfo.fr\/gerardmerinfo\/#\/schema\/person\/image\/","url":"https:\/\/secure.gravatar.com\/avatar\/ea80c42c204b534408512832fde52504ecabb9706bcb6151cf6175e5b64e6793?s=96&d=mm&r=g","contentUrl":"https:\/\/secure.gravatar.com\/avatar\/ea80c42c204b534408512832fde52504ecabb9706bcb6151cf6175e5b64e6793?s=96&d=mm&r=g","caption":"QG"},"url":"https:\/\/vosgesinfo.fr\/gerardmerinfo\/author\/quentin88\/"}]}},"_links":{"self":[{"href":"https:\/\/vosgesinfo.fr\/gerardmerinfo\/wp-json\/wp\/v2\/posts\/40998","targetHints":{"allow":["GET"]}}],"collection":[{"href":"https:\/\/vosgesinfo.fr\/gerardmerinfo\/wp-json\/wp\/v2\/posts"}],"about":[{"href":"https:\/\/vosgesinfo.fr\/gerardmerinfo\/wp-json\/wp\/v2\/types\/post"}],"author":[{"embeddable":true,"href":"https:\/\/vosgesinfo.fr\/gerardmerinfo\/wp-json\/wp\/v2\/users\/42"}],"replies":[{"embeddable":true,"href":"https:\/\/vosgesinfo.fr\/gerardmerinfo\/wp-json\/wp\/v2\/comments?post=40998"}],"version-history":[{"count":0,"href":"https:\/\/vosgesinfo.fr\/gerardmerinfo\/wp-json\/wp\/v2\/posts\/40998\/revisions"}],"wp:featuredmedia":[{"embeddable":true,"href":"https:\/\/vosgesinfo.fr\/gerardmerinfo\/wp-json\/wp\/v2\/media\/40999"}],"wp:attachment":[{"href":"https:\/\/vosgesinfo.fr\/gerardmerinfo\/wp-json\/wp\/v2\/media?parent=40998"}],"wp:term":[{"taxonomy":"category","embeddable":true,"href":"https:\/\/vosgesinfo.fr\/gerardmerinfo\/wp-json\/wp\/v2\/categories?post=40998"},{"taxonomy":"post_tag","embeddable":true,"href":"https:\/\/vosgesinfo.fr\/gerardmerinfo\/wp-json\/wp\/v2\/tags?post=40998"}],"curies":[{"name":"wp","href":"https:\/\/api.w.org\/{rel}","templated":true}]}}