{"id":41024,"date":"2019-04-13T07:49:41","date_gmt":"2019-04-13T05:49:41","guid":{"rendered":"https:\/\/vosgesinfo.fr\/gerardmerinfo\/2019\/04\/pourquoi-et-comment-recycler-le-verre\/"},"modified":"2019-04-13T07:49:41","modified_gmt":"2019-04-13T05:49:41","slug":"pourquoi-et-comment-recycler-le-verre","status":"publish","type":"post","link":"https:\/\/vosgesinfo.fr\/gerardmerinfo\/2019\/04\/pourquoi-et-comment-recycler-le-verre\/","title":{"rendered":"Pourquoi et comment recycler le verre ?"},"content":{"rendered":"<h2><span style=\"font-size: 14pt;\"><a href=\"https:\/\/gerardmerinfo.fr\/2019\/04\/pourquoi-et-comment-recycler-le-verre\/rere\/\" rel=\"attachment wp-att-145115\"><img decoding=\"async\" class=\"aligncenter wp-image-145115 size-full\" src=\"\/2019\/04\/rere.jpg\" alt=\"rere\" width=\"403\" height=\"503\" \/><\/a>En France, la collecte du verre, qui provient en majeure partie d\u2019apport volontaire, permet d\u00e9j\u00e0 de recycler plus de 7 emballages sur 10, soit 31.1 kg\/an\/habitant. Dans le d\u00e9partement, 41,5 kg\/an\/hab. de verre sont collect\u00e9s. Les vosgiens sont de bons trieurs par rapport \u00e0 la moyenne nationale !<\/span><\/h2>\n<p>Pourtant 8 kg\/an\/hab. de verre partent tout de m\u00eame \u00e0 la poubelle !<\/p>\n<p>C\u2019est pourquoi il est n\u00e9cessaire de rappeler la n\u00e9cessit\u00e9 de trier notre verre et comment bien le faire !<\/p>\n<p>Les avantages du recyclage du verre sont nombreux. Tout d\u2019abord, Il g\u00e9n\u00e8re des \u00e9conomies importantes, chaque tonne de verre tri\u00e9e et recycl\u00e9e (d\u2019emballage : bouteilles, flacons, bocaux et pots), plut\u00f4t que d\u2019\u00eatre jet\u00e9e avec les ordures m\u00e9nag\u00e8res, permet de r\u00e9aliser jusqu\u2019\u00e0 130 \u20ac d\u2019\u00e9conomie. (source Citeo)<\/p>\n<p>Un autre avantage et pas des moindres c\u2019est que le recyclage pr\u00e9serve l\u2019environnement et nos ressources naturelles, ce qui r\u00e9alise une \u00e9conomie d\u2019\u00e9nergie et une r\u00e9duction de CO2. D\u2019autant plus qu\u2019il faut au verre 4 000 ans pour se d\u00e9composer dans la nature !<\/p>\n<p>Le verre rena\u00eet du verre, il est recyclable \u00e0 100 % et \u00e0 l\u2019infini ; car le verre recycl\u00e9 est broy\u00e9 finement puis d\u00e9barrass\u00e9 de toutes les impuret\u00e9s (appel\u00e9 le calcin) est refondu ensuite pour refaire des emballages en verre.<\/p>\n<p>Ainsi le calcin repr\u00e9sente plus de 60 % des mati\u00e8res premi\u00e8res utilis\u00e9es par les verriers ; Force est de constater que pour fabriquer une bouteille, il est plus \u00e9conomique et plus \u00e9cologique d\u2019utiliser du calcin que des mati\u00e8res premi\u00e8res extraites de la nature car 1 tonne de calcin \u00e9quivaut \u00e0 0,5 tonne de CO\u2082 \u00e9vit\u00e9e !<\/p>\n<p>De plus, 100 % du verre tri\u00e9 par les Vosgiens est recycl\u00e9 dans les Vosges.<\/p>\n<p>Pour cela, nous avons, tout d\u2019abord, un acteur majeur vosgien qui a en charge la gestion des d\u00e9chets, c\u2019est Evodia : Etablissement Vosgien d\u2019Optimisation des D\u00e9chets par l\u2019Innovation et l\u2019Action. Cet organisme public, bas\u00e9 \u00e0 Epinal g\u00e8re le tri des d\u00e9chets recyclables gr\u00e2ce au centre de tri situ\u00e9 \u00e0 \u00c9pinal. Il m\u00e8ne aussi des actions en faveur de la pr\u00e9vention et de de la r\u00e9duction des d\u00e9chets et ce depuis 1992.<\/p>\n<p>Ensuite, nous avons la chance d\u2019avoir 2 entreprises de valorisation du verre dans les Vosges : Sibelco Green Solutions \u00e0 Saint-Menge o\u00f9 les emballages en verre sont broy\u00e9s et nettoy\u00e9s de leurs impuret\u00e9s pour produire du calcin. Celui-ci est ensuite fondu pour fabriquer de nouvelles bouteilles. Cette op\u00e9ration s\u2019effectue chez le verrier O-I Manufacturing France \u00e0 Girancourt-sur-Vraine o\u00f9 60 emplois vont bient\u00f4t \u00eatre cr\u00e9\u00e9s.<\/p>\n<p>N\u00e9anmoins et pour bien trier, il est n\u00e9cessaire de pr\u00eater attention aux faux amis et \u00e0 quelques id\u00e9es-re\u00e7ues ! Comme par exemples : la vaisselle en verre, le cristal, les verres sp\u00e9ciaux (vitre, pare-brise, \u00e9crans de t\u00e9l\u00e9vision\u2026), les miroirs, les ampoules d\u2019\u00e9clairage, n\u00e9on\u2026<\/p>\n<p>Tous ces d\u00e9chets en verre ont une composition diff\u00e9rente des emballages en verre et ne peuvent donc pas \u00eatre recycl\u00e9s avec eux. Il convient donc de les d\u00e9poser en d\u00e9ch\u00e8terie et non dans les conteneurs \u00e0 verre.<\/p>\n<p>Et surtout pas de porcelaine, fa\u00efence, gr\u00e8s, carrelage, terre, pierres, graviers, ciment, bois, m\u00e9taux\u2026qui ne fondent pas \u00e0 la m\u00eame temp\u00e9rature que les bouteilles.<\/p>\n<p>Faut-il laver les emballages en verre ? Non, c\u2019est inutile et cela \u00e9conomise de l\u2019eau !<\/p>\n<p>Faut-il reboucher les emballages ? Non, il vaut mieux enlever les couvercles des bocaux et les bouchons des bouteilles.<\/p>\n<p>Faut-il enlever les \u00e9tiquettes ? Non, le papier ne pose aucun probl\u00e8me, il est facilement \u00e9limin\u00e9 lors du nettoyage.<\/p>\n<p>Faut-il enlever les collerettes ? Non, inutile d\u2019enlever les collerettes en m\u00e9tal ou plastique !<\/p>\n<p>Nous sommes tous acteur de ce recyclage qui n\u2019est pas compliqu\u00e9 ! Et nous sommes le premier maillon de cette cha\u00eene valorisante dont d\u00e9pendent la quantit\u00e9 et surtout la qualit\u00e9 du verre collect\u00e9 ! Car en pr\u00e9-triant rigoureusement le verre d\u2019emballage, nous sommes assur\u00e9s qu\u2019il sera recycl\u00e9 \u00e0 100 % et \u00e0 l\u2019infini ! Pour tous renseignements : Evodia : https:\/\/www.evodia.org<\/p>\n<p>R\u00e9daction : Patricia Ferry-Demange<\/p>\n","protected":false},"excerpt":{"rendered":"<p>En France, la collecte du verre, qui provient en majeure partie d\u2019apport volontaire, permet d\u00e9j\u00e0 de recycler plus de 7 [&hellip;]<\/p>\n","protected":false},"author":1,"featured_media":41025,"comment_status":"open","ping_status":"open","sticky":false,"template":"","format":"standard","meta":{"footnotes":""},"categories":[20,18],"tags":[],"class_list":["post-41024","post","type-post","status-publish","format-standard","has-post-thumbnail","hentry","category-a-la-une","category-vosges"],"acf":[],"yoast_head":"<!-- This site is optimized with the Yoast SEO plugin v22.5 - https:\/\/yoast.com\/wordpress\/plugins\/seo\/ -->\n<title>Pourquoi et comment recycler le verre ? - Gerardmer Info<\/title>\n<meta name=\"robots\" content=\"index, follow, max-snippet:-1, max-image-preview:large, max-video-preview:-1\" \/>\n<link rel=\"canonical\" href=\"https:\/\/vosgesinfo.fr\/gerardmerinfo\/2019\/04\/pourquoi-et-comment-recycler-le-verre\/\" \/>\n<meta name=\"twitter:card\" content=\"summary_large_image\" \/>\n<meta name=\"twitter:title\" content=\"Pourquoi et comment recycler le verre ? - Gerardmer Info\" \/>\n<meta name=\"twitter:description\" content=\"En France, la collecte du verre, qui provient en majeure partie d\u2019apport volontaire, permet d\u00e9j\u00e0 de recycler plus de 7 [&hellip;]\" \/>\n<meta name=\"twitter:image\" content=\"https:\/\/vosgesinfo.fr\/app\/uploads\/sites\/6\/2024\/07\/201904rere.jpg\" \/>\n<meta name=\"twitter:creator\" content=\"@VosgesInfo88\" \/>\n<meta name=\"twitter:site\" content=\"@VosgesInfo88\" \/>\n<meta name=\"twitter:label1\" content=\"\u00c9crit par\" \/>\n\t<meta name=\"twitter:data1\" content=\"qs_admin\" \/>\n\t<meta name=\"twitter:label2\" content=\"Dur\u00e9e de lecture estim\u00e9e\" \/>\n\t<meta name=\"twitter:data2\" content=\"4 minutes\" \/>\n<script type=\"application\/ld+json\" class=\"yoast-schema-graph\">{\"@context\":\"https:\/\/schema.org\",\"@graph\":[{\"@type\":\"Article\",\"@id\":\"https:\/\/vosgesinfo.fr\/gerardmerinfo\/2019\/04\/pourquoi-et-comment-recycler-le-verre\/#article\",\"isPartOf\":{\"@id\":\"https:\/\/vosgesinfo.fr\/gerardmerinfo\/2019\/04\/pourquoi-et-comment-recycler-le-verre\/\"},\"author\":{\"name\":\"qs_admin\",\"@id\":\"https:\/\/vosgesinfo.fr\/gerardmerinfo\/#\/schema\/person\/bc5d02d71e6932e81b6dadb7386667b1\"},\"headline\":\"Pourquoi et comment recycler le verre ?\",\"datePublished\":\"2019-04-13T05:49:41+00:00\",\"dateModified\":\"2019-04-13T05:49:41+00:00\",\"mainEntityOfPage\":{\"@id\":\"https:\/\/vosgesinfo.fr\/gerardmerinfo\/2019\/04\/pourquoi-et-comment-recycler-le-verre\/\"},\"wordCount\":709,\"commentCount\":0,\"publisher\":{\"@id\":\"https:\/\/vosgesinfo.fr\/gerardmerinfo\/#organization\"},\"image\":{\"@id\":\"https:\/\/vosgesinfo.fr\/gerardmerinfo\/2019\/04\/pourquoi-et-comment-recycler-le-verre\/#primaryimage\"},\"thumbnailUrl\":\"https:\/\/vosgesinfo.fr\/app\/uploads\/sites\/6\/2024\/07\/201904rere.jpg\",\"articleSection\":[\"A la une\",\"Vosges\"],\"inLanguage\":\"fr-FR\",\"potentialAction\":[{\"@type\":\"CommentAction\",\"name\":\"Comment\",\"target\":[\"https:\/\/vosgesinfo.fr\/gerardmerinfo\/2019\/04\/pourquoi-et-comment-recycler-le-verre\/#respond\"]}]},{\"@type\":\"WebPage\",\"@id\":\"https:\/\/vosgesinfo.fr\/gerardmerinfo\/2019\/04\/pourquoi-et-comment-recycler-le-verre\/\",\"url\":\"https:\/\/vosgesinfo.fr\/gerardmerinfo\/2019\/04\/pourquoi-et-comment-recycler-le-verre\/\",\"name\":\"Pourquoi et comment recycler le verre ? - Gerardmer Info\",\"isPartOf\":{\"@id\":\"https:\/\/vosgesinfo.fr\/gerardmerinfo\/#website\"},\"primaryImageOfPage\":{\"@id\":\"https:\/\/vosgesinfo.fr\/gerardmerinfo\/2019\/04\/pourquoi-et-comment-recycler-le-verre\/#primaryimage\"},\"image\":{\"@id\":\"https:\/\/vosgesinfo.fr\/gerardmerinfo\/2019\/04\/pourquoi-et-comment-recycler-le-verre\/#primaryimage\"},\"thumbnailUrl\":\"https:\/\/vosgesinfo.fr\/app\/uploads\/sites\/6\/2024\/07\/201904rere.jpg\",\"datePublished\":\"2019-04-13T05:49:41+00:00\",\"dateModified\":\"2019-04-13T05:49:41+00:00\",\"breadcrumb\":{\"@id\":\"https:\/\/vosgesinfo.fr\/gerardmerinfo\/2019\/04\/pourquoi-et-comment-recycler-le-verre\/#breadcrumb\"},\"inLanguage\":\"fr-FR\",\"potentialAction\":[{\"@type\":\"ReadAction\",\"target\":[\"https:\/\/vosgesinfo.fr\/gerardmerinfo\/2019\/04\/pourquoi-et-comment-recycler-le-verre\/\"]}]},{\"@type\":\"ImageObject\",\"inLanguage\":\"fr-FR\",\"@id\":\"https:\/\/vosgesinfo.fr\/gerardmerinfo\/2019\/04\/pourquoi-et-comment-recycler-le-verre\/#primaryimage\",\"url\":\"https:\/\/vosgesinfo.fr\/app\/uploads\/sites\/6\/2024\/07\/201904rere.jpg\",\"contentUrl\":\"https:\/\/vosgesinfo.fr\/app\/uploads\/sites\/6\/2024\/07\/201904rere.jpg\",\"width\":403,\"height\":503},{\"@type\":\"BreadcrumbList\",\"@id\":\"https:\/\/vosgesinfo.fr\/gerardmerinfo\/2019\/04\/pourquoi-et-comment-recycler-le-verre\/#breadcrumb\",\"itemListElement\":[{\"@type\":\"ListItem\",\"position\":1,\"name\":\"Home\",\"item\":\"https:\/\/vosgesinfo.fr\/gerardmerinfo\/\"},{\"@type\":\"ListItem\",\"position\":2,\"name\":\"Pourquoi et comment recycler le verre ?\"}]},{\"@type\":\"WebSite\",\"@id\":\"https:\/\/vosgesinfo.fr\/gerardmerinfo\/#website\",\"url\":\"https:\/\/vosgesinfo.fr\/gerardmerinfo\/\",\"name\":\"Gerardmer Info\",\"description\":\"Toute l&#039;actualit\u00e9 de G\u00e9rardmer\",\"publisher\":{\"@id\":\"https:\/\/vosgesinfo.fr\/gerardmerinfo\/#organization\"},\"alternateName\":\"Toute l'actualit\u00e9 de G\u00e9rardmer\",\"potentialAction\":[{\"@type\":\"SearchAction\",\"target\":{\"@type\":\"EntryPoint\",\"urlTemplate\":\"https:\/\/vosgesinfo.fr\/gerardmerinfo\/?s={search_term_string}\"},\"query-input\":\"required name=search_term_string\"}],\"inLanguage\":\"fr-FR\"},{\"@type\":\"Organization\",\"@id\":\"https:\/\/vosgesinfo.fr\/gerardmerinfo\/#organization\",\"name\":\"Gerardmer Info\",\"url\":\"https:\/\/vosgesinfo.fr\/gerardmerinfo\/\",\"logo\":{\"@type\":\"ImageObject\",\"inLanguage\":\"fr-FR\",\"@id\":\"https:\/\/vosgesinfo.fr\/gerardmerinfo\/#\/schema\/logo\/image\/\",\"url\":\"https:\/\/vosgesinfo.fr\/app\/uploads\/sites\/6\/2023\/08\/favicon-gerardmerinfo.png\",\"contentUrl\":\"https:\/\/vosgesinfo.fr\/app\/uploads\/sites\/6\/2023\/08\/favicon-gerardmerinfo.png\",\"width\":512,\"height\":512,\"caption\":\"Gerardmer Info\"},\"image\":{\"@id\":\"https:\/\/vosgesinfo.fr\/gerardmerinfo\/#\/schema\/logo\/image\/\"},\"sameAs\":[\"https:\/\/www.facebook.com\/profile.php?id=100049475262660\",\"https:\/\/x.com\/VosgesInfo88\",\"https:\/\/www.youtube.com\/@vosgesinfo\"]},{\"@type\":\"Person\",\"@id\":\"https:\/\/vosgesinfo.fr\/gerardmerinfo\/#\/schema\/person\/bc5d02d71e6932e81b6dadb7386667b1\",\"name\":\"qs_admin\",\"image\":{\"@type\":\"ImageObject\",\"inLanguage\":\"fr-FR\",\"@id\":\"https:\/\/vosgesinfo.fr\/gerardmerinfo\/#\/schema\/person\/image\/\",\"url\":\"https:\/\/secure.gravatar.com\/avatar\/94b18ee0ed79e4a42ea2f2931277b6841a8999fc6fde214600c78057cf1fe1de?s=96&d=mm&r=g\",\"contentUrl\":\"https:\/\/secure.gravatar.com\/avatar\/94b18ee0ed79e4a42ea2f2931277b6841a8999fc6fde214600c78057cf1fe1de?s=96&d=mm&r=g\",\"caption\":\"qs_admin\"},\"sameAs\":[\"https:\/\/vosgesinfo.fr\/wp\"],\"url\":\"https:\/\/vosgesinfo.fr\/gerardmerinfo\/author\/qs_admin\/\"}]}<\/script>\n<!-- \/ Yoast SEO plugin. -->","yoast_head_json":{"title":"Pourquoi et comment recycler le verre ? - Gerardmer Info","robots":{"index":"index","follow":"follow","max-snippet":"max-snippet:-1","max-image-preview":"max-image-preview:large","max-video-preview":"max-video-preview:-1"},"canonical":"https:\/\/vosgesinfo.fr\/gerardmerinfo\/2019\/04\/pourquoi-et-comment-recycler-le-verre\/","twitter_card":"summary_large_image","twitter_title":"Pourquoi et comment recycler le verre ? - Gerardmer Info","twitter_description":"En France, la collecte du verre, qui provient en majeure partie d\u2019apport volontaire, permet d\u00e9j\u00e0 de recycler plus de 7 [&hellip;]","twitter_image":"https:\/\/vosgesinfo.fr\/app\/uploads\/sites\/6\/2024\/07\/201904rere.jpg","twitter_creator":"@VosgesInfo88","twitter_site":"@VosgesInfo88","twitter_misc":{"\u00c9crit par":"qs_admin","Dur\u00e9e de lecture estim\u00e9e":"4 minutes"},"schema":{"@context":"https:\/\/schema.org","@graph":[{"@type":"Article","@id":"https:\/\/vosgesinfo.fr\/gerardmerinfo\/2019\/04\/pourquoi-et-comment-recycler-le-verre\/#article","isPartOf":{"@id":"https:\/\/vosgesinfo.fr\/gerardmerinfo\/2019\/04\/pourquoi-et-comment-recycler-le-verre\/"},"author":{"name":"qs_admin","@id":"https:\/\/vosgesinfo.fr\/gerardmerinfo\/#\/schema\/person\/bc5d02d71e6932e81b6dadb7386667b1"},"headline":"Pourquoi et comment recycler le verre ?","datePublished":"2019-04-13T05:49:41+00:00","dateModified":"2019-04-13T05:49:41+00:00","mainEntityOfPage":{"@id":"https:\/\/vosgesinfo.fr\/gerardmerinfo\/2019\/04\/pourquoi-et-comment-recycler-le-verre\/"},"wordCount":709,"commentCount":0,"publisher":{"@id":"https:\/\/vosgesinfo.fr\/gerardmerinfo\/#organization"},"image":{"@id":"https:\/\/vosgesinfo.fr\/gerardmerinfo\/2019\/04\/pourquoi-et-comment-recycler-le-verre\/#primaryimage"},"thumbnailUrl":"https:\/\/vosgesinfo.fr\/app\/uploads\/sites\/6\/2024\/07\/201904rere.jpg","articleSection":["A la une","Vosges"],"inLanguage":"fr-FR","potentialAction":[{"@type":"CommentAction","name":"Comment","target":["https:\/\/vosgesinfo.fr\/gerardmerinfo\/2019\/04\/pourquoi-et-comment-recycler-le-verre\/#respond"]}]},{"@type":"WebPage","@id":"https:\/\/vosgesinfo.fr\/gerardmerinfo\/2019\/04\/pourquoi-et-comment-recycler-le-verre\/","url":"https:\/\/vosgesinfo.fr\/gerardmerinfo\/2019\/04\/pourquoi-et-comment-recycler-le-verre\/","name":"Pourquoi et comment recycler le verre ? - Gerardmer Info","isPartOf":{"@id":"https:\/\/vosgesinfo.fr\/gerardmerinfo\/#website"},"primaryImageOfPage":{"@id":"https:\/\/vosgesinfo.fr\/gerardmerinfo\/2019\/04\/pourquoi-et-comment-recycler-le-verre\/#primaryimage"},"image":{"@id":"https:\/\/vosgesinfo.fr\/gerardmerinfo\/2019\/04\/pourquoi-et-comment-recycler-le-verre\/#primaryimage"},"thumbnailUrl":"https:\/\/vosgesinfo.fr\/app\/uploads\/sites\/6\/2024\/07\/201904rere.jpg","datePublished":"2019-04-13T05:49:41+00:00","dateModified":"2019-04-13T05:49:41+00:00","breadcrumb":{"@id":"https:\/\/vosgesinfo.fr\/gerardmerinfo\/2019\/04\/pourquoi-et-comment-recycler-le-verre\/#breadcrumb"},"inLanguage":"fr-FR","potentialAction":[{"@type":"ReadAction","target":["https:\/\/vosgesinfo.fr\/gerardmerinfo\/2019\/04\/pourquoi-et-comment-recycler-le-verre\/"]}]},{"@type":"ImageObject","inLanguage":"fr-FR","@id":"https:\/\/vosgesinfo.fr\/gerardmerinfo\/2019\/04\/pourquoi-et-comment-recycler-le-verre\/#primaryimage","url":"https:\/\/vosgesinfo.fr\/app\/uploads\/sites\/6\/2024\/07\/201904rere.jpg","contentUrl":"https:\/\/vosgesinfo.fr\/app\/uploads\/sites\/6\/2024\/07\/201904rere.jpg","width":403,"height":503},{"@type":"BreadcrumbList","@id":"https:\/\/vosgesinfo.fr\/gerardmerinfo\/2019\/04\/pourquoi-et-comment-recycler-le-verre\/#breadcrumb","itemListElement":[{"@type":"ListItem","position":1,"name":"Home","item":"https:\/\/vosgesinfo.fr\/gerardmerinfo\/"},{"@type":"ListItem","position":2,"name":"Pourquoi et comment recycler le verre ?"}]},{"@type":"WebSite","@id":"https:\/\/vosgesinfo.fr\/gerardmerinfo\/#website","url":"https:\/\/vosgesinfo.fr\/gerardmerinfo\/","name":"Gerardmer Info","description":"Toute l&#039;actualit\u00e9 de G\u00e9rardmer","publisher":{"@id":"https:\/\/vosgesinfo.fr\/gerardmerinfo\/#organization"},"alternateName":"Toute l'actualit\u00e9 de G\u00e9rardmer","potentialAction":[{"@type":"SearchAction","target":{"@type":"EntryPoint","urlTemplate":"https:\/\/vosgesinfo.fr\/gerardmerinfo\/?s={search_term_string}"},"query-input":"required name=search_term_string"}],"inLanguage":"fr-FR"},{"@type":"Organization","@id":"https:\/\/vosgesinfo.fr\/gerardmerinfo\/#organization","name":"Gerardmer Info","url":"https:\/\/vosgesinfo.fr\/gerardmerinfo\/","logo":{"@type":"ImageObject","inLanguage":"fr-FR","@id":"https:\/\/vosgesinfo.fr\/gerardmerinfo\/#\/schema\/logo\/image\/","url":"https:\/\/vosgesinfo.fr\/app\/uploads\/sites\/6\/2023\/08\/favicon-gerardmerinfo.png","contentUrl":"https:\/\/vosgesinfo.fr\/app\/uploads\/sites\/6\/2023\/08\/favicon-gerardmerinfo.png","width":512,"height":512,"caption":"Gerardmer Info"},"image":{"@id":"https:\/\/vosgesinfo.fr\/gerardmerinfo\/#\/schema\/logo\/image\/"},"sameAs":["https:\/\/www.facebook.com\/profile.php?id=100049475262660","https:\/\/x.com\/VosgesInfo88","https:\/\/www.youtube.com\/@vosgesinfo"]},{"@type":"Person","@id":"https:\/\/vosgesinfo.fr\/gerardmerinfo\/#\/schema\/person\/bc5d02d71e6932e81b6dadb7386667b1","name":"qs_admin","image":{"@type":"ImageObject","inLanguage":"fr-FR","@id":"https:\/\/vosgesinfo.fr\/gerardmerinfo\/#\/schema\/person\/image\/","url":"https:\/\/secure.gravatar.com\/avatar\/94b18ee0ed79e4a42ea2f2931277b6841a8999fc6fde214600c78057cf1fe1de?s=96&d=mm&r=g","contentUrl":"https:\/\/secure.gravatar.com\/avatar\/94b18ee0ed79e4a42ea2f2931277b6841a8999fc6fde214600c78057cf1fe1de?s=96&d=mm&r=g","caption":"qs_admin"},"sameAs":["https:\/\/vosgesinfo.fr\/wp"],"url":"https:\/\/vosgesinfo.fr\/gerardmerinfo\/author\/qs_admin\/"}]}},"_links":{"self":[{"href":"https:\/\/vosgesinfo.fr\/gerardmerinfo\/wp-json\/wp\/v2\/posts\/41024","targetHints":{"allow":["GET"]}}],"collection":[{"href":"https:\/\/vosgesinfo.fr\/gerardmerinfo\/wp-json\/wp\/v2\/posts"}],"about":[{"href":"https:\/\/vosgesinfo.fr\/gerardmerinfo\/wp-json\/wp\/v2\/types\/post"}],"author":[{"embeddable":true,"href":"https:\/\/vosgesinfo.fr\/gerardmerinfo\/wp-json\/wp\/v2\/users\/1"}],"replies":[{"embeddable":true,"href":"https:\/\/vosgesinfo.fr\/gerardmerinfo\/wp-json\/wp\/v2\/comments?post=41024"}],"version-history":[{"count":0,"href":"https:\/\/vosgesinfo.fr\/gerardmerinfo\/wp-json\/wp\/v2\/posts\/41024\/revisions"}],"wp:featuredmedia":[{"embeddable":true,"href":"https:\/\/vosgesinfo.fr\/gerardmerinfo\/wp-json\/wp\/v2\/media\/41025"}],"wp:attachment":[{"href":"https:\/\/vosgesinfo.fr\/gerardmerinfo\/wp-json\/wp\/v2\/media?parent=41024"}],"wp:term":[{"taxonomy":"category","embeddable":true,"href":"https:\/\/vosgesinfo.fr\/gerardmerinfo\/wp-json\/wp\/v2\/categories?post=41024"},{"taxonomy":"post_tag","embeddable":true,"href":"https:\/\/vosgesinfo.fr\/gerardmerinfo\/wp-json\/wp\/v2\/tags?post=41024"}],"curies":[{"name":"wp","href":"https:\/\/api.w.org\/{rel}","templated":true}]}}