{"id":41026,"date":"2019-04-12T22:44:22","date_gmt":"2019-04-12T20:44:22","guid":{"rendered":"https:\/\/vosgesinfo.fr\/gerardmerinfo\/2019\/04\/capavenir-vosges-bientot-parc-a-themes-consacre-aux-contes-legendes-lorraine\/"},"modified":"2019-04-12T22:44:22","modified_gmt":"2019-04-12T20:44:22","slug":"capavenir-vosges-bientot-parc-a-themes-consacre-aux-contes-legendes-lorraine","status":"publish","type":"post","link":"https:\/\/vosgesinfo.fr\/gerardmerinfo\/2019\/04\/capavenir-vosges-bientot-parc-a-themes-consacre-aux-contes-legendes-lorraine\/","title":{"rendered":"Capavenir Vosges \u2013 Bient\u00f4t un parc \u00e0 th\u00e8mes consacr\u00e9 aux \u00ab contes et l\u00e9gendes en Lorraine \u00bb"},"content":{"rendered":"<h2>La ville de Capavenir Vosges Thaon veut accueillir un nouveau parc \u00e0 th\u00e8mes. En effet, la municipalit\u00e9 veut\u00a0transformer l\u2019ancienne usine BTT en parc de loisirs sur le th\u00e8me des \u00ab\u00a0contes et l\u00e9gendes en Lorraine\u00a0\u00bb.<\/h2>\n<p>C\u2019est un projet ambitieux\u00a0 qui pourrait voir le jour prochainement \u00e0 Capavenir Vosges Thaon, \u00e0 la place de l\u2019ancienne usine de textile BTT. Une \u00e9tude de faisabilit\u00e9 est r\u00e9alis\u00e9e en ce moment pour r\u00e9habiliter les friches de cette ancienne usine. Cette r\u00e9flexion a d\u00e9but\u00e9 en 2017. La mairie voulait d\u00e9j\u00e0 requalifier le site abandonn\u00e9. Un\u00a0comit\u00e9 de pilotage a alors \u00e9t\u00e9 cr\u00e9\u00e9 avec tous les partenaires.<\/p>\n<p><span class=\"_4yxp\">Le site est vaste, il s\u2019\u00e9tend sur 45\u00a0hectares. L\u2019environnement est agr\u00e9able et bois\u00e9 avec m\u00eame un \u00e9tang. Le comit\u00e9 a alors eu l\u2019id\u00e9e de le transformer en un site touristique. Une \u00e9tude est en cours pour d\u00e9terminer la faisabilit\u00e9 de la r\u00e9alisation du parc \u00e0 th\u00e8mes sur ce terrain.\u00a0\u00a0<\/span><\/p>\n<h3>Des parcours scann\u00e9ris\u00e9s,\u00a0des man\u00e8ges,\u00a0des cin\u00e9mas et\u00a0des spectacles nocturnes<\/h3>\n","protected":false},"excerpt":{"rendered":"<p>La ville de Capavenir Vosges Thaon veut accueillir un nouveau parc \u00e0 th\u00e8mes. En effet, la municipalit\u00e9 veut\u00a0transformer l\u2019ancienne usine [&hellip;]<\/p>\n","protected":false},"author":1,"featured_media":41027,"comment_status":"open","ping_status":"open","sticky":false,"template":"","format":"standard","meta":{"footnotes":""},"categories":[20,18],"tags":[3641],"class_list":["post-41026","post","type-post","status-publish","format-standard","has-post-thumbnail","hentry","category-a-la-une","category-vosges","tag-capavenir"],"acf":[],"yoast_head":"<!-- This site is optimized with the Yoast SEO plugin v22.5 - https:\/\/yoast.com\/wordpress\/plugins\/seo\/ -->\n<title>Capavenir Vosges \u2013 Bient\u00f4t un parc \u00e0 th\u00e8mes consacr\u00e9 aux \u00ab contes et l\u00e9gendes en Lorraine \u00bb - Gerardmer Info<\/title>\n<meta name=\"robots\" content=\"index, follow, max-snippet:-1, max-image-preview:large, max-video-preview:-1\" \/>\n<link rel=\"canonical\" href=\"https:\/\/vosgesinfo.fr\/gerardmerinfo\/2019\/04\/capavenir-vosges-bientot-parc-a-themes-consacre-aux-contes-legendes-lorraine\/\" \/>\n<meta name=\"twitter:card\" content=\"summary_large_image\" \/>\n<meta name=\"twitter:title\" content=\"Capavenir Vosges \u2013 Bient\u00f4t un parc \u00e0 th\u00e8mes consacr\u00e9 aux \u00ab contes et l\u00e9gendes en Lorraine \u00bb - Gerardmer Info\" \/>\n<meta name=\"twitter:description\" content=\"La ville de Capavenir Vosges Thaon veut accueillir un nouveau parc \u00e0 th\u00e8mes. En effet, la municipalit\u00e9 veut\u00a0transformer l\u2019ancienne usine [&hellip;]\" \/>\n<meta name=\"twitter:image\" content=\"https:\/\/vosgesinfo.fr\/app\/uploads\/sites\/6\/2024\/07\/201904btt-thaon.jpg\" \/>\n<meta name=\"twitter:creator\" content=\"@VosgesInfo88\" \/>\n<meta name=\"twitter:site\" content=\"@VosgesInfo88\" \/>\n<meta name=\"twitter:label1\" content=\"\u00c9crit par\" \/>\n\t<meta name=\"twitter:data1\" content=\"qs_admin\" \/>\n\t<meta name=\"twitter:label2\" content=\"Dur\u00e9e de lecture estim\u00e9e\" \/>\n\t<meta name=\"twitter:data2\" content=\"1 minute\" \/>\n<script type=\"application\/ld+json\" class=\"yoast-schema-graph\">{\"@context\":\"https:\/\/schema.org\",\"@graph\":[{\"@type\":\"Article\",\"@id\":\"https:\/\/vosgesinfo.fr\/gerardmerinfo\/2019\/04\/capavenir-vosges-bientot-parc-a-themes-consacre-aux-contes-legendes-lorraine\/#article\",\"isPartOf\":{\"@id\":\"https:\/\/vosgesinfo.fr\/gerardmerinfo\/2019\/04\/capavenir-vosges-bientot-parc-a-themes-consacre-aux-contes-legendes-lorraine\/\"},\"author\":{\"name\":\"qs_admin\",\"@id\":\"https:\/\/vosgesinfo.fr\/gerardmerinfo\/#\/schema\/person\/bc5d02d71e6932e81b6dadb7386667b1\"},\"headline\":\"Capavenir Vosges \u2013 Bient\u00f4t un parc \u00e0 th\u00e8mes consacr\u00e9 aux \u00ab contes et l\u00e9gendes en Lorraine \u00bb\",\"datePublished\":\"2019-04-12T20:44:22+00:00\",\"dateModified\":\"2019-04-12T20:44:22+00:00\",\"mainEntityOfPage\":{\"@id\":\"https:\/\/vosgesinfo.fr\/gerardmerinfo\/2019\/04\/capavenir-vosges-bientot-parc-a-themes-consacre-aux-contes-legendes-lorraine\/\"},\"wordCount\":197,\"commentCount\":0,\"publisher\":{\"@id\":\"https:\/\/vosgesinfo.fr\/gerardmerinfo\/#organization\"},\"image\":{\"@id\":\"https:\/\/vosgesinfo.fr\/gerardmerinfo\/2019\/04\/capavenir-vosges-bientot-parc-a-themes-consacre-aux-contes-legendes-lorraine\/#primaryimage\"},\"thumbnailUrl\":\"https:\/\/vosgesinfo.fr\/app\/uploads\/sites\/6\/2024\/07\/201904btt-thaon.jpg\",\"keywords\":[\"Capavenir\"],\"articleSection\":[\"A la une\",\"Vosges\"],\"inLanguage\":\"fr-FR\",\"potentialAction\":[{\"@type\":\"CommentAction\",\"name\":\"Comment\",\"target\":[\"https:\/\/vosgesinfo.fr\/gerardmerinfo\/2019\/04\/capavenir-vosges-bientot-parc-a-themes-consacre-aux-contes-legendes-lorraine\/#respond\"]}]},{\"@type\":\"WebPage\",\"@id\":\"https:\/\/vosgesinfo.fr\/gerardmerinfo\/2019\/04\/capavenir-vosges-bientot-parc-a-themes-consacre-aux-contes-legendes-lorraine\/\",\"url\":\"https:\/\/vosgesinfo.fr\/gerardmerinfo\/2019\/04\/capavenir-vosges-bientot-parc-a-themes-consacre-aux-contes-legendes-lorraine\/\",\"name\":\"Capavenir Vosges \u2013 Bient\u00f4t un parc \u00e0 th\u00e8mes consacr\u00e9 aux \u00ab contes et l\u00e9gendes en Lorraine \u00bb - Gerardmer Info\",\"isPartOf\":{\"@id\":\"https:\/\/vosgesinfo.fr\/gerardmerinfo\/#website\"},\"primaryImageOfPage\":{\"@id\":\"https:\/\/vosgesinfo.fr\/gerardmerinfo\/2019\/04\/capavenir-vosges-bientot-parc-a-themes-consacre-aux-contes-legendes-lorraine\/#primaryimage\"},\"image\":{\"@id\":\"https:\/\/vosgesinfo.fr\/gerardmerinfo\/2019\/04\/capavenir-vosges-bientot-parc-a-themes-consacre-aux-contes-legendes-lorraine\/#primaryimage\"},\"thumbnailUrl\":\"https:\/\/vosgesinfo.fr\/app\/uploads\/sites\/6\/2024\/07\/201904btt-thaon.jpg\",\"datePublished\":\"2019-04-12T20:44:22+00:00\",\"dateModified\":\"2019-04-12T20:44:22+00:00\",\"breadcrumb\":{\"@id\":\"https:\/\/vosgesinfo.fr\/gerardmerinfo\/2019\/04\/capavenir-vosges-bientot-parc-a-themes-consacre-aux-contes-legendes-lorraine\/#breadcrumb\"},\"inLanguage\":\"fr-FR\",\"potentialAction\":[{\"@type\":\"ReadAction\",\"target\":[\"https:\/\/vosgesinfo.fr\/gerardmerinfo\/2019\/04\/capavenir-vosges-bientot-parc-a-themes-consacre-aux-contes-legendes-lorraine\/\"]}]},{\"@type\":\"ImageObject\",\"inLanguage\":\"fr-FR\",\"@id\":\"https:\/\/vosgesinfo.fr\/gerardmerinfo\/2019\/04\/capavenir-vosges-bientot-parc-a-themes-consacre-aux-contes-legendes-lorraine\/#primaryimage\",\"url\":\"https:\/\/vosgesinfo.fr\/app\/uploads\/sites\/6\/2024\/07\/201904btt-thaon.jpg\",\"contentUrl\":\"https:\/\/vosgesinfo.fr\/app\/uploads\/sites\/6\/2024\/07\/201904btt-thaon.jpg\",\"width\":800,\"height\":297},{\"@type\":\"BreadcrumbList\",\"@id\":\"https:\/\/vosgesinfo.fr\/gerardmerinfo\/2019\/04\/capavenir-vosges-bientot-parc-a-themes-consacre-aux-contes-legendes-lorraine\/#breadcrumb\",\"itemListElement\":[{\"@type\":\"ListItem\",\"position\":1,\"name\":\"Home\",\"item\":\"https:\/\/vosgesinfo.fr\/gerardmerinfo\/\"},{\"@type\":\"ListItem\",\"position\":2,\"name\":\"Capavenir Vosges \u2013 Bient\u00f4t un parc \u00e0 th\u00e8mes consacr\u00e9 aux \u00ab contes et l\u00e9gendes en Lorraine \u00bb\"}]},{\"@type\":\"WebSite\",\"@id\":\"https:\/\/vosgesinfo.fr\/gerardmerinfo\/#website\",\"url\":\"https:\/\/vosgesinfo.fr\/gerardmerinfo\/\",\"name\":\"Gerardmer Info\",\"description\":\"Toute l&#039;actualit\u00e9 de G\u00e9rardmer\",\"publisher\":{\"@id\":\"https:\/\/vosgesinfo.fr\/gerardmerinfo\/#organization\"},\"alternateName\":\"Toute l'actualit\u00e9 de G\u00e9rardmer\",\"potentialAction\":[{\"@type\":\"SearchAction\",\"target\":{\"@type\":\"EntryPoint\",\"urlTemplate\":\"https:\/\/vosgesinfo.fr\/gerardmerinfo\/?s={search_term_string}\"},\"query-input\":\"required name=search_term_string\"}],\"inLanguage\":\"fr-FR\"},{\"@type\":\"Organization\",\"@id\":\"https:\/\/vosgesinfo.fr\/gerardmerinfo\/#organization\",\"name\":\"Gerardmer Info\",\"url\":\"https:\/\/vosgesinfo.fr\/gerardmerinfo\/\",\"logo\":{\"@type\":\"ImageObject\",\"inLanguage\":\"fr-FR\",\"@id\":\"https:\/\/vosgesinfo.fr\/gerardmerinfo\/#\/schema\/logo\/image\/\",\"url\":\"https:\/\/vosgesinfo.fr\/app\/uploads\/sites\/6\/2023\/08\/favicon-gerardmerinfo.png\",\"contentUrl\":\"https:\/\/vosgesinfo.fr\/app\/uploads\/sites\/6\/2023\/08\/favicon-gerardmerinfo.png\",\"width\":512,\"height\":512,\"caption\":\"Gerardmer Info\"},\"image\":{\"@id\":\"https:\/\/vosgesinfo.fr\/gerardmerinfo\/#\/schema\/logo\/image\/\"},\"sameAs\":[\"https:\/\/www.facebook.com\/profile.php?id=100049475262660\",\"https:\/\/x.com\/VosgesInfo88\",\"https:\/\/www.youtube.com\/@vosgesinfo\"]},{\"@type\":\"Person\",\"@id\":\"https:\/\/vosgesinfo.fr\/gerardmerinfo\/#\/schema\/person\/bc5d02d71e6932e81b6dadb7386667b1\",\"name\":\"qs_admin\",\"image\":{\"@type\":\"ImageObject\",\"inLanguage\":\"fr-FR\",\"@id\":\"https:\/\/vosgesinfo.fr\/gerardmerinfo\/#\/schema\/person\/image\/\",\"url\":\"https:\/\/secure.gravatar.com\/avatar\/94b18ee0ed79e4a42ea2f2931277b6841a8999fc6fde214600c78057cf1fe1de?s=96&d=mm&r=g\",\"contentUrl\":\"https:\/\/secure.gravatar.com\/avatar\/94b18ee0ed79e4a42ea2f2931277b6841a8999fc6fde214600c78057cf1fe1de?s=96&d=mm&r=g\",\"caption\":\"qs_admin\"},\"sameAs\":[\"https:\/\/vosgesinfo.fr\/wp\"],\"url\":\"https:\/\/vosgesinfo.fr\/gerardmerinfo\/author\/qs_admin\/\"}]}<\/script>\n<!-- \/ Yoast SEO plugin. -->","yoast_head_json":{"title":"Capavenir Vosges \u2013 Bient\u00f4t un parc \u00e0 th\u00e8mes consacr\u00e9 aux \u00ab contes et l\u00e9gendes en Lorraine \u00bb - Gerardmer Info","robots":{"index":"index","follow":"follow","max-snippet":"max-snippet:-1","max-image-preview":"max-image-preview:large","max-video-preview":"max-video-preview:-1"},"canonical":"https:\/\/vosgesinfo.fr\/gerardmerinfo\/2019\/04\/capavenir-vosges-bientot-parc-a-themes-consacre-aux-contes-legendes-lorraine\/","twitter_card":"summary_large_image","twitter_title":"Capavenir Vosges \u2013 Bient\u00f4t un parc \u00e0 th\u00e8mes consacr\u00e9 aux \u00ab contes et l\u00e9gendes en Lorraine \u00bb - Gerardmer Info","twitter_description":"La ville de Capavenir Vosges Thaon veut accueillir un nouveau parc \u00e0 th\u00e8mes. En effet, la municipalit\u00e9 veut\u00a0transformer l\u2019ancienne usine [&hellip;]","twitter_image":"https:\/\/vosgesinfo.fr\/app\/uploads\/sites\/6\/2024\/07\/201904btt-thaon.jpg","twitter_creator":"@VosgesInfo88","twitter_site":"@VosgesInfo88","twitter_misc":{"\u00c9crit par":"qs_admin","Dur\u00e9e de lecture estim\u00e9e":"1 minute"},"schema":{"@context":"https:\/\/schema.org","@graph":[{"@type":"Article","@id":"https:\/\/vosgesinfo.fr\/gerardmerinfo\/2019\/04\/capavenir-vosges-bientot-parc-a-themes-consacre-aux-contes-legendes-lorraine\/#article","isPartOf":{"@id":"https:\/\/vosgesinfo.fr\/gerardmerinfo\/2019\/04\/capavenir-vosges-bientot-parc-a-themes-consacre-aux-contes-legendes-lorraine\/"},"author":{"name":"qs_admin","@id":"https:\/\/vosgesinfo.fr\/gerardmerinfo\/#\/schema\/person\/bc5d02d71e6932e81b6dadb7386667b1"},"headline":"Capavenir Vosges \u2013 Bient\u00f4t un parc \u00e0 th\u00e8mes consacr\u00e9 aux \u00ab contes et l\u00e9gendes en Lorraine \u00bb","datePublished":"2019-04-12T20:44:22+00:00","dateModified":"2019-04-12T20:44:22+00:00","mainEntityOfPage":{"@id":"https:\/\/vosgesinfo.fr\/gerardmerinfo\/2019\/04\/capavenir-vosges-bientot-parc-a-themes-consacre-aux-contes-legendes-lorraine\/"},"wordCount":197,"commentCount":0,"publisher":{"@id":"https:\/\/vosgesinfo.fr\/gerardmerinfo\/#organization"},"image":{"@id":"https:\/\/vosgesinfo.fr\/gerardmerinfo\/2019\/04\/capavenir-vosges-bientot-parc-a-themes-consacre-aux-contes-legendes-lorraine\/#primaryimage"},"thumbnailUrl":"https:\/\/vosgesinfo.fr\/app\/uploads\/sites\/6\/2024\/07\/201904btt-thaon.jpg","keywords":["Capavenir"],"articleSection":["A la une","Vosges"],"inLanguage":"fr-FR","potentialAction":[{"@type":"CommentAction","name":"Comment","target":["https:\/\/vosgesinfo.fr\/gerardmerinfo\/2019\/04\/capavenir-vosges-bientot-parc-a-themes-consacre-aux-contes-legendes-lorraine\/#respond"]}]},{"@type":"WebPage","@id":"https:\/\/vosgesinfo.fr\/gerardmerinfo\/2019\/04\/capavenir-vosges-bientot-parc-a-themes-consacre-aux-contes-legendes-lorraine\/","url":"https:\/\/vosgesinfo.fr\/gerardmerinfo\/2019\/04\/capavenir-vosges-bientot-parc-a-themes-consacre-aux-contes-legendes-lorraine\/","name":"Capavenir Vosges \u2013 Bient\u00f4t un parc \u00e0 th\u00e8mes consacr\u00e9 aux \u00ab contes et l\u00e9gendes en Lorraine \u00bb - Gerardmer Info","isPartOf":{"@id":"https:\/\/vosgesinfo.fr\/gerardmerinfo\/#website"},"primaryImageOfPage":{"@id":"https:\/\/vosgesinfo.fr\/gerardmerinfo\/2019\/04\/capavenir-vosges-bientot-parc-a-themes-consacre-aux-contes-legendes-lorraine\/#primaryimage"},"image":{"@id":"https:\/\/vosgesinfo.fr\/gerardmerinfo\/2019\/04\/capavenir-vosges-bientot-parc-a-themes-consacre-aux-contes-legendes-lorraine\/#primaryimage"},"thumbnailUrl":"https:\/\/vosgesinfo.fr\/app\/uploads\/sites\/6\/2024\/07\/201904btt-thaon.jpg","datePublished":"2019-04-12T20:44:22+00:00","dateModified":"2019-04-12T20:44:22+00:00","breadcrumb":{"@id":"https:\/\/vosgesinfo.fr\/gerardmerinfo\/2019\/04\/capavenir-vosges-bientot-parc-a-themes-consacre-aux-contes-legendes-lorraine\/#breadcrumb"},"inLanguage":"fr-FR","potentialAction":[{"@type":"ReadAction","target":["https:\/\/vosgesinfo.fr\/gerardmerinfo\/2019\/04\/capavenir-vosges-bientot-parc-a-themes-consacre-aux-contes-legendes-lorraine\/"]}]},{"@type":"ImageObject","inLanguage":"fr-FR","@id":"https:\/\/vosgesinfo.fr\/gerardmerinfo\/2019\/04\/capavenir-vosges-bientot-parc-a-themes-consacre-aux-contes-legendes-lorraine\/#primaryimage","url":"https:\/\/vosgesinfo.fr\/app\/uploads\/sites\/6\/2024\/07\/201904btt-thaon.jpg","contentUrl":"https:\/\/vosgesinfo.fr\/app\/uploads\/sites\/6\/2024\/07\/201904btt-thaon.jpg","width":800,"height":297},{"@type":"BreadcrumbList","@id":"https:\/\/vosgesinfo.fr\/gerardmerinfo\/2019\/04\/capavenir-vosges-bientot-parc-a-themes-consacre-aux-contes-legendes-lorraine\/#breadcrumb","itemListElement":[{"@type":"ListItem","position":1,"name":"Home","item":"https:\/\/vosgesinfo.fr\/gerardmerinfo\/"},{"@type":"ListItem","position":2,"name":"Capavenir Vosges \u2013 Bient\u00f4t un parc \u00e0 th\u00e8mes consacr\u00e9 aux \u00ab contes et l\u00e9gendes en Lorraine \u00bb"}]},{"@type":"WebSite","@id":"https:\/\/vosgesinfo.fr\/gerardmerinfo\/#website","url":"https:\/\/vosgesinfo.fr\/gerardmerinfo\/","name":"Gerardmer Info","description":"Toute l&#039;actualit\u00e9 de G\u00e9rardmer","publisher":{"@id":"https:\/\/vosgesinfo.fr\/gerardmerinfo\/#organization"},"alternateName":"Toute l'actualit\u00e9 de G\u00e9rardmer","potentialAction":[{"@type":"SearchAction","target":{"@type":"EntryPoint","urlTemplate":"https:\/\/vosgesinfo.fr\/gerardmerinfo\/?s={search_term_string}"},"query-input":"required name=search_term_string"}],"inLanguage":"fr-FR"},{"@type":"Organization","@id":"https:\/\/vosgesinfo.fr\/gerardmerinfo\/#organization","name":"Gerardmer Info","url":"https:\/\/vosgesinfo.fr\/gerardmerinfo\/","logo":{"@type":"ImageObject","inLanguage":"fr-FR","@id":"https:\/\/vosgesinfo.fr\/gerardmerinfo\/#\/schema\/logo\/image\/","url":"https:\/\/vosgesinfo.fr\/app\/uploads\/sites\/6\/2023\/08\/favicon-gerardmerinfo.png","contentUrl":"https:\/\/vosgesinfo.fr\/app\/uploads\/sites\/6\/2023\/08\/favicon-gerardmerinfo.png","width":512,"height":512,"caption":"Gerardmer Info"},"image":{"@id":"https:\/\/vosgesinfo.fr\/gerardmerinfo\/#\/schema\/logo\/image\/"},"sameAs":["https:\/\/www.facebook.com\/profile.php?id=100049475262660","https:\/\/x.com\/VosgesInfo88","https:\/\/www.youtube.com\/@vosgesinfo"]},{"@type":"Person","@id":"https:\/\/vosgesinfo.fr\/gerardmerinfo\/#\/schema\/person\/bc5d02d71e6932e81b6dadb7386667b1","name":"qs_admin","image":{"@type":"ImageObject","inLanguage":"fr-FR","@id":"https:\/\/vosgesinfo.fr\/gerardmerinfo\/#\/schema\/person\/image\/","url":"https:\/\/secure.gravatar.com\/avatar\/94b18ee0ed79e4a42ea2f2931277b6841a8999fc6fde214600c78057cf1fe1de?s=96&d=mm&r=g","contentUrl":"https:\/\/secure.gravatar.com\/avatar\/94b18ee0ed79e4a42ea2f2931277b6841a8999fc6fde214600c78057cf1fe1de?s=96&d=mm&r=g","caption":"qs_admin"},"sameAs":["https:\/\/vosgesinfo.fr\/wp"],"url":"https:\/\/vosgesinfo.fr\/gerardmerinfo\/author\/qs_admin\/"}]}},"_links":{"self":[{"href":"https:\/\/vosgesinfo.fr\/gerardmerinfo\/wp-json\/wp\/v2\/posts\/41026","targetHints":{"allow":["GET"]}}],"collection":[{"href":"https:\/\/vosgesinfo.fr\/gerardmerinfo\/wp-json\/wp\/v2\/posts"}],"about":[{"href":"https:\/\/vosgesinfo.fr\/gerardmerinfo\/wp-json\/wp\/v2\/types\/post"}],"author":[{"embeddable":true,"href":"https:\/\/vosgesinfo.fr\/gerardmerinfo\/wp-json\/wp\/v2\/users\/1"}],"replies":[{"embeddable":true,"href":"https:\/\/vosgesinfo.fr\/gerardmerinfo\/wp-json\/wp\/v2\/comments?post=41026"}],"version-history":[{"count":0,"href":"https:\/\/vosgesinfo.fr\/gerardmerinfo\/wp-json\/wp\/v2\/posts\/41026\/revisions"}],"wp:featuredmedia":[{"embeddable":true,"href":"https:\/\/vosgesinfo.fr\/gerardmerinfo\/wp-json\/wp\/v2\/media\/41027"}],"wp:attachment":[{"href":"https:\/\/vosgesinfo.fr\/gerardmerinfo\/wp-json\/wp\/v2\/media?parent=41026"}],"wp:term":[{"taxonomy":"category","embeddable":true,"href":"https:\/\/vosgesinfo.fr\/gerardmerinfo\/wp-json\/wp\/v2\/categories?post=41026"},{"taxonomy":"post_tag","embeddable":true,"href":"https:\/\/vosgesinfo.fr\/gerardmerinfo\/wp-json\/wp\/v2\/tags?post=41026"}],"curies":[{"name":"wp","href":"https:\/\/api.w.org\/{rel}","templated":true}]}}