{"id":41043,"date":"2019-04-13T10:17:18","date_gmt":"2019-04-13T08:17:18","guid":{"rendered":"https:\/\/vosgesinfo.fr\/gerardmerinfo\/2019\/04\/jeunes-cmj-rendent-visite-a-leurs-homologues-de-waremme\/"},"modified":"2019-04-13T10:17:18","modified_gmt":"2019-04-13T08:17:18","slug":"jeunes-cmj-rendent-visite-a-leurs-homologues-de-waremme","status":"publish","type":"post","link":"https:\/\/vosgesinfo.fr\/gerardmerinfo\/2019\/04\/jeunes-cmj-rendent-visite-a-leurs-homologues-de-waremme\/","title":{"rendered":"Les jeunes du CMJ rendent visite \u00e0 leurs homologues de Waremme"},"content":{"rendered":"<p><a href=\"\/2019\/04\/CMJ-Waremme.jpg\"><img decoding=\"async\" class=\"aligncenter size-full wp-image-145174\" src=\"\/2019\/04\/CMJ-Waremme.jpg\" alt=\"CMJ Waremme\" width=\"800\" height=\"600\" \/><\/a><\/p>\n<p>Partis au lever du jour ce matin en bus, les jeunes \u00e9lus g\u00e9r\u00f4mois du conseil municipal sont arriv\u00e9s sous le soleil de Waremme o\u00f9 ils ont retrouv\u00e9 leurs homologues belges ainsi que les marcheurs du Club Vosgien venus randonner chez nos jumeaux waremmiens.<\/p>\n<p>La petite troupe accompagn\u00e9e par les les adjointes Marie-Rose Briot et Anne Chwaliszeski va pouvoir profiter de 5 jours en immersion avec quelques sorties particuli\u00e8rement int\u00e9ressantes au programme, et notamment une excursion \u00e0 Bruxelles, un des berceaux europ\u00e9ens de la BD&#8230;<\/p>\n","protected":false},"excerpt":{"rendered":"<p>Partis au lever du jour ce matin en bus, les jeunes \u00e9lus g\u00e9r\u00f4mois du conseil municipal sont arriv\u00e9s sous le [&hellip;]<\/p>\n","protected":false},"author":1,"featured_media":41044,"comment_status":"open","ping_status":"open","sticky":false,"template":"","format":"standard","meta":{"footnotes":""},"categories":[20,25],"tags":[411],"class_list":["post-41043","post","type-post","status-publish","format-standard","has-post-thumbnail","hentry","category-a-la-une","category-gerardmer","tag-waremme"],"acf":[],"yoast_head":"<!-- This site is optimized with the Yoast SEO plugin v22.5 - https:\/\/yoast.com\/wordpress\/plugins\/seo\/ -->\n<title>Les jeunes du CMJ rendent visite \u00e0 leurs homologues de Waremme - Gerardmer Info<\/title>\n<meta name=\"robots\" content=\"index, follow, max-snippet:-1, max-image-preview:large, max-video-preview:-1\" \/>\n<link rel=\"canonical\" href=\"https:\/\/vosgesinfo.fr\/gerardmerinfo\/2019\/04\/jeunes-cmj-rendent-visite-a-leurs-homologues-de-waremme\/\" \/>\n<meta name=\"twitter:card\" content=\"summary_large_image\" \/>\n<meta name=\"twitter:title\" content=\"Les jeunes du CMJ rendent visite \u00e0 leurs homologues de Waremme - Gerardmer Info\" \/>\n<meta name=\"twitter:description\" content=\"Partis au lever du jour ce matin en bus, les jeunes \u00e9lus g\u00e9r\u00f4mois du conseil municipal sont arriv\u00e9s sous le [&hellip;]\" \/>\n<meta name=\"twitter:image\" content=\"https:\/\/vosgesinfo.fr\/app\/uploads\/sites\/6\/2024\/07\/201904cmj-waremme.jpg\" \/>\n<meta name=\"twitter:creator\" content=\"@VosgesInfo88\" \/>\n<meta name=\"twitter:site\" content=\"@VosgesInfo88\" \/>\n<meta name=\"twitter:label1\" content=\"\u00c9crit par\" \/>\n\t<meta name=\"twitter:data1\" content=\"qs_admin\" \/>\n<script type=\"application\/ld+json\" class=\"yoast-schema-graph\">{\"@context\":\"https:\/\/schema.org\",\"@graph\":[{\"@type\":\"Article\",\"@id\":\"https:\/\/vosgesinfo.fr\/gerardmerinfo\/2019\/04\/jeunes-cmj-rendent-visite-a-leurs-homologues-de-waremme\/#article\",\"isPartOf\":{\"@id\":\"https:\/\/vosgesinfo.fr\/gerardmerinfo\/2019\/04\/jeunes-cmj-rendent-visite-a-leurs-homologues-de-waremme\/\"},\"author\":{\"name\":\"qs_admin\",\"@id\":\"https:\/\/vosgesinfo.fr\/gerardmerinfo\/#\/schema\/person\/bc5d02d71e6932e81b6dadb7386667b1\"},\"headline\":\"Les jeunes du CMJ rendent visite \u00e0 leurs homologues de Waremme\",\"datePublished\":\"2019-04-13T08:17:18+00:00\",\"dateModified\":\"2019-04-13T08:17:18+00:00\",\"mainEntityOfPage\":{\"@id\":\"https:\/\/vosgesinfo.fr\/gerardmerinfo\/2019\/04\/jeunes-cmj-rendent-visite-a-leurs-homologues-de-waremme\/\"},\"wordCount\":99,\"commentCount\":0,\"publisher\":{\"@id\":\"https:\/\/vosgesinfo.fr\/gerardmerinfo\/#organization\"},\"image\":{\"@id\":\"https:\/\/vosgesinfo.fr\/gerardmerinfo\/2019\/04\/jeunes-cmj-rendent-visite-a-leurs-homologues-de-waremme\/#primaryimage\"},\"thumbnailUrl\":\"https:\/\/vosgesinfo.fr\/app\/uploads\/sites\/6\/2024\/07\/201904cmj-waremme.jpg\",\"keywords\":[\"waremme\"],\"articleSection\":[\"A la une\",\"G\u00e9rardmer\"],\"inLanguage\":\"fr-FR\",\"potentialAction\":[{\"@type\":\"CommentAction\",\"name\":\"Comment\",\"target\":[\"https:\/\/vosgesinfo.fr\/gerardmerinfo\/2019\/04\/jeunes-cmj-rendent-visite-a-leurs-homologues-de-waremme\/#respond\"]}]},{\"@type\":\"WebPage\",\"@id\":\"https:\/\/vosgesinfo.fr\/gerardmerinfo\/2019\/04\/jeunes-cmj-rendent-visite-a-leurs-homologues-de-waremme\/\",\"url\":\"https:\/\/vosgesinfo.fr\/gerardmerinfo\/2019\/04\/jeunes-cmj-rendent-visite-a-leurs-homologues-de-waremme\/\",\"name\":\"Les jeunes du CMJ rendent visite \u00e0 leurs homologues de Waremme - Gerardmer Info\",\"isPartOf\":{\"@id\":\"https:\/\/vosgesinfo.fr\/gerardmerinfo\/#website\"},\"primaryImageOfPage\":{\"@id\":\"https:\/\/vosgesinfo.fr\/gerardmerinfo\/2019\/04\/jeunes-cmj-rendent-visite-a-leurs-homologues-de-waremme\/#primaryimage\"},\"image\":{\"@id\":\"https:\/\/vosgesinfo.fr\/gerardmerinfo\/2019\/04\/jeunes-cmj-rendent-visite-a-leurs-homologues-de-waremme\/#primaryimage\"},\"thumbnailUrl\":\"https:\/\/vosgesinfo.fr\/app\/uploads\/sites\/6\/2024\/07\/201904cmj-waremme.jpg\",\"datePublished\":\"2019-04-13T08:17:18+00:00\",\"dateModified\":\"2019-04-13T08:17:18+00:00\",\"breadcrumb\":{\"@id\":\"https:\/\/vosgesinfo.fr\/gerardmerinfo\/2019\/04\/jeunes-cmj-rendent-visite-a-leurs-homologues-de-waremme\/#breadcrumb\"},\"inLanguage\":\"fr-FR\",\"potentialAction\":[{\"@type\":\"ReadAction\",\"target\":[\"https:\/\/vosgesinfo.fr\/gerardmerinfo\/2019\/04\/jeunes-cmj-rendent-visite-a-leurs-homologues-de-waremme\/\"]}]},{\"@type\":\"ImageObject\",\"inLanguage\":\"fr-FR\",\"@id\":\"https:\/\/vosgesinfo.fr\/gerardmerinfo\/2019\/04\/jeunes-cmj-rendent-visite-a-leurs-homologues-de-waremme\/#primaryimage\",\"url\":\"https:\/\/vosgesinfo.fr\/app\/uploads\/sites\/6\/2024\/07\/201904cmj-waremme.jpg\",\"contentUrl\":\"https:\/\/vosgesinfo.fr\/app\/uploads\/sites\/6\/2024\/07\/201904cmj-waremme.jpg\",\"width\":800,\"height\":600},{\"@type\":\"BreadcrumbList\",\"@id\":\"https:\/\/vosgesinfo.fr\/gerardmerinfo\/2019\/04\/jeunes-cmj-rendent-visite-a-leurs-homologues-de-waremme\/#breadcrumb\",\"itemListElement\":[{\"@type\":\"ListItem\",\"position\":1,\"name\":\"Home\",\"item\":\"https:\/\/vosgesinfo.fr\/gerardmerinfo\/\"},{\"@type\":\"ListItem\",\"position\":2,\"name\":\"Les jeunes du CMJ rendent visite \u00e0 leurs homologues de Waremme\"}]},{\"@type\":\"WebSite\",\"@id\":\"https:\/\/vosgesinfo.fr\/gerardmerinfo\/#website\",\"url\":\"https:\/\/vosgesinfo.fr\/gerardmerinfo\/\",\"name\":\"Gerardmer Info\",\"description\":\"Toute l&#039;actualit\u00e9 de G\u00e9rardmer\",\"publisher\":{\"@id\":\"https:\/\/vosgesinfo.fr\/gerardmerinfo\/#organization\"},\"alternateName\":\"Toute l'actualit\u00e9 de G\u00e9rardmer\",\"potentialAction\":[{\"@type\":\"SearchAction\",\"target\":{\"@type\":\"EntryPoint\",\"urlTemplate\":\"https:\/\/vosgesinfo.fr\/gerardmerinfo\/?s={search_term_string}\"},\"query-input\":\"required name=search_term_string\"}],\"inLanguage\":\"fr-FR\"},{\"@type\":\"Organization\",\"@id\":\"https:\/\/vosgesinfo.fr\/gerardmerinfo\/#organization\",\"name\":\"Gerardmer Info\",\"url\":\"https:\/\/vosgesinfo.fr\/gerardmerinfo\/\",\"logo\":{\"@type\":\"ImageObject\",\"inLanguage\":\"fr-FR\",\"@id\":\"https:\/\/vosgesinfo.fr\/gerardmerinfo\/#\/schema\/logo\/image\/\",\"url\":\"https:\/\/vosgesinfo.fr\/app\/uploads\/sites\/6\/2023\/08\/favicon-gerardmerinfo.png\",\"contentUrl\":\"https:\/\/vosgesinfo.fr\/app\/uploads\/sites\/6\/2023\/08\/favicon-gerardmerinfo.png\",\"width\":512,\"height\":512,\"caption\":\"Gerardmer Info\"},\"image\":{\"@id\":\"https:\/\/vosgesinfo.fr\/gerardmerinfo\/#\/schema\/logo\/image\/\"},\"sameAs\":[\"https:\/\/www.facebook.com\/profile.php?id=100049475262660\",\"https:\/\/x.com\/VosgesInfo88\",\"https:\/\/www.youtube.com\/@vosgesinfo\"]},{\"@type\":\"Person\",\"@id\":\"https:\/\/vosgesinfo.fr\/gerardmerinfo\/#\/schema\/person\/bc5d02d71e6932e81b6dadb7386667b1\",\"name\":\"qs_admin\",\"image\":{\"@type\":\"ImageObject\",\"inLanguage\":\"fr-FR\",\"@id\":\"https:\/\/vosgesinfo.fr\/gerardmerinfo\/#\/schema\/person\/image\/\",\"url\":\"https:\/\/secure.gravatar.com\/avatar\/94b18ee0ed79e4a42ea2f2931277b6841a8999fc6fde214600c78057cf1fe1de?s=96&d=mm&r=g\",\"contentUrl\":\"https:\/\/secure.gravatar.com\/avatar\/94b18ee0ed79e4a42ea2f2931277b6841a8999fc6fde214600c78057cf1fe1de?s=96&d=mm&r=g\",\"caption\":\"qs_admin\"},\"sameAs\":[\"https:\/\/vosgesinfo.fr\/wp\"],\"url\":\"https:\/\/vosgesinfo.fr\/gerardmerinfo\/author\/qs_admin\/\"}]}<\/script>\n<!-- \/ Yoast SEO plugin. -->","yoast_head_json":{"title":"Les jeunes du CMJ rendent visite \u00e0 leurs homologues de Waremme - Gerardmer Info","robots":{"index":"index","follow":"follow","max-snippet":"max-snippet:-1","max-image-preview":"max-image-preview:large","max-video-preview":"max-video-preview:-1"},"canonical":"https:\/\/vosgesinfo.fr\/gerardmerinfo\/2019\/04\/jeunes-cmj-rendent-visite-a-leurs-homologues-de-waremme\/","twitter_card":"summary_large_image","twitter_title":"Les jeunes du CMJ rendent visite \u00e0 leurs homologues de Waremme - Gerardmer Info","twitter_description":"Partis au lever du jour ce matin en bus, les jeunes \u00e9lus g\u00e9r\u00f4mois du conseil municipal sont arriv\u00e9s sous le [&hellip;]","twitter_image":"https:\/\/vosgesinfo.fr\/app\/uploads\/sites\/6\/2024\/07\/201904cmj-waremme.jpg","twitter_creator":"@VosgesInfo88","twitter_site":"@VosgesInfo88","twitter_misc":{"\u00c9crit par":"qs_admin"},"schema":{"@context":"https:\/\/schema.org","@graph":[{"@type":"Article","@id":"https:\/\/vosgesinfo.fr\/gerardmerinfo\/2019\/04\/jeunes-cmj-rendent-visite-a-leurs-homologues-de-waremme\/#article","isPartOf":{"@id":"https:\/\/vosgesinfo.fr\/gerardmerinfo\/2019\/04\/jeunes-cmj-rendent-visite-a-leurs-homologues-de-waremme\/"},"author":{"name":"qs_admin","@id":"https:\/\/vosgesinfo.fr\/gerardmerinfo\/#\/schema\/person\/bc5d02d71e6932e81b6dadb7386667b1"},"headline":"Les jeunes du CMJ rendent visite \u00e0 leurs homologues de Waremme","datePublished":"2019-04-13T08:17:18+00:00","dateModified":"2019-04-13T08:17:18+00:00","mainEntityOfPage":{"@id":"https:\/\/vosgesinfo.fr\/gerardmerinfo\/2019\/04\/jeunes-cmj-rendent-visite-a-leurs-homologues-de-waremme\/"},"wordCount":99,"commentCount":0,"publisher":{"@id":"https:\/\/vosgesinfo.fr\/gerardmerinfo\/#organization"},"image":{"@id":"https:\/\/vosgesinfo.fr\/gerardmerinfo\/2019\/04\/jeunes-cmj-rendent-visite-a-leurs-homologues-de-waremme\/#primaryimage"},"thumbnailUrl":"https:\/\/vosgesinfo.fr\/app\/uploads\/sites\/6\/2024\/07\/201904cmj-waremme.jpg","keywords":["waremme"],"articleSection":["A la une","G\u00e9rardmer"],"inLanguage":"fr-FR","potentialAction":[{"@type":"CommentAction","name":"Comment","target":["https:\/\/vosgesinfo.fr\/gerardmerinfo\/2019\/04\/jeunes-cmj-rendent-visite-a-leurs-homologues-de-waremme\/#respond"]}]},{"@type":"WebPage","@id":"https:\/\/vosgesinfo.fr\/gerardmerinfo\/2019\/04\/jeunes-cmj-rendent-visite-a-leurs-homologues-de-waremme\/","url":"https:\/\/vosgesinfo.fr\/gerardmerinfo\/2019\/04\/jeunes-cmj-rendent-visite-a-leurs-homologues-de-waremme\/","name":"Les jeunes du CMJ rendent visite \u00e0 leurs homologues de Waremme - Gerardmer Info","isPartOf":{"@id":"https:\/\/vosgesinfo.fr\/gerardmerinfo\/#website"},"primaryImageOfPage":{"@id":"https:\/\/vosgesinfo.fr\/gerardmerinfo\/2019\/04\/jeunes-cmj-rendent-visite-a-leurs-homologues-de-waremme\/#primaryimage"},"image":{"@id":"https:\/\/vosgesinfo.fr\/gerardmerinfo\/2019\/04\/jeunes-cmj-rendent-visite-a-leurs-homologues-de-waremme\/#primaryimage"},"thumbnailUrl":"https:\/\/vosgesinfo.fr\/app\/uploads\/sites\/6\/2024\/07\/201904cmj-waremme.jpg","datePublished":"2019-04-13T08:17:18+00:00","dateModified":"2019-04-13T08:17:18+00:00","breadcrumb":{"@id":"https:\/\/vosgesinfo.fr\/gerardmerinfo\/2019\/04\/jeunes-cmj-rendent-visite-a-leurs-homologues-de-waremme\/#breadcrumb"},"inLanguage":"fr-FR","potentialAction":[{"@type":"ReadAction","target":["https:\/\/vosgesinfo.fr\/gerardmerinfo\/2019\/04\/jeunes-cmj-rendent-visite-a-leurs-homologues-de-waremme\/"]}]},{"@type":"ImageObject","inLanguage":"fr-FR","@id":"https:\/\/vosgesinfo.fr\/gerardmerinfo\/2019\/04\/jeunes-cmj-rendent-visite-a-leurs-homologues-de-waremme\/#primaryimage","url":"https:\/\/vosgesinfo.fr\/app\/uploads\/sites\/6\/2024\/07\/201904cmj-waremme.jpg","contentUrl":"https:\/\/vosgesinfo.fr\/app\/uploads\/sites\/6\/2024\/07\/201904cmj-waremme.jpg","width":800,"height":600},{"@type":"BreadcrumbList","@id":"https:\/\/vosgesinfo.fr\/gerardmerinfo\/2019\/04\/jeunes-cmj-rendent-visite-a-leurs-homologues-de-waremme\/#breadcrumb","itemListElement":[{"@type":"ListItem","position":1,"name":"Home","item":"https:\/\/vosgesinfo.fr\/gerardmerinfo\/"},{"@type":"ListItem","position":2,"name":"Les jeunes du CMJ rendent visite \u00e0 leurs homologues de Waremme"}]},{"@type":"WebSite","@id":"https:\/\/vosgesinfo.fr\/gerardmerinfo\/#website","url":"https:\/\/vosgesinfo.fr\/gerardmerinfo\/","name":"Gerardmer Info","description":"Toute l&#039;actualit\u00e9 de G\u00e9rardmer","publisher":{"@id":"https:\/\/vosgesinfo.fr\/gerardmerinfo\/#organization"},"alternateName":"Toute l'actualit\u00e9 de G\u00e9rardmer","potentialAction":[{"@type":"SearchAction","target":{"@type":"EntryPoint","urlTemplate":"https:\/\/vosgesinfo.fr\/gerardmerinfo\/?s={search_term_string}"},"query-input":"required name=search_term_string"}],"inLanguage":"fr-FR"},{"@type":"Organization","@id":"https:\/\/vosgesinfo.fr\/gerardmerinfo\/#organization","name":"Gerardmer Info","url":"https:\/\/vosgesinfo.fr\/gerardmerinfo\/","logo":{"@type":"ImageObject","inLanguage":"fr-FR","@id":"https:\/\/vosgesinfo.fr\/gerardmerinfo\/#\/schema\/logo\/image\/","url":"https:\/\/vosgesinfo.fr\/app\/uploads\/sites\/6\/2023\/08\/favicon-gerardmerinfo.png","contentUrl":"https:\/\/vosgesinfo.fr\/app\/uploads\/sites\/6\/2023\/08\/favicon-gerardmerinfo.png","width":512,"height":512,"caption":"Gerardmer Info"},"image":{"@id":"https:\/\/vosgesinfo.fr\/gerardmerinfo\/#\/schema\/logo\/image\/"},"sameAs":["https:\/\/www.facebook.com\/profile.php?id=100049475262660","https:\/\/x.com\/VosgesInfo88","https:\/\/www.youtube.com\/@vosgesinfo"]},{"@type":"Person","@id":"https:\/\/vosgesinfo.fr\/gerardmerinfo\/#\/schema\/person\/bc5d02d71e6932e81b6dadb7386667b1","name":"qs_admin","image":{"@type":"ImageObject","inLanguage":"fr-FR","@id":"https:\/\/vosgesinfo.fr\/gerardmerinfo\/#\/schema\/person\/image\/","url":"https:\/\/secure.gravatar.com\/avatar\/94b18ee0ed79e4a42ea2f2931277b6841a8999fc6fde214600c78057cf1fe1de?s=96&d=mm&r=g","contentUrl":"https:\/\/secure.gravatar.com\/avatar\/94b18ee0ed79e4a42ea2f2931277b6841a8999fc6fde214600c78057cf1fe1de?s=96&d=mm&r=g","caption":"qs_admin"},"sameAs":["https:\/\/vosgesinfo.fr\/wp"],"url":"https:\/\/vosgesinfo.fr\/gerardmerinfo\/author\/qs_admin\/"}]}},"_links":{"self":[{"href":"https:\/\/vosgesinfo.fr\/gerardmerinfo\/wp-json\/wp\/v2\/posts\/41043","targetHints":{"allow":["GET"]}}],"collection":[{"href":"https:\/\/vosgesinfo.fr\/gerardmerinfo\/wp-json\/wp\/v2\/posts"}],"about":[{"href":"https:\/\/vosgesinfo.fr\/gerardmerinfo\/wp-json\/wp\/v2\/types\/post"}],"author":[{"embeddable":true,"href":"https:\/\/vosgesinfo.fr\/gerardmerinfo\/wp-json\/wp\/v2\/users\/1"}],"replies":[{"embeddable":true,"href":"https:\/\/vosgesinfo.fr\/gerardmerinfo\/wp-json\/wp\/v2\/comments?post=41043"}],"version-history":[{"count":0,"href":"https:\/\/vosgesinfo.fr\/gerardmerinfo\/wp-json\/wp\/v2\/posts\/41043\/revisions"}],"wp:featuredmedia":[{"embeddable":true,"href":"https:\/\/vosgesinfo.fr\/gerardmerinfo\/wp-json\/wp\/v2\/media\/41044"}],"wp:attachment":[{"href":"https:\/\/vosgesinfo.fr\/gerardmerinfo\/wp-json\/wp\/v2\/media?parent=41043"}],"wp:term":[{"taxonomy":"category","embeddable":true,"href":"https:\/\/vosgesinfo.fr\/gerardmerinfo\/wp-json\/wp\/v2\/categories?post=41043"},{"taxonomy":"post_tag","embeddable":true,"href":"https:\/\/vosgesinfo.fr\/gerardmerinfo\/wp-json\/wp\/v2\/tags?post=41043"}],"curies":[{"name":"wp","href":"https:\/\/api.w.org\/{rel}","templated":true}]}}