{"id":41045,"date":"2019-04-13T13:42:09","date_gmt":"2019-04-13T11:42:09","guid":{"rendered":"https:\/\/vosgesinfo.fr\/gerardmerinfo\/2019\/04\/triptyque-autour-de-ceramique-therme-generique\/"},"modified":"2019-04-13T13:42:09","modified_gmt":"2019-04-13T11:42:09","slug":"triptyque-autour-de-ceramique-therme-generique","status":"publish","type":"post","link":"https:\/\/vosgesinfo.fr\/gerardmerinfo\/2019\/04\/triptyque-autour-de-ceramique-therme-generique\/","title":{"rendered":"Triptyque autour de la c\u00e9ramique, un t(h)erme g\u00e9n\u00e9rique"},"content":{"rendered":"<div id=\"attachment_145177\" style=\"width: 810px\" class=\"wp-caption aligncenter\"><a href=\"\/2019\/04\/expo-c\u00e9ramique-MCL-1.jpg\"><img decoding=\"async\" aria-describedby=\"caption-attachment-145177\" class=\"size-full wp-image-145177\" src=\"\/2019\/04\/expo-c\u00e9ramique-MCL-1.jpg\" alt=\"Nelly martinelli, Christine Ceccato &amp; Marianne Succord exposent \u00e0 la MCL. \" width=\"800\" height=\"600\" \/><\/a><p id=\"caption-attachment-145177\" class=\"wp-caption-text\">Nelly Martinelli, Christine Ceccato &amp; Marianne Succord exposent \u00e0 la MCL.<\/p><\/div>\n<h3><span style=\"font-size: 12pt; color: #000000;\">Vendredi soir, la galerie de la MCL avait le plaisir d&rsquo;accueillir trois artistes c\u00e9ramistes qui<b> exposent du 12 au 29 avril\u00a0prochain<\/b> : <\/span><b><span style=\"font-size: 12pt; color: #000000;\">Marianne Succord, Nelly Martinelli &amp; Christine Ceccato. Trois femmes, trois caract\u00e8res, trois univers et plusieurs techniques \u00e0 d\u00e9couvrir d\u00e8s que possible !<\/span><br \/>\n<\/b><\/h3>\n<p>La c\u00e9ramique est en effet un terme g\u00e9n\u00e9rique qui regroupe diff\u00e9rentes techniques, et c&rsquo;est souvent l\u00e0 que les visiteurs et novices ont du mal \u00e0 s&rsquo;y retrouver. On parle de c\u00e9ramique quand il y a cuisson \u00e0 un certain degr\u00e9 d&rsquo;un objet non m\u00e9tallique&#8230; Voil\u00e0 pour la base, il ne vous reste plus qu&rsquo;\u00e0 creuser le sujet en vous rendant \u00e0 la MCL et en appr\u00e9ciant le travail de ces trois artistes. Vous passerez du r\u00e8gne animal au r\u00e8gne v\u00e9g\u00e9tal, de la terre \u00e0 la mer, du d\u00e9coratif \u00e0 l&rsquo;utilitaire (de la vaisselle d\u00e9corative elle aussi finalement, \u00e0 vous de voir si vous prenez le risque de l&rsquo;utiliser&#8230;), de l&rsquo;Asie \u00e0 l&rsquo;Afrique, du sombre au clair&#8230; Un r\u00e9gal pour les yeux, des cr\u00e9ations qui fourmillent de d\u00e9tails, bref, une expo comme on les aime \u00e0 la MCL !<\/p>\n<p>Lire notre pr\u00e9c\u00e9dent article : <a href=\"https:\/\/gerardmerinfo.fr\/2019\/04\/exposition-de-ceramique-a-mcl\/\" target=\"_blank\" rel=\"noopener\">https:\/\/gerardmerinfo.fr\/2019\/04\/exposition-de-ceramique-a-mcl\/<\/a><\/p>\n","protected":false},"excerpt":{"rendered":"<p>Vendredi soir, la galerie de la MCL avait le plaisir d&rsquo;accueillir trois artistes c\u00e9ramistes qui exposent du 12 au 29 [&hellip;]<\/p>\n","protected":false},"author":42,"featured_media":41046,"comment_status":"open","ping_status":"open","sticky":false,"template":"","format":"standard","meta":{"footnotes":""},"categories":[20,4],"tags":[233],"class_list":["post-41045","post","type-post","status-publish","format-standard","has-post-thumbnail","hentry","category-a-la-une","category-culture","tag-galerie-de-la-mcl"],"acf":[],"yoast_head":"<!-- This site is optimized with the Yoast SEO plugin v22.5 - https:\/\/yoast.com\/wordpress\/plugins\/seo\/ -->\n<title>Triptyque autour de la c\u00e9ramique, un t(h)erme g\u00e9n\u00e9rique - Gerardmer Info<\/title>\n<meta name=\"robots\" content=\"index, follow, max-snippet:-1, max-image-preview:large, max-video-preview:-1\" \/>\n<link rel=\"canonical\" href=\"https:\/\/vosgesinfo.fr\/gerardmerinfo\/2019\/04\/triptyque-autour-de-ceramique-therme-generique\/\" \/>\n<meta name=\"twitter:card\" content=\"summary_large_image\" \/>\n<meta name=\"twitter:title\" content=\"Triptyque autour de la c\u00e9ramique, un t(h)erme g\u00e9n\u00e9rique - Gerardmer Info\" \/>\n<meta name=\"twitter:description\" content=\"Vendredi soir, la galerie de la MCL avait le plaisir d&rsquo;accueillir trois artistes c\u00e9ramistes qui exposent du 12 au 29 [&hellip;]\" \/>\n<meta name=\"twitter:image\" content=\"https:\/\/vosgesinfo.fr\/app\/uploads\/sites\/6\/2024\/07\/201904expo-ceramique-mcl-1.jpg\" \/>\n<meta name=\"twitter:creator\" content=\"@VosgesInfo88\" \/>\n<meta name=\"twitter:site\" content=\"@VosgesInfo88\" \/>\n<meta name=\"twitter:label1\" content=\"\u00c9crit par\" \/>\n\t<meta name=\"twitter:data1\" content=\"QG\" \/>\n\t<meta name=\"twitter:label2\" content=\"Dur\u00e9e de lecture estim\u00e9e\" \/>\n\t<meta name=\"twitter:data2\" content=\"1 minute\" \/>\n<script type=\"application\/ld+json\" class=\"yoast-schema-graph\">{\"@context\":\"https:\/\/schema.org\",\"@graph\":[{\"@type\":\"Article\",\"@id\":\"https:\/\/vosgesinfo.fr\/gerardmerinfo\/2019\/04\/triptyque-autour-de-ceramique-therme-generique\/#article\",\"isPartOf\":{\"@id\":\"https:\/\/vosgesinfo.fr\/gerardmerinfo\/2019\/04\/triptyque-autour-de-ceramique-therme-generique\/\"},\"author\":{\"name\":\"QG\",\"@id\":\"https:\/\/vosgesinfo.fr\/gerardmerinfo\/#\/schema\/person\/db5605779a843dad16b5368f3e7613a5\"},\"headline\":\"Triptyque autour de la c\u00e9ramique, un t(h)erme g\u00e9n\u00e9rique\",\"datePublished\":\"2019-04-13T11:42:09+00:00\",\"dateModified\":\"2019-04-13T11:42:09+00:00\",\"mainEntityOfPage\":{\"@id\":\"https:\/\/vosgesinfo.fr\/gerardmerinfo\/2019\/04\/triptyque-autour-de-ceramique-therme-generique\/\"},\"wordCount\":237,\"commentCount\":0,\"publisher\":{\"@id\":\"https:\/\/vosgesinfo.fr\/gerardmerinfo\/#organization\"},\"image\":{\"@id\":\"https:\/\/vosgesinfo.fr\/gerardmerinfo\/2019\/04\/triptyque-autour-de-ceramique-therme-generique\/#primaryimage\"},\"thumbnailUrl\":\"https:\/\/vosgesinfo.fr\/app\/uploads\/sites\/6\/2024\/07\/201904expo-ceramique-mcl-1.jpg\",\"keywords\":[\"galerie de la MCL\"],\"articleSection\":[\"A la une\",\"Culture\"],\"inLanguage\":\"fr-FR\",\"potentialAction\":[{\"@type\":\"CommentAction\",\"name\":\"Comment\",\"target\":[\"https:\/\/vosgesinfo.fr\/gerardmerinfo\/2019\/04\/triptyque-autour-de-ceramique-therme-generique\/#respond\"]}]},{\"@type\":\"WebPage\",\"@id\":\"https:\/\/vosgesinfo.fr\/gerardmerinfo\/2019\/04\/triptyque-autour-de-ceramique-therme-generique\/\",\"url\":\"https:\/\/vosgesinfo.fr\/gerardmerinfo\/2019\/04\/triptyque-autour-de-ceramique-therme-generique\/\",\"name\":\"Triptyque autour de la c\u00e9ramique, un t(h)erme g\u00e9n\u00e9rique - Gerardmer Info\",\"isPartOf\":{\"@id\":\"https:\/\/vosgesinfo.fr\/gerardmerinfo\/#website\"},\"primaryImageOfPage\":{\"@id\":\"https:\/\/vosgesinfo.fr\/gerardmerinfo\/2019\/04\/triptyque-autour-de-ceramique-therme-generique\/#primaryimage\"},\"image\":{\"@id\":\"https:\/\/vosgesinfo.fr\/gerardmerinfo\/2019\/04\/triptyque-autour-de-ceramique-therme-generique\/#primaryimage\"},\"thumbnailUrl\":\"https:\/\/vosgesinfo.fr\/app\/uploads\/sites\/6\/2024\/07\/201904expo-ceramique-mcl-1.jpg\",\"datePublished\":\"2019-04-13T11:42:09+00:00\",\"dateModified\":\"2019-04-13T11:42:09+00:00\",\"breadcrumb\":{\"@id\":\"https:\/\/vosgesinfo.fr\/gerardmerinfo\/2019\/04\/triptyque-autour-de-ceramique-therme-generique\/#breadcrumb\"},\"inLanguage\":\"fr-FR\",\"potentialAction\":[{\"@type\":\"ReadAction\",\"target\":[\"https:\/\/vosgesinfo.fr\/gerardmerinfo\/2019\/04\/triptyque-autour-de-ceramique-therme-generique\/\"]}]},{\"@type\":\"ImageObject\",\"inLanguage\":\"fr-FR\",\"@id\":\"https:\/\/vosgesinfo.fr\/gerardmerinfo\/2019\/04\/triptyque-autour-de-ceramique-therme-generique\/#primaryimage\",\"url\":\"https:\/\/vosgesinfo.fr\/app\/uploads\/sites\/6\/2024\/07\/201904expo-ceramique-mcl-1.jpg\",\"contentUrl\":\"https:\/\/vosgesinfo.fr\/app\/uploads\/sites\/6\/2024\/07\/201904expo-ceramique-mcl-1.jpg\",\"width\":800,\"height\":600},{\"@type\":\"BreadcrumbList\",\"@id\":\"https:\/\/vosgesinfo.fr\/gerardmerinfo\/2019\/04\/triptyque-autour-de-ceramique-therme-generique\/#breadcrumb\",\"itemListElement\":[{\"@type\":\"ListItem\",\"position\":1,\"name\":\"Home\",\"item\":\"https:\/\/vosgesinfo.fr\/gerardmerinfo\/\"},{\"@type\":\"ListItem\",\"position\":2,\"name\":\"Triptyque autour de la c\u00e9ramique, un t(h)erme g\u00e9n\u00e9rique\"}]},{\"@type\":\"WebSite\",\"@id\":\"https:\/\/vosgesinfo.fr\/gerardmerinfo\/#website\",\"url\":\"https:\/\/vosgesinfo.fr\/gerardmerinfo\/\",\"name\":\"Gerardmer Info\",\"description\":\"Toute l&#039;actualit\u00e9 de G\u00e9rardmer\",\"publisher\":{\"@id\":\"https:\/\/vosgesinfo.fr\/gerardmerinfo\/#organization\"},\"alternateName\":\"Toute l'actualit\u00e9 de G\u00e9rardmer\",\"potentialAction\":[{\"@type\":\"SearchAction\",\"target\":{\"@type\":\"EntryPoint\",\"urlTemplate\":\"https:\/\/vosgesinfo.fr\/gerardmerinfo\/?s={search_term_string}\"},\"query-input\":\"required name=search_term_string\"}],\"inLanguage\":\"fr-FR\"},{\"@type\":\"Organization\",\"@id\":\"https:\/\/vosgesinfo.fr\/gerardmerinfo\/#organization\",\"name\":\"Gerardmer Info\",\"url\":\"https:\/\/vosgesinfo.fr\/gerardmerinfo\/\",\"logo\":{\"@type\":\"ImageObject\",\"inLanguage\":\"fr-FR\",\"@id\":\"https:\/\/vosgesinfo.fr\/gerardmerinfo\/#\/schema\/logo\/image\/\",\"url\":\"https:\/\/vosgesinfo.fr\/app\/uploads\/sites\/6\/2023\/08\/favicon-gerardmerinfo.png\",\"contentUrl\":\"https:\/\/vosgesinfo.fr\/app\/uploads\/sites\/6\/2023\/08\/favicon-gerardmerinfo.png\",\"width\":512,\"height\":512,\"caption\":\"Gerardmer Info\"},\"image\":{\"@id\":\"https:\/\/vosgesinfo.fr\/gerardmerinfo\/#\/schema\/logo\/image\/\"},\"sameAs\":[\"https:\/\/www.facebook.com\/profile.php?id=100049475262660\",\"https:\/\/x.com\/VosgesInfo88\",\"https:\/\/www.youtube.com\/@vosgesinfo\"]},{\"@type\":\"Person\",\"@id\":\"https:\/\/vosgesinfo.fr\/gerardmerinfo\/#\/schema\/person\/db5605779a843dad16b5368f3e7613a5\",\"name\":\"QG\",\"image\":{\"@type\":\"ImageObject\",\"inLanguage\":\"fr-FR\",\"@id\":\"https:\/\/vosgesinfo.fr\/gerardmerinfo\/#\/schema\/person\/image\/\",\"url\":\"https:\/\/secure.gravatar.com\/avatar\/ea80c42c204b534408512832fde52504ecabb9706bcb6151cf6175e5b64e6793?s=96&d=mm&r=g\",\"contentUrl\":\"https:\/\/secure.gravatar.com\/avatar\/ea80c42c204b534408512832fde52504ecabb9706bcb6151cf6175e5b64e6793?s=96&d=mm&r=g\",\"caption\":\"QG\"},\"url\":\"https:\/\/vosgesinfo.fr\/gerardmerinfo\/author\/quentin88\/\"}]}<\/script>\n<!-- \/ Yoast SEO plugin. -->","yoast_head_json":{"title":"Triptyque autour de la c\u00e9ramique, un t(h)erme g\u00e9n\u00e9rique - Gerardmer Info","robots":{"index":"index","follow":"follow","max-snippet":"max-snippet:-1","max-image-preview":"max-image-preview:large","max-video-preview":"max-video-preview:-1"},"canonical":"https:\/\/vosgesinfo.fr\/gerardmerinfo\/2019\/04\/triptyque-autour-de-ceramique-therme-generique\/","twitter_card":"summary_large_image","twitter_title":"Triptyque autour de la c\u00e9ramique, un t(h)erme g\u00e9n\u00e9rique - Gerardmer Info","twitter_description":"Vendredi soir, la galerie de la MCL avait le plaisir d&rsquo;accueillir trois artistes c\u00e9ramistes qui exposent du 12 au 29 [&hellip;]","twitter_image":"https:\/\/vosgesinfo.fr\/app\/uploads\/sites\/6\/2024\/07\/201904expo-ceramique-mcl-1.jpg","twitter_creator":"@VosgesInfo88","twitter_site":"@VosgesInfo88","twitter_misc":{"\u00c9crit par":"QG","Dur\u00e9e de lecture estim\u00e9e":"1 minute"},"schema":{"@context":"https:\/\/schema.org","@graph":[{"@type":"Article","@id":"https:\/\/vosgesinfo.fr\/gerardmerinfo\/2019\/04\/triptyque-autour-de-ceramique-therme-generique\/#article","isPartOf":{"@id":"https:\/\/vosgesinfo.fr\/gerardmerinfo\/2019\/04\/triptyque-autour-de-ceramique-therme-generique\/"},"author":{"name":"QG","@id":"https:\/\/vosgesinfo.fr\/gerardmerinfo\/#\/schema\/person\/db5605779a843dad16b5368f3e7613a5"},"headline":"Triptyque autour de la c\u00e9ramique, un t(h)erme g\u00e9n\u00e9rique","datePublished":"2019-04-13T11:42:09+00:00","dateModified":"2019-04-13T11:42:09+00:00","mainEntityOfPage":{"@id":"https:\/\/vosgesinfo.fr\/gerardmerinfo\/2019\/04\/triptyque-autour-de-ceramique-therme-generique\/"},"wordCount":237,"commentCount":0,"publisher":{"@id":"https:\/\/vosgesinfo.fr\/gerardmerinfo\/#organization"},"image":{"@id":"https:\/\/vosgesinfo.fr\/gerardmerinfo\/2019\/04\/triptyque-autour-de-ceramique-therme-generique\/#primaryimage"},"thumbnailUrl":"https:\/\/vosgesinfo.fr\/app\/uploads\/sites\/6\/2024\/07\/201904expo-ceramique-mcl-1.jpg","keywords":["galerie de la MCL"],"articleSection":["A la une","Culture"],"inLanguage":"fr-FR","potentialAction":[{"@type":"CommentAction","name":"Comment","target":["https:\/\/vosgesinfo.fr\/gerardmerinfo\/2019\/04\/triptyque-autour-de-ceramique-therme-generique\/#respond"]}]},{"@type":"WebPage","@id":"https:\/\/vosgesinfo.fr\/gerardmerinfo\/2019\/04\/triptyque-autour-de-ceramique-therme-generique\/","url":"https:\/\/vosgesinfo.fr\/gerardmerinfo\/2019\/04\/triptyque-autour-de-ceramique-therme-generique\/","name":"Triptyque autour de la c\u00e9ramique, un t(h)erme g\u00e9n\u00e9rique - Gerardmer Info","isPartOf":{"@id":"https:\/\/vosgesinfo.fr\/gerardmerinfo\/#website"},"primaryImageOfPage":{"@id":"https:\/\/vosgesinfo.fr\/gerardmerinfo\/2019\/04\/triptyque-autour-de-ceramique-therme-generique\/#primaryimage"},"image":{"@id":"https:\/\/vosgesinfo.fr\/gerardmerinfo\/2019\/04\/triptyque-autour-de-ceramique-therme-generique\/#primaryimage"},"thumbnailUrl":"https:\/\/vosgesinfo.fr\/app\/uploads\/sites\/6\/2024\/07\/201904expo-ceramique-mcl-1.jpg","datePublished":"2019-04-13T11:42:09+00:00","dateModified":"2019-04-13T11:42:09+00:00","breadcrumb":{"@id":"https:\/\/vosgesinfo.fr\/gerardmerinfo\/2019\/04\/triptyque-autour-de-ceramique-therme-generique\/#breadcrumb"},"inLanguage":"fr-FR","potentialAction":[{"@type":"ReadAction","target":["https:\/\/vosgesinfo.fr\/gerardmerinfo\/2019\/04\/triptyque-autour-de-ceramique-therme-generique\/"]}]},{"@type":"ImageObject","inLanguage":"fr-FR","@id":"https:\/\/vosgesinfo.fr\/gerardmerinfo\/2019\/04\/triptyque-autour-de-ceramique-therme-generique\/#primaryimage","url":"https:\/\/vosgesinfo.fr\/app\/uploads\/sites\/6\/2024\/07\/201904expo-ceramique-mcl-1.jpg","contentUrl":"https:\/\/vosgesinfo.fr\/app\/uploads\/sites\/6\/2024\/07\/201904expo-ceramique-mcl-1.jpg","width":800,"height":600},{"@type":"BreadcrumbList","@id":"https:\/\/vosgesinfo.fr\/gerardmerinfo\/2019\/04\/triptyque-autour-de-ceramique-therme-generique\/#breadcrumb","itemListElement":[{"@type":"ListItem","position":1,"name":"Home","item":"https:\/\/vosgesinfo.fr\/gerardmerinfo\/"},{"@type":"ListItem","position":2,"name":"Triptyque autour de la c\u00e9ramique, un t(h)erme g\u00e9n\u00e9rique"}]},{"@type":"WebSite","@id":"https:\/\/vosgesinfo.fr\/gerardmerinfo\/#website","url":"https:\/\/vosgesinfo.fr\/gerardmerinfo\/","name":"Gerardmer Info","description":"Toute l&#039;actualit\u00e9 de G\u00e9rardmer","publisher":{"@id":"https:\/\/vosgesinfo.fr\/gerardmerinfo\/#organization"},"alternateName":"Toute l'actualit\u00e9 de G\u00e9rardmer","potentialAction":[{"@type":"SearchAction","target":{"@type":"EntryPoint","urlTemplate":"https:\/\/vosgesinfo.fr\/gerardmerinfo\/?s={search_term_string}"},"query-input":"required name=search_term_string"}],"inLanguage":"fr-FR"},{"@type":"Organization","@id":"https:\/\/vosgesinfo.fr\/gerardmerinfo\/#organization","name":"Gerardmer Info","url":"https:\/\/vosgesinfo.fr\/gerardmerinfo\/","logo":{"@type":"ImageObject","inLanguage":"fr-FR","@id":"https:\/\/vosgesinfo.fr\/gerardmerinfo\/#\/schema\/logo\/image\/","url":"https:\/\/vosgesinfo.fr\/app\/uploads\/sites\/6\/2023\/08\/favicon-gerardmerinfo.png","contentUrl":"https:\/\/vosgesinfo.fr\/app\/uploads\/sites\/6\/2023\/08\/favicon-gerardmerinfo.png","width":512,"height":512,"caption":"Gerardmer Info"},"image":{"@id":"https:\/\/vosgesinfo.fr\/gerardmerinfo\/#\/schema\/logo\/image\/"},"sameAs":["https:\/\/www.facebook.com\/profile.php?id=100049475262660","https:\/\/x.com\/VosgesInfo88","https:\/\/www.youtube.com\/@vosgesinfo"]},{"@type":"Person","@id":"https:\/\/vosgesinfo.fr\/gerardmerinfo\/#\/schema\/person\/db5605779a843dad16b5368f3e7613a5","name":"QG","image":{"@type":"ImageObject","inLanguage":"fr-FR","@id":"https:\/\/vosgesinfo.fr\/gerardmerinfo\/#\/schema\/person\/image\/","url":"https:\/\/secure.gravatar.com\/avatar\/ea80c42c204b534408512832fde52504ecabb9706bcb6151cf6175e5b64e6793?s=96&d=mm&r=g","contentUrl":"https:\/\/secure.gravatar.com\/avatar\/ea80c42c204b534408512832fde52504ecabb9706bcb6151cf6175e5b64e6793?s=96&d=mm&r=g","caption":"QG"},"url":"https:\/\/vosgesinfo.fr\/gerardmerinfo\/author\/quentin88\/"}]}},"_links":{"self":[{"href":"https:\/\/vosgesinfo.fr\/gerardmerinfo\/wp-json\/wp\/v2\/posts\/41045","targetHints":{"allow":["GET"]}}],"collection":[{"href":"https:\/\/vosgesinfo.fr\/gerardmerinfo\/wp-json\/wp\/v2\/posts"}],"about":[{"href":"https:\/\/vosgesinfo.fr\/gerardmerinfo\/wp-json\/wp\/v2\/types\/post"}],"author":[{"embeddable":true,"href":"https:\/\/vosgesinfo.fr\/gerardmerinfo\/wp-json\/wp\/v2\/users\/42"}],"replies":[{"embeddable":true,"href":"https:\/\/vosgesinfo.fr\/gerardmerinfo\/wp-json\/wp\/v2\/comments?post=41045"}],"version-history":[{"count":0,"href":"https:\/\/vosgesinfo.fr\/gerardmerinfo\/wp-json\/wp\/v2\/posts\/41045\/revisions"}],"wp:featuredmedia":[{"embeddable":true,"href":"https:\/\/vosgesinfo.fr\/gerardmerinfo\/wp-json\/wp\/v2\/media\/41046"}],"wp:attachment":[{"href":"https:\/\/vosgesinfo.fr\/gerardmerinfo\/wp-json\/wp\/v2\/media?parent=41045"}],"wp:term":[{"taxonomy":"category","embeddable":true,"href":"https:\/\/vosgesinfo.fr\/gerardmerinfo\/wp-json\/wp\/v2\/categories?post=41045"},{"taxonomy":"post_tag","embeddable":true,"href":"https:\/\/vosgesinfo.fr\/gerardmerinfo\/wp-json\/wp\/v2\/tags?post=41045"}],"curies":[{"name":"wp","href":"https:\/\/api.w.org\/{rel}","templated":true}]}}