{"id":41216,"date":"2019-04-24T15:39:55","date_gmt":"2019-04-24T13:39:55","guid":{"rendered":"https:\/\/vosgesinfo.fr\/gerardmerinfo\/2019\/04\/regain-29-ans-deja\/"},"modified":"2019-04-24T15:39:55","modified_gmt":"2019-04-24T13:39:55","slug":"regain-29-ans-deja","status":"publish","type":"post","link":"https:\/\/vosgesinfo.fr\/gerardmerinfo\/2019\/04\/regain-29-ans-deja\/","title":{"rendered":"REGAIN : 29 ans d\u00e9j\u00e0 !"},"content":{"rendered":"<p><a href=\"\/2019\/04\/REGAIN-AG-2.jpg\"><img decoding=\"async\" class=\"aligncenter size-medium wp-image-145684\" src=\"\/2019\/04\/REGAIN-AG-2-340x255.jpg\" alt=\"REGAIN AG (2)\" width=\"340\" height=\"255\" \/><\/a><\/p>\n<h3><span style=\"font-size: 12pt;\">L&rsquo;assembl\u00e9e g\u00e9n\u00e9rale de REGAIN a eu lieu le mardi 23 avril \u00e0 la salle des Armes de l&rsquo;h\u00f4tel de Ville o\u00f9 le pr\u00e9sident Beno\u00eet Charles et ses amis ont dress\u00e9 le bilan de l&rsquo;ann\u00e9e pass\u00e9e marqu\u00e9e notamment par l&rsquo;acquisition d&rsquo;un nouveau tracteur livr\u00e9 en f\u00e9vrier dernier. Un \u00e9quipement que l&rsquo;association va continuer de compl\u00e9ter avec de nouveaux accessoires pour plus d&rsquo;efficacit\u00e9 et de polyvalence.<\/span><\/h3>\n<p><a href=\"\/2019\/04\/REGAIN-AG-1.jpg\"><img decoding=\"async\" class=\"alignright size-medium wp-image-145685\" src=\"\/2019\/04\/REGAIN-AG-1-340x255.jpg\" alt=\"REGAIN AG (1)\" width=\"340\" height=\"255\" \/><\/a>REGAIN aura 30 ans en 2020 et poursuit son petit bonhomme de chemin en assumant un r\u00f4le important dans l&rsquo;insertion\/r\u00e9insertion par l&rsquo;activit\u00e9 \u00e9conomique (IAE) et l&rsquo;accompagnement socioprofessionnel. En 2018, cette action a permis le placement de mani\u00e8re satisfaisante\u00a0 (CDD ou CDI) de 5 salari\u00e9s sur 8, sachant que l&rsquo;activit\u00e9 principale de REGAIN r\u00e9side dans les \u00ab\u00a0Chantiers d&rsquo;Insertion\u00a0\u00bb avec accompagnement socioprofessionnel des personnels sous contrat. A Noter que l&rsquo;association continue d&rsquo;exister et d&rsquo;\u00e9voluer gr\u00e2ce \u00e0 ses chevilles ouvri\u00e8res comme Vincent Jacquel qui supervise les chantiers ainsi que les membres du bureau, mais aussi un solide r\u00e9seau de partenaires publics\/institutionnels. C&rsquo;est d&rsquo;ailleurs en partie gr\u00e2ce \u00e0 ce r\u00e9seau que l&rsquo;acquisition d&rsquo;un nouveau tracteur a pu aboutir, ce qui fut une excellente nouvelle pour l&rsquo;activit\u00e9 tourn\u00e9e vers les chantiers d&rsquo;insertion qui n\u00e9cessite des outils performant pour \u00eatre men\u00e9e \u00e0 bien.<\/p>\n<p>La deuxi\u00e8me activit\u00e9 phare de REGAIN consiste en un accompagnement aux d\u00e9marches de soins r\u00e9alis\u00e9 par Sylvie Robert,avec l&rsquo;an dernier l&rsquo;accompagnement de 25 b\u00e9n\u00e9ficiaires pour un total de 145 visites chez des sp\u00e9cialistes pour 13 500 kms parcourus. Les objectifs de l&rsquo;action ont \u00e9t\u00e9 r\u00e9alis\u00e9s et pourtant on pourra d\u00e9plorer la baisse de la subvention de l&rsquo;ARS de 9000 \u00e0 7000 \u20ac. Pour 2019, l&rsquo;action a \u00e9t\u00e9 reconduite par le Conseil D\u00e9partemental pour un montant de 17 000 \u20ac et l&rsquo;ARS pour 7 500 \u20ac (en attente de r\u00e9ponse), toujours pour un total de 25 personnes. Clairement, l&rsquo;utilit\u00e9 de ce dispositif n&rsquo;est plus \u00e0 prouver, tout comme l&rsquo;action de REGAIN qui se poursuivra en 2019.<\/p>\n","protected":false},"excerpt":{"rendered":"<p>L&rsquo;assembl\u00e9e g\u00e9n\u00e9rale de REGAIN a eu lieu le mardi 23 avril \u00e0 la salle des Armes de l&rsquo;h\u00f4tel de Ville [&hellip;]<\/p>\n","protected":false},"author":42,"featured_media":41217,"comment_status":"open","ping_status":"open","sticky":false,"template":"","format":"standard","meta":{"footnotes":""},"categories":[20,25,13,17],"tags":[880],"class_list":["post-41216","post","type-post","status-publish","format-standard","has-post-thumbnail","hentry","category-a-la-une","category-gerardmer","category-societe","category-vie-associative","tag-regain"],"acf":[],"yoast_head":"<!-- This site is optimized with the Yoast SEO plugin v22.5 - https:\/\/yoast.com\/wordpress\/plugins\/seo\/ -->\n<title>REGAIN : 29 ans d\u00e9j\u00e0 ! - Gerardmer Info<\/title>\n<meta name=\"robots\" content=\"index, follow, max-snippet:-1, max-image-preview:large, max-video-preview:-1\" \/>\n<link rel=\"canonical\" href=\"https:\/\/vosgesinfo.fr\/gerardmerinfo\/2019\/04\/regain-29-ans-deja\/\" \/>\n<meta name=\"twitter:card\" content=\"summary_large_image\" \/>\n<meta name=\"twitter:title\" content=\"REGAIN : 29 ans d\u00e9j\u00e0 ! - Gerardmer Info\" \/>\n<meta name=\"twitter:description\" content=\"L&rsquo;assembl\u00e9e g\u00e9n\u00e9rale de REGAIN a eu lieu le mardi 23 avril \u00e0 la salle des Armes de l&rsquo;h\u00f4tel de Ville [&hellip;]\" \/>\n<meta name=\"twitter:image\" content=\"https:\/\/vosgesinfo.fr\/app\/uploads\/sites\/6\/2024\/07\/201904regain-ag-2.jpg\" \/>\n<meta name=\"twitter:creator\" content=\"@VosgesInfo88\" \/>\n<meta name=\"twitter:site\" content=\"@VosgesInfo88\" \/>\n<meta name=\"twitter:label1\" content=\"\u00c9crit par\" \/>\n\t<meta name=\"twitter:data1\" content=\"QG\" \/>\n\t<meta name=\"twitter:label2\" content=\"Dur\u00e9e de lecture estim\u00e9e\" \/>\n\t<meta name=\"twitter:data2\" content=\"2 minutes\" \/>\n<script type=\"application\/ld+json\" class=\"yoast-schema-graph\">{\"@context\":\"https:\/\/schema.org\",\"@graph\":[{\"@type\":\"Article\",\"@id\":\"https:\/\/vosgesinfo.fr\/gerardmerinfo\/2019\/04\/regain-29-ans-deja\/#article\",\"isPartOf\":{\"@id\":\"https:\/\/vosgesinfo.fr\/gerardmerinfo\/2019\/04\/regain-29-ans-deja\/\"},\"author\":{\"name\":\"QG\",\"@id\":\"https:\/\/vosgesinfo.fr\/gerardmerinfo\/#\/schema\/person\/db5605779a843dad16b5368f3e7613a5\"},\"headline\":\"REGAIN : 29 ans d\u00e9j\u00e0 !\",\"datePublished\":\"2019-04-24T13:39:55+00:00\",\"dateModified\":\"2019-04-24T13:39:55+00:00\",\"mainEntityOfPage\":{\"@id\":\"https:\/\/vosgesinfo.fr\/gerardmerinfo\/2019\/04\/regain-29-ans-deja\/\"},\"wordCount\":360,\"commentCount\":0,\"publisher\":{\"@id\":\"https:\/\/vosgesinfo.fr\/gerardmerinfo\/#organization\"},\"image\":{\"@id\":\"https:\/\/vosgesinfo.fr\/gerardmerinfo\/2019\/04\/regain-29-ans-deja\/#primaryimage\"},\"thumbnailUrl\":\"https:\/\/vosgesinfo.fr\/app\/uploads\/sites\/6\/2024\/07\/201904regain-ag-2.jpg\",\"keywords\":[\"regain\"],\"articleSection\":[\"A la une\",\"G\u00e9rardmer\",\"Soci\u00e9t\u00e9\",\"Vie Associative\"],\"inLanguage\":\"fr-FR\",\"potentialAction\":[{\"@type\":\"CommentAction\",\"name\":\"Comment\",\"target\":[\"https:\/\/vosgesinfo.fr\/gerardmerinfo\/2019\/04\/regain-29-ans-deja\/#respond\"]}]},{\"@type\":\"WebPage\",\"@id\":\"https:\/\/vosgesinfo.fr\/gerardmerinfo\/2019\/04\/regain-29-ans-deja\/\",\"url\":\"https:\/\/vosgesinfo.fr\/gerardmerinfo\/2019\/04\/regain-29-ans-deja\/\",\"name\":\"REGAIN : 29 ans d\u00e9j\u00e0 ! - Gerardmer Info\",\"isPartOf\":{\"@id\":\"https:\/\/vosgesinfo.fr\/gerardmerinfo\/#website\"},\"primaryImageOfPage\":{\"@id\":\"https:\/\/vosgesinfo.fr\/gerardmerinfo\/2019\/04\/regain-29-ans-deja\/#primaryimage\"},\"image\":{\"@id\":\"https:\/\/vosgesinfo.fr\/gerardmerinfo\/2019\/04\/regain-29-ans-deja\/#primaryimage\"},\"thumbnailUrl\":\"https:\/\/vosgesinfo.fr\/app\/uploads\/sites\/6\/2024\/07\/201904regain-ag-2.jpg\",\"datePublished\":\"2019-04-24T13:39:55+00:00\",\"dateModified\":\"2019-04-24T13:39:55+00:00\",\"breadcrumb\":{\"@id\":\"https:\/\/vosgesinfo.fr\/gerardmerinfo\/2019\/04\/regain-29-ans-deja\/#breadcrumb\"},\"inLanguage\":\"fr-FR\",\"potentialAction\":[{\"@type\":\"ReadAction\",\"target\":[\"https:\/\/vosgesinfo.fr\/gerardmerinfo\/2019\/04\/regain-29-ans-deja\/\"]}]},{\"@type\":\"ImageObject\",\"inLanguage\":\"fr-FR\",\"@id\":\"https:\/\/vosgesinfo.fr\/gerardmerinfo\/2019\/04\/regain-29-ans-deja\/#primaryimage\",\"url\":\"https:\/\/vosgesinfo.fr\/app\/uploads\/sites\/6\/2024\/07\/201904regain-ag-2.jpg\",\"contentUrl\":\"https:\/\/vosgesinfo.fr\/app\/uploads\/sites\/6\/2024\/07\/201904regain-ag-2.jpg\",\"width\":800,\"height\":600},{\"@type\":\"BreadcrumbList\",\"@id\":\"https:\/\/vosgesinfo.fr\/gerardmerinfo\/2019\/04\/regain-29-ans-deja\/#breadcrumb\",\"itemListElement\":[{\"@type\":\"ListItem\",\"position\":1,\"name\":\"Home\",\"item\":\"https:\/\/vosgesinfo.fr\/gerardmerinfo\/\"},{\"@type\":\"ListItem\",\"position\":2,\"name\":\"REGAIN : 29 ans d\u00e9j\u00e0 !\"}]},{\"@type\":\"WebSite\",\"@id\":\"https:\/\/vosgesinfo.fr\/gerardmerinfo\/#website\",\"url\":\"https:\/\/vosgesinfo.fr\/gerardmerinfo\/\",\"name\":\"Gerardmer Info\",\"description\":\"Toute l&#039;actualit\u00e9 de G\u00e9rardmer\",\"publisher\":{\"@id\":\"https:\/\/vosgesinfo.fr\/gerardmerinfo\/#organization\"},\"alternateName\":\"Toute l'actualit\u00e9 de G\u00e9rardmer\",\"potentialAction\":[{\"@type\":\"SearchAction\",\"target\":{\"@type\":\"EntryPoint\",\"urlTemplate\":\"https:\/\/vosgesinfo.fr\/gerardmerinfo\/?s={search_term_string}\"},\"query-input\":\"required name=search_term_string\"}],\"inLanguage\":\"fr-FR\"},{\"@type\":\"Organization\",\"@id\":\"https:\/\/vosgesinfo.fr\/gerardmerinfo\/#organization\",\"name\":\"Gerardmer Info\",\"url\":\"https:\/\/vosgesinfo.fr\/gerardmerinfo\/\",\"logo\":{\"@type\":\"ImageObject\",\"inLanguage\":\"fr-FR\",\"@id\":\"https:\/\/vosgesinfo.fr\/gerardmerinfo\/#\/schema\/logo\/image\/\",\"url\":\"https:\/\/vosgesinfo.fr\/app\/uploads\/sites\/6\/2023\/08\/favicon-gerardmerinfo.png\",\"contentUrl\":\"https:\/\/vosgesinfo.fr\/app\/uploads\/sites\/6\/2023\/08\/favicon-gerardmerinfo.png\",\"width\":512,\"height\":512,\"caption\":\"Gerardmer Info\"},\"image\":{\"@id\":\"https:\/\/vosgesinfo.fr\/gerardmerinfo\/#\/schema\/logo\/image\/\"},\"sameAs\":[\"https:\/\/www.facebook.com\/profile.php?id=100049475262660\",\"https:\/\/x.com\/VosgesInfo88\",\"https:\/\/www.youtube.com\/@vosgesinfo\"]},{\"@type\":\"Person\",\"@id\":\"https:\/\/vosgesinfo.fr\/gerardmerinfo\/#\/schema\/person\/db5605779a843dad16b5368f3e7613a5\",\"name\":\"QG\",\"image\":{\"@type\":\"ImageObject\",\"inLanguage\":\"fr-FR\",\"@id\":\"https:\/\/vosgesinfo.fr\/gerardmerinfo\/#\/schema\/person\/image\/\",\"url\":\"https:\/\/secure.gravatar.com\/avatar\/ea80c42c204b534408512832fde52504ecabb9706bcb6151cf6175e5b64e6793?s=96&d=mm&r=g\",\"contentUrl\":\"https:\/\/secure.gravatar.com\/avatar\/ea80c42c204b534408512832fde52504ecabb9706bcb6151cf6175e5b64e6793?s=96&d=mm&r=g\",\"caption\":\"QG\"},\"url\":\"https:\/\/vosgesinfo.fr\/gerardmerinfo\/author\/quentin88\/\"}]}<\/script>\n<!-- \/ Yoast SEO plugin. -->","yoast_head_json":{"title":"REGAIN : 29 ans d\u00e9j\u00e0 ! - Gerardmer Info","robots":{"index":"index","follow":"follow","max-snippet":"max-snippet:-1","max-image-preview":"max-image-preview:large","max-video-preview":"max-video-preview:-1"},"canonical":"https:\/\/vosgesinfo.fr\/gerardmerinfo\/2019\/04\/regain-29-ans-deja\/","twitter_card":"summary_large_image","twitter_title":"REGAIN : 29 ans d\u00e9j\u00e0 ! - Gerardmer Info","twitter_description":"L&rsquo;assembl\u00e9e g\u00e9n\u00e9rale de REGAIN a eu lieu le mardi 23 avril \u00e0 la salle des Armes de l&rsquo;h\u00f4tel de Ville [&hellip;]","twitter_image":"https:\/\/vosgesinfo.fr\/app\/uploads\/sites\/6\/2024\/07\/201904regain-ag-2.jpg","twitter_creator":"@VosgesInfo88","twitter_site":"@VosgesInfo88","twitter_misc":{"\u00c9crit par":"QG","Dur\u00e9e de lecture estim\u00e9e":"2 minutes"},"schema":{"@context":"https:\/\/schema.org","@graph":[{"@type":"Article","@id":"https:\/\/vosgesinfo.fr\/gerardmerinfo\/2019\/04\/regain-29-ans-deja\/#article","isPartOf":{"@id":"https:\/\/vosgesinfo.fr\/gerardmerinfo\/2019\/04\/regain-29-ans-deja\/"},"author":{"name":"QG","@id":"https:\/\/vosgesinfo.fr\/gerardmerinfo\/#\/schema\/person\/db5605779a843dad16b5368f3e7613a5"},"headline":"REGAIN : 29 ans d\u00e9j\u00e0 !","datePublished":"2019-04-24T13:39:55+00:00","dateModified":"2019-04-24T13:39:55+00:00","mainEntityOfPage":{"@id":"https:\/\/vosgesinfo.fr\/gerardmerinfo\/2019\/04\/regain-29-ans-deja\/"},"wordCount":360,"commentCount":0,"publisher":{"@id":"https:\/\/vosgesinfo.fr\/gerardmerinfo\/#organization"},"image":{"@id":"https:\/\/vosgesinfo.fr\/gerardmerinfo\/2019\/04\/regain-29-ans-deja\/#primaryimage"},"thumbnailUrl":"https:\/\/vosgesinfo.fr\/app\/uploads\/sites\/6\/2024\/07\/201904regain-ag-2.jpg","keywords":["regain"],"articleSection":["A la une","G\u00e9rardmer","Soci\u00e9t\u00e9","Vie Associative"],"inLanguage":"fr-FR","potentialAction":[{"@type":"CommentAction","name":"Comment","target":["https:\/\/vosgesinfo.fr\/gerardmerinfo\/2019\/04\/regain-29-ans-deja\/#respond"]}]},{"@type":"WebPage","@id":"https:\/\/vosgesinfo.fr\/gerardmerinfo\/2019\/04\/regain-29-ans-deja\/","url":"https:\/\/vosgesinfo.fr\/gerardmerinfo\/2019\/04\/regain-29-ans-deja\/","name":"REGAIN : 29 ans d\u00e9j\u00e0 ! - Gerardmer Info","isPartOf":{"@id":"https:\/\/vosgesinfo.fr\/gerardmerinfo\/#website"},"primaryImageOfPage":{"@id":"https:\/\/vosgesinfo.fr\/gerardmerinfo\/2019\/04\/regain-29-ans-deja\/#primaryimage"},"image":{"@id":"https:\/\/vosgesinfo.fr\/gerardmerinfo\/2019\/04\/regain-29-ans-deja\/#primaryimage"},"thumbnailUrl":"https:\/\/vosgesinfo.fr\/app\/uploads\/sites\/6\/2024\/07\/201904regain-ag-2.jpg","datePublished":"2019-04-24T13:39:55+00:00","dateModified":"2019-04-24T13:39:55+00:00","breadcrumb":{"@id":"https:\/\/vosgesinfo.fr\/gerardmerinfo\/2019\/04\/regain-29-ans-deja\/#breadcrumb"},"inLanguage":"fr-FR","potentialAction":[{"@type":"ReadAction","target":["https:\/\/vosgesinfo.fr\/gerardmerinfo\/2019\/04\/regain-29-ans-deja\/"]}]},{"@type":"ImageObject","inLanguage":"fr-FR","@id":"https:\/\/vosgesinfo.fr\/gerardmerinfo\/2019\/04\/regain-29-ans-deja\/#primaryimage","url":"https:\/\/vosgesinfo.fr\/app\/uploads\/sites\/6\/2024\/07\/201904regain-ag-2.jpg","contentUrl":"https:\/\/vosgesinfo.fr\/app\/uploads\/sites\/6\/2024\/07\/201904regain-ag-2.jpg","width":800,"height":600},{"@type":"BreadcrumbList","@id":"https:\/\/vosgesinfo.fr\/gerardmerinfo\/2019\/04\/regain-29-ans-deja\/#breadcrumb","itemListElement":[{"@type":"ListItem","position":1,"name":"Home","item":"https:\/\/vosgesinfo.fr\/gerardmerinfo\/"},{"@type":"ListItem","position":2,"name":"REGAIN : 29 ans d\u00e9j\u00e0 !"}]},{"@type":"WebSite","@id":"https:\/\/vosgesinfo.fr\/gerardmerinfo\/#website","url":"https:\/\/vosgesinfo.fr\/gerardmerinfo\/","name":"Gerardmer Info","description":"Toute l&#039;actualit\u00e9 de G\u00e9rardmer","publisher":{"@id":"https:\/\/vosgesinfo.fr\/gerardmerinfo\/#organization"},"alternateName":"Toute l'actualit\u00e9 de G\u00e9rardmer","potentialAction":[{"@type":"SearchAction","target":{"@type":"EntryPoint","urlTemplate":"https:\/\/vosgesinfo.fr\/gerardmerinfo\/?s={search_term_string}"},"query-input":"required name=search_term_string"}],"inLanguage":"fr-FR"},{"@type":"Organization","@id":"https:\/\/vosgesinfo.fr\/gerardmerinfo\/#organization","name":"Gerardmer Info","url":"https:\/\/vosgesinfo.fr\/gerardmerinfo\/","logo":{"@type":"ImageObject","inLanguage":"fr-FR","@id":"https:\/\/vosgesinfo.fr\/gerardmerinfo\/#\/schema\/logo\/image\/","url":"https:\/\/vosgesinfo.fr\/app\/uploads\/sites\/6\/2023\/08\/favicon-gerardmerinfo.png","contentUrl":"https:\/\/vosgesinfo.fr\/app\/uploads\/sites\/6\/2023\/08\/favicon-gerardmerinfo.png","width":512,"height":512,"caption":"Gerardmer Info"},"image":{"@id":"https:\/\/vosgesinfo.fr\/gerardmerinfo\/#\/schema\/logo\/image\/"},"sameAs":["https:\/\/www.facebook.com\/profile.php?id=100049475262660","https:\/\/x.com\/VosgesInfo88","https:\/\/www.youtube.com\/@vosgesinfo"]},{"@type":"Person","@id":"https:\/\/vosgesinfo.fr\/gerardmerinfo\/#\/schema\/person\/db5605779a843dad16b5368f3e7613a5","name":"QG","image":{"@type":"ImageObject","inLanguage":"fr-FR","@id":"https:\/\/vosgesinfo.fr\/gerardmerinfo\/#\/schema\/person\/image\/","url":"https:\/\/secure.gravatar.com\/avatar\/ea80c42c204b534408512832fde52504ecabb9706bcb6151cf6175e5b64e6793?s=96&d=mm&r=g","contentUrl":"https:\/\/secure.gravatar.com\/avatar\/ea80c42c204b534408512832fde52504ecabb9706bcb6151cf6175e5b64e6793?s=96&d=mm&r=g","caption":"QG"},"url":"https:\/\/vosgesinfo.fr\/gerardmerinfo\/author\/quentin88\/"}]}},"_links":{"self":[{"href":"https:\/\/vosgesinfo.fr\/gerardmerinfo\/wp-json\/wp\/v2\/posts\/41216","targetHints":{"allow":["GET"]}}],"collection":[{"href":"https:\/\/vosgesinfo.fr\/gerardmerinfo\/wp-json\/wp\/v2\/posts"}],"about":[{"href":"https:\/\/vosgesinfo.fr\/gerardmerinfo\/wp-json\/wp\/v2\/types\/post"}],"author":[{"embeddable":true,"href":"https:\/\/vosgesinfo.fr\/gerardmerinfo\/wp-json\/wp\/v2\/users\/42"}],"replies":[{"embeddable":true,"href":"https:\/\/vosgesinfo.fr\/gerardmerinfo\/wp-json\/wp\/v2\/comments?post=41216"}],"version-history":[{"count":0,"href":"https:\/\/vosgesinfo.fr\/gerardmerinfo\/wp-json\/wp\/v2\/posts\/41216\/revisions"}],"wp:featuredmedia":[{"embeddable":true,"href":"https:\/\/vosgesinfo.fr\/gerardmerinfo\/wp-json\/wp\/v2\/media\/41217"}],"wp:attachment":[{"href":"https:\/\/vosgesinfo.fr\/gerardmerinfo\/wp-json\/wp\/v2\/media?parent=41216"}],"wp:term":[{"taxonomy":"category","embeddable":true,"href":"https:\/\/vosgesinfo.fr\/gerardmerinfo\/wp-json\/wp\/v2\/categories?post=41216"},{"taxonomy":"post_tag","embeddable":true,"href":"https:\/\/vosgesinfo.fr\/gerardmerinfo\/wp-json\/wp\/v2\/tags?post=41216"}],"curies":[{"name":"wp","href":"https:\/\/api.w.org\/{rel}","templated":true}]}}