{"id":41221,"date":"2019-04-24T15:39:24","date_gmt":"2019-04-24T13:39:24","guid":{"rendered":"https:\/\/vosgesinfo.fr\/gerardmerinfo\/2019\/04\/voile-130-participants-mediterranee\/"},"modified":"2019-04-24T15:39:24","modified_gmt":"2019-04-24T13:39:24","slug":"voile-130-participants-mediterranee","status":"publish","type":"post","link":"https:\/\/vosgesinfo.fr\/gerardmerinfo\/2019\/04\/voile-130-participants-mediterranee\/","title":{"rendered":"Voile : 130 participants en M\u00e9diterran\u00e9e"},"content":{"rendered":"<div>\n\n<\/div>\n<h3><strong><br \/>\n<\/strong>L&rsquo;ASG Voile organisait la semaine derni\u00e8re son 22i\u00e8me regroupement r\u00e9gional \u00e0 Port-Grimaud dans le Var.<\/h3>\n<p>130 participants, dont 30 petits de 5 \u00e0 8 ans en baby-voile, 70 windsurfs et 30 d\u00e9riveurs, principalement de G\u00e9rardmer, mais aussi\u00a0 d\u2019\u00c9pinal, Messein, Metz, Colmar, Cap 250 en Moselle et aussi du club de Tours, ont pu profiter d&rsquo;excellentes conditions d&rsquo;entra\u00eenement et de perfectionnement en mer.<\/p>\n<div>Une \u00e9norme organisation pour le pr\u00e9sident Davy Ravignon, qui n\u00e9cessite pas moins d&rsquo;une douzaine d&rsquo;entra\u00eeneurs et moniteurs, 9 zodiacs pour l&rsquo;entra\u00eenement et la s\u00e9curit\u00e9, une \u00e9quipe mat\u00e9riel (la Lulu Team) \u00e0 toute \u00e9preuve, et un comit\u00e9 de course devant s&rsquo;adapter \u00e0 toutes les conditions pour lancer les manches de r\u00e9gates officielles chaque jour.<\/div>\n<div>F\u00e9licitations aussi aux aides moniteurs et moniteurs en formation, pour leur motivation et leur dynamisme.<\/div>\n<div>Une performance appr\u00e9ci\u00e9e par le Conseiller Technique National Julien Bontemps, toujours pr\u00e9sent, avec ses conseils et ses foils, et qui voit ses enfants suivre son sillage dans le club de ses d\u00e9buts.<\/div>\n<div>\n<p>&gt; <em>Les r\u00e9sultats:<\/em><\/p>\n<p>&gt; la \u00ab\u00a0R\u00e9gate des Prairies de la Mer\u00a0\u00bb, disput\u00e9e sur l&rsquo;ensemble de la semaine avec du vent variable, de faible \u00e0 fort (jusqu&rsquo;\u00e0 16\/18 noeuds), et une mer passant de plate \u00e0 bien form\u00e9e, trop m\u00eame pour les moins amarin\u00e9s, a \u00e9t\u00e9 remport\u00e9e par Titouan Halluitte en Raceboard, devant Viviane Ventrin, premi\u00e8re f\u00e9minine.<\/p>\n<p>&gt; En jeunes, c&rsquo;est Pauline Weckel qui s&rsquo;impose, devant Cl\u00e9ment Valentin, premier minime.<\/p>\n<p>&gt; En d\u00e9riveurs, Adrien Ravignon l&#8217;emporte au scratch toutes cat\u00e9gories, et Ma\u00eflis Mathieu, premi\u00e8re en OpenBic confirme que les f\u00e9minines de l&rsquo;ASG font mieux que rivaliser avec les gar\u00e7ons&#8230;<\/p>\n<blockquote><p>Le \u00ab\u00a0raid\u00a0\u00bb, lanc\u00e9 le vendredi dans des conditions assez muscl\u00e9es et sur un parcours r\u00e9duit pour assurer la s\u00e9curit\u00e9, (mais \u00e0 parcourir sept fois) a vu les victoires de Mathilde Valentin en raceboard, et Adrien Ravignon en d\u00e9riveurs.<\/p><\/blockquote>\n<\/div>\n<p>M.M<\/p>\n","protected":false},"excerpt":{"rendered":"<p>L&rsquo;ASG Voile organisait la semaine derni\u00e8re son 22i\u00e8me regroupement r\u00e9gional \u00e0 Port-Grimaud dans le Var. 130 participants, dont 30 petits [&hellip;]<\/p>\n","protected":false},"author":1,"featured_media":41222,"comment_status":"open","ping_status":"open","sticky":false,"template":"","format":"standard","meta":{"footnotes":""},"categories":[20,14],"tags":[65],"class_list":["post-41221","post","type-post","status-publish","format-standard","has-post-thumbnail","hentry","category-a-la-une","category-sport","tag-asg-voile"],"acf":[],"yoast_head":"<!-- This site is optimized with the Yoast SEO plugin v22.5 - https:\/\/yoast.com\/wordpress\/plugins\/seo\/ -->\n<title>Voile : 130 participants en M\u00e9diterran\u00e9e - Gerardmer Info<\/title>\n<meta name=\"robots\" content=\"index, follow, max-snippet:-1, max-image-preview:large, max-video-preview:-1\" \/>\n<link rel=\"canonical\" href=\"https:\/\/vosgesinfo.fr\/gerardmerinfo\/2019\/04\/voile-130-participants-mediterranee\/\" \/>\n<meta name=\"twitter:card\" content=\"summary_large_image\" \/>\n<meta name=\"twitter:title\" content=\"Voile : 130 participants en M\u00e9diterran\u00e9e - Gerardmer Info\" \/>\n<meta name=\"twitter:description\" content=\"L&rsquo;ASG Voile organisait la semaine derni\u00e8re son 22i\u00e8me regroupement r\u00e9gional \u00e0 Port-Grimaud dans le Var. 130 participants, dont 30 petits [&hellip;]\" \/>\n<meta name=\"twitter:image\" content=\"https:\/\/vosgesinfo.fr\/app\/uploads\/sites\/6\/2024\/07\/201904attaque-canadairs-2.jpg\" \/>\n<meta name=\"twitter:creator\" content=\"@VosgesInfo88\" \/>\n<meta name=\"twitter:site\" content=\"@VosgesInfo88\" \/>\n<meta name=\"twitter:label1\" content=\"\u00c9crit par\" \/>\n\t<meta name=\"twitter:data1\" content=\"qs_admin\" \/>\n\t<meta name=\"twitter:label2\" content=\"Dur\u00e9e de lecture estim\u00e9e\" \/>\n\t<meta name=\"twitter:data2\" content=\"2 minutes\" \/>\n<script type=\"application\/ld+json\" class=\"yoast-schema-graph\">{\"@context\":\"https:\/\/schema.org\",\"@graph\":[{\"@type\":\"Article\",\"@id\":\"https:\/\/vosgesinfo.fr\/gerardmerinfo\/2019\/04\/voile-130-participants-mediterranee\/#article\",\"isPartOf\":{\"@id\":\"https:\/\/vosgesinfo.fr\/gerardmerinfo\/2019\/04\/voile-130-participants-mediterranee\/\"},\"author\":{\"name\":\"qs_admin\",\"@id\":\"https:\/\/vosgesinfo.fr\/gerardmerinfo\/#\/schema\/person\/bc5d02d71e6932e81b6dadb7386667b1\"},\"headline\":\"Voile : 130 participants en M\u00e9diterran\u00e9e\",\"datePublished\":\"2019-04-24T13:39:24+00:00\",\"dateModified\":\"2019-04-24T13:39:24+00:00\",\"mainEntityOfPage\":{\"@id\":\"https:\/\/vosgesinfo.fr\/gerardmerinfo\/2019\/04\/voile-130-participants-mediterranee\/\"},\"wordCount\":349,\"commentCount\":0,\"publisher\":{\"@id\":\"https:\/\/vosgesinfo.fr\/gerardmerinfo\/#organization\"},\"image\":{\"@id\":\"https:\/\/vosgesinfo.fr\/gerardmerinfo\/2019\/04\/voile-130-participants-mediterranee\/#primaryimage\"},\"thumbnailUrl\":\"https:\/\/vosgesinfo.fr\/app\/uploads\/sites\/6\/2024\/07\/201904attaque-canadairs-2.jpg\",\"keywords\":[\"asg voile\"],\"articleSection\":[\"A la une\",\"Sport\"],\"inLanguage\":\"fr-FR\",\"potentialAction\":[{\"@type\":\"CommentAction\",\"name\":\"Comment\",\"target\":[\"https:\/\/vosgesinfo.fr\/gerardmerinfo\/2019\/04\/voile-130-participants-mediterranee\/#respond\"]}]},{\"@type\":\"WebPage\",\"@id\":\"https:\/\/vosgesinfo.fr\/gerardmerinfo\/2019\/04\/voile-130-participants-mediterranee\/\",\"url\":\"https:\/\/vosgesinfo.fr\/gerardmerinfo\/2019\/04\/voile-130-participants-mediterranee\/\",\"name\":\"Voile : 130 participants en M\u00e9diterran\u00e9e - Gerardmer Info\",\"isPartOf\":{\"@id\":\"https:\/\/vosgesinfo.fr\/gerardmerinfo\/#website\"},\"primaryImageOfPage\":{\"@id\":\"https:\/\/vosgesinfo.fr\/gerardmerinfo\/2019\/04\/voile-130-participants-mediterranee\/#primaryimage\"},\"image\":{\"@id\":\"https:\/\/vosgesinfo.fr\/gerardmerinfo\/2019\/04\/voile-130-participants-mediterranee\/#primaryimage\"},\"thumbnailUrl\":\"https:\/\/vosgesinfo.fr\/app\/uploads\/sites\/6\/2024\/07\/201904attaque-canadairs-2.jpg\",\"datePublished\":\"2019-04-24T13:39:24+00:00\",\"dateModified\":\"2019-04-24T13:39:24+00:00\",\"breadcrumb\":{\"@id\":\"https:\/\/vosgesinfo.fr\/gerardmerinfo\/2019\/04\/voile-130-participants-mediterranee\/#breadcrumb\"},\"inLanguage\":\"fr-FR\",\"potentialAction\":[{\"@type\":\"ReadAction\",\"target\":[\"https:\/\/vosgesinfo.fr\/gerardmerinfo\/2019\/04\/voile-130-participants-mediterranee\/\"]}]},{\"@type\":\"ImageObject\",\"inLanguage\":\"fr-FR\",\"@id\":\"https:\/\/vosgesinfo.fr\/gerardmerinfo\/2019\/04\/voile-130-participants-mediterranee\/#primaryimage\",\"url\":\"https:\/\/vosgesinfo.fr\/app\/uploads\/sites\/6\/2024\/07\/201904attaque-canadairs-2.jpg\",\"contentUrl\":\"https:\/\/vosgesinfo.fr\/app\/uploads\/sites\/6\/2024\/07\/201904attaque-canadairs-2.jpg\",\"width\":800,\"height\":495},{\"@type\":\"BreadcrumbList\",\"@id\":\"https:\/\/vosgesinfo.fr\/gerardmerinfo\/2019\/04\/voile-130-participants-mediterranee\/#breadcrumb\",\"itemListElement\":[{\"@type\":\"ListItem\",\"position\":1,\"name\":\"Home\",\"item\":\"https:\/\/vosgesinfo.fr\/gerardmerinfo\/\"},{\"@type\":\"ListItem\",\"position\":2,\"name\":\"Voile : 130 participants en M\u00e9diterran\u00e9e\"}]},{\"@type\":\"WebSite\",\"@id\":\"https:\/\/vosgesinfo.fr\/gerardmerinfo\/#website\",\"url\":\"https:\/\/vosgesinfo.fr\/gerardmerinfo\/\",\"name\":\"Gerardmer Info\",\"description\":\"Toute l&#039;actualit\u00e9 de G\u00e9rardmer\",\"publisher\":{\"@id\":\"https:\/\/vosgesinfo.fr\/gerardmerinfo\/#organization\"},\"alternateName\":\"Toute l'actualit\u00e9 de G\u00e9rardmer\",\"potentialAction\":[{\"@type\":\"SearchAction\",\"target\":{\"@type\":\"EntryPoint\",\"urlTemplate\":\"https:\/\/vosgesinfo.fr\/gerardmerinfo\/?s={search_term_string}\"},\"query-input\":\"required name=search_term_string\"}],\"inLanguage\":\"fr-FR\"},{\"@type\":\"Organization\",\"@id\":\"https:\/\/vosgesinfo.fr\/gerardmerinfo\/#organization\",\"name\":\"Gerardmer Info\",\"url\":\"https:\/\/vosgesinfo.fr\/gerardmerinfo\/\",\"logo\":{\"@type\":\"ImageObject\",\"inLanguage\":\"fr-FR\",\"@id\":\"https:\/\/vosgesinfo.fr\/gerardmerinfo\/#\/schema\/logo\/image\/\",\"url\":\"https:\/\/vosgesinfo.fr\/app\/uploads\/sites\/6\/2023\/08\/favicon-gerardmerinfo.png\",\"contentUrl\":\"https:\/\/vosgesinfo.fr\/app\/uploads\/sites\/6\/2023\/08\/favicon-gerardmerinfo.png\",\"width\":512,\"height\":512,\"caption\":\"Gerardmer Info\"},\"image\":{\"@id\":\"https:\/\/vosgesinfo.fr\/gerardmerinfo\/#\/schema\/logo\/image\/\"},\"sameAs\":[\"https:\/\/www.facebook.com\/profile.php?id=100049475262660\",\"https:\/\/x.com\/VosgesInfo88\",\"https:\/\/www.youtube.com\/@vosgesinfo\"]},{\"@type\":\"Person\",\"@id\":\"https:\/\/vosgesinfo.fr\/gerardmerinfo\/#\/schema\/person\/bc5d02d71e6932e81b6dadb7386667b1\",\"name\":\"qs_admin\",\"image\":{\"@type\":\"ImageObject\",\"inLanguage\":\"fr-FR\",\"@id\":\"https:\/\/vosgesinfo.fr\/gerardmerinfo\/#\/schema\/person\/image\/\",\"url\":\"https:\/\/secure.gravatar.com\/avatar\/94b18ee0ed79e4a42ea2f2931277b6841a8999fc6fde214600c78057cf1fe1de?s=96&d=mm&r=g\",\"contentUrl\":\"https:\/\/secure.gravatar.com\/avatar\/94b18ee0ed79e4a42ea2f2931277b6841a8999fc6fde214600c78057cf1fe1de?s=96&d=mm&r=g\",\"caption\":\"qs_admin\"},\"sameAs\":[\"https:\/\/vosgesinfo.fr\/wp\"],\"url\":\"https:\/\/vosgesinfo.fr\/gerardmerinfo\/author\/qs_admin\/\"}]}<\/script>\n<!-- \/ Yoast SEO plugin. -->","yoast_head_json":{"title":"Voile : 130 participants en M\u00e9diterran\u00e9e - Gerardmer Info","robots":{"index":"index","follow":"follow","max-snippet":"max-snippet:-1","max-image-preview":"max-image-preview:large","max-video-preview":"max-video-preview:-1"},"canonical":"https:\/\/vosgesinfo.fr\/gerardmerinfo\/2019\/04\/voile-130-participants-mediterranee\/","twitter_card":"summary_large_image","twitter_title":"Voile : 130 participants en M\u00e9diterran\u00e9e - Gerardmer Info","twitter_description":"L&rsquo;ASG Voile organisait la semaine derni\u00e8re son 22i\u00e8me regroupement r\u00e9gional \u00e0 Port-Grimaud dans le Var. 130 participants, dont 30 petits [&hellip;]","twitter_image":"https:\/\/vosgesinfo.fr\/app\/uploads\/sites\/6\/2024\/07\/201904attaque-canadairs-2.jpg","twitter_creator":"@VosgesInfo88","twitter_site":"@VosgesInfo88","twitter_misc":{"\u00c9crit par":"qs_admin","Dur\u00e9e de lecture estim\u00e9e":"2 minutes"},"schema":{"@context":"https:\/\/schema.org","@graph":[{"@type":"Article","@id":"https:\/\/vosgesinfo.fr\/gerardmerinfo\/2019\/04\/voile-130-participants-mediterranee\/#article","isPartOf":{"@id":"https:\/\/vosgesinfo.fr\/gerardmerinfo\/2019\/04\/voile-130-participants-mediterranee\/"},"author":{"name":"qs_admin","@id":"https:\/\/vosgesinfo.fr\/gerardmerinfo\/#\/schema\/person\/bc5d02d71e6932e81b6dadb7386667b1"},"headline":"Voile : 130 participants en M\u00e9diterran\u00e9e","datePublished":"2019-04-24T13:39:24+00:00","dateModified":"2019-04-24T13:39:24+00:00","mainEntityOfPage":{"@id":"https:\/\/vosgesinfo.fr\/gerardmerinfo\/2019\/04\/voile-130-participants-mediterranee\/"},"wordCount":349,"commentCount":0,"publisher":{"@id":"https:\/\/vosgesinfo.fr\/gerardmerinfo\/#organization"},"image":{"@id":"https:\/\/vosgesinfo.fr\/gerardmerinfo\/2019\/04\/voile-130-participants-mediterranee\/#primaryimage"},"thumbnailUrl":"https:\/\/vosgesinfo.fr\/app\/uploads\/sites\/6\/2024\/07\/201904attaque-canadairs-2.jpg","keywords":["asg voile"],"articleSection":["A la une","Sport"],"inLanguage":"fr-FR","potentialAction":[{"@type":"CommentAction","name":"Comment","target":["https:\/\/vosgesinfo.fr\/gerardmerinfo\/2019\/04\/voile-130-participants-mediterranee\/#respond"]}]},{"@type":"WebPage","@id":"https:\/\/vosgesinfo.fr\/gerardmerinfo\/2019\/04\/voile-130-participants-mediterranee\/","url":"https:\/\/vosgesinfo.fr\/gerardmerinfo\/2019\/04\/voile-130-participants-mediterranee\/","name":"Voile : 130 participants en M\u00e9diterran\u00e9e - Gerardmer Info","isPartOf":{"@id":"https:\/\/vosgesinfo.fr\/gerardmerinfo\/#website"},"primaryImageOfPage":{"@id":"https:\/\/vosgesinfo.fr\/gerardmerinfo\/2019\/04\/voile-130-participants-mediterranee\/#primaryimage"},"image":{"@id":"https:\/\/vosgesinfo.fr\/gerardmerinfo\/2019\/04\/voile-130-participants-mediterranee\/#primaryimage"},"thumbnailUrl":"https:\/\/vosgesinfo.fr\/app\/uploads\/sites\/6\/2024\/07\/201904attaque-canadairs-2.jpg","datePublished":"2019-04-24T13:39:24+00:00","dateModified":"2019-04-24T13:39:24+00:00","breadcrumb":{"@id":"https:\/\/vosgesinfo.fr\/gerardmerinfo\/2019\/04\/voile-130-participants-mediterranee\/#breadcrumb"},"inLanguage":"fr-FR","potentialAction":[{"@type":"ReadAction","target":["https:\/\/vosgesinfo.fr\/gerardmerinfo\/2019\/04\/voile-130-participants-mediterranee\/"]}]},{"@type":"ImageObject","inLanguage":"fr-FR","@id":"https:\/\/vosgesinfo.fr\/gerardmerinfo\/2019\/04\/voile-130-participants-mediterranee\/#primaryimage","url":"https:\/\/vosgesinfo.fr\/app\/uploads\/sites\/6\/2024\/07\/201904attaque-canadairs-2.jpg","contentUrl":"https:\/\/vosgesinfo.fr\/app\/uploads\/sites\/6\/2024\/07\/201904attaque-canadairs-2.jpg","width":800,"height":495},{"@type":"BreadcrumbList","@id":"https:\/\/vosgesinfo.fr\/gerardmerinfo\/2019\/04\/voile-130-participants-mediterranee\/#breadcrumb","itemListElement":[{"@type":"ListItem","position":1,"name":"Home","item":"https:\/\/vosgesinfo.fr\/gerardmerinfo\/"},{"@type":"ListItem","position":2,"name":"Voile : 130 participants en M\u00e9diterran\u00e9e"}]},{"@type":"WebSite","@id":"https:\/\/vosgesinfo.fr\/gerardmerinfo\/#website","url":"https:\/\/vosgesinfo.fr\/gerardmerinfo\/","name":"Gerardmer Info","description":"Toute l&#039;actualit\u00e9 de G\u00e9rardmer","publisher":{"@id":"https:\/\/vosgesinfo.fr\/gerardmerinfo\/#organization"},"alternateName":"Toute l'actualit\u00e9 de G\u00e9rardmer","potentialAction":[{"@type":"SearchAction","target":{"@type":"EntryPoint","urlTemplate":"https:\/\/vosgesinfo.fr\/gerardmerinfo\/?s={search_term_string}"},"query-input":"required name=search_term_string"}],"inLanguage":"fr-FR"},{"@type":"Organization","@id":"https:\/\/vosgesinfo.fr\/gerardmerinfo\/#organization","name":"Gerardmer Info","url":"https:\/\/vosgesinfo.fr\/gerardmerinfo\/","logo":{"@type":"ImageObject","inLanguage":"fr-FR","@id":"https:\/\/vosgesinfo.fr\/gerardmerinfo\/#\/schema\/logo\/image\/","url":"https:\/\/vosgesinfo.fr\/app\/uploads\/sites\/6\/2023\/08\/favicon-gerardmerinfo.png","contentUrl":"https:\/\/vosgesinfo.fr\/app\/uploads\/sites\/6\/2023\/08\/favicon-gerardmerinfo.png","width":512,"height":512,"caption":"Gerardmer Info"},"image":{"@id":"https:\/\/vosgesinfo.fr\/gerardmerinfo\/#\/schema\/logo\/image\/"},"sameAs":["https:\/\/www.facebook.com\/profile.php?id=100049475262660","https:\/\/x.com\/VosgesInfo88","https:\/\/www.youtube.com\/@vosgesinfo"]},{"@type":"Person","@id":"https:\/\/vosgesinfo.fr\/gerardmerinfo\/#\/schema\/person\/bc5d02d71e6932e81b6dadb7386667b1","name":"qs_admin","image":{"@type":"ImageObject","inLanguage":"fr-FR","@id":"https:\/\/vosgesinfo.fr\/gerardmerinfo\/#\/schema\/person\/image\/","url":"https:\/\/secure.gravatar.com\/avatar\/94b18ee0ed79e4a42ea2f2931277b6841a8999fc6fde214600c78057cf1fe1de?s=96&d=mm&r=g","contentUrl":"https:\/\/secure.gravatar.com\/avatar\/94b18ee0ed79e4a42ea2f2931277b6841a8999fc6fde214600c78057cf1fe1de?s=96&d=mm&r=g","caption":"qs_admin"},"sameAs":["https:\/\/vosgesinfo.fr\/wp"],"url":"https:\/\/vosgesinfo.fr\/gerardmerinfo\/author\/qs_admin\/"}]}},"_links":{"self":[{"href":"https:\/\/vosgesinfo.fr\/gerardmerinfo\/wp-json\/wp\/v2\/posts\/41221","targetHints":{"allow":["GET"]}}],"collection":[{"href":"https:\/\/vosgesinfo.fr\/gerardmerinfo\/wp-json\/wp\/v2\/posts"}],"about":[{"href":"https:\/\/vosgesinfo.fr\/gerardmerinfo\/wp-json\/wp\/v2\/types\/post"}],"author":[{"embeddable":true,"href":"https:\/\/vosgesinfo.fr\/gerardmerinfo\/wp-json\/wp\/v2\/users\/1"}],"replies":[{"embeddable":true,"href":"https:\/\/vosgesinfo.fr\/gerardmerinfo\/wp-json\/wp\/v2\/comments?post=41221"}],"version-history":[{"count":0,"href":"https:\/\/vosgesinfo.fr\/gerardmerinfo\/wp-json\/wp\/v2\/posts\/41221\/revisions"}],"wp:featuredmedia":[{"embeddable":true,"href":"https:\/\/vosgesinfo.fr\/gerardmerinfo\/wp-json\/wp\/v2\/media\/41222"}],"wp:attachment":[{"href":"https:\/\/vosgesinfo.fr\/gerardmerinfo\/wp-json\/wp\/v2\/media?parent=41221"}],"wp:term":[{"taxonomy":"category","embeddable":true,"href":"https:\/\/vosgesinfo.fr\/gerardmerinfo\/wp-json\/wp\/v2\/categories?post=41221"},{"taxonomy":"post_tag","embeddable":true,"href":"https:\/\/vosgesinfo.fr\/gerardmerinfo\/wp-json\/wp\/v2\/tags?post=41221"}],"curies":[{"name":"wp","href":"https:\/\/api.w.org\/{rel}","templated":true}]}}