{"id":41229,"date":"2019-04-25T17:50:56","date_gmt":"2019-04-25T15:50:56","guid":{"rendered":"https:\/\/vosgesinfo.fr\/gerardmerinfo\/2019\/04\/on-va-bruncher\/"},"modified":"2019-04-25T17:50:56","modified_gmt":"2019-04-25T15:50:56","slug":"on-va-bruncher","status":"publish","type":"post","link":"https:\/\/vosgesinfo.fr\/gerardmerinfo\/2019\/04\/on-va-bruncher\/","title":{"rendered":"On va \u00ab\u00a0bruncher\u00a0\u00bb ?!?"},"content":{"rendered":"<p><a href=\"\/2019\/04\/brunch-la-haie-griselle-1.jpg\"><img decoding=\"async\" class=\"aligncenter size-full wp-image-145706\" src=\"\/2019\/04\/brunch-la-haie-griselle-1.jpg\" alt=\"brunch la haie griselle (1)\" width=\"800\" height=\"533\" \/><\/a><\/p>\n<h3>C&rsquo;\u00e9tait en quelque sorte le r\u00e9confort apr\u00e8s l&rsquo;effort, la cerise sur le g\u00e2teau, the sherry on top pour les \u00e9l\u00e8ves de 5\u00e8me du coll\u00e8ge de la Haie Griselle qui ont suivi L\u2019EPI (Enseignement Pratique Interdisciplinaire) \u00ab\u00a0corps, sant\u00e9, bien-\u00eatre et s\u00e9curit\u00e9\u00a0\u00bb tout au long de l&rsquo;ann\u00e9e.<\/h3>\n<p>En effet, un premier groupe d&rsquo;\u00e9l\u00e8ves de 5\u00e8mes qui avait suivi cet enseignement qui comprenait entre autre un travail sur l\u2019alimentation, avait rendez-vous au lyc\u00e9e des m\u00e9tiers de l&rsquo;h\u00f4tellerie et de la restauration ce mardi midi afin d&rsquo;y partager un fameux brunch en guise de r\u00e9compense pour leurs efforts studieux. Depuis le mois d&rsquo;octobre, ils ont visit\u00e9 l&rsquo;\u00e9tablissement et ont particip\u00e9 \u00e0 des ateliers pains, brioches, jus de fruit, d\u00e9gustation et ont surtout particip\u00e9 \u00e0 un travail interdisciplinaire dans le cadre de l\u2019EPI en question qui a \u00e9galement travers\u00e9 l&rsquo;histoire ainsi que d&rsquo;autres mati\u00e8res&#8230;<\/p>\n<p>L\u2019alimentation a ainsi \u00e9t\u00e9 \u00e9tudi\u00e9e \u00e0 travers le Latin avec la gastronomie romaine, en chanson en cours de musique, en SVT bien s\u00fbr, mais aussi en cours de Fran\u00e7ais o\u00f9 les jeunes se sont pench\u00e9s sur le Moyen Age, en sport \u00e9galement avec l&rsquo;alimentation n\u00e9cessaire pour un cross, et les coll\u00e9giens ont \u00e9tudi\u00e9 le calcul des calories en maths, le tout sans oublier l\u2019infirmi\u00e8re scolaire qui a pr\u00e9sent\u00e9 la pyramide des aliments. Tout un programme ! Et pour cl\u00f4turer l&rsquo;ann\u00e9e en beaut\u00e9, rien de tel que de d\u00e9guster une derni\u00e8re fois apr\u00e8s avoir \u00e9tudier ! Du coup, ce sont les \u00e9l\u00e8ves de seconde BAC PRO du lyc\u00e9e Chardin qui ont \u00e9t\u00e9 sollicit\u00e9s pour pr\u00e9parer un brunch (entre breakfast &amp; lunch, tr\u00e8s \u00e0 la mode depuis quelques ann\u00e9es) pour les coll\u00e9giens sous forme d&rsquo;un fameux buffet sucr\u00e9-sal\u00e9.<\/p>\n<p>Autant dire que le menu \u00e9tait plus qu&rsquo;all\u00e9chant, surtout quand on conna\u00eet le savoir-faire des lyc\u00e9ens de Chardin et de leurs enseignants ! On retrouvait ainsi des crudit\u00e9s, des boulettes de viandes aux \u00e9pices, des cr\u00eapes et des blinis, un plateau de fruits, des moelleux au chocolat, des mini quiches au cantal, des rillettes de poisson, du jus de fruits&#8230; Bref, il y avait de quoi faire et le service \u00e9tait lui aussi de qualit\u00e9, forc\u00e9ment ! Pour conclure, sachez que deux autres groupes de 5\u00e8mes conna\u00eetront les m\u00eames joies les 6 et 13 mai prochain et que cette exp\u00e9rience sera probablement reconduite l&rsquo;an prochain&#8230; Les petits gourmands, vous savez quel EPI va vous r\u00e9galer !<\/p>\n","protected":false},"excerpt":{"rendered":"<p>C&rsquo;\u00e9tait en quelque sorte le r\u00e9confort apr\u00e8s l&rsquo;effort, la cerise sur le g\u00e2teau, the sherry on top pour les \u00e9l\u00e8ves [&hellip;]<\/p>\n","protected":false},"author":42,"featured_media":41230,"comment_status":"open","ping_status":"open","sticky":false,"template":"","format":"standard","meta":{"footnotes":""},"categories":[20,25],"tags":[386],"class_list":["post-41229","post","type-post","status-publish","format-standard","has-post-thumbnail","hentry","category-a-la-une","category-gerardmer","tag-college-la-haie-griselle"],"acf":[],"yoast_head":"<!-- This site is optimized with the Yoast SEO plugin v22.5 - https:\/\/yoast.com\/wordpress\/plugins\/seo\/ -->\n<title>On va &quot;bruncher&quot; ?!? - Gerardmer Info<\/title>\n<meta name=\"robots\" content=\"index, follow, max-snippet:-1, max-image-preview:large, max-video-preview:-1\" \/>\n<link rel=\"canonical\" href=\"https:\/\/vosgesinfo.fr\/gerardmerinfo\/2019\/04\/on-va-bruncher\/\" \/>\n<meta name=\"twitter:card\" content=\"summary_large_image\" \/>\n<meta name=\"twitter:title\" content=\"On va &quot;bruncher&quot; ?!? - Gerardmer Info\" \/>\n<meta name=\"twitter:description\" content=\"C&rsquo;\u00e9tait en quelque sorte le r\u00e9confort apr\u00e8s l&rsquo;effort, la cerise sur le g\u00e2teau, the sherry on top pour les \u00e9l\u00e8ves [&hellip;]\" \/>\n<meta name=\"twitter:image\" content=\"https:\/\/vosgesinfo.fr\/app\/uploads\/sites\/6\/2024\/07\/201904brunch-la-haie-griselle-1.jpg\" \/>\n<meta name=\"twitter:creator\" content=\"@VosgesInfo88\" \/>\n<meta name=\"twitter:site\" content=\"@VosgesInfo88\" \/>\n<meta name=\"twitter:label1\" content=\"\u00c9crit par\" \/>\n\t<meta name=\"twitter:data1\" content=\"QG\" \/>\n\t<meta name=\"twitter:label2\" content=\"Dur\u00e9e de lecture estim\u00e9e\" \/>\n\t<meta name=\"twitter:data2\" content=\"2 minutes\" \/>\n<script type=\"application\/ld+json\" class=\"yoast-schema-graph\">{\"@context\":\"https:\/\/schema.org\",\"@graph\":[{\"@type\":\"Article\",\"@id\":\"https:\/\/vosgesinfo.fr\/gerardmerinfo\/2019\/04\/on-va-bruncher\/#article\",\"isPartOf\":{\"@id\":\"https:\/\/vosgesinfo.fr\/gerardmerinfo\/2019\/04\/on-va-bruncher\/\"},\"author\":{\"name\":\"QG\",\"@id\":\"https:\/\/vosgesinfo.fr\/gerardmerinfo\/#\/schema\/person\/db5605779a843dad16b5368f3e7613a5\"},\"headline\":\"On va \u00ab\u00a0bruncher\u00a0\u00bb ?!?\",\"datePublished\":\"2019-04-25T15:50:56+00:00\",\"dateModified\":\"2019-04-25T15:50:56+00:00\",\"mainEntityOfPage\":{\"@id\":\"https:\/\/vosgesinfo.fr\/gerardmerinfo\/2019\/04\/on-va-bruncher\/\"},\"wordCount\":449,\"commentCount\":0,\"publisher\":{\"@id\":\"https:\/\/vosgesinfo.fr\/gerardmerinfo\/#organization\"},\"image\":{\"@id\":\"https:\/\/vosgesinfo.fr\/gerardmerinfo\/2019\/04\/on-va-bruncher\/#primaryimage\"},\"thumbnailUrl\":\"https:\/\/vosgesinfo.fr\/app\/uploads\/sites\/6\/2024\/07\/201904brunch-la-haie-griselle-1.jpg\",\"keywords\":[\"coll\u00e9ge la haie griselle\"],\"articleSection\":[\"A la une\",\"G\u00e9rardmer\"],\"inLanguage\":\"fr-FR\",\"potentialAction\":[{\"@type\":\"CommentAction\",\"name\":\"Comment\",\"target\":[\"https:\/\/vosgesinfo.fr\/gerardmerinfo\/2019\/04\/on-va-bruncher\/#respond\"]}]},{\"@type\":\"WebPage\",\"@id\":\"https:\/\/vosgesinfo.fr\/gerardmerinfo\/2019\/04\/on-va-bruncher\/\",\"url\":\"https:\/\/vosgesinfo.fr\/gerardmerinfo\/2019\/04\/on-va-bruncher\/\",\"name\":\"On va \\\"bruncher\\\" ?!? - Gerardmer Info\",\"isPartOf\":{\"@id\":\"https:\/\/vosgesinfo.fr\/gerardmerinfo\/#website\"},\"primaryImageOfPage\":{\"@id\":\"https:\/\/vosgesinfo.fr\/gerardmerinfo\/2019\/04\/on-va-bruncher\/#primaryimage\"},\"image\":{\"@id\":\"https:\/\/vosgesinfo.fr\/gerardmerinfo\/2019\/04\/on-va-bruncher\/#primaryimage\"},\"thumbnailUrl\":\"https:\/\/vosgesinfo.fr\/app\/uploads\/sites\/6\/2024\/07\/201904brunch-la-haie-griselle-1.jpg\",\"datePublished\":\"2019-04-25T15:50:56+00:00\",\"dateModified\":\"2019-04-25T15:50:56+00:00\",\"breadcrumb\":{\"@id\":\"https:\/\/vosgesinfo.fr\/gerardmerinfo\/2019\/04\/on-va-bruncher\/#breadcrumb\"},\"inLanguage\":\"fr-FR\",\"potentialAction\":[{\"@type\":\"ReadAction\",\"target\":[\"https:\/\/vosgesinfo.fr\/gerardmerinfo\/2019\/04\/on-va-bruncher\/\"]}]},{\"@type\":\"ImageObject\",\"inLanguage\":\"fr-FR\",\"@id\":\"https:\/\/vosgesinfo.fr\/gerardmerinfo\/2019\/04\/on-va-bruncher\/#primaryimage\",\"url\":\"https:\/\/vosgesinfo.fr\/app\/uploads\/sites\/6\/2024\/07\/201904brunch-la-haie-griselle-1.jpg\",\"contentUrl\":\"https:\/\/vosgesinfo.fr\/app\/uploads\/sites\/6\/2024\/07\/201904brunch-la-haie-griselle-1.jpg\",\"width\":800,\"height\":533},{\"@type\":\"BreadcrumbList\",\"@id\":\"https:\/\/vosgesinfo.fr\/gerardmerinfo\/2019\/04\/on-va-bruncher\/#breadcrumb\",\"itemListElement\":[{\"@type\":\"ListItem\",\"position\":1,\"name\":\"Home\",\"item\":\"https:\/\/vosgesinfo.fr\/gerardmerinfo\/\"},{\"@type\":\"ListItem\",\"position\":2,\"name\":\"On va \u00ab\u00a0bruncher\u00a0\u00bb ?!?\"}]},{\"@type\":\"WebSite\",\"@id\":\"https:\/\/vosgesinfo.fr\/gerardmerinfo\/#website\",\"url\":\"https:\/\/vosgesinfo.fr\/gerardmerinfo\/\",\"name\":\"Gerardmer Info\",\"description\":\"Toute l&#039;actualit\u00e9 de G\u00e9rardmer\",\"publisher\":{\"@id\":\"https:\/\/vosgesinfo.fr\/gerardmerinfo\/#organization\"},\"alternateName\":\"Toute l'actualit\u00e9 de G\u00e9rardmer\",\"potentialAction\":[{\"@type\":\"SearchAction\",\"target\":{\"@type\":\"EntryPoint\",\"urlTemplate\":\"https:\/\/vosgesinfo.fr\/gerardmerinfo\/?s={search_term_string}\"},\"query-input\":\"required name=search_term_string\"}],\"inLanguage\":\"fr-FR\"},{\"@type\":\"Organization\",\"@id\":\"https:\/\/vosgesinfo.fr\/gerardmerinfo\/#organization\",\"name\":\"Gerardmer Info\",\"url\":\"https:\/\/vosgesinfo.fr\/gerardmerinfo\/\",\"logo\":{\"@type\":\"ImageObject\",\"inLanguage\":\"fr-FR\",\"@id\":\"https:\/\/vosgesinfo.fr\/gerardmerinfo\/#\/schema\/logo\/image\/\",\"url\":\"https:\/\/vosgesinfo.fr\/app\/uploads\/sites\/6\/2023\/08\/favicon-gerardmerinfo.png\",\"contentUrl\":\"https:\/\/vosgesinfo.fr\/app\/uploads\/sites\/6\/2023\/08\/favicon-gerardmerinfo.png\",\"width\":512,\"height\":512,\"caption\":\"Gerardmer Info\"},\"image\":{\"@id\":\"https:\/\/vosgesinfo.fr\/gerardmerinfo\/#\/schema\/logo\/image\/\"},\"sameAs\":[\"https:\/\/www.facebook.com\/profile.php?id=100049475262660\",\"https:\/\/x.com\/VosgesInfo88\",\"https:\/\/www.youtube.com\/@vosgesinfo\"]},{\"@type\":\"Person\",\"@id\":\"https:\/\/vosgesinfo.fr\/gerardmerinfo\/#\/schema\/person\/db5605779a843dad16b5368f3e7613a5\",\"name\":\"QG\",\"image\":{\"@type\":\"ImageObject\",\"inLanguage\":\"fr-FR\",\"@id\":\"https:\/\/vosgesinfo.fr\/gerardmerinfo\/#\/schema\/person\/image\/\",\"url\":\"https:\/\/secure.gravatar.com\/avatar\/ea80c42c204b534408512832fde52504ecabb9706bcb6151cf6175e5b64e6793?s=96&d=mm&r=g\",\"contentUrl\":\"https:\/\/secure.gravatar.com\/avatar\/ea80c42c204b534408512832fde52504ecabb9706bcb6151cf6175e5b64e6793?s=96&d=mm&r=g\",\"caption\":\"QG\"},\"url\":\"https:\/\/vosgesinfo.fr\/gerardmerinfo\/author\/quentin88\/\"}]}<\/script>\n<!-- \/ Yoast SEO plugin. -->","yoast_head_json":{"title":"On va \"bruncher\" ?!? - Gerardmer Info","robots":{"index":"index","follow":"follow","max-snippet":"max-snippet:-1","max-image-preview":"max-image-preview:large","max-video-preview":"max-video-preview:-1"},"canonical":"https:\/\/vosgesinfo.fr\/gerardmerinfo\/2019\/04\/on-va-bruncher\/","twitter_card":"summary_large_image","twitter_title":"On va \"bruncher\" ?!? - Gerardmer Info","twitter_description":"C&rsquo;\u00e9tait en quelque sorte le r\u00e9confort apr\u00e8s l&rsquo;effort, la cerise sur le g\u00e2teau, the sherry on top pour les \u00e9l\u00e8ves [&hellip;]","twitter_image":"https:\/\/vosgesinfo.fr\/app\/uploads\/sites\/6\/2024\/07\/201904brunch-la-haie-griselle-1.jpg","twitter_creator":"@VosgesInfo88","twitter_site":"@VosgesInfo88","twitter_misc":{"\u00c9crit par":"QG","Dur\u00e9e de lecture estim\u00e9e":"2 minutes"},"schema":{"@context":"https:\/\/schema.org","@graph":[{"@type":"Article","@id":"https:\/\/vosgesinfo.fr\/gerardmerinfo\/2019\/04\/on-va-bruncher\/#article","isPartOf":{"@id":"https:\/\/vosgesinfo.fr\/gerardmerinfo\/2019\/04\/on-va-bruncher\/"},"author":{"name":"QG","@id":"https:\/\/vosgesinfo.fr\/gerardmerinfo\/#\/schema\/person\/db5605779a843dad16b5368f3e7613a5"},"headline":"On va \u00ab\u00a0bruncher\u00a0\u00bb ?!?","datePublished":"2019-04-25T15:50:56+00:00","dateModified":"2019-04-25T15:50:56+00:00","mainEntityOfPage":{"@id":"https:\/\/vosgesinfo.fr\/gerardmerinfo\/2019\/04\/on-va-bruncher\/"},"wordCount":449,"commentCount":0,"publisher":{"@id":"https:\/\/vosgesinfo.fr\/gerardmerinfo\/#organization"},"image":{"@id":"https:\/\/vosgesinfo.fr\/gerardmerinfo\/2019\/04\/on-va-bruncher\/#primaryimage"},"thumbnailUrl":"https:\/\/vosgesinfo.fr\/app\/uploads\/sites\/6\/2024\/07\/201904brunch-la-haie-griselle-1.jpg","keywords":["coll\u00e9ge la haie griselle"],"articleSection":["A la une","G\u00e9rardmer"],"inLanguage":"fr-FR","potentialAction":[{"@type":"CommentAction","name":"Comment","target":["https:\/\/vosgesinfo.fr\/gerardmerinfo\/2019\/04\/on-va-bruncher\/#respond"]}]},{"@type":"WebPage","@id":"https:\/\/vosgesinfo.fr\/gerardmerinfo\/2019\/04\/on-va-bruncher\/","url":"https:\/\/vosgesinfo.fr\/gerardmerinfo\/2019\/04\/on-va-bruncher\/","name":"On va \"bruncher\" ?!? - Gerardmer Info","isPartOf":{"@id":"https:\/\/vosgesinfo.fr\/gerardmerinfo\/#website"},"primaryImageOfPage":{"@id":"https:\/\/vosgesinfo.fr\/gerardmerinfo\/2019\/04\/on-va-bruncher\/#primaryimage"},"image":{"@id":"https:\/\/vosgesinfo.fr\/gerardmerinfo\/2019\/04\/on-va-bruncher\/#primaryimage"},"thumbnailUrl":"https:\/\/vosgesinfo.fr\/app\/uploads\/sites\/6\/2024\/07\/201904brunch-la-haie-griselle-1.jpg","datePublished":"2019-04-25T15:50:56+00:00","dateModified":"2019-04-25T15:50:56+00:00","breadcrumb":{"@id":"https:\/\/vosgesinfo.fr\/gerardmerinfo\/2019\/04\/on-va-bruncher\/#breadcrumb"},"inLanguage":"fr-FR","potentialAction":[{"@type":"ReadAction","target":["https:\/\/vosgesinfo.fr\/gerardmerinfo\/2019\/04\/on-va-bruncher\/"]}]},{"@type":"ImageObject","inLanguage":"fr-FR","@id":"https:\/\/vosgesinfo.fr\/gerardmerinfo\/2019\/04\/on-va-bruncher\/#primaryimage","url":"https:\/\/vosgesinfo.fr\/app\/uploads\/sites\/6\/2024\/07\/201904brunch-la-haie-griselle-1.jpg","contentUrl":"https:\/\/vosgesinfo.fr\/app\/uploads\/sites\/6\/2024\/07\/201904brunch-la-haie-griselle-1.jpg","width":800,"height":533},{"@type":"BreadcrumbList","@id":"https:\/\/vosgesinfo.fr\/gerardmerinfo\/2019\/04\/on-va-bruncher\/#breadcrumb","itemListElement":[{"@type":"ListItem","position":1,"name":"Home","item":"https:\/\/vosgesinfo.fr\/gerardmerinfo\/"},{"@type":"ListItem","position":2,"name":"On va \u00ab\u00a0bruncher\u00a0\u00bb ?!?"}]},{"@type":"WebSite","@id":"https:\/\/vosgesinfo.fr\/gerardmerinfo\/#website","url":"https:\/\/vosgesinfo.fr\/gerardmerinfo\/","name":"Gerardmer Info","description":"Toute l&#039;actualit\u00e9 de G\u00e9rardmer","publisher":{"@id":"https:\/\/vosgesinfo.fr\/gerardmerinfo\/#organization"},"alternateName":"Toute l'actualit\u00e9 de G\u00e9rardmer","potentialAction":[{"@type":"SearchAction","target":{"@type":"EntryPoint","urlTemplate":"https:\/\/vosgesinfo.fr\/gerardmerinfo\/?s={search_term_string}"},"query-input":"required name=search_term_string"}],"inLanguage":"fr-FR"},{"@type":"Organization","@id":"https:\/\/vosgesinfo.fr\/gerardmerinfo\/#organization","name":"Gerardmer Info","url":"https:\/\/vosgesinfo.fr\/gerardmerinfo\/","logo":{"@type":"ImageObject","inLanguage":"fr-FR","@id":"https:\/\/vosgesinfo.fr\/gerardmerinfo\/#\/schema\/logo\/image\/","url":"https:\/\/vosgesinfo.fr\/app\/uploads\/sites\/6\/2023\/08\/favicon-gerardmerinfo.png","contentUrl":"https:\/\/vosgesinfo.fr\/app\/uploads\/sites\/6\/2023\/08\/favicon-gerardmerinfo.png","width":512,"height":512,"caption":"Gerardmer Info"},"image":{"@id":"https:\/\/vosgesinfo.fr\/gerardmerinfo\/#\/schema\/logo\/image\/"},"sameAs":["https:\/\/www.facebook.com\/profile.php?id=100049475262660","https:\/\/x.com\/VosgesInfo88","https:\/\/www.youtube.com\/@vosgesinfo"]},{"@type":"Person","@id":"https:\/\/vosgesinfo.fr\/gerardmerinfo\/#\/schema\/person\/db5605779a843dad16b5368f3e7613a5","name":"QG","image":{"@type":"ImageObject","inLanguage":"fr-FR","@id":"https:\/\/vosgesinfo.fr\/gerardmerinfo\/#\/schema\/person\/image\/","url":"https:\/\/secure.gravatar.com\/avatar\/ea80c42c204b534408512832fde52504ecabb9706bcb6151cf6175e5b64e6793?s=96&d=mm&r=g","contentUrl":"https:\/\/secure.gravatar.com\/avatar\/ea80c42c204b534408512832fde52504ecabb9706bcb6151cf6175e5b64e6793?s=96&d=mm&r=g","caption":"QG"},"url":"https:\/\/vosgesinfo.fr\/gerardmerinfo\/author\/quentin88\/"}]}},"_links":{"self":[{"href":"https:\/\/vosgesinfo.fr\/gerardmerinfo\/wp-json\/wp\/v2\/posts\/41229","targetHints":{"allow":["GET"]}}],"collection":[{"href":"https:\/\/vosgesinfo.fr\/gerardmerinfo\/wp-json\/wp\/v2\/posts"}],"about":[{"href":"https:\/\/vosgesinfo.fr\/gerardmerinfo\/wp-json\/wp\/v2\/types\/post"}],"author":[{"embeddable":true,"href":"https:\/\/vosgesinfo.fr\/gerardmerinfo\/wp-json\/wp\/v2\/users\/42"}],"replies":[{"embeddable":true,"href":"https:\/\/vosgesinfo.fr\/gerardmerinfo\/wp-json\/wp\/v2\/comments?post=41229"}],"version-history":[{"count":0,"href":"https:\/\/vosgesinfo.fr\/gerardmerinfo\/wp-json\/wp\/v2\/posts\/41229\/revisions"}],"wp:featuredmedia":[{"embeddable":true,"href":"https:\/\/vosgesinfo.fr\/gerardmerinfo\/wp-json\/wp\/v2\/media\/41230"}],"wp:attachment":[{"href":"https:\/\/vosgesinfo.fr\/gerardmerinfo\/wp-json\/wp\/v2\/media?parent=41229"}],"wp:term":[{"taxonomy":"category","embeddable":true,"href":"https:\/\/vosgesinfo.fr\/gerardmerinfo\/wp-json\/wp\/v2\/categories?post=41229"},{"taxonomy":"post_tag","embeddable":true,"href":"https:\/\/vosgesinfo.fr\/gerardmerinfo\/wp-json\/wp\/v2\/tags?post=41229"}],"curies":[{"name":"wp","href":"https:\/\/api.w.org\/{rel}","templated":true}]}}