{"id":41241,"date":"2019-04-25T09:18:49","date_gmt":"2019-04-25T07:18:49","guid":{"rendered":"https:\/\/vosgesinfo.fr\/gerardmerinfo\/2019\/04\/journee-interregionale-de-courts-metrages\/"},"modified":"2019-04-25T09:18:49","modified_gmt":"2019-04-25T07:18:49","slug":"journee-interregionale-de-courts-metrages","status":"publish","type":"post","link":"https:\/\/vosgesinfo.fr\/gerardmerinfo\/2019\/04\/journee-interregionale-de-courts-metrages\/","title":{"rendered":"Journ\u00e9e Interr\u00e9gionale de courts-m\u00e9trages"},"content":{"rendered":"<div id=\"attachment_145726\" style=\"width: 810px\" class=\"wp-caption aligncenter\"><a href=\"\/2019\/04\/Les-r\u00e9alisateurs-en-comp\u00e9tition-pour-le-National.jpg\"><img decoding=\"async\" aria-describedby=\"caption-attachment-145726\" class=\"wp-image-145726 size-full\" src=\"\/2019\/04\/Les-r\u00e9alisateurs-en-comp\u00e9tition-pour-le-National.jpg\" alt=\"Les r\u00e9alisateurs en comp\u00e9tition pour le National\" width=\"800\" height=\"290\" \/><\/a><p id=\"caption-attachment-145726\" class=\"wp-caption-text\">Les r\u00e9alisateurs en comp\u00e9tition pour le National<\/p><\/div>\n<p>&nbsp;<\/p>\n<p>Samedi\u00a027\u00a0avril\u00a02019\u00a0se\u00a0<wbr \/>d\u00e9roulera\u00a0\u00e0\u00a0la\u00a0MCL\u00a0la\u00a0<wbr \/>Rencontre\u00a0Interr\u00e9gionale\u00a0de\u00a0<wbr \/>courts-m\u00e9trages 2019\u00a0organis\u00e9\u00a0par\u00a0Le\u00a0Gur\u00a0Est,\u00a0<wbr \/>\u00ab\u00a0Groupement\u00a0des\u00a0Unions\u00a0<wbr \/>R\u00e9gionales\u00a0de\u00a0cin\u00e9ma\u00a0de\u00a0l\u2019Est\u00a0<wbr \/>\u00bb<br \/>\nLes\u00a0films\u00a0propos\u00e9s\u00a0ont\u00a0\u00e9t\u00e9\u00a0<wbr \/>s\u00e9lectionn\u00e9\u00a0par\u00a0les\u00a0jury\u00a0<wbr \/>professionnels\u00a0dans\u00a0les\u00a0<wbr \/>r\u00e9gions\u00a0\u00a0Alsace,\u00a0Lorraine,\u00a0<wbr \/>Franche-comt\u00e9,\u00a0Bourgogne,\u00a0<wbr \/>Champagne\u00a0Ardennes. Il\u00a0y\u00a0aura\u00a0donc\u00a030\u00a0films\u00a0en\u00a0<wbr \/>comp\u00e9tition\u00a0d\u2019une\u00a0dur\u00e9e\u00a0entre\u00a0<wbr \/>4\u00a0et\u00a027\u00a0minutes<\/p>\n<p><a href=\"\/2019\/04\/Affiche-.jpg\"><img decoding=\"async\" class=\"alignright wp-image-145725\" src=\"\/2019\/04\/Affiche-.jpg\" alt=\"Affiche rencontres interregionales de courts metrages 2019\" width=\"266\" height=\"376\" \/><\/a>En\u00a0hors\u00a0comp\u00e9tition,\u00a0un\u00a0film\u00a0<wbr \/>hommage\u00a0au\u00a0film\u00a0les\u00a0Grandes\u00a0<wbr \/>Gueules\u00a0avec\u00a0projection\u00a0en\u00a0<wbr \/>hors\u00a0comp\u00e9tition\u00a0du\u00a0film\u00a0\u00ab\u00a0<wbr \/>F\u00eate\u00a0B\u00fbcheronne\u00a0\u00bb\u00a0ainsi\u00a0qu\u2019<wbr \/>une\u00a0exposition\u00a0d&rsquo;affiches\u00a0et\u00a0<wbr \/>photos\u00a0du\u00a0film\u00a0les\u00a0Grandes\u00a0<wbr \/>Gueules.<\/p>\n<p><span style=\"font-size: small;\"><span style=\"font-size: 12pt;\">Dans la salle Andr\u00e9 Bourvil de la MCL seront donc projet\u00e9s des courts-m\u00e9trages, des documentaires, des fictions, des films exp\u00e9rimentaux, des films d\u2019animation, des clips, des films \u00e0 destination des jeunes, r\u00e9alis\u00e9s par de jeunes ou moins jeunes cin\u00e9astes du Grand-Est.<\/span><\/p>\n<p><span style=\"font-size: 12pt;\"> Dans cette mutation technologique et num\u00e9rique que nous vivons, il faut que l\u2019intelligence humaine garde le contr\u00f4le sur le monde virtuel. Et m\u00eame si \u00ab le cin\u00e9ma n\u2019est pas une image juste, mais juste une image \u00bb, comme le disait Jean-Luc Godard, il restera toujours le creuset de l\u2019imagination dont les artisans se nourrissent de fa\u00e7on intarissable.<\/span><\/p>\n<p><span style=\"font-size: 12pt;\"> Il y a quasiment en nous tous un r\u00e9alisateur de court-m\u00e9trage. Depuis que les smartphones ont mis la vid\u00e9o \u00e0 port\u00e9e de clic, on a tous tent\u00e9 un petit plan s\u00e9quence, plan fixe ou travelling. Certains vont plus loin, ils vont jusqu&rsquo;au court&#8230;<\/span><br \/>\n<span style=\"font-size: 12pt;\"> Le court-m\u00e9trage est le jalon quasi in\u00e9vitable de tout cin\u00e9aste en herbe qui r\u00eave d&rsquo;accrocher un jour son nom sur l&rsquo;une des \u00e9toiles sem\u00e9es aux cieux du cin\u00e9ma. Et c&rsquo;est \u00e0 cet exercice qu&rsquo;est consacr\u00e9e la \u00ab 71\u00e8me rencontre interr\u00e9gionale du cin\u00e9ma non commercial \u00bb samedi 27 avril \u00e0 G\u00e9rardmer.<\/span><br \/>\n<span style=\"font-size: 12pt;\"> Par \u00ab non commercial \u00bb, il faut comprendre qu&rsquo;il n&rsquo;a pas b\u00e9n\u00e9fici\u00e9 de la contribution d&rsquo;un producteur, mais rien ne dit qu&rsquo;ensuite un producteur ne puisse s&rsquo;int\u00e9resser \u00e0 lui. \u00c7a s&rsquo;est d\u00e9j\u00e0 vu.<\/span><br \/>\n<span style=\"font-size: 12pt;\"> L&rsquo;\u00e9dition 2019 peut n\u00e9anmoins se r\u00e9jouir d&rsquo;une belle inflation d&rsquo;\u0153uvres en concurrence, avec 26 titres \u00e0 l&rsquo;affiche. <\/span><br \/>\n<span style=\"font-size: 12pt;\"> Le r\u00e8glement leur impose un format de 1 \u00e0 30 minutes. Hors cette contrainte et leur statut \u00ab non commercial \u00bb, le champ de tous les possibles est ouvert aux candidats. C&rsquo;est ainsi que se disputeront le Grand Prix et diverses autres r\u00e9compenses, des documentaires comme des fictions, \u00e0 genre exp\u00e9rimental, fantastique ! Un jury de cin\u00e9philes ou pros du cin\u00e9ma se penchera sur leur sort.<\/span><br \/>\n<span style=\"font-size: 12pt;\"> Les meilleurs d&rsquo;entre eux seront d&rsquo;office s\u00e9lectionn\u00e9s pour la prochaine \u00e9tape, la comp\u00e9tition nationale, qui englobera la r\u00e9gion Grand Est et la Bourgogne Franche-Comt\u00e9 dans la foultitude des autres r\u00e9gions fran\u00e7aises.<\/span> <\/span><\/p>\n<p><strong> Rendez-vous\u00a0Maison\u00a0de\u00a0la\u00a0<wbr \/>culture\u00a0et\u00a0des\u00a0Loisirs\u00a0de\u00a0<wbr \/>G\u00e9rardmer,\u00a0salle\u00a0Andr\u00e9\u00a0<wbr \/>Bourvil\u00a0de\u00a09h\u00a012h\u00a0et\u00a014h\u00a018h<\/strong><br \/>\n<strong> \u00a0<\/strong><\/p>\n<p><strong>R\u00e9compenses\u00a0par\u00a0des\u00a0troph\u00e9es\u00a0<wbr \/>aux\u00a0meilleurs\u00a0films\u00a0seront\u00a0<wbr \/>remis\u00a0au foyer-bar\u00a0de\u00a0la\u00a0MCL\u00a0entre\u00a0<wbr \/>18h\u00a030\u00a0et\u00a019h\u00a030<\/strong><\/p>\n","protected":false},"excerpt":{"rendered":"<p>&nbsp; Samedi\u00a027\u00a0avril\u00a02019\u00a0se\u00a0d\u00e9roulera\u00a0\u00e0\u00a0la\u00a0MCL\u00a0la\u00a0Rencontre\u00a0Interr\u00e9gionale\u00a0de\u00a0courts-m\u00e9trages 2019\u00a0organis\u00e9\u00a0par\u00a0Le\u00a0Gur\u00a0Est,\u00a0\u00ab\u00a0Groupement\u00a0des\u00a0Unions\u00a0R\u00e9gionales\u00a0de\u00a0cin\u00e9ma\u00a0de\u00a0l\u2019Est\u00a0\u00bb Les\u00a0films\u00a0propos\u00e9s\u00a0ont\u00a0\u00e9t\u00e9\u00a0s\u00e9lectionn\u00e9\u00a0par\u00a0les\u00a0jury\u00a0professionnels\u00a0dans\u00a0les\u00a0r\u00e9gions\u00a0\u00a0Alsace,\u00a0Lorraine,\u00a0Franche-comt\u00e9,\u00a0Bourgogne,\u00a0Champagne\u00a0Ardennes. Il\u00a0y\u00a0aura\u00a0donc\u00a030\u00a0films\u00a0en\u00a0comp\u00e9tition\u00a0d\u2019une\u00a0dur\u00e9e\u00a0entre\u00a04\u00a0et\u00a027\u00a0minutes En\u00a0hors\u00a0comp\u00e9tition,\u00a0un\u00a0film\u00a0hommage\u00a0au\u00a0film\u00a0les\u00a0Grandes\u00a0Gueules\u00a0avec\u00a0projection\u00a0en\u00a0hors\u00a0comp\u00e9tition\u00a0du\u00a0film\u00a0\u00ab\u00a0F\u00eate\u00a0B\u00fbcheronne\u00a0\u00bb\u00a0ainsi\u00a0qu\u2019une\u00a0exposition\u00a0d&rsquo;affiches\u00a0et\u00a0photos\u00a0du\u00a0film\u00a0les\u00a0Grandes\u00a0Gueules. Dans la salle Andr\u00e9 Bourvil de la MCL seront donc projet\u00e9s des courts-m\u00e9trages, des [&hellip;]<\/p>\n","protected":false},"author":1,"featured_media":41242,"comment_status":"open","ping_status":"open","sticky":false,"template":"","format":"standard","meta":{"footnotes":""},"categories":[20,4],"tags":[4089,103],"class_list":["post-41241","post","type-post","status-publish","format-standard","has-post-thumbnail","hentry","category-a-la-une","category-culture","tag-journee-interregionale-de-courts-metrages","tag-mcl-gerardmer"],"acf":[],"yoast_head":"<!-- This site is optimized with the Yoast SEO plugin v22.5 - https:\/\/yoast.com\/wordpress\/plugins\/seo\/ -->\n<title>Journ\u00e9e Interr\u00e9gionale de courts-m\u00e9trages - Gerardmer Info<\/title>\n<meta name=\"robots\" content=\"index, follow, max-snippet:-1, max-image-preview:large, max-video-preview:-1\" \/>\n<link rel=\"canonical\" href=\"https:\/\/vosgesinfo.fr\/gerardmerinfo\/2019\/04\/journee-interregionale-de-courts-metrages\/\" \/>\n<meta name=\"twitter:card\" content=\"summary_large_image\" \/>\n<meta name=\"twitter:title\" content=\"Journ\u00e9e Interr\u00e9gionale de courts-m\u00e9trages - Gerardmer Info\" \/>\n<meta name=\"twitter:description\" content=\"&nbsp; Samedi\u00a027\u00a0avril\u00a02019\u00a0se\u00a0d\u00e9roulera\u00a0\u00e0\u00a0la\u00a0MCL\u00a0la\u00a0Rencontre\u00a0Interr\u00e9gionale\u00a0de\u00a0courts-m\u00e9trages 2019\u00a0organis\u00e9\u00a0par\u00a0Le\u00a0Gur\u00a0Est,\u00a0\u00ab\u00a0Groupement\u00a0des\u00a0Unions\u00a0R\u00e9gionales\u00a0de\u00a0cin\u00e9ma\u00a0de\u00a0l\u2019Est\u00a0\u00bb Les\u00a0films\u00a0propos\u00e9s\u00a0ont\u00a0\u00e9t\u00e9\u00a0s\u00e9lectionn\u00e9\u00a0par\u00a0les\u00a0jury\u00a0professionnels\u00a0dans\u00a0les\u00a0r\u00e9gions\u00a0\u00a0Alsace,\u00a0Lorraine,\u00a0Franche-comt\u00e9,\u00a0Bourgogne,\u00a0Champagne\u00a0Ardennes. Il\u00a0y\u00a0aura\u00a0donc\u00a030\u00a0films\u00a0en\u00a0comp\u00e9tition\u00a0d\u2019une\u00a0dur\u00e9e\u00a0entre\u00a04\u00a0et\u00a027\u00a0minutes En\u00a0hors\u00a0comp\u00e9tition,\u00a0un\u00a0film\u00a0hommage\u00a0au\u00a0film\u00a0les\u00a0Grandes\u00a0Gueules\u00a0avec\u00a0projection\u00a0en\u00a0hors\u00a0comp\u00e9tition\u00a0du\u00a0film\u00a0\u00ab\u00a0F\u00eate\u00a0B\u00fbcheronne\u00a0\u00bb\u00a0ainsi\u00a0qu\u2019une\u00a0exposition\u00a0d&rsquo;affiches\u00a0et\u00a0photos\u00a0du\u00a0film\u00a0les\u00a0Grandes\u00a0Gueules. Dans la salle Andr\u00e9 Bourvil de la MCL seront donc projet\u00e9s des courts-m\u00e9trages, des [&hellip;]\" \/>\n<meta name=\"twitter:image\" content=\"https:\/\/vosgesinfo.fr\/app\/uploads\/sites\/6\/2024\/07\/201904affiche-.jpg\" \/>\n<meta name=\"twitter:creator\" content=\"@VosgesInfo88\" \/>\n<meta name=\"twitter:site\" content=\"@VosgesInfo88\" \/>\n<meta name=\"twitter:label1\" content=\"\u00c9crit par\" \/>\n\t<meta name=\"twitter:data1\" content=\"qs_admin\" \/>\n\t<meta name=\"twitter:label2\" content=\"Dur\u00e9e de lecture estim\u00e9e\" \/>\n\t<meta name=\"twitter:data2\" content=\"3 minutes\" \/>\n<script type=\"application\/ld+json\" class=\"yoast-schema-graph\">{\"@context\":\"https:\/\/schema.org\",\"@graph\":[{\"@type\":\"Article\",\"@id\":\"https:\/\/vosgesinfo.fr\/gerardmerinfo\/2019\/04\/journee-interregionale-de-courts-metrages\/#article\",\"isPartOf\":{\"@id\":\"https:\/\/vosgesinfo.fr\/gerardmerinfo\/2019\/04\/journee-interregionale-de-courts-metrages\/\"},\"author\":{\"name\":\"qs_admin\",\"@id\":\"https:\/\/vosgesinfo.fr\/gerardmerinfo\/#\/schema\/person\/bc5d02d71e6932e81b6dadb7386667b1\"},\"headline\":\"Journ\u00e9e Interr\u00e9gionale de courts-m\u00e9trages\",\"datePublished\":\"2019-04-25T07:18:49+00:00\",\"dateModified\":\"2019-04-25T07:18:49+00:00\",\"mainEntityOfPage\":{\"@id\":\"https:\/\/vosgesinfo.fr\/gerardmerinfo\/2019\/04\/journee-interregionale-de-courts-metrages\/\"},\"wordCount\":549,\"commentCount\":0,\"publisher\":{\"@id\":\"https:\/\/vosgesinfo.fr\/gerardmerinfo\/#organization\"},\"image\":{\"@id\":\"https:\/\/vosgesinfo.fr\/gerardmerinfo\/2019\/04\/journee-interregionale-de-courts-metrages\/#primaryimage\"},\"thumbnailUrl\":\"https:\/\/vosgesinfo.fr\/app\/uploads\/sites\/6\/2024\/07\/201904affiche-.jpg\",\"keywords\":[\"journ\u00e9e Interr\u00e9gionale de courts-m\u00e9trages\",\"MCL G\u00e9rardmer\"],\"articleSection\":[\"A la une\",\"Culture\"],\"inLanguage\":\"fr-FR\",\"potentialAction\":[{\"@type\":\"CommentAction\",\"name\":\"Comment\",\"target\":[\"https:\/\/vosgesinfo.fr\/gerardmerinfo\/2019\/04\/journee-interregionale-de-courts-metrages\/#respond\"]}]},{\"@type\":\"WebPage\",\"@id\":\"https:\/\/vosgesinfo.fr\/gerardmerinfo\/2019\/04\/journee-interregionale-de-courts-metrages\/\",\"url\":\"https:\/\/vosgesinfo.fr\/gerardmerinfo\/2019\/04\/journee-interregionale-de-courts-metrages\/\",\"name\":\"Journ\u00e9e Interr\u00e9gionale de courts-m\u00e9trages - Gerardmer Info\",\"isPartOf\":{\"@id\":\"https:\/\/vosgesinfo.fr\/gerardmerinfo\/#website\"},\"primaryImageOfPage\":{\"@id\":\"https:\/\/vosgesinfo.fr\/gerardmerinfo\/2019\/04\/journee-interregionale-de-courts-metrages\/#primaryimage\"},\"image\":{\"@id\":\"https:\/\/vosgesinfo.fr\/gerardmerinfo\/2019\/04\/journee-interregionale-de-courts-metrages\/#primaryimage\"},\"thumbnailUrl\":\"https:\/\/vosgesinfo.fr\/app\/uploads\/sites\/6\/2024\/07\/201904affiche-.jpg\",\"datePublished\":\"2019-04-25T07:18:49+00:00\",\"dateModified\":\"2019-04-25T07:18:49+00:00\",\"breadcrumb\":{\"@id\":\"https:\/\/vosgesinfo.fr\/gerardmerinfo\/2019\/04\/journee-interregionale-de-courts-metrages\/#breadcrumb\"},\"inLanguage\":\"fr-FR\",\"potentialAction\":[{\"@type\":\"ReadAction\",\"target\":[\"https:\/\/vosgesinfo.fr\/gerardmerinfo\/2019\/04\/journee-interregionale-de-courts-metrages\/\"]}]},{\"@type\":\"ImageObject\",\"inLanguage\":\"fr-FR\",\"@id\":\"https:\/\/vosgesinfo.fr\/gerardmerinfo\/2019\/04\/journee-interregionale-de-courts-metrages\/#primaryimage\",\"url\":\"https:\/\/vosgesinfo.fr\/app\/uploads\/sites\/6\/2024\/07\/201904affiche-.jpg\",\"contentUrl\":\"https:\/\/vosgesinfo.fr\/app\/uploads\/sites\/6\/2024\/07\/201904affiche-.jpg\",\"width\":566,\"height\":800},{\"@type\":\"BreadcrumbList\",\"@id\":\"https:\/\/vosgesinfo.fr\/gerardmerinfo\/2019\/04\/journee-interregionale-de-courts-metrages\/#breadcrumb\",\"itemListElement\":[{\"@type\":\"ListItem\",\"position\":1,\"name\":\"Home\",\"item\":\"https:\/\/vosgesinfo.fr\/gerardmerinfo\/\"},{\"@type\":\"ListItem\",\"position\":2,\"name\":\"Journ\u00e9e Interr\u00e9gionale de courts-m\u00e9trages\"}]},{\"@type\":\"WebSite\",\"@id\":\"https:\/\/vosgesinfo.fr\/gerardmerinfo\/#website\",\"url\":\"https:\/\/vosgesinfo.fr\/gerardmerinfo\/\",\"name\":\"Gerardmer Info\",\"description\":\"Toute l&#039;actualit\u00e9 de G\u00e9rardmer\",\"publisher\":{\"@id\":\"https:\/\/vosgesinfo.fr\/gerardmerinfo\/#organization\"},\"alternateName\":\"Toute l'actualit\u00e9 de G\u00e9rardmer\",\"potentialAction\":[{\"@type\":\"SearchAction\",\"target\":{\"@type\":\"EntryPoint\",\"urlTemplate\":\"https:\/\/vosgesinfo.fr\/gerardmerinfo\/?s={search_term_string}\"},\"query-input\":\"required name=search_term_string\"}],\"inLanguage\":\"fr-FR\"},{\"@type\":\"Organization\",\"@id\":\"https:\/\/vosgesinfo.fr\/gerardmerinfo\/#organization\",\"name\":\"Gerardmer Info\",\"url\":\"https:\/\/vosgesinfo.fr\/gerardmerinfo\/\",\"logo\":{\"@type\":\"ImageObject\",\"inLanguage\":\"fr-FR\",\"@id\":\"https:\/\/vosgesinfo.fr\/gerardmerinfo\/#\/schema\/logo\/image\/\",\"url\":\"https:\/\/vosgesinfo.fr\/app\/uploads\/sites\/6\/2023\/08\/favicon-gerardmerinfo.png\",\"contentUrl\":\"https:\/\/vosgesinfo.fr\/app\/uploads\/sites\/6\/2023\/08\/favicon-gerardmerinfo.png\",\"width\":512,\"height\":512,\"caption\":\"Gerardmer Info\"},\"image\":{\"@id\":\"https:\/\/vosgesinfo.fr\/gerardmerinfo\/#\/schema\/logo\/image\/\"},\"sameAs\":[\"https:\/\/www.facebook.com\/profile.php?id=100049475262660\",\"https:\/\/x.com\/VosgesInfo88\",\"https:\/\/www.youtube.com\/@vosgesinfo\"]},{\"@type\":\"Person\",\"@id\":\"https:\/\/vosgesinfo.fr\/gerardmerinfo\/#\/schema\/person\/bc5d02d71e6932e81b6dadb7386667b1\",\"name\":\"qs_admin\",\"image\":{\"@type\":\"ImageObject\",\"inLanguage\":\"fr-FR\",\"@id\":\"https:\/\/vosgesinfo.fr\/gerardmerinfo\/#\/schema\/person\/image\/\",\"url\":\"https:\/\/secure.gravatar.com\/avatar\/94b18ee0ed79e4a42ea2f2931277b6841a8999fc6fde214600c78057cf1fe1de?s=96&d=mm&r=g\",\"contentUrl\":\"https:\/\/secure.gravatar.com\/avatar\/94b18ee0ed79e4a42ea2f2931277b6841a8999fc6fde214600c78057cf1fe1de?s=96&d=mm&r=g\",\"caption\":\"qs_admin\"},\"sameAs\":[\"https:\/\/vosgesinfo.fr\/wp\"],\"url\":\"https:\/\/vosgesinfo.fr\/gerardmerinfo\/author\/qs_admin\/\"}]}<\/script>\n<!-- \/ Yoast SEO plugin. -->","yoast_head_json":{"title":"Journ\u00e9e Interr\u00e9gionale de courts-m\u00e9trages - Gerardmer Info","robots":{"index":"index","follow":"follow","max-snippet":"max-snippet:-1","max-image-preview":"max-image-preview:large","max-video-preview":"max-video-preview:-1"},"canonical":"https:\/\/vosgesinfo.fr\/gerardmerinfo\/2019\/04\/journee-interregionale-de-courts-metrages\/","twitter_card":"summary_large_image","twitter_title":"Journ\u00e9e Interr\u00e9gionale de courts-m\u00e9trages - Gerardmer Info","twitter_description":"&nbsp; Samedi\u00a027\u00a0avril\u00a02019\u00a0se\u00a0d\u00e9roulera\u00a0\u00e0\u00a0la\u00a0MCL\u00a0la\u00a0Rencontre\u00a0Interr\u00e9gionale\u00a0de\u00a0courts-m\u00e9trages 2019\u00a0organis\u00e9\u00a0par\u00a0Le\u00a0Gur\u00a0Est,\u00a0\u00ab\u00a0Groupement\u00a0des\u00a0Unions\u00a0R\u00e9gionales\u00a0de\u00a0cin\u00e9ma\u00a0de\u00a0l\u2019Est\u00a0\u00bb Les\u00a0films\u00a0propos\u00e9s\u00a0ont\u00a0\u00e9t\u00e9\u00a0s\u00e9lectionn\u00e9\u00a0par\u00a0les\u00a0jury\u00a0professionnels\u00a0dans\u00a0les\u00a0r\u00e9gions\u00a0\u00a0Alsace,\u00a0Lorraine,\u00a0Franche-comt\u00e9,\u00a0Bourgogne,\u00a0Champagne\u00a0Ardennes. Il\u00a0y\u00a0aura\u00a0donc\u00a030\u00a0films\u00a0en\u00a0comp\u00e9tition\u00a0d\u2019une\u00a0dur\u00e9e\u00a0entre\u00a04\u00a0et\u00a027\u00a0minutes En\u00a0hors\u00a0comp\u00e9tition,\u00a0un\u00a0film\u00a0hommage\u00a0au\u00a0film\u00a0les\u00a0Grandes\u00a0Gueules\u00a0avec\u00a0projection\u00a0en\u00a0hors\u00a0comp\u00e9tition\u00a0du\u00a0film\u00a0\u00ab\u00a0F\u00eate\u00a0B\u00fbcheronne\u00a0\u00bb\u00a0ainsi\u00a0qu\u2019une\u00a0exposition\u00a0d&rsquo;affiches\u00a0et\u00a0photos\u00a0du\u00a0film\u00a0les\u00a0Grandes\u00a0Gueules. Dans la salle Andr\u00e9 Bourvil de la MCL seront donc projet\u00e9s des courts-m\u00e9trages, des [&hellip;]","twitter_image":"https:\/\/vosgesinfo.fr\/app\/uploads\/sites\/6\/2024\/07\/201904affiche-.jpg","twitter_creator":"@VosgesInfo88","twitter_site":"@VosgesInfo88","twitter_misc":{"\u00c9crit par":"qs_admin","Dur\u00e9e de lecture estim\u00e9e":"3 minutes"},"schema":{"@context":"https:\/\/schema.org","@graph":[{"@type":"Article","@id":"https:\/\/vosgesinfo.fr\/gerardmerinfo\/2019\/04\/journee-interregionale-de-courts-metrages\/#article","isPartOf":{"@id":"https:\/\/vosgesinfo.fr\/gerardmerinfo\/2019\/04\/journee-interregionale-de-courts-metrages\/"},"author":{"name":"qs_admin","@id":"https:\/\/vosgesinfo.fr\/gerardmerinfo\/#\/schema\/person\/bc5d02d71e6932e81b6dadb7386667b1"},"headline":"Journ\u00e9e Interr\u00e9gionale de courts-m\u00e9trages","datePublished":"2019-04-25T07:18:49+00:00","dateModified":"2019-04-25T07:18:49+00:00","mainEntityOfPage":{"@id":"https:\/\/vosgesinfo.fr\/gerardmerinfo\/2019\/04\/journee-interregionale-de-courts-metrages\/"},"wordCount":549,"commentCount":0,"publisher":{"@id":"https:\/\/vosgesinfo.fr\/gerardmerinfo\/#organization"},"image":{"@id":"https:\/\/vosgesinfo.fr\/gerardmerinfo\/2019\/04\/journee-interregionale-de-courts-metrages\/#primaryimage"},"thumbnailUrl":"https:\/\/vosgesinfo.fr\/app\/uploads\/sites\/6\/2024\/07\/201904affiche-.jpg","keywords":["journ\u00e9e Interr\u00e9gionale de courts-m\u00e9trages","MCL G\u00e9rardmer"],"articleSection":["A la une","Culture"],"inLanguage":"fr-FR","potentialAction":[{"@type":"CommentAction","name":"Comment","target":["https:\/\/vosgesinfo.fr\/gerardmerinfo\/2019\/04\/journee-interregionale-de-courts-metrages\/#respond"]}]},{"@type":"WebPage","@id":"https:\/\/vosgesinfo.fr\/gerardmerinfo\/2019\/04\/journee-interregionale-de-courts-metrages\/","url":"https:\/\/vosgesinfo.fr\/gerardmerinfo\/2019\/04\/journee-interregionale-de-courts-metrages\/","name":"Journ\u00e9e Interr\u00e9gionale de courts-m\u00e9trages - Gerardmer Info","isPartOf":{"@id":"https:\/\/vosgesinfo.fr\/gerardmerinfo\/#website"},"primaryImageOfPage":{"@id":"https:\/\/vosgesinfo.fr\/gerardmerinfo\/2019\/04\/journee-interregionale-de-courts-metrages\/#primaryimage"},"image":{"@id":"https:\/\/vosgesinfo.fr\/gerardmerinfo\/2019\/04\/journee-interregionale-de-courts-metrages\/#primaryimage"},"thumbnailUrl":"https:\/\/vosgesinfo.fr\/app\/uploads\/sites\/6\/2024\/07\/201904affiche-.jpg","datePublished":"2019-04-25T07:18:49+00:00","dateModified":"2019-04-25T07:18:49+00:00","breadcrumb":{"@id":"https:\/\/vosgesinfo.fr\/gerardmerinfo\/2019\/04\/journee-interregionale-de-courts-metrages\/#breadcrumb"},"inLanguage":"fr-FR","potentialAction":[{"@type":"ReadAction","target":["https:\/\/vosgesinfo.fr\/gerardmerinfo\/2019\/04\/journee-interregionale-de-courts-metrages\/"]}]},{"@type":"ImageObject","inLanguage":"fr-FR","@id":"https:\/\/vosgesinfo.fr\/gerardmerinfo\/2019\/04\/journee-interregionale-de-courts-metrages\/#primaryimage","url":"https:\/\/vosgesinfo.fr\/app\/uploads\/sites\/6\/2024\/07\/201904affiche-.jpg","contentUrl":"https:\/\/vosgesinfo.fr\/app\/uploads\/sites\/6\/2024\/07\/201904affiche-.jpg","width":566,"height":800},{"@type":"BreadcrumbList","@id":"https:\/\/vosgesinfo.fr\/gerardmerinfo\/2019\/04\/journee-interregionale-de-courts-metrages\/#breadcrumb","itemListElement":[{"@type":"ListItem","position":1,"name":"Home","item":"https:\/\/vosgesinfo.fr\/gerardmerinfo\/"},{"@type":"ListItem","position":2,"name":"Journ\u00e9e Interr\u00e9gionale de courts-m\u00e9trages"}]},{"@type":"WebSite","@id":"https:\/\/vosgesinfo.fr\/gerardmerinfo\/#website","url":"https:\/\/vosgesinfo.fr\/gerardmerinfo\/","name":"Gerardmer Info","description":"Toute l&#039;actualit\u00e9 de G\u00e9rardmer","publisher":{"@id":"https:\/\/vosgesinfo.fr\/gerardmerinfo\/#organization"},"alternateName":"Toute l'actualit\u00e9 de G\u00e9rardmer","potentialAction":[{"@type":"SearchAction","target":{"@type":"EntryPoint","urlTemplate":"https:\/\/vosgesinfo.fr\/gerardmerinfo\/?s={search_term_string}"},"query-input":"required name=search_term_string"}],"inLanguage":"fr-FR"},{"@type":"Organization","@id":"https:\/\/vosgesinfo.fr\/gerardmerinfo\/#organization","name":"Gerardmer Info","url":"https:\/\/vosgesinfo.fr\/gerardmerinfo\/","logo":{"@type":"ImageObject","inLanguage":"fr-FR","@id":"https:\/\/vosgesinfo.fr\/gerardmerinfo\/#\/schema\/logo\/image\/","url":"https:\/\/vosgesinfo.fr\/app\/uploads\/sites\/6\/2023\/08\/favicon-gerardmerinfo.png","contentUrl":"https:\/\/vosgesinfo.fr\/app\/uploads\/sites\/6\/2023\/08\/favicon-gerardmerinfo.png","width":512,"height":512,"caption":"Gerardmer Info"},"image":{"@id":"https:\/\/vosgesinfo.fr\/gerardmerinfo\/#\/schema\/logo\/image\/"},"sameAs":["https:\/\/www.facebook.com\/profile.php?id=100049475262660","https:\/\/x.com\/VosgesInfo88","https:\/\/www.youtube.com\/@vosgesinfo"]},{"@type":"Person","@id":"https:\/\/vosgesinfo.fr\/gerardmerinfo\/#\/schema\/person\/bc5d02d71e6932e81b6dadb7386667b1","name":"qs_admin","image":{"@type":"ImageObject","inLanguage":"fr-FR","@id":"https:\/\/vosgesinfo.fr\/gerardmerinfo\/#\/schema\/person\/image\/","url":"https:\/\/secure.gravatar.com\/avatar\/94b18ee0ed79e4a42ea2f2931277b6841a8999fc6fde214600c78057cf1fe1de?s=96&d=mm&r=g","contentUrl":"https:\/\/secure.gravatar.com\/avatar\/94b18ee0ed79e4a42ea2f2931277b6841a8999fc6fde214600c78057cf1fe1de?s=96&d=mm&r=g","caption":"qs_admin"},"sameAs":["https:\/\/vosgesinfo.fr\/wp"],"url":"https:\/\/vosgesinfo.fr\/gerardmerinfo\/author\/qs_admin\/"}]}},"_links":{"self":[{"href":"https:\/\/vosgesinfo.fr\/gerardmerinfo\/wp-json\/wp\/v2\/posts\/41241","targetHints":{"allow":["GET"]}}],"collection":[{"href":"https:\/\/vosgesinfo.fr\/gerardmerinfo\/wp-json\/wp\/v2\/posts"}],"about":[{"href":"https:\/\/vosgesinfo.fr\/gerardmerinfo\/wp-json\/wp\/v2\/types\/post"}],"author":[{"embeddable":true,"href":"https:\/\/vosgesinfo.fr\/gerardmerinfo\/wp-json\/wp\/v2\/users\/1"}],"replies":[{"embeddable":true,"href":"https:\/\/vosgesinfo.fr\/gerardmerinfo\/wp-json\/wp\/v2\/comments?post=41241"}],"version-history":[{"count":0,"href":"https:\/\/vosgesinfo.fr\/gerardmerinfo\/wp-json\/wp\/v2\/posts\/41241\/revisions"}],"wp:featuredmedia":[{"embeddable":true,"href":"https:\/\/vosgesinfo.fr\/gerardmerinfo\/wp-json\/wp\/v2\/media\/41242"}],"wp:attachment":[{"href":"https:\/\/vosgesinfo.fr\/gerardmerinfo\/wp-json\/wp\/v2\/media?parent=41241"}],"wp:term":[{"taxonomy":"category","embeddable":true,"href":"https:\/\/vosgesinfo.fr\/gerardmerinfo\/wp-json\/wp\/v2\/categories?post=41241"},{"taxonomy":"post_tag","embeddable":true,"href":"https:\/\/vosgesinfo.fr\/gerardmerinfo\/wp-json\/wp\/v2\/tags?post=41241"}],"curies":[{"name":"wp","href":"https:\/\/api.w.org\/{rel}","templated":true}]}}