{"id":41296,"date":"2019-04-28T18:01:59","date_gmt":"2019-04-28T16:01:59","guid":{"rendered":"https:\/\/vosgesinfo.fr\/gerardmerinfo\/2019\/04\/volley-n3-finit-beaute-a-halle-sports\/"},"modified":"2019-04-28T18:01:59","modified_gmt":"2019-04-28T16:01:59","slug":"volley-n3-finit-beaute-a-halle-sports","status":"publish","type":"post","link":"https:\/\/vosgesinfo.fr\/gerardmerinfo\/2019\/04\/volley-n3-finit-beaute-a-halle-sports\/","title":{"rendered":"Volley : la N3 finit en beaut\u00e9 \u00e0 la Halle des Sports"},"content":{"rendered":"<p class=\"x__c1 x_j x__c1\">Victoire 3 sets \u00e0 1 face au CES de Sucy : 25-23\/22-25\/25-22\/25-15<br \/>\nLe six de d\u00e9part pour l&rsquo;ASG\u2009: Totel\u00e9, Dieudonn\u00e9, Mengel, Bonne, L. Jan, G\u00e9rard, lib\u00e9ro\u2009: Durand. Entr\u00e9s en jeu, J. Jan, Didier, Orzes, Bergagnini<\/p>\n<p class=\"x__c1 x_j x__c1\">L&rsquo;AS G\u00e9rardmer Volley avait le plaisir de finir la saison r\u00e9guli\u00e8re \u00e0 la maison ce dimanche en recevant Sucy \u00e0 la Halle des Sports. Des G\u00e9r\u00f4mois qui avaient forc\u00e9ment \u00e0 c\u0153ur de terminer sur une note positive pour remercier leur public auquel ils ne pourraient pas offrir le final four de coupe de France qui se jouera \u00e0 Agde&#8230; \u00d4 rage, \u00f4 d\u00e9sespoir&#8230;<\/p>\n<p class=\"x__c1 x_j x__c1\">La rencontre s&rsquo;annon\u00e7ait donc palpitante avec d&rsquo;un c\u00f4t\u00e9 des locaux remont\u00e9s comme jamais et de l&rsquo;autre des visiteurs qui jouaient la victoire pour s\u2019assurer un barrage en championnat \u00e0 domicile. Que ce soit clair, ce match ne comptait pas pour du beurre m\u00eame si les objectifs \u00e9taient diff\u00e9rents ! Bien que diminu\u00e9s par l&rsquo;absence de Deiber notamment, ce sont les G\u00e9r\u00f4mois qui prenaient le meilleur d\u00e9part (8-2) dans le 1er set avant de se faire rejoindre, puis de remettre un peu la main sur la balle et de s\u2019imposer 25-23 sur le fil. La deuxi\u00e8me manche partait sur les m\u00eames bases (8-2) et les hommes de J\u00e9r\u00f4me Jan semblaient install\u00e9s d\u00e9finitivement dans la manche (18-14) et dans cette partie qui leur tendait les bras. Malheureusement, un trou d&rsquo;air aussi inattendu que catastrophique de la part des locaux remettait Sucy en selle et le set \u00e9chappait \u00e0 G\u00e9rardmer 25-22.<\/p>\n<p class=\"x__c1 x_j x__c1\">Dans la troisi\u00e8me manche, la rentr\u00e9e d\u2019Orzes, souvent d\u00e9cisif cette saison, redonnait du dynamisme \u00e0 l&rsquo;ASG en difficult\u00e9.\u00a0 Mais \u00e0 15-10 pour Sucy, c\u2019est un passage de Lo\u00efc Jan au service qui relan\u00e7ait les locaux (17-15) et permettait d&rsquo;inverser la vapeur. Dieudonn\u00e9 finissait le boulot d\u2019un bloc out pour remporter le set 25-22. La derni\u00e8re manche \u00e9tait une formalit\u00e9 pour l\u2019ASG qui l&#8217;emportait 25-15. Un ultime \u00e9pisode dans lequel le coach J\u00e9r\u00f4me Jan donnait du temps de jeu \u00e0 tout le monde pour une victoire \u00e0 trois points face au 2\u00e8me du championnat, rien que \u00e7a ! Cette prestation convaincante va permettre \u00e0 l&rsquo;\u00e9quipe fanion de pr\u00e9parer sa derni\u00e8re \u00e9ch\u00e9ance sereinement en s&rsquo;appuyant sur une bonne dynamique. Il reste en effet trois semaines aux G\u00e9r\u00f4mois avant ce fameux final four dans lequel ils feront tout pour figurer au mieux. Faisant contre mauvaise fortune bon c\u0153ur, l&rsquo;ASG a bien l&rsquo;intention de transformer ce voyage en terre h\u00e9raultaises en un \u00e9pisode fondateur de l&rsquo;histoire du club tout en faisant briller les couleurs de G\u00e9rardmer !<\/p>\n<p><strong>Les autres r\u00e9sultats :<\/strong><\/p>\n<p>&nbsp;<\/p>\n<p>La R2 F\u00e9minine s&rsquo;incline 3 sets \u00e0 0\u00a0 devant Chaumont : 25 \/13\u00a0 25\/06\u00a0 25\/13<\/p>\n<p>&nbsp;<\/p>\n<p>La R2 Gar\u00e7ons s&rsquo;incline \u00e9galement devant le leader Remiremont 3 sets \u00e0 2 : 23\/25\u00a0 25\/19\u00a0 25\/21\u00a0 24\/26\u00a0 15\/13<\/p>\n<p>&nbsp;<\/p>\n<p><strong>Les matchs de cette semaine :<\/strong><\/p>\n<p>&nbsp;<\/p>\n<p>Jeudi 2 mai\u00a0 d\u00e9placement de l&rsquo;\u00e9quipe loisir 2 \u00e0 Remiremont<\/p>\n<p>&nbsp;<\/p>\n<p>Samedi 4 mai :<\/p>\n<p>&nbsp;<\/p>\n<p>D\u00e9placement des M15 Filles \u00e0 Hettange et de la R2 Filles \u00e0\u00a0 Yutz Thionville<\/p>\n<p>&nbsp;<\/p>\n<p>Tournoi M15 gar\u00e7ons au Gymnase P&amp;P Didier &#8211; D\u00e9but des matchs \u00e0 14H30<\/p>\n<p>&nbsp;<\/p>\n<p>G\u00e9rardmer \/ Constantia de Strasbourg<\/p>\n<p>&nbsp;<\/p>\n<p>Strasbourg\u00a0UC \/ Creutzwald<\/p>\n<p>&nbsp;<\/p>\n<p>suivit de<\/p>\n<p>&nbsp;<\/p>\n<p>G\u00e9rardmer \/ Strasbourg UC<\/p>\n<p>&nbsp;<\/p>\n<p>Contantia de Strasbourg \/ Creutzwald<\/p>\n<p>&nbsp;<\/p>\n<p>Dimanche 5 mai : journ\u00e9e Baby volley au CAM Epinal<\/p>\n","protected":false},"excerpt":{"rendered":"<p>Victoire 3 sets \u00e0 1 face au CES de Sucy : 25-23\/22-25\/25-22\/25-15 Le six de d\u00e9part pour l&rsquo;ASG\u2009: Totel\u00e9, Dieudonn\u00e9, [&hellip;]<\/p>\n","protected":false},"author":1,"featured_media":41297,"comment_status":"open","ping_status":"open","sticky":false,"template":"","format":"standard","meta":{"footnotes":""},"categories":[20,25,14],"tags":[119],"class_list":["post-41296","post","type-post","status-publish","format-standard","has-post-thumbnail","hentry","category-a-la-une","category-gerardmer","category-sport","tag-asg-volley"],"acf":[],"yoast_head":"<!-- This site is optimized with the Yoast SEO plugin v22.5 - https:\/\/yoast.com\/wordpress\/plugins\/seo\/ -->\n<title>Volley : la N3 finit en beaut\u00e9 \u00e0 la Halle des Sports - Gerardmer Info<\/title>\n<meta name=\"robots\" content=\"index, follow, max-snippet:-1, max-image-preview:large, max-video-preview:-1\" \/>\n<link rel=\"canonical\" href=\"https:\/\/vosgesinfo.fr\/gerardmerinfo\/2019\/04\/volley-n3-finit-beaute-a-halle-sports\/\" \/>\n<meta name=\"twitter:card\" content=\"summary_large_image\" \/>\n<meta name=\"twitter:title\" content=\"Volley : la N3 finit en beaut\u00e9 \u00e0 la Halle des Sports - Gerardmer Info\" \/>\n<meta name=\"twitter:description\" content=\"Victoire 3 sets \u00e0 1 face au CES de Sucy : 25-23\/22-25\/25-22\/25-15 Le six de d\u00e9part pour l&rsquo;ASG\u2009: Totel\u00e9, Dieudonn\u00e9, [&hellip;]\" \/>\n<meta name=\"twitter:image\" content=\"https:\/\/vosgesinfo.fr\/app\/uploads\/sites\/6\/2024\/07\/201809asg-volley-pouilly-1-1.jpg\" \/>\n<meta name=\"twitter:creator\" content=\"@VosgesInfo88\" \/>\n<meta name=\"twitter:site\" content=\"@VosgesInfo88\" \/>\n<meta name=\"twitter:label1\" content=\"\u00c9crit par\" \/>\n\t<meta name=\"twitter:data1\" content=\"qs_admin\" \/>\n\t<meta name=\"twitter:label2\" content=\"Dur\u00e9e de lecture estim\u00e9e\" \/>\n\t<meta name=\"twitter:data2\" content=\"3 minutes\" \/>\n<script type=\"application\/ld+json\" class=\"yoast-schema-graph\">{\"@context\":\"https:\/\/schema.org\",\"@graph\":[{\"@type\":\"Article\",\"@id\":\"https:\/\/vosgesinfo.fr\/gerardmerinfo\/2019\/04\/volley-n3-finit-beaute-a-halle-sports\/#article\",\"isPartOf\":{\"@id\":\"https:\/\/vosgesinfo.fr\/gerardmerinfo\/2019\/04\/volley-n3-finit-beaute-a-halle-sports\/\"},\"author\":{\"name\":\"qs_admin\",\"@id\":\"https:\/\/vosgesinfo.fr\/gerardmerinfo\/#\/schema\/person\/bc5d02d71e6932e81b6dadb7386667b1\"},\"headline\":\"Volley : la N3 finit en beaut\u00e9 \u00e0 la Halle des Sports\",\"datePublished\":\"2019-04-28T16:01:59+00:00\",\"dateModified\":\"2019-04-28T16:01:59+00:00\",\"mainEntityOfPage\":{\"@id\":\"https:\/\/vosgesinfo.fr\/gerardmerinfo\/2019\/04\/volley-n3-finit-beaute-a-halle-sports\/\"},\"wordCount\":587,\"commentCount\":0,\"publisher\":{\"@id\":\"https:\/\/vosgesinfo.fr\/gerardmerinfo\/#organization\"},\"image\":{\"@id\":\"https:\/\/vosgesinfo.fr\/gerardmerinfo\/2019\/04\/volley-n3-finit-beaute-a-halle-sports\/#primaryimage\"},\"thumbnailUrl\":\"https:\/\/vosgesinfo.fr\/app\/uploads\/sites\/6\/2024\/07\/201809asg-volley-pouilly-1-1.jpg\",\"keywords\":[\"ASG volley\"],\"articleSection\":[\"A la une\",\"G\u00e9rardmer\",\"Sport\"],\"inLanguage\":\"fr-FR\",\"potentialAction\":[{\"@type\":\"CommentAction\",\"name\":\"Comment\",\"target\":[\"https:\/\/vosgesinfo.fr\/gerardmerinfo\/2019\/04\/volley-n3-finit-beaute-a-halle-sports\/#respond\"]}]},{\"@type\":\"WebPage\",\"@id\":\"https:\/\/vosgesinfo.fr\/gerardmerinfo\/2019\/04\/volley-n3-finit-beaute-a-halle-sports\/\",\"url\":\"https:\/\/vosgesinfo.fr\/gerardmerinfo\/2019\/04\/volley-n3-finit-beaute-a-halle-sports\/\",\"name\":\"Volley : la N3 finit en beaut\u00e9 \u00e0 la Halle des Sports - Gerardmer Info\",\"isPartOf\":{\"@id\":\"https:\/\/vosgesinfo.fr\/gerardmerinfo\/#website\"},\"primaryImageOfPage\":{\"@id\":\"https:\/\/vosgesinfo.fr\/gerardmerinfo\/2019\/04\/volley-n3-finit-beaute-a-halle-sports\/#primaryimage\"},\"image\":{\"@id\":\"https:\/\/vosgesinfo.fr\/gerardmerinfo\/2019\/04\/volley-n3-finit-beaute-a-halle-sports\/#primaryimage\"},\"thumbnailUrl\":\"https:\/\/vosgesinfo.fr\/app\/uploads\/sites\/6\/2024\/07\/201809asg-volley-pouilly-1-1.jpg\",\"datePublished\":\"2019-04-28T16:01:59+00:00\",\"dateModified\":\"2019-04-28T16:01:59+00:00\",\"breadcrumb\":{\"@id\":\"https:\/\/vosgesinfo.fr\/gerardmerinfo\/2019\/04\/volley-n3-finit-beaute-a-halle-sports\/#breadcrumb\"},\"inLanguage\":\"fr-FR\",\"potentialAction\":[{\"@type\":\"ReadAction\",\"target\":[\"https:\/\/vosgesinfo.fr\/gerardmerinfo\/2019\/04\/volley-n3-finit-beaute-a-halle-sports\/\"]}]},{\"@type\":\"ImageObject\",\"inLanguage\":\"fr-FR\",\"@id\":\"https:\/\/vosgesinfo.fr\/gerardmerinfo\/2019\/04\/volley-n3-finit-beaute-a-halle-sports\/#primaryimage\",\"url\":\"https:\/\/vosgesinfo.fr\/app\/uploads\/sites\/6\/2024\/07\/201809asg-volley-pouilly-1-1.jpg\",\"contentUrl\":\"https:\/\/vosgesinfo.fr\/app\/uploads\/sites\/6\/2024\/07\/201809asg-volley-pouilly-1-1.jpg\",\"width\":800,\"height\":450},{\"@type\":\"BreadcrumbList\",\"@id\":\"https:\/\/vosgesinfo.fr\/gerardmerinfo\/2019\/04\/volley-n3-finit-beaute-a-halle-sports\/#breadcrumb\",\"itemListElement\":[{\"@type\":\"ListItem\",\"position\":1,\"name\":\"Home\",\"item\":\"https:\/\/vosgesinfo.fr\/gerardmerinfo\/\"},{\"@type\":\"ListItem\",\"position\":2,\"name\":\"Volley : la N3 finit en beaut\u00e9 \u00e0 la Halle des Sports\"}]},{\"@type\":\"WebSite\",\"@id\":\"https:\/\/vosgesinfo.fr\/gerardmerinfo\/#website\",\"url\":\"https:\/\/vosgesinfo.fr\/gerardmerinfo\/\",\"name\":\"Gerardmer Info\",\"description\":\"Toute l&#039;actualit\u00e9 de G\u00e9rardmer\",\"publisher\":{\"@id\":\"https:\/\/vosgesinfo.fr\/gerardmerinfo\/#organization\"},\"alternateName\":\"Toute l'actualit\u00e9 de G\u00e9rardmer\",\"potentialAction\":[{\"@type\":\"SearchAction\",\"target\":{\"@type\":\"EntryPoint\",\"urlTemplate\":\"https:\/\/vosgesinfo.fr\/gerardmerinfo\/?s={search_term_string}\"},\"query-input\":\"required name=search_term_string\"}],\"inLanguage\":\"fr-FR\"},{\"@type\":\"Organization\",\"@id\":\"https:\/\/vosgesinfo.fr\/gerardmerinfo\/#organization\",\"name\":\"Gerardmer Info\",\"url\":\"https:\/\/vosgesinfo.fr\/gerardmerinfo\/\",\"logo\":{\"@type\":\"ImageObject\",\"inLanguage\":\"fr-FR\",\"@id\":\"https:\/\/vosgesinfo.fr\/gerardmerinfo\/#\/schema\/logo\/image\/\",\"url\":\"https:\/\/vosgesinfo.fr\/app\/uploads\/sites\/6\/2023\/08\/favicon-gerardmerinfo.png\",\"contentUrl\":\"https:\/\/vosgesinfo.fr\/app\/uploads\/sites\/6\/2023\/08\/favicon-gerardmerinfo.png\",\"width\":512,\"height\":512,\"caption\":\"Gerardmer Info\"},\"image\":{\"@id\":\"https:\/\/vosgesinfo.fr\/gerardmerinfo\/#\/schema\/logo\/image\/\"},\"sameAs\":[\"https:\/\/www.facebook.com\/profile.php?id=100049475262660\",\"https:\/\/x.com\/VosgesInfo88\",\"https:\/\/www.youtube.com\/@vosgesinfo\"]},{\"@type\":\"Person\",\"@id\":\"https:\/\/vosgesinfo.fr\/gerardmerinfo\/#\/schema\/person\/bc5d02d71e6932e81b6dadb7386667b1\",\"name\":\"qs_admin\",\"image\":{\"@type\":\"ImageObject\",\"inLanguage\":\"fr-FR\",\"@id\":\"https:\/\/vosgesinfo.fr\/gerardmerinfo\/#\/schema\/person\/image\/\",\"url\":\"https:\/\/secure.gravatar.com\/avatar\/94b18ee0ed79e4a42ea2f2931277b6841a8999fc6fde214600c78057cf1fe1de?s=96&d=mm&r=g\",\"contentUrl\":\"https:\/\/secure.gravatar.com\/avatar\/94b18ee0ed79e4a42ea2f2931277b6841a8999fc6fde214600c78057cf1fe1de?s=96&d=mm&r=g\",\"caption\":\"qs_admin\"},\"sameAs\":[\"https:\/\/vosgesinfo.fr\/wp\"],\"url\":\"https:\/\/vosgesinfo.fr\/gerardmerinfo\/author\/qs_admin\/\"}]}<\/script>\n<!-- \/ Yoast SEO plugin. -->","yoast_head_json":{"title":"Volley : la N3 finit en beaut\u00e9 \u00e0 la Halle des Sports - Gerardmer Info","robots":{"index":"index","follow":"follow","max-snippet":"max-snippet:-1","max-image-preview":"max-image-preview:large","max-video-preview":"max-video-preview:-1"},"canonical":"https:\/\/vosgesinfo.fr\/gerardmerinfo\/2019\/04\/volley-n3-finit-beaute-a-halle-sports\/","twitter_card":"summary_large_image","twitter_title":"Volley : la N3 finit en beaut\u00e9 \u00e0 la Halle des Sports - Gerardmer Info","twitter_description":"Victoire 3 sets \u00e0 1 face au CES de Sucy : 25-23\/22-25\/25-22\/25-15 Le six de d\u00e9part pour l&rsquo;ASG\u2009: Totel\u00e9, Dieudonn\u00e9, [&hellip;]","twitter_image":"https:\/\/vosgesinfo.fr\/app\/uploads\/sites\/6\/2024\/07\/201809asg-volley-pouilly-1-1.jpg","twitter_creator":"@VosgesInfo88","twitter_site":"@VosgesInfo88","twitter_misc":{"\u00c9crit par":"qs_admin","Dur\u00e9e de lecture estim\u00e9e":"3 minutes"},"schema":{"@context":"https:\/\/schema.org","@graph":[{"@type":"Article","@id":"https:\/\/vosgesinfo.fr\/gerardmerinfo\/2019\/04\/volley-n3-finit-beaute-a-halle-sports\/#article","isPartOf":{"@id":"https:\/\/vosgesinfo.fr\/gerardmerinfo\/2019\/04\/volley-n3-finit-beaute-a-halle-sports\/"},"author":{"name":"qs_admin","@id":"https:\/\/vosgesinfo.fr\/gerardmerinfo\/#\/schema\/person\/bc5d02d71e6932e81b6dadb7386667b1"},"headline":"Volley : la N3 finit en beaut\u00e9 \u00e0 la Halle des Sports","datePublished":"2019-04-28T16:01:59+00:00","dateModified":"2019-04-28T16:01:59+00:00","mainEntityOfPage":{"@id":"https:\/\/vosgesinfo.fr\/gerardmerinfo\/2019\/04\/volley-n3-finit-beaute-a-halle-sports\/"},"wordCount":587,"commentCount":0,"publisher":{"@id":"https:\/\/vosgesinfo.fr\/gerardmerinfo\/#organization"},"image":{"@id":"https:\/\/vosgesinfo.fr\/gerardmerinfo\/2019\/04\/volley-n3-finit-beaute-a-halle-sports\/#primaryimage"},"thumbnailUrl":"https:\/\/vosgesinfo.fr\/app\/uploads\/sites\/6\/2024\/07\/201809asg-volley-pouilly-1-1.jpg","keywords":["ASG volley"],"articleSection":["A la une","G\u00e9rardmer","Sport"],"inLanguage":"fr-FR","potentialAction":[{"@type":"CommentAction","name":"Comment","target":["https:\/\/vosgesinfo.fr\/gerardmerinfo\/2019\/04\/volley-n3-finit-beaute-a-halle-sports\/#respond"]}]},{"@type":"WebPage","@id":"https:\/\/vosgesinfo.fr\/gerardmerinfo\/2019\/04\/volley-n3-finit-beaute-a-halle-sports\/","url":"https:\/\/vosgesinfo.fr\/gerardmerinfo\/2019\/04\/volley-n3-finit-beaute-a-halle-sports\/","name":"Volley : la N3 finit en beaut\u00e9 \u00e0 la Halle des Sports - Gerardmer Info","isPartOf":{"@id":"https:\/\/vosgesinfo.fr\/gerardmerinfo\/#website"},"primaryImageOfPage":{"@id":"https:\/\/vosgesinfo.fr\/gerardmerinfo\/2019\/04\/volley-n3-finit-beaute-a-halle-sports\/#primaryimage"},"image":{"@id":"https:\/\/vosgesinfo.fr\/gerardmerinfo\/2019\/04\/volley-n3-finit-beaute-a-halle-sports\/#primaryimage"},"thumbnailUrl":"https:\/\/vosgesinfo.fr\/app\/uploads\/sites\/6\/2024\/07\/201809asg-volley-pouilly-1-1.jpg","datePublished":"2019-04-28T16:01:59+00:00","dateModified":"2019-04-28T16:01:59+00:00","breadcrumb":{"@id":"https:\/\/vosgesinfo.fr\/gerardmerinfo\/2019\/04\/volley-n3-finit-beaute-a-halle-sports\/#breadcrumb"},"inLanguage":"fr-FR","potentialAction":[{"@type":"ReadAction","target":["https:\/\/vosgesinfo.fr\/gerardmerinfo\/2019\/04\/volley-n3-finit-beaute-a-halle-sports\/"]}]},{"@type":"ImageObject","inLanguage":"fr-FR","@id":"https:\/\/vosgesinfo.fr\/gerardmerinfo\/2019\/04\/volley-n3-finit-beaute-a-halle-sports\/#primaryimage","url":"https:\/\/vosgesinfo.fr\/app\/uploads\/sites\/6\/2024\/07\/201809asg-volley-pouilly-1-1.jpg","contentUrl":"https:\/\/vosgesinfo.fr\/app\/uploads\/sites\/6\/2024\/07\/201809asg-volley-pouilly-1-1.jpg","width":800,"height":450},{"@type":"BreadcrumbList","@id":"https:\/\/vosgesinfo.fr\/gerardmerinfo\/2019\/04\/volley-n3-finit-beaute-a-halle-sports\/#breadcrumb","itemListElement":[{"@type":"ListItem","position":1,"name":"Home","item":"https:\/\/vosgesinfo.fr\/gerardmerinfo\/"},{"@type":"ListItem","position":2,"name":"Volley : la N3 finit en beaut\u00e9 \u00e0 la Halle des Sports"}]},{"@type":"WebSite","@id":"https:\/\/vosgesinfo.fr\/gerardmerinfo\/#website","url":"https:\/\/vosgesinfo.fr\/gerardmerinfo\/","name":"Gerardmer Info","description":"Toute l&#039;actualit\u00e9 de G\u00e9rardmer","publisher":{"@id":"https:\/\/vosgesinfo.fr\/gerardmerinfo\/#organization"},"alternateName":"Toute l'actualit\u00e9 de G\u00e9rardmer","potentialAction":[{"@type":"SearchAction","target":{"@type":"EntryPoint","urlTemplate":"https:\/\/vosgesinfo.fr\/gerardmerinfo\/?s={search_term_string}"},"query-input":"required name=search_term_string"}],"inLanguage":"fr-FR"},{"@type":"Organization","@id":"https:\/\/vosgesinfo.fr\/gerardmerinfo\/#organization","name":"Gerardmer Info","url":"https:\/\/vosgesinfo.fr\/gerardmerinfo\/","logo":{"@type":"ImageObject","inLanguage":"fr-FR","@id":"https:\/\/vosgesinfo.fr\/gerardmerinfo\/#\/schema\/logo\/image\/","url":"https:\/\/vosgesinfo.fr\/app\/uploads\/sites\/6\/2023\/08\/favicon-gerardmerinfo.png","contentUrl":"https:\/\/vosgesinfo.fr\/app\/uploads\/sites\/6\/2023\/08\/favicon-gerardmerinfo.png","width":512,"height":512,"caption":"Gerardmer Info"},"image":{"@id":"https:\/\/vosgesinfo.fr\/gerardmerinfo\/#\/schema\/logo\/image\/"},"sameAs":["https:\/\/www.facebook.com\/profile.php?id=100049475262660","https:\/\/x.com\/VosgesInfo88","https:\/\/www.youtube.com\/@vosgesinfo"]},{"@type":"Person","@id":"https:\/\/vosgesinfo.fr\/gerardmerinfo\/#\/schema\/person\/bc5d02d71e6932e81b6dadb7386667b1","name":"qs_admin","image":{"@type":"ImageObject","inLanguage":"fr-FR","@id":"https:\/\/vosgesinfo.fr\/gerardmerinfo\/#\/schema\/person\/image\/","url":"https:\/\/secure.gravatar.com\/avatar\/94b18ee0ed79e4a42ea2f2931277b6841a8999fc6fde214600c78057cf1fe1de?s=96&d=mm&r=g","contentUrl":"https:\/\/secure.gravatar.com\/avatar\/94b18ee0ed79e4a42ea2f2931277b6841a8999fc6fde214600c78057cf1fe1de?s=96&d=mm&r=g","caption":"qs_admin"},"sameAs":["https:\/\/vosgesinfo.fr\/wp"],"url":"https:\/\/vosgesinfo.fr\/gerardmerinfo\/author\/qs_admin\/"}]}},"_links":{"self":[{"href":"https:\/\/vosgesinfo.fr\/gerardmerinfo\/wp-json\/wp\/v2\/posts\/41296","targetHints":{"allow":["GET"]}}],"collection":[{"href":"https:\/\/vosgesinfo.fr\/gerardmerinfo\/wp-json\/wp\/v2\/posts"}],"about":[{"href":"https:\/\/vosgesinfo.fr\/gerardmerinfo\/wp-json\/wp\/v2\/types\/post"}],"author":[{"embeddable":true,"href":"https:\/\/vosgesinfo.fr\/gerardmerinfo\/wp-json\/wp\/v2\/users\/1"}],"replies":[{"embeddable":true,"href":"https:\/\/vosgesinfo.fr\/gerardmerinfo\/wp-json\/wp\/v2\/comments?post=41296"}],"version-history":[{"count":0,"href":"https:\/\/vosgesinfo.fr\/gerardmerinfo\/wp-json\/wp\/v2\/posts\/41296\/revisions"}],"wp:featuredmedia":[{"embeddable":true,"href":"https:\/\/vosgesinfo.fr\/gerardmerinfo\/wp-json\/wp\/v2\/media\/41297"}],"wp:attachment":[{"href":"https:\/\/vosgesinfo.fr\/gerardmerinfo\/wp-json\/wp\/v2\/media?parent=41296"}],"wp:term":[{"taxonomy":"category","embeddable":true,"href":"https:\/\/vosgesinfo.fr\/gerardmerinfo\/wp-json\/wp\/v2\/categories?post=41296"},{"taxonomy":"post_tag","embeddable":true,"href":"https:\/\/vosgesinfo.fr\/gerardmerinfo\/wp-json\/wp\/v2\/tags?post=41296"}],"curies":[{"name":"wp","href":"https:\/\/api.w.org\/{rel}","templated":true}]}}