{"id":41502,"date":"2019-05-08T17:15:24","date_gmt":"2019-05-08T15:15:24","guid":{"rendered":"https:\/\/vosgesinfo.fr\/gerardmerinfo\/2019\/05\/aviron-week-end-pluvieux-resultats-heureux\/"},"modified":"2019-05-08T17:15:24","modified_gmt":"2019-05-08T15:15:24","slug":"aviron-week-end-pluvieux-resultats-heureux","status":"publish","type":"post","link":"https:\/\/vosgesinfo.fr\/gerardmerinfo\/2019\/05\/aviron-week-end-pluvieux-resultats-heureux\/","title":{"rendered":"Aviron : week-end pluvieux, r\u00e9sultats heureux !"},"content":{"rendered":"\n<h2><span style=\"font-size: 12pt;\">Les jeunes J13 et J14 et J16 sont partis ce week-end \u00e0 Charleville-M\u00e9zi\u00e8res pour participer \u00e0 l\u2019\u00e9preuve Grand Est. Une des deux \u00e9tapes obligatoires pour pouvoir acc\u00e9der au championnat national jeunes qui se d\u00e9roulera les 28, 29 et 30 juin \u00e0 Mantes-la-Jolie\u2026<\/span><\/h2>\n<p>Dixit Jean-Marc, l\u2019entra\u00eeneur\u2026 Les conditions m\u00e9t\u00e9orologiques \u00e9taient difficiles, mais pas pour des vosgiennes !<\/p>\n<p>La journ\u00e9e de samedi, se sont d\u00e9roul\u00e9es les courses en skiff (individuel) et en double. Clothilde RUAUX et Margot VOINSON se sont class\u00e9es seconde de leur manche. D\u00e9ception car elles n\u2019ont jamais pu utiliser leur potentiel, la faute \u00e0 leur bateau, dont elles ont perdu la d\u00e9rive ! Un coup \u00e0 gauche\u2026 Un coup \u00e0 droite\u2026 C\u2019est dur de ramer en faisant le crabe ! Des regrets car elles finissent malgr\u00e9 tout avec le 3\u00e8me temps ! Anna COMINOTTI et Alice CATELLA ont effectu\u00e9 un bon parcours, toujours en bord \u00e0 bord avec Verdun, elles ont fait ce qu\u2019il fallait pour s\u2019imposer dans cette manche pour se classer 7\u00e8me au g\u00e9n\u00e9ral. En skiff, belle bagarre de L\u00e9ontine IMBERT, mais elle n\u2019est pas parvenue \u00e0 d\u00e9passer la d\u00e9multipli\u00e9e en fin de parcours, un petit manque de rythme suite \u00e0 une blessure, elle termine cependant seconde de sa manche et 5\u00e8me au g\u00e9n\u00e9ral. Charlotte MANSUY, seule J12 dans une course J13 est partie sereinement, elle a produit un effort r\u00e9gulier et avec application, un beau coup d\u2019aviron propuls\u00e9 \u00e0 sa cadence, elle se classe 4\u00e8me au g\u00e9n\u00e9ral. Quant \u00e0 Pauline ETIENNE, fid\u00e8le \u00e0 ses qualit\u00e9s intrins\u00e8ques, elle est partie tr\u00e8s vite, ne voulant se faire dicter sa course par personne. Elle a maintenu son rythme infernal tout au long des mille m\u00e8tres pour s\u2019imposer \u00ab avec un boulevard \u00bb, elle se classe 2\u00e8me au g\u00e9n\u00e9ral !<\/p>\n<p>Le temps \u00e9tait tellement capricieux que Valentine CHIPOT et Abbyga\u00eblle COURTELLEMONT n\u2019ont pu courir le matin, mais seulement dans l\u2019apr\u00e8s-midi. Valentine, apr\u00e8s quelques erreurs techniques, a fini par ma\u00eetriser de belle mani\u00e8re l\u2019opposition pour gagner sa course et se classer 2\u00e8me au g\u00e9n\u00e9ral ! Abbyga\u00eblle n\u2019a pu malheureusement exploiter tout son potentiel.<\/p>\n<p>Le double d\u2019Isaure GASPARD et Lily RUAUX s\u2019est class\u00e9 6\u00e8me d\u2019une course de belle facture. La volont\u00e9 \u00e9tait bien pr\u00e9sente, mais elles devront faire mieux pour esp\u00e9rer un meilleur classement lors des championnats de zone.<\/p>\n<p>Les gar\u00e7ons en double ont \u00e9t\u00e9 d\u00e9pass\u00e9s\u2026 Stanislas RUAUX et Charles GASPARD se sont class\u00e9s 10\u00e8me. Pourtant, ils avaient, individuellement, montr\u00e9 de belles choses en finissant en 7\u00e8me position pour Stanislas et 13\u00e8me pour Charles.<\/p>\n<p>Le dimanche devaient se d\u00e9rouler les courses en bateau de 4 et de 8. Seule la course en 8 a pu avoir lieu, les vagues ayant eu raison des courses en 4. L\u2019\u00e9quipage de nos g\u00e9r\u00f4moises (compos\u00e9 de Margot VOINSON, Abbyga\u00eblle COURTELLEMONT, Valentine CHIPOT, Anna COMINOTTI, L\u00e9ontine IMBERT, Pauline ETIENNE, Alice CATELLA et Charlotte MANSUY) a montr\u00e9 un bel ensemble, tr\u00e8s coh\u00e9rent dans son coup d\u2019aviron ! Les filles ont surclass\u00e9 l\u2019\u00e9quipage de Soissons pour remporter la premi\u00e8re place ! Il reste un peu de travail pour leur permettre d\u2019\u00eatre dans les meilleures fran\u00e7aises\u2026<\/p>\n<p>De superbes performances dans tous les cas, qui positionnent le club de l\u2019ASG AVIRON \u00e0 la premi\u00e8re place du classement filles Grand Est Champagne Ardennes !<\/p>\n<p>Prochaine grande \u00e9ch\u00e9ance mi-juin pour les championnats de zone, toujours \u00e0 Charleville-M\u00e9zi\u00e8res ! Une r\u00e9gate \u00e0 Pont-\u00e0-Mousson le 26 mai 2019 pour patienter.<\/p>\n<p>&nbsp;<\/p>\n<p>Caroline COMINOTTI pour l\u2019ASG AVIRON.<\/p>\n","protected":false},"excerpt":{"rendered":"<p>Les jeunes J13 et J14 et J16 sont partis ce week-end \u00e0 Charleville-M\u00e9zi\u00e8res pour participer \u00e0 l\u2019\u00e9preuve Grand Est. Une [&hellip;]<\/p>\n","protected":false},"author":1,"featured_media":41503,"comment_status":"open","ping_status":"open","sticky":false,"template":"","format":"standard","meta":{"footnotes":""},"categories":[20,14],"tags":[174],"class_list":["post-41502","post","type-post","status-publish","format-standard","has-post-thumbnail","hentry","category-a-la-une","category-sport","tag-asg-aviron"],"acf":[],"yoast_head":"<!-- This site is optimized with the Yoast SEO plugin v22.5 - https:\/\/yoast.com\/wordpress\/plugins\/seo\/ -->\n<title>Aviron : week-end pluvieux, r\u00e9sultats heureux ! - Gerardmer Info<\/title>\n<meta name=\"robots\" content=\"index, follow, max-snippet:-1, max-image-preview:large, max-video-preview:-1\" \/>\n<link rel=\"canonical\" href=\"https:\/\/vosgesinfo.fr\/gerardmerinfo\/2019\/05\/aviron-week-end-pluvieux-resultats-heureux\/\" \/>\n<meta name=\"twitter:card\" content=\"summary_large_image\" \/>\n<meta name=\"twitter:title\" content=\"Aviron : week-end pluvieux, r\u00e9sultats heureux ! - Gerardmer Info\" \/>\n<meta name=\"twitter:description\" content=\"Les jeunes J13 et J14 et J16 sont partis ce week-end \u00e0 Charleville-M\u00e9zi\u00e8res pour participer \u00e0 l\u2019\u00e9preuve Grand Est. Une [&hellip;]\" \/>\n<meta name=\"twitter:image\" content=\"https:\/\/vosgesinfo.fr\/app\/uploads\/sites\/6\/2024\/07\/201905aviron-mai-2019.jpg\" \/>\n<meta name=\"twitter:creator\" content=\"@VosgesInfo88\" \/>\n<meta name=\"twitter:site\" content=\"@VosgesInfo88\" \/>\n<meta name=\"twitter:label1\" content=\"\u00c9crit par\" \/>\n\t<meta name=\"twitter:data1\" content=\"qs_admin\" \/>\n\t<meta name=\"twitter:label2\" content=\"Dur\u00e9e de lecture estim\u00e9e\" \/>\n\t<meta name=\"twitter:data2\" content=\"3 minutes\" \/>\n<script type=\"application\/ld+json\" class=\"yoast-schema-graph\">{\"@context\":\"https:\/\/schema.org\",\"@graph\":[{\"@type\":\"Article\",\"@id\":\"https:\/\/vosgesinfo.fr\/gerardmerinfo\/2019\/05\/aviron-week-end-pluvieux-resultats-heureux\/#article\",\"isPartOf\":{\"@id\":\"https:\/\/vosgesinfo.fr\/gerardmerinfo\/2019\/05\/aviron-week-end-pluvieux-resultats-heureux\/\"},\"author\":{\"name\":\"qs_admin\",\"@id\":\"https:\/\/vosgesinfo.fr\/gerardmerinfo\/#\/schema\/person\/bc5d02d71e6932e81b6dadb7386667b1\"},\"headline\":\"Aviron : week-end pluvieux, r\u00e9sultats heureux !\",\"datePublished\":\"2019-05-08T15:15:24+00:00\",\"dateModified\":\"2019-05-08T15:15:24+00:00\",\"mainEntityOfPage\":{\"@id\":\"https:\/\/vosgesinfo.fr\/gerardmerinfo\/2019\/05\/aviron-week-end-pluvieux-resultats-heureux\/\"},\"wordCount\":621,\"commentCount\":0,\"publisher\":{\"@id\":\"https:\/\/vosgesinfo.fr\/gerardmerinfo\/#organization\"},\"image\":{\"@id\":\"https:\/\/vosgesinfo.fr\/gerardmerinfo\/2019\/05\/aviron-week-end-pluvieux-resultats-heureux\/#primaryimage\"},\"thumbnailUrl\":\"https:\/\/vosgesinfo.fr\/app\/uploads\/sites\/6\/2024\/07\/201905aviron-mai-2019.jpg\",\"keywords\":[\"asg aviron\"],\"articleSection\":[\"A la une\",\"Sport\"],\"inLanguage\":\"fr-FR\",\"potentialAction\":[{\"@type\":\"CommentAction\",\"name\":\"Comment\",\"target\":[\"https:\/\/vosgesinfo.fr\/gerardmerinfo\/2019\/05\/aviron-week-end-pluvieux-resultats-heureux\/#respond\"]}]},{\"@type\":\"WebPage\",\"@id\":\"https:\/\/vosgesinfo.fr\/gerardmerinfo\/2019\/05\/aviron-week-end-pluvieux-resultats-heureux\/\",\"url\":\"https:\/\/vosgesinfo.fr\/gerardmerinfo\/2019\/05\/aviron-week-end-pluvieux-resultats-heureux\/\",\"name\":\"Aviron : week-end pluvieux, r\u00e9sultats heureux ! - Gerardmer Info\",\"isPartOf\":{\"@id\":\"https:\/\/vosgesinfo.fr\/gerardmerinfo\/#website\"},\"primaryImageOfPage\":{\"@id\":\"https:\/\/vosgesinfo.fr\/gerardmerinfo\/2019\/05\/aviron-week-end-pluvieux-resultats-heureux\/#primaryimage\"},\"image\":{\"@id\":\"https:\/\/vosgesinfo.fr\/gerardmerinfo\/2019\/05\/aviron-week-end-pluvieux-resultats-heureux\/#primaryimage\"},\"thumbnailUrl\":\"https:\/\/vosgesinfo.fr\/app\/uploads\/sites\/6\/2024\/07\/201905aviron-mai-2019.jpg\",\"datePublished\":\"2019-05-08T15:15:24+00:00\",\"dateModified\":\"2019-05-08T15:15:24+00:00\",\"breadcrumb\":{\"@id\":\"https:\/\/vosgesinfo.fr\/gerardmerinfo\/2019\/05\/aviron-week-end-pluvieux-resultats-heureux\/#breadcrumb\"},\"inLanguage\":\"fr-FR\",\"potentialAction\":[{\"@type\":\"ReadAction\",\"target\":[\"https:\/\/vosgesinfo.fr\/gerardmerinfo\/2019\/05\/aviron-week-end-pluvieux-resultats-heureux\/\"]}]},{\"@type\":\"ImageObject\",\"inLanguage\":\"fr-FR\",\"@id\":\"https:\/\/vosgesinfo.fr\/gerardmerinfo\/2019\/05\/aviron-week-end-pluvieux-resultats-heureux\/#primaryimage\",\"url\":\"https:\/\/vosgesinfo.fr\/app\/uploads\/sites\/6\/2024\/07\/201905aviron-mai-2019.jpg\",\"contentUrl\":\"https:\/\/vosgesinfo.fr\/app\/uploads\/sites\/6\/2024\/07\/201905aviron-mai-2019.jpg\",\"width\":480,\"height\":360},{\"@type\":\"BreadcrumbList\",\"@id\":\"https:\/\/vosgesinfo.fr\/gerardmerinfo\/2019\/05\/aviron-week-end-pluvieux-resultats-heureux\/#breadcrumb\",\"itemListElement\":[{\"@type\":\"ListItem\",\"position\":1,\"name\":\"Home\",\"item\":\"https:\/\/vosgesinfo.fr\/gerardmerinfo\/\"},{\"@type\":\"ListItem\",\"position\":2,\"name\":\"Aviron : week-end pluvieux, r\u00e9sultats heureux !\"}]},{\"@type\":\"WebSite\",\"@id\":\"https:\/\/vosgesinfo.fr\/gerardmerinfo\/#website\",\"url\":\"https:\/\/vosgesinfo.fr\/gerardmerinfo\/\",\"name\":\"Gerardmer Info\",\"description\":\"Toute l&#039;actualit\u00e9 de G\u00e9rardmer\",\"publisher\":{\"@id\":\"https:\/\/vosgesinfo.fr\/gerardmerinfo\/#organization\"},\"alternateName\":\"Toute l'actualit\u00e9 de G\u00e9rardmer\",\"potentialAction\":[{\"@type\":\"SearchAction\",\"target\":{\"@type\":\"EntryPoint\",\"urlTemplate\":\"https:\/\/vosgesinfo.fr\/gerardmerinfo\/?s={search_term_string}\"},\"query-input\":\"required name=search_term_string\"}],\"inLanguage\":\"fr-FR\"},{\"@type\":\"Organization\",\"@id\":\"https:\/\/vosgesinfo.fr\/gerardmerinfo\/#organization\",\"name\":\"Gerardmer Info\",\"url\":\"https:\/\/vosgesinfo.fr\/gerardmerinfo\/\",\"logo\":{\"@type\":\"ImageObject\",\"inLanguage\":\"fr-FR\",\"@id\":\"https:\/\/vosgesinfo.fr\/gerardmerinfo\/#\/schema\/logo\/image\/\",\"url\":\"https:\/\/vosgesinfo.fr\/app\/uploads\/sites\/6\/2023\/08\/favicon-gerardmerinfo.png\",\"contentUrl\":\"https:\/\/vosgesinfo.fr\/app\/uploads\/sites\/6\/2023\/08\/favicon-gerardmerinfo.png\",\"width\":512,\"height\":512,\"caption\":\"Gerardmer Info\"},\"image\":{\"@id\":\"https:\/\/vosgesinfo.fr\/gerardmerinfo\/#\/schema\/logo\/image\/\"},\"sameAs\":[\"https:\/\/www.facebook.com\/profile.php?id=100049475262660\",\"https:\/\/x.com\/VosgesInfo88\",\"https:\/\/www.youtube.com\/@vosgesinfo\"]},{\"@type\":\"Person\",\"@id\":\"https:\/\/vosgesinfo.fr\/gerardmerinfo\/#\/schema\/person\/bc5d02d71e6932e81b6dadb7386667b1\",\"name\":\"qs_admin\",\"image\":{\"@type\":\"ImageObject\",\"inLanguage\":\"fr-FR\",\"@id\":\"https:\/\/vosgesinfo.fr\/gerardmerinfo\/#\/schema\/person\/image\/\",\"url\":\"https:\/\/secure.gravatar.com\/avatar\/94b18ee0ed79e4a42ea2f2931277b6841a8999fc6fde214600c78057cf1fe1de?s=96&d=mm&r=g\",\"contentUrl\":\"https:\/\/secure.gravatar.com\/avatar\/94b18ee0ed79e4a42ea2f2931277b6841a8999fc6fde214600c78057cf1fe1de?s=96&d=mm&r=g\",\"caption\":\"qs_admin\"},\"sameAs\":[\"https:\/\/vosgesinfo.fr\/wp\"],\"url\":\"https:\/\/vosgesinfo.fr\/gerardmerinfo\/author\/qs_admin\/\"}]}<\/script>\n<!-- \/ Yoast SEO plugin. -->","yoast_head_json":{"title":"Aviron : week-end pluvieux, r\u00e9sultats heureux ! - Gerardmer Info","robots":{"index":"index","follow":"follow","max-snippet":"max-snippet:-1","max-image-preview":"max-image-preview:large","max-video-preview":"max-video-preview:-1"},"canonical":"https:\/\/vosgesinfo.fr\/gerardmerinfo\/2019\/05\/aviron-week-end-pluvieux-resultats-heureux\/","twitter_card":"summary_large_image","twitter_title":"Aviron : week-end pluvieux, r\u00e9sultats heureux ! - Gerardmer Info","twitter_description":"Les jeunes J13 et J14 et J16 sont partis ce week-end \u00e0 Charleville-M\u00e9zi\u00e8res pour participer \u00e0 l\u2019\u00e9preuve Grand Est. Une [&hellip;]","twitter_image":"https:\/\/vosgesinfo.fr\/app\/uploads\/sites\/6\/2024\/07\/201905aviron-mai-2019.jpg","twitter_creator":"@VosgesInfo88","twitter_site":"@VosgesInfo88","twitter_misc":{"\u00c9crit par":"qs_admin","Dur\u00e9e de lecture estim\u00e9e":"3 minutes"},"schema":{"@context":"https:\/\/schema.org","@graph":[{"@type":"Article","@id":"https:\/\/vosgesinfo.fr\/gerardmerinfo\/2019\/05\/aviron-week-end-pluvieux-resultats-heureux\/#article","isPartOf":{"@id":"https:\/\/vosgesinfo.fr\/gerardmerinfo\/2019\/05\/aviron-week-end-pluvieux-resultats-heureux\/"},"author":{"name":"qs_admin","@id":"https:\/\/vosgesinfo.fr\/gerardmerinfo\/#\/schema\/person\/bc5d02d71e6932e81b6dadb7386667b1"},"headline":"Aviron : week-end pluvieux, r\u00e9sultats heureux !","datePublished":"2019-05-08T15:15:24+00:00","dateModified":"2019-05-08T15:15:24+00:00","mainEntityOfPage":{"@id":"https:\/\/vosgesinfo.fr\/gerardmerinfo\/2019\/05\/aviron-week-end-pluvieux-resultats-heureux\/"},"wordCount":621,"commentCount":0,"publisher":{"@id":"https:\/\/vosgesinfo.fr\/gerardmerinfo\/#organization"},"image":{"@id":"https:\/\/vosgesinfo.fr\/gerardmerinfo\/2019\/05\/aviron-week-end-pluvieux-resultats-heureux\/#primaryimage"},"thumbnailUrl":"https:\/\/vosgesinfo.fr\/app\/uploads\/sites\/6\/2024\/07\/201905aviron-mai-2019.jpg","keywords":["asg aviron"],"articleSection":["A la une","Sport"],"inLanguage":"fr-FR","potentialAction":[{"@type":"CommentAction","name":"Comment","target":["https:\/\/vosgesinfo.fr\/gerardmerinfo\/2019\/05\/aviron-week-end-pluvieux-resultats-heureux\/#respond"]}]},{"@type":"WebPage","@id":"https:\/\/vosgesinfo.fr\/gerardmerinfo\/2019\/05\/aviron-week-end-pluvieux-resultats-heureux\/","url":"https:\/\/vosgesinfo.fr\/gerardmerinfo\/2019\/05\/aviron-week-end-pluvieux-resultats-heureux\/","name":"Aviron : week-end pluvieux, r\u00e9sultats heureux ! - Gerardmer Info","isPartOf":{"@id":"https:\/\/vosgesinfo.fr\/gerardmerinfo\/#website"},"primaryImageOfPage":{"@id":"https:\/\/vosgesinfo.fr\/gerardmerinfo\/2019\/05\/aviron-week-end-pluvieux-resultats-heureux\/#primaryimage"},"image":{"@id":"https:\/\/vosgesinfo.fr\/gerardmerinfo\/2019\/05\/aviron-week-end-pluvieux-resultats-heureux\/#primaryimage"},"thumbnailUrl":"https:\/\/vosgesinfo.fr\/app\/uploads\/sites\/6\/2024\/07\/201905aviron-mai-2019.jpg","datePublished":"2019-05-08T15:15:24+00:00","dateModified":"2019-05-08T15:15:24+00:00","breadcrumb":{"@id":"https:\/\/vosgesinfo.fr\/gerardmerinfo\/2019\/05\/aviron-week-end-pluvieux-resultats-heureux\/#breadcrumb"},"inLanguage":"fr-FR","potentialAction":[{"@type":"ReadAction","target":["https:\/\/vosgesinfo.fr\/gerardmerinfo\/2019\/05\/aviron-week-end-pluvieux-resultats-heureux\/"]}]},{"@type":"ImageObject","inLanguage":"fr-FR","@id":"https:\/\/vosgesinfo.fr\/gerardmerinfo\/2019\/05\/aviron-week-end-pluvieux-resultats-heureux\/#primaryimage","url":"https:\/\/vosgesinfo.fr\/app\/uploads\/sites\/6\/2024\/07\/201905aviron-mai-2019.jpg","contentUrl":"https:\/\/vosgesinfo.fr\/app\/uploads\/sites\/6\/2024\/07\/201905aviron-mai-2019.jpg","width":480,"height":360},{"@type":"BreadcrumbList","@id":"https:\/\/vosgesinfo.fr\/gerardmerinfo\/2019\/05\/aviron-week-end-pluvieux-resultats-heureux\/#breadcrumb","itemListElement":[{"@type":"ListItem","position":1,"name":"Home","item":"https:\/\/vosgesinfo.fr\/gerardmerinfo\/"},{"@type":"ListItem","position":2,"name":"Aviron : week-end pluvieux, r\u00e9sultats heureux !"}]},{"@type":"WebSite","@id":"https:\/\/vosgesinfo.fr\/gerardmerinfo\/#website","url":"https:\/\/vosgesinfo.fr\/gerardmerinfo\/","name":"Gerardmer Info","description":"Toute l&#039;actualit\u00e9 de G\u00e9rardmer","publisher":{"@id":"https:\/\/vosgesinfo.fr\/gerardmerinfo\/#organization"},"alternateName":"Toute l'actualit\u00e9 de G\u00e9rardmer","potentialAction":[{"@type":"SearchAction","target":{"@type":"EntryPoint","urlTemplate":"https:\/\/vosgesinfo.fr\/gerardmerinfo\/?s={search_term_string}"},"query-input":"required name=search_term_string"}],"inLanguage":"fr-FR"},{"@type":"Organization","@id":"https:\/\/vosgesinfo.fr\/gerardmerinfo\/#organization","name":"Gerardmer Info","url":"https:\/\/vosgesinfo.fr\/gerardmerinfo\/","logo":{"@type":"ImageObject","inLanguage":"fr-FR","@id":"https:\/\/vosgesinfo.fr\/gerardmerinfo\/#\/schema\/logo\/image\/","url":"https:\/\/vosgesinfo.fr\/app\/uploads\/sites\/6\/2023\/08\/favicon-gerardmerinfo.png","contentUrl":"https:\/\/vosgesinfo.fr\/app\/uploads\/sites\/6\/2023\/08\/favicon-gerardmerinfo.png","width":512,"height":512,"caption":"Gerardmer Info"},"image":{"@id":"https:\/\/vosgesinfo.fr\/gerardmerinfo\/#\/schema\/logo\/image\/"},"sameAs":["https:\/\/www.facebook.com\/profile.php?id=100049475262660","https:\/\/x.com\/VosgesInfo88","https:\/\/www.youtube.com\/@vosgesinfo"]},{"@type":"Person","@id":"https:\/\/vosgesinfo.fr\/gerardmerinfo\/#\/schema\/person\/bc5d02d71e6932e81b6dadb7386667b1","name":"qs_admin","image":{"@type":"ImageObject","inLanguage":"fr-FR","@id":"https:\/\/vosgesinfo.fr\/gerardmerinfo\/#\/schema\/person\/image\/","url":"https:\/\/secure.gravatar.com\/avatar\/94b18ee0ed79e4a42ea2f2931277b6841a8999fc6fde214600c78057cf1fe1de?s=96&d=mm&r=g","contentUrl":"https:\/\/secure.gravatar.com\/avatar\/94b18ee0ed79e4a42ea2f2931277b6841a8999fc6fde214600c78057cf1fe1de?s=96&d=mm&r=g","caption":"qs_admin"},"sameAs":["https:\/\/vosgesinfo.fr\/wp"],"url":"https:\/\/vosgesinfo.fr\/gerardmerinfo\/author\/qs_admin\/"}]}},"_links":{"self":[{"href":"https:\/\/vosgesinfo.fr\/gerardmerinfo\/wp-json\/wp\/v2\/posts\/41502","targetHints":{"allow":["GET"]}}],"collection":[{"href":"https:\/\/vosgesinfo.fr\/gerardmerinfo\/wp-json\/wp\/v2\/posts"}],"about":[{"href":"https:\/\/vosgesinfo.fr\/gerardmerinfo\/wp-json\/wp\/v2\/types\/post"}],"author":[{"embeddable":true,"href":"https:\/\/vosgesinfo.fr\/gerardmerinfo\/wp-json\/wp\/v2\/users\/1"}],"replies":[{"embeddable":true,"href":"https:\/\/vosgesinfo.fr\/gerardmerinfo\/wp-json\/wp\/v2\/comments?post=41502"}],"version-history":[{"count":0,"href":"https:\/\/vosgesinfo.fr\/gerardmerinfo\/wp-json\/wp\/v2\/posts\/41502\/revisions"}],"wp:featuredmedia":[{"embeddable":true,"href":"https:\/\/vosgesinfo.fr\/gerardmerinfo\/wp-json\/wp\/v2\/media\/41503"}],"wp:attachment":[{"href":"https:\/\/vosgesinfo.fr\/gerardmerinfo\/wp-json\/wp\/v2\/media?parent=41502"}],"wp:term":[{"taxonomy":"category","embeddable":true,"href":"https:\/\/vosgesinfo.fr\/gerardmerinfo\/wp-json\/wp\/v2\/categories?post=41502"},{"taxonomy":"post_tag","embeddable":true,"href":"https:\/\/vosgesinfo.fr\/gerardmerinfo\/wp-json\/wp\/v2\/tags?post=41502"}],"curies":[{"name":"wp","href":"https:\/\/api.w.org\/{rel}","templated":true}]}}