{"id":41529,"date":"2019-05-09T13:44:20","date_gmt":"2019-05-09T11:44:20","guid":{"rendered":"https:\/\/vosgesinfo.fr\/gerardmerinfo\/2019\/05\/lethylotest-anti-demarrage-sera-effectif-vosges-mois-de-juin\/"},"modified":"2019-05-09T13:44:20","modified_gmt":"2019-05-09T11:44:20","slug":"lethylotest-anti-demarrage-sera-effectif-vosges-mois-de-juin","status":"publish","type":"post","link":"https:\/\/vosgesinfo.fr\/gerardmerinfo\/2019\/05\/lethylotest-anti-demarrage-sera-effectif-vosges-mois-de-juin\/","title":{"rendered":"L&rsquo;\u00e9thylotest anti-d\u00e9marrage sera effectif dans les Vosges d\u00e8s le mois de juin"},"content":{"rendered":"<div id=\"attachment_146505\" style=\"width: 393px\" class=\"wp-caption aligncenter\"><a href=\"\/2019\/05\/Ethylotest_Anti-D\u00e9marrage.jpg\"><img decoding=\"async\" aria-describedby=\"caption-attachment-146505\" class=\"size-medium wp-image-146505\" src=\"\/2019\/05\/Ethylotest_Anti-D\u00e9marrage-383x255.jpg\" alt=\"Cr\u00e9dit photographique \u00a9C\u00f4t\u00e9 Quimper\" width=\"383\" height=\"255\" \/><\/a><p id=\"caption-attachment-146505\" class=\"wp-caption-text\">Cr\u00e9dit photographique \u00a9C\u00f4t\u00e9 Quimper<\/p><\/div>\n<h2><strong>La Pr\u00e9fecture des Vosges vient de l\u2019annoncer. La mise en place de l\u2019\u00e9thylotest anti-d\u00e9marrage, qui se pr\u00e9sente comme une alternative \u00e0 la suspension de permis, devrait \u00eatre effective d\u00e8s le mois de juin.<\/strong><\/h2>\n<p>Une mesure pr\u00e9sent\u00e9e le 25 avril dernier, lors du Comit\u00e9 de Pilotage du Plan D\u00e9partemntal d\u2019actions de S\u00e9curit\u00e9 Routi\u00e8re \u2013 PDASR \u2013 2019, dans le cadre de laquelle le pr\u00e9fet du d\u00e9partement a la possibilit\u00e9 de proposer \u00e0 un conducteur pr\u00e9sentant une alcool\u00e9mie sup\u00e9rieure \u00e0 0,8 g\/L et inf\u00e9rieure \u00e0 1,8 g\/L d\u2019installer cet appareil pour une dur\u00e9e pouvant aller jusqu\u2019\u00e0 6 mois.<\/p>\n<h3><strong>L\u2019\u00e9thylotest anti-d\u00e9marrage ne s\u2019appliquera cependant pas pour les conducteurs qui :<\/strong><\/h3>\n<ul>\n<li>seraient contr\u00f4l\u00e9s avec un taux sup\u00e9rieur \u00e0 1,8g\/L de sang\u00a0(0,9mg\/L d\u2019air expir\u00e9);<\/li>\n<li>refuseraient l\u2019installation du dispositif;<\/li>\n<li>seraient l\u2019auteur d\u2019un accident corporel;<\/li>\n<\/ul>\n<ul>\n<li>cumuleraient au moment du contr\u00f4le, en plus d\u2019une alcool\u00e9mie sup\u00e9rieure \u00e0 celle autoris\u00e9e par la l\u00e9gislation, une autre infraction au code de la route (vitesse, usage de stup\u00e9fiants, t\u00e9l\u00e9phone\u2026);<\/li>\n<li>d\u00e9tiendraient moins de 7 points sur leur permis de conduire;<\/li>\n<li>seraient en \u00e9tat de r\u00e9cidive ou de r\u00e9it\u00e9ration (conducteurs qui auraient eu une suspension de permis de conduire depuis moins de 5 ans ou ayant fait l\u2019objet de contr\u00f4les positifs \u00e0 l\u2019alcool ou aux stup\u00e9fiants au cours des cinq derni\u00e8res ann\u00e9es);<\/li>\n<li>seraient d\u00e9tenteur d\u2019un permis de conduire \u00e9tranger;<\/li>\n<li>ne seraient pas en mesure, lors du contr\u00f4le, de pr\u00e9senter leur permis de conduire.<\/li>\n<\/ul>\n","protected":false},"excerpt":{"rendered":"<p>La Pr\u00e9fecture des Vosges vient de l\u2019annoncer. La mise en place de l\u2019\u00e9thylotest anti-d\u00e9marrage, qui se pr\u00e9sente comme une alternative [&hellip;]<\/p>\n","protected":false},"author":1,"featured_media":41530,"comment_status":"open","ping_status":"open","sticky":false,"template":"","format":"standard","meta":{"footnotes":""},"categories":[20,12,18],"tags":[4102],"class_list":["post-41529","post","type-post","status-publish","format-standard","has-post-thumbnail","hentry","category-a-la-une","category-sante","category-vosges","tag-ethylotest-anti-demarrage"],"acf":[],"yoast_head":"<!-- This site is optimized with the Yoast SEO plugin v22.5 - https:\/\/yoast.com\/wordpress\/plugins\/seo\/ -->\n<title>L&#039;\u00e9thylotest anti-d\u00e9marrage sera effectif dans les Vosges d\u00e8s le mois de juin - Gerardmer Info<\/title>\n<meta name=\"robots\" content=\"index, follow, max-snippet:-1, max-image-preview:large, max-video-preview:-1\" \/>\n<link rel=\"canonical\" href=\"https:\/\/vosgesinfo.fr\/gerardmerinfo\/2019\/05\/lethylotest-anti-demarrage-sera-effectif-vosges-mois-de-juin\/\" \/>\n<meta name=\"twitter:card\" content=\"summary_large_image\" \/>\n<meta name=\"twitter:title\" content=\"L&#039;\u00e9thylotest anti-d\u00e9marrage sera effectif dans les Vosges d\u00e8s le mois de juin - Gerardmer Info\" \/>\n<meta name=\"twitter:description\" content=\"La Pr\u00e9fecture des Vosges vient de l\u2019annoncer. La mise en place de l\u2019\u00e9thylotest anti-d\u00e9marrage, qui se pr\u00e9sente comme une alternative [&hellip;]\" \/>\n<meta name=\"twitter:image\" content=\"https:\/\/vosgesinfo.fr\/app\/uploads\/sites\/6\/2024\/07\/201905ethylotest-anti-demarrage.jpg\" \/>\n<meta name=\"twitter:creator\" content=\"@VosgesInfo88\" \/>\n<meta name=\"twitter:site\" content=\"@VosgesInfo88\" \/>\n<meta name=\"twitter:label1\" content=\"\u00c9crit par\" \/>\n\t<meta name=\"twitter:data1\" content=\"qs_admin\" \/>\n\t<meta name=\"twitter:label2\" content=\"Dur\u00e9e de lecture estim\u00e9e\" \/>\n\t<meta name=\"twitter:data2\" content=\"1 minute\" \/>\n<script type=\"application\/ld+json\" class=\"yoast-schema-graph\">{\"@context\":\"https:\/\/schema.org\",\"@graph\":[{\"@type\":\"Article\",\"@id\":\"https:\/\/vosgesinfo.fr\/gerardmerinfo\/2019\/05\/lethylotest-anti-demarrage-sera-effectif-vosges-mois-de-juin\/#article\",\"isPartOf\":{\"@id\":\"https:\/\/vosgesinfo.fr\/gerardmerinfo\/2019\/05\/lethylotest-anti-demarrage-sera-effectif-vosges-mois-de-juin\/\"},\"author\":{\"name\":\"qs_admin\",\"@id\":\"https:\/\/vosgesinfo.fr\/gerardmerinfo\/#\/schema\/person\/bc5d02d71e6932e81b6dadb7386667b1\"},\"headline\":\"L&rsquo;\u00e9thylotest anti-d\u00e9marrage sera effectif dans les Vosges d\u00e8s le mois de juin\",\"datePublished\":\"2019-05-09T11:44:20+00:00\",\"dateModified\":\"2019-05-09T11:44:20+00:00\",\"mainEntityOfPage\":{\"@id\":\"https:\/\/vosgesinfo.fr\/gerardmerinfo\/2019\/05\/lethylotest-anti-demarrage-sera-effectif-vosges-mois-de-juin\/\"},\"wordCount\":298,\"commentCount\":0,\"publisher\":{\"@id\":\"https:\/\/vosgesinfo.fr\/gerardmerinfo\/#organization\"},\"image\":{\"@id\":\"https:\/\/vosgesinfo.fr\/gerardmerinfo\/2019\/05\/lethylotest-anti-demarrage-sera-effectif-vosges-mois-de-juin\/#primaryimage\"},\"thumbnailUrl\":\"https:\/\/vosgesinfo.fr\/app\/uploads\/sites\/6\/2024\/07\/201905ethylotest-anti-demarrage.jpg\",\"keywords\":[\"\u00e9thylotest anti-d\u00e9marrage\"],\"articleSection\":[\"A la une\",\"Sant\u00e9\",\"Vosges\"],\"inLanguage\":\"fr-FR\",\"potentialAction\":[{\"@type\":\"CommentAction\",\"name\":\"Comment\",\"target\":[\"https:\/\/vosgesinfo.fr\/gerardmerinfo\/2019\/05\/lethylotest-anti-demarrage-sera-effectif-vosges-mois-de-juin\/#respond\"]}]},{\"@type\":\"WebPage\",\"@id\":\"https:\/\/vosgesinfo.fr\/gerardmerinfo\/2019\/05\/lethylotest-anti-demarrage-sera-effectif-vosges-mois-de-juin\/\",\"url\":\"https:\/\/vosgesinfo.fr\/gerardmerinfo\/2019\/05\/lethylotest-anti-demarrage-sera-effectif-vosges-mois-de-juin\/\",\"name\":\"L'\u00e9thylotest anti-d\u00e9marrage sera effectif dans les Vosges d\u00e8s le mois de juin - Gerardmer Info\",\"isPartOf\":{\"@id\":\"https:\/\/vosgesinfo.fr\/gerardmerinfo\/#website\"},\"primaryImageOfPage\":{\"@id\":\"https:\/\/vosgesinfo.fr\/gerardmerinfo\/2019\/05\/lethylotest-anti-demarrage-sera-effectif-vosges-mois-de-juin\/#primaryimage\"},\"image\":{\"@id\":\"https:\/\/vosgesinfo.fr\/gerardmerinfo\/2019\/05\/lethylotest-anti-demarrage-sera-effectif-vosges-mois-de-juin\/#primaryimage\"},\"thumbnailUrl\":\"https:\/\/vosgesinfo.fr\/app\/uploads\/sites\/6\/2024\/07\/201905ethylotest-anti-demarrage.jpg\",\"datePublished\":\"2019-05-09T11:44:20+00:00\",\"dateModified\":\"2019-05-09T11:44:20+00:00\",\"breadcrumb\":{\"@id\":\"https:\/\/vosgesinfo.fr\/gerardmerinfo\/2019\/05\/lethylotest-anti-demarrage-sera-effectif-vosges-mois-de-juin\/#breadcrumb\"},\"inLanguage\":\"fr-FR\",\"potentialAction\":[{\"@type\":\"ReadAction\",\"target\":[\"https:\/\/vosgesinfo.fr\/gerardmerinfo\/2019\/05\/lethylotest-anti-demarrage-sera-effectif-vosges-mois-de-juin\/\"]}]},{\"@type\":\"ImageObject\",\"inLanguage\":\"fr-FR\",\"@id\":\"https:\/\/vosgesinfo.fr\/gerardmerinfo\/2019\/05\/lethylotest-anti-demarrage-sera-effectif-vosges-mois-de-juin\/#primaryimage\",\"url\":\"https:\/\/vosgesinfo.fr\/app\/uploads\/sites\/6\/2024\/07\/201905ethylotest-anti-demarrage.jpg\",\"contentUrl\":\"https:\/\/vosgesinfo.fr\/app\/uploads\/sites\/6\/2024\/07\/201905ethylotest-anti-demarrage.jpg\",\"width\":800,\"height\":533},{\"@type\":\"BreadcrumbList\",\"@id\":\"https:\/\/vosgesinfo.fr\/gerardmerinfo\/2019\/05\/lethylotest-anti-demarrage-sera-effectif-vosges-mois-de-juin\/#breadcrumb\",\"itemListElement\":[{\"@type\":\"ListItem\",\"position\":1,\"name\":\"Home\",\"item\":\"https:\/\/vosgesinfo.fr\/gerardmerinfo\/\"},{\"@type\":\"ListItem\",\"position\":2,\"name\":\"L&rsquo;\u00e9thylotest anti-d\u00e9marrage sera effectif dans les Vosges d\u00e8s le mois de juin\"}]},{\"@type\":\"WebSite\",\"@id\":\"https:\/\/vosgesinfo.fr\/gerardmerinfo\/#website\",\"url\":\"https:\/\/vosgesinfo.fr\/gerardmerinfo\/\",\"name\":\"Gerardmer Info\",\"description\":\"Toute l&#039;actualit\u00e9 de G\u00e9rardmer\",\"publisher\":{\"@id\":\"https:\/\/vosgesinfo.fr\/gerardmerinfo\/#organization\"},\"alternateName\":\"Toute l'actualit\u00e9 de G\u00e9rardmer\",\"potentialAction\":[{\"@type\":\"SearchAction\",\"target\":{\"@type\":\"EntryPoint\",\"urlTemplate\":\"https:\/\/vosgesinfo.fr\/gerardmerinfo\/?s={search_term_string}\"},\"query-input\":\"required name=search_term_string\"}],\"inLanguage\":\"fr-FR\"},{\"@type\":\"Organization\",\"@id\":\"https:\/\/vosgesinfo.fr\/gerardmerinfo\/#organization\",\"name\":\"Gerardmer Info\",\"url\":\"https:\/\/vosgesinfo.fr\/gerardmerinfo\/\",\"logo\":{\"@type\":\"ImageObject\",\"inLanguage\":\"fr-FR\",\"@id\":\"https:\/\/vosgesinfo.fr\/gerardmerinfo\/#\/schema\/logo\/image\/\",\"url\":\"https:\/\/vosgesinfo.fr\/app\/uploads\/sites\/6\/2023\/08\/favicon-gerardmerinfo.png\",\"contentUrl\":\"https:\/\/vosgesinfo.fr\/app\/uploads\/sites\/6\/2023\/08\/favicon-gerardmerinfo.png\",\"width\":512,\"height\":512,\"caption\":\"Gerardmer Info\"},\"image\":{\"@id\":\"https:\/\/vosgesinfo.fr\/gerardmerinfo\/#\/schema\/logo\/image\/\"},\"sameAs\":[\"https:\/\/www.facebook.com\/profile.php?id=100049475262660\",\"https:\/\/x.com\/VosgesInfo88\",\"https:\/\/www.youtube.com\/@vosgesinfo\"]},{\"@type\":\"Person\",\"@id\":\"https:\/\/vosgesinfo.fr\/gerardmerinfo\/#\/schema\/person\/bc5d02d71e6932e81b6dadb7386667b1\",\"name\":\"qs_admin\",\"image\":{\"@type\":\"ImageObject\",\"inLanguage\":\"fr-FR\",\"@id\":\"https:\/\/vosgesinfo.fr\/gerardmerinfo\/#\/schema\/person\/image\/\",\"url\":\"https:\/\/secure.gravatar.com\/avatar\/94b18ee0ed79e4a42ea2f2931277b6841a8999fc6fde214600c78057cf1fe1de?s=96&d=mm&r=g\",\"contentUrl\":\"https:\/\/secure.gravatar.com\/avatar\/94b18ee0ed79e4a42ea2f2931277b6841a8999fc6fde214600c78057cf1fe1de?s=96&d=mm&r=g\",\"caption\":\"qs_admin\"},\"sameAs\":[\"https:\/\/vosgesinfo.fr\/wp\"],\"url\":\"https:\/\/vosgesinfo.fr\/gerardmerinfo\/author\/qs_admin\/\"}]}<\/script>\n<!-- \/ Yoast SEO plugin. -->","yoast_head_json":{"title":"L'\u00e9thylotest anti-d\u00e9marrage sera effectif dans les Vosges d\u00e8s le mois de juin - Gerardmer Info","robots":{"index":"index","follow":"follow","max-snippet":"max-snippet:-1","max-image-preview":"max-image-preview:large","max-video-preview":"max-video-preview:-1"},"canonical":"https:\/\/vosgesinfo.fr\/gerardmerinfo\/2019\/05\/lethylotest-anti-demarrage-sera-effectif-vosges-mois-de-juin\/","twitter_card":"summary_large_image","twitter_title":"L'\u00e9thylotest anti-d\u00e9marrage sera effectif dans les Vosges d\u00e8s le mois de juin - Gerardmer Info","twitter_description":"La Pr\u00e9fecture des Vosges vient de l\u2019annoncer. La mise en place de l\u2019\u00e9thylotest anti-d\u00e9marrage, qui se pr\u00e9sente comme une alternative [&hellip;]","twitter_image":"https:\/\/vosgesinfo.fr\/app\/uploads\/sites\/6\/2024\/07\/201905ethylotest-anti-demarrage.jpg","twitter_creator":"@VosgesInfo88","twitter_site":"@VosgesInfo88","twitter_misc":{"\u00c9crit par":"qs_admin","Dur\u00e9e de lecture estim\u00e9e":"1 minute"},"schema":{"@context":"https:\/\/schema.org","@graph":[{"@type":"Article","@id":"https:\/\/vosgesinfo.fr\/gerardmerinfo\/2019\/05\/lethylotest-anti-demarrage-sera-effectif-vosges-mois-de-juin\/#article","isPartOf":{"@id":"https:\/\/vosgesinfo.fr\/gerardmerinfo\/2019\/05\/lethylotest-anti-demarrage-sera-effectif-vosges-mois-de-juin\/"},"author":{"name":"qs_admin","@id":"https:\/\/vosgesinfo.fr\/gerardmerinfo\/#\/schema\/person\/bc5d02d71e6932e81b6dadb7386667b1"},"headline":"L&rsquo;\u00e9thylotest anti-d\u00e9marrage sera effectif dans les Vosges d\u00e8s le mois de juin","datePublished":"2019-05-09T11:44:20+00:00","dateModified":"2019-05-09T11:44:20+00:00","mainEntityOfPage":{"@id":"https:\/\/vosgesinfo.fr\/gerardmerinfo\/2019\/05\/lethylotest-anti-demarrage-sera-effectif-vosges-mois-de-juin\/"},"wordCount":298,"commentCount":0,"publisher":{"@id":"https:\/\/vosgesinfo.fr\/gerardmerinfo\/#organization"},"image":{"@id":"https:\/\/vosgesinfo.fr\/gerardmerinfo\/2019\/05\/lethylotest-anti-demarrage-sera-effectif-vosges-mois-de-juin\/#primaryimage"},"thumbnailUrl":"https:\/\/vosgesinfo.fr\/app\/uploads\/sites\/6\/2024\/07\/201905ethylotest-anti-demarrage.jpg","keywords":["\u00e9thylotest anti-d\u00e9marrage"],"articleSection":["A la une","Sant\u00e9","Vosges"],"inLanguage":"fr-FR","potentialAction":[{"@type":"CommentAction","name":"Comment","target":["https:\/\/vosgesinfo.fr\/gerardmerinfo\/2019\/05\/lethylotest-anti-demarrage-sera-effectif-vosges-mois-de-juin\/#respond"]}]},{"@type":"WebPage","@id":"https:\/\/vosgesinfo.fr\/gerardmerinfo\/2019\/05\/lethylotest-anti-demarrage-sera-effectif-vosges-mois-de-juin\/","url":"https:\/\/vosgesinfo.fr\/gerardmerinfo\/2019\/05\/lethylotest-anti-demarrage-sera-effectif-vosges-mois-de-juin\/","name":"L'\u00e9thylotest anti-d\u00e9marrage sera effectif dans les Vosges d\u00e8s le mois de juin - Gerardmer Info","isPartOf":{"@id":"https:\/\/vosgesinfo.fr\/gerardmerinfo\/#website"},"primaryImageOfPage":{"@id":"https:\/\/vosgesinfo.fr\/gerardmerinfo\/2019\/05\/lethylotest-anti-demarrage-sera-effectif-vosges-mois-de-juin\/#primaryimage"},"image":{"@id":"https:\/\/vosgesinfo.fr\/gerardmerinfo\/2019\/05\/lethylotest-anti-demarrage-sera-effectif-vosges-mois-de-juin\/#primaryimage"},"thumbnailUrl":"https:\/\/vosgesinfo.fr\/app\/uploads\/sites\/6\/2024\/07\/201905ethylotest-anti-demarrage.jpg","datePublished":"2019-05-09T11:44:20+00:00","dateModified":"2019-05-09T11:44:20+00:00","breadcrumb":{"@id":"https:\/\/vosgesinfo.fr\/gerardmerinfo\/2019\/05\/lethylotest-anti-demarrage-sera-effectif-vosges-mois-de-juin\/#breadcrumb"},"inLanguage":"fr-FR","potentialAction":[{"@type":"ReadAction","target":["https:\/\/vosgesinfo.fr\/gerardmerinfo\/2019\/05\/lethylotest-anti-demarrage-sera-effectif-vosges-mois-de-juin\/"]}]},{"@type":"ImageObject","inLanguage":"fr-FR","@id":"https:\/\/vosgesinfo.fr\/gerardmerinfo\/2019\/05\/lethylotest-anti-demarrage-sera-effectif-vosges-mois-de-juin\/#primaryimage","url":"https:\/\/vosgesinfo.fr\/app\/uploads\/sites\/6\/2024\/07\/201905ethylotest-anti-demarrage.jpg","contentUrl":"https:\/\/vosgesinfo.fr\/app\/uploads\/sites\/6\/2024\/07\/201905ethylotest-anti-demarrage.jpg","width":800,"height":533},{"@type":"BreadcrumbList","@id":"https:\/\/vosgesinfo.fr\/gerardmerinfo\/2019\/05\/lethylotest-anti-demarrage-sera-effectif-vosges-mois-de-juin\/#breadcrumb","itemListElement":[{"@type":"ListItem","position":1,"name":"Home","item":"https:\/\/vosgesinfo.fr\/gerardmerinfo\/"},{"@type":"ListItem","position":2,"name":"L&rsquo;\u00e9thylotest anti-d\u00e9marrage sera effectif dans les Vosges d\u00e8s le mois de juin"}]},{"@type":"WebSite","@id":"https:\/\/vosgesinfo.fr\/gerardmerinfo\/#website","url":"https:\/\/vosgesinfo.fr\/gerardmerinfo\/","name":"Gerardmer Info","description":"Toute l&#039;actualit\u00e9 de G\u00e9rardmer","publisher":{"@id":"https:\/\/vosgesinfo.fr\/gerardmerinfo\/#organization"},"alternateName":"Toute l'actualit\u00e9 de G\u00e9rardmer","potentialAction":[{"@type":"SearchAction","target":{"@type":"EntryPoint","urlTemplate":"https:\/\/vosgesinfo.fr\/gerardmerinfo\/?s={search_term_string}"},"query-input":"required name=search_term_string"}],"inLanguage":"fr-FR"},{"@type":"Organization","@id":"https:\/\/vosgesinfo.fr\/gerardmerinfo\/#organization","name":"Gerardmer Info","url":"https:\/\/vosgesinfo.fr\/gerardmerinfo\/","logo":{"@type":"ImageObject","inLanguage":"fr-FR","@id":"https:\/\/vosgesinfo.fr\/gerardmerinfo\/#\/schema\/logo\/image\/","url":"https:\/\/vosgesinfo.fr\/app\/uploads\/sites\/6\/2023\/08\/favicon-gerardmerinfo.png","contentUrl":"https:\/\/vosgesinfo.fr\/app\/uploads\/sites\/6\/2023\/08\/favicon-gerardmerinfo.png","width":512,"height":512,"caption":"Gerardmer Info"},"image":{"@id":"https:\/\/vosgesinfo.fr\/gerardmerinfo\/#\/schema\/logo\/image\/"},"sameAs":["https:\/\/www.facebook.com\/profile.php?id=100049475262660","https:\/\/x.com\/VosgesInfo88","https:\/\/www.youtube.com\/@vosgesinfo"]},{"@type":"Person","@id":"https:\/\/vosgesinfo.fr\/gerardmerinfo\/#\/schema\/person\/bc5d02d71e6932e81b6dadb7386667b1","name":"qs_admin","image":{"@type":"ImageObject","inLanguage":"fr-FR","@id":"https:\/\/vosgesinfo.fr\/gerardmerinfo\/#\/schema\/person\/image\/","url":"https:\/\/secure.gravatar.com\/avatar\/94b18ee0ed79e4a42ea2f2931277b6841a8999fc6fde214600c78057cf1fe1de?s=96&d=mm&r=g","contentUrl":"https:\/\/secure.gravatar.com\/avatar\/94b18ee0ed79e4a42ea2f2931277b6841a8999fc6fde214600c78057cf1fe1de?s=96&d=mm&r=g","caption":"qs_admin"},"sameAs":["https:\/\/vosgesinfo.fr\/wp"],"url":"https:\/\/vosgesinfo.fr\/gerardmerinfo\/author\/qs_admin\/"}]}},"_links":{"self":[{"href":"https:\/\/vosgesinfo.fr\/gerardmerinfo\/wp-json\/wp\/v2\/posts\/41529","targetHints":{"allow":["GET"]}}],"collection":[{"href":"https:\/\/vosgesinfo.fr\/gerardmerinfo\/wp-json\/wp\/v2\/posts"}],"about":[{"href":"https:\/\/vosgesinfo.fr\/gerardmerinfo\/wp-json\/wp\/v2\/types\/post"}],"author":[{"embeddable":true,"href":"https:\/\/vosgesinfo.fr\/gerardmerinfo\/wp-json\/wp\/v2\/users\/1"}],"replies":[{"embeddable":true,"href":"https:\/\/vosgesinfo.fr\/gerardmerinfo\/wp-json\/wp\/v2\/comments?post=41529"}],"version-history":[{"count":0,"href":"https:\/\/vosgesinfo.fr\/gerardmerinfo\/wp-json\/wp\/v2\/posts\/41529\/revisions"}],"wp:featuredmedia":[{"embeddable":true,"href":"https:\/\/vosgesinfo.fr\/gerardmerinfo\/wp-json\/wp\/v2\/media\/41530"}],"wp:attachment":[{"href":"https:\/\/vosgesinfo.fr\/gerardmerinfo\/wp-json\/wp\/v2\/media?parent=41529"}],"wp:term":[{"taxonomy":"category","embeddable":true,"href":"https:\/\/vosgesinfo.fr\/gerardmerinfo\/wp-json\/wp\/v2\/categories?post=41529"},{"taxonomy":"post_tag","embeddable":true,"href":"https:\/\/vosgesinfo.fr\/gerardmerinfo\/wp-json\/wp\/v2\/tags?post=41529"}],"curies":[{"name":"wp","href":"https:\/\/api.w.org\/{rel}","templated":true}]}}