{"id":41600,"date":"2019-05-14T15:59:52","date_gmt":"2019-05-14T13:59:52","guid":{"rendered":"https:\/\/vosgesinfo.fr\/gerardmerinfo\/2019\/05\/saison-culturelle-spectacle-hommage-aux-femmes-serai-grande\/"},"modified":"2019-05-14T15:59:52","modified_gmt":"2019-05-14T13:59:52","slug":"saison-culturelle-spectacle-hommage-aux-femmes-serai-grande","status":"publish","type":"post","link":"https:\/\/vosgesinfo.fr\/gerardmerinfo\/2019\/05\/saison-culturelle-spectacle-hommage-aux-femmes-serai-grande\/","title":{"rendered":"Saison Culturelle :  un spectacle hommage aux femmes  avec \u00ab Quand je serai grande \u00bb"},"content":{"rendered":"<p><iframe loading=\"lazy\" src=\"\/\/www.youtube.com\/embed\/MarP_pDcjhg\" width=\"425\" height=\"350\" allowfullscreen=\"allowfullscreen\"><\/iframe><\/p>\n<h3>Dans le cadre de la <b>Saison Culturelle de la Ville de G\u00e9rardmer<\/b>, venez d\u00e9couvrir un spectacle hommage aux femmes\u00a0 avec <i><b><span style=\"color: #ff4013; font-size: x-large;\">\u00ab Quand je serai grande \u00bb le s<\/span><\/b><\/i><b><span style=\"color: #ff6a00; font-size: large;\">amedi 25 Mai<\/span><\/b>\u00a0\u00e0 20h30.<\/h3>\n<div><span style=\"color: #ff4013;\"><i><span style=\"color: #333333;\">\u00catre une femme. Avec les r\u00eaves que l\u2019on avait petite fille.\u00a0Avec les r\u00eaves que l\u2019on a pour nos filles.<\/span><br \/>\n<\/i><i><span style=\"color: #333333;\"> <a href=\"\/2019\/05\/visuel-quand-je-serai-grande.jpg\"><img decoding=\"async\" class=\"alignright size-medium wp-image-146711\" src=\"\/2019\/05\/visuel-quand-je-serai-grande-400x239.jpg\" alt=\"Quand-je-serai-grande\" width=\"400\" height=\"239\" \/><\/a>La com\u00e9dienne seule en sc\u00e8ne incarne 4 g\u00e9n\u00e9rations\u00a0de femmes, avec leurs doutes, leurs espoirs, leurs\u00a0contradictions. Un spectacle inspir\u00e9 de nombreux\u00a0entretiens avec des femmes de 18 \u00e0 92 ans, touchant\u00a0par la justesse et la g\u00e9n\u00e9rosit\u00e9.\u00a0\u00ab\u00a0Si tu peux voir d\u00e9truit l\u2019ouvrage de ta vie\u00a0Et sans dire un seul mot te mettre \u00e0 reb\u00e2tir,\u00a0Ou perdre d\u2019un seul coup le gain de cent parties\u00a0Sans un geste\u00a0et sans un soupir ;\u00a0Si tu peux \u00eatre amante sans \u00eatre folle d\u2019amour.\u00a0Tu seras une femme, ma fille.\u00a0\u00bb\u00a0Un texte profond, dr\u00f4le et po\u00e9tique.\u00a0Un bel hommage aux femmes.<\/span><\/i><b><i><br \/>\n<\/i><\/b><\/span><strong>Un spectacle \u00e9crit et interpr\u00e9t\u00e9 par Catherine Hauseux, mise en sc\u00e8ne de St\u00e9phane Daurat.<\/strong>Tarifs : 10 \u20ac &#8211; tarif plein<br \/>\n9 \u20ac &#8211; tarif plein abonn\u00e9<br \/>\n8 \u20ac &#8211; adh. MCL &#8211; adh. Joa Casino &#8211; Pass\u2019Vacances &#8211; \u00c9l\u00e8ves de l\u2019\u00c9cole de Musique de G\u00e9rardmer<br \/>\n7 \u20ac &#8211; tarif abonn\u00e9 adh\u00e9rent<br \/>\n6 \u20ac &#8211; tarif moins de 16 ans.<br \/>\nInformations et r\u00e9servations aupr\u00e8s de la MCL.En parall\u00e8le \u00e0 ce spectacle, la<b> m\u00e9diath\u00e8que vous propose une\u00a0s\u00e9lection th\u00e9matique<\/b><br \/>\n<b><i><span style=\"color: #ff6a00; font-size: large;\">\u00ab \u00catre femme, \u00eatre fille, \u00eatre m\u00e8re \u00bb<\/span><\/i> du 1er au 31 mai\u00a0<\/b>aux horaires d\u2019ouverture de la M\u00e9diath\u00e8que.<\/p>\n<\/div>\n","protected":false},"excerpt":{"rendered":"<p>Dans le cadre de la Saison Culturelle de la Ville de G\u00e9rardmer, venez d\u00e9couvrir un spectacle hommage aux femmes\u00a0 avec [&hellip;]<\/p>\n","protected":false},"author":1,"featured_media":41601,"comment_status":"open","ping_status":"open","sticky":false,"template":"","format":"standard","meta":{"footnotes":""},"categories":[20,4,25],"tags":[103,974],"class_list":["post-41600","post","type-post","status-publish","format-standard","has-post-thumbnail","hentry","category-a-la-une","category-culture","category-gerardmer","tag-mcl-gerardmer","tag-saison-culturelle"],"acf":[],"yoast_head":"<!-- This site is optimized with the Yoast SEO plugin v22.5 - https:\/\/yoast.com\/wordpress\/plugins\/seo\/ -->\n<title>Saison Culturelle : un spectacle hommage aux femmes avec \u00ab Quand je serai grande \u00bb - Gerardmer Info<\/title>\n<meta name=\"robots\" content=\"index, follow, max-snippet:-1, max-image-preview:large, max-video-preview:-1\" \/>\n<link rel=\"canonical\" href=\"https:\/\/vosgesinfo.fr\/gerardmerinfo\/2019\/05\/saison-culturelle-spectacle-hommage-aux-femmes-serai-grande\/\" \/>\n<meta name=\"twitter:card\" content=\"summary_large_image\" \/>\n<meta name=\"twitter:title\" content=\"Saison Culturelle : un spectacle hommage aux femmes avec \u00ab Quand je serai grande \u00bb - Gerardmer Info\" \/>\n<meta name=\"twitter:description\" content=\"Dans le cadre de la Saison Culturelle de la Ville de G\u00e9rardmer, venez d\u00e9couvrir un spectacle hommage aux femmes\u00a0 avec [&hellip;]\" \/>\n<meta name=\"twitter:image\" content=\"https:\/\/vosgesinfo.fr\/app\/uploads\/sites\/6\/2024\/07\/201905visuel-quand-je-serai-grande.jpg\" \/>\n<meta name=\"twitter:creator\" content=\"@VosgesInfo88\" \/>\n<meta name=\"twitter:site\" content=\"@VosgesInfo88\" \/>\n<meta name=\"twitter:label1\" content=\"\u00c9crit par\" \/>\n\t<meta name=\"twitter:data1\" content=\"qs_admin\" \/>\n\t<meta name=\"twitter:label2\" content=\"Dur\u00e9e de lecture estim\u00e9e\" \/>\n\t<meta name=\"twitter:data2\" content=\"1 minute\" \/>\n<script type=\"application\/ld+json\" class=\"yoast-schema-graph\">{\"@context\":\"https:\/\/schema.org\",\"@graph\":[{\"@type\":\"Article\",\"@id\":\"https:\/\/vosgesinfo.fr\/gerardmerinfo\/2019\/05\/saison-culturelle-spectacle-hommage-aux-femmes-serai-grande\/#article\",\"isPartOf\":{\"@id\":\"https:\/\/vosgesinfo.fr\/gerardmerinfo\/2019\/05\/saison-culturelle-spectacle-hommage-aux-femmes-serai-grande\/\"},\"author\":{\"name\":\"qs_admin\",\"@id\":\"https:\/\/vosgesinfo.fr\/gerardmerinfo\/#\/schema\/person\/bc5d02d71e6932e81b6dadb7386667b1\"},\"headline\":\"Saison Culturelle : un spectacle hommage aux femmes avec \u00ab Quand je serai grande \u00bb\",\"datePublished\":\"2019-05-14T13:59:52+00:00\",\"dateModified\":\"2019-05-14T13:59:52+00:00\",\"mainEntityOfPage\":{\"@id\":\"https:\/\/vosgesinfo.fr\/gerardmerinfo\/2019\/05\/saison-culturelle-spectacle-hommage-aux-femmes-serai-grande\/\"},\"wordCount\":276,\"commentCount\":0,\"publisher\":{\"@id\":\"https:\/\/vosgesinfo.fr\/gerardmerinfo\/#organization\"},\"image\":{\"@id\":\"https:\/\/vosgesinfo.fr\/gerardmerinfo\/2019\/05\/saison-culturelle-spectacle-hommage-aux-femmes-serai-grande\/#primaryimage\"},\"thumbnailUrl\":\"https:\/\/vosgesinfo.fr\/app\/uploads\/sites\/6\/2024\/07\/201905visuel-quand-je-serai-grande.jpg\",\"keywords\":[\"MCL G\u00e9rardmer\",\"saison culturelle\"],\"articleSection\":[\"A la une\",\"Culture\",\"G\u00e9rardmer\"],\"inLanguage\":\"fr-FR\",\"potentialAction\":[{\"@type\":\"CommentAction\",\"name\":\"Comment\",\"target\":[\"https:\/\/vosgesinfo.fr\/gerardmerinfo\/2019\/05\/saison-culturelle-spectacle-hommage-aux-femmes-serai-grande\/#respond\"]}]},{\"@type\":\"WebPage\",\"@id\":\"https:\/\/vosgesinfo.fr\/gerardmerinfo\/2019\/05\/saison-culturelle-spectacle-hommage-aux-femmes-serai-grande\/\",\"url\":\"https:\/\/vosgesinfo.fr\/gerardmerinfo\/2019\/05\/saison-culturelle-spectacle-hommage-aux-femmes-serai-grande\/\",\"name\":\"Saison Culturelle : un spectacle hommage aux femmes avec \u00ab Quand je serai grande \u00bb - Gerardmer Info\",\"isPartOf\":{\"@id\":\"https:\/\/vosgesinfo.fr\/gerardmerinfo\/#website\"},\"primaryImageOfPage\":{\"@id\":\"https:\/\/vosgesinfo.fr\/gerardmerinfo\/2019\/05\/saison-culturelle-spectacle-hommage-aux-femmes-serai-grande\/#primaryimage\"},\"image\":{\"@id\":\"https:\/\/vosgesinfo.fr\/gerardmerinfo\/2019\/05\/saison-culturelle-spectacle-hommage-aux-femmes-serai-grande\/#primaryimage\"},\"thumbnailUrl\":\"https:\/\/vosgesinfo.fr\/app\/uploads\/sites\/6\/2024\/07\/201905visuel-quand-je-serai-grande.jpg\",\"datePublished\":\"2019-05-14T13:59:52+00:00\",\"dateModified\":\"2019-05-14T13:59:52+00:00\",\"breadcrumb\":{\"@id\":\"https:\/\/vosgesinfo.fr\/gerardmerinfo\/2019\/05\/saison-culturelle-spectacle-hommage-aux-femmes-serai-grande\/#breadcrumb\"},\"inLanguage\":\"fr-FR\",\"potentialAction\":[{\"@type\":\"ReadAction\",\"target\":[\"https:\/\/vosgesinfo.fr\/gerardmerinfo\/2019\/05\/saison-culturelle-spectacle-hommage-aux-femmes-serai-grande\/\"]}]},{\"@type\":\"ImageObject\",\"inLanguage\":\"fr-FR\",\"@id\":\"https:\/\/vosgesinfo.fr\/gerardmerinfo\/2019\/05\/saison-culturelle-spectacle-hommage-aux-femmes-serai-grande\/#primaryimage\",\"url\":\"https:\/\/vosgesinfo.fr\/app\/uploads\/sites\/6\/2024\/07\/201905visuel-quand-je-serai-grande.jpg\",\"contentUrl\":\"https:\/\/vosgesinfo.fr\/app\/uploads\/sites\/6\/2024\/07\/201905visuel-quand-je-serai-grande.jpg\",\"width\":800,\"height\":478},{\"@type\":\"BreadcrumbList\",\"@id\":\"https:\/\/vosgesinfo.fr\/gerardmerinfo\/2019\/05\/saison-culturelle-spectacle-hommage-aux-femmes-serai-grande\/#breadcrumb\",\"itemListElement\":[{\"@type\":\"ListItem\",\"position\":1,\"name\":\"Home\",\"item\":\"https:\/\/vosgesinfo.fr\/gerardmerinfo\/\"},{\"@type\":\"ListItem\",\"position\":2,\"name\":\"Saison Culturelle : un spectacle hommage aux femmes avec \u00ab Quand je serai grande \u00bb\"}]},{\"@type\":\"WebSite\",\"@id\":\"https:\/\/vosgesinfo.fr\/gerardmerinfo\/#website\",\"url\":\"https:\/\/vosgesinfo.fr\/gerardmerinfo\/\",\"name\":\"Gerardmer Info\",\"description\":\"Toute l&#039;actualit\u00e9 de G\u00e9rardmer\",\"publisher\":{\"@id\":\"https:\/\/vosgesinfo.fr\/gerardmerinfo\/#organization\"},\"alternateName\":\"Toute l'actualit\u00e9 de G\u00e9rardmer\",\"potentialAction\":[{\"@type\":\"SearchAction\",\"target\":{\"@type\":\"EntryPoint\",\"urlTemplate\":\"https:\/\/vosgesinfo.fr\/gerardmerinfo\/?s={search_term_string}\"},\"query-input\":\"required name=search_term_string\"}],\"inLanguage\":\"fr-FR\"},{\"@type\":\"Organization\",\"@id\":\"https:\/\/vosgesinfo.fr\/gerardmerinfo\/#organization\",\"name\":\"Gerardmer Info\",\"url\":\"https:\/\/vosgesinfo.fr\/gerardmerinfo\/\",\"logo\":{\"@type\":\"ImageObject\",\"inLanguage\":\"fr-FR\",\"@id\":\"https:\/\/vosgesinfo.fr\/gerardmerinfo\/#\/schema\/logo\/image\/\",\"url\":\"https:\/\/vosgesinfo.fr\/app\/uploads\/sites\/6\/2023\/08\/favicon-gerardmerinfo.png\",\"contentUrl\":\"https:\/\/vosgesinfo.fr\/app\/uploads\/sites\/6\/2023\/08\/favicon-gerardmerinfo.png\",\"width\":512,\"height\":512,\"caption\":\"Gerardmer Info\"},\"image\":{\"@id\":\"https:\/\/vosgesinfo.fr\/gerardmerinfo\/#\/schema\/logo\/image\/\"},\"sameAs\":[\"https:\/\/www.facebook.com\/profile.php?id=100049475262660\",\"https:\/\/x.com\/VosgesInfo88\",\"https:\/\/www.youtube.com\/@vosgesinfo\"]},{\"@type\":\"Person\",\"@id\":\"https:\/\/vosgesinfo.fr\/gerardmerinfo\/#\/schema\/person\/bc5d02d71e6932e81b6dadb7386667b1\",\"name\":\"qs_admin\",\"image\":{\"@type\":\"ImageObject\",\"inLanguage\":\"fr-FR\",\"@id\":\"https:\/\/vosgesinfo.fr\/gerardmerinfo\/#\/schema\/person\/image\/\",\"url\":\"https:\/\/secure.gravatar.com\/avatar\/94b18ee0ed79e4a42ea2f2931277b6841a8999fc6fde214600c78057cf1fe1de?s=96&d=mm&r=g\",\"contentUrl\":\"https:\/\/secure.gravatar.com\/avatar\/94b18ee0ed79e4a42ea2f2931277b6841a8999fc6fde214600c78057cf1fe1de?s=96&d=mm&r=g\",\"caption\":\"qs_admin\"},\"sameAs\":[\"https:\/\/vosgesinfo.fr\/wp\"],\"url\":\"https:\/\/vosgesinfo.fr\/gerardmerinfo\/author\/qs_admin\/\"}]}<\/script>\n<!-- \/ Yoast SEO plugin. -->","yoast_head_json":{"title":"Saison Culturelle : un spectacle hommage aux femmes avec \u00ab Quand je serai grande \u00bb - Gerardmer Info","robots":{"index":"index","follow":"follow","max-snippet":"max-snippet:-1","max-image-preview":"max-image-preview:large","max-video-preview":"max-video-preview:-1"},"canonical":"https:\/\/vosgesinfo.fr\/gerardmerinfo\/2019\/05\/saison-culturelle-spectacle-hommage-aux-femmes-serai-grande\/","twitter_card":"summary_large_image","twitter_title":"Saison Culturelle : un spectacle hommage aux femmes avec \u00ab Quand je serai grande \u00bb - Gerardmer Info","twitter_description":"Dans le cadre de la Saison Culturelle de la Ville de G\u00e9rardmer, venez d\u00e9couvrir un spectacle hommage aux femmes\u00a0 avec [&hellip;]","twitter_image":"https:\/\/vosgesinfo.fr\/app\/uploads\/sites\/6\/2024\/07\/201905visuel-quand-je-serai-grande.jpg","twitter_creator":"@VosgesInfo88","twitter_site":"@VosgesInfo88","twitter_misc":{"\u00c9crit par":"qs_admin","Dur\u00e9e de lecture estim\u00e9e":"1 minute"},"schema":{"@context":"https:\/\/schema.org","@graph":[{"@type":"Article","@id":"https:\/\/vosgesinfo.fr\/gerardmerinfo\/2019\/05\/saison-culturelle-spectacle-hommage-aux-femmes-serai-grande\/#article","isPartOf":{"@id":"https:\/\/vosgesinfo.fr\/gerardmerinfo\/2019\/05\/saison-culturelle-spectacle-hommage-aux-femmes-serai-grande\/"},"author":{"name":"qs_admin","@id":"https:\/\/vosgesinfo.fr\/gerardmerinfo\/#\/schema\/person\/bc5d02d71e6932e81b6dadb7386667b1"},"headline":"Saison Culturelle : un spectacle hommage aux femmes avec \u00ab Quand je serai grande \u00bb","datePublished":"2019-05-14T13:59:52+00:00","dateModified":"2019-05-14T13:59:52+00:00","mainEntityOfPage":{"@id":"https:\/\/vosgesinfo.fr\/gerardmerinfo\/2019\/05\/saison-culturelle-spectacle-hommage-aux-femmes-serai-grande\/"},"wordCount":276,"commentCount":0,"publisher":{"@id":"https:\/\/vosgesinfo.fr\/gerardmerinfo\/#organization"},"image":{"@id":"https:\/\/vosgesinfo.fr\/gerardmerinfo\/2019\/05\/saison-culturelle-spectacle-hommage-aux-femmes-serai-grande\/#primaryimage"},"thumbnailUrl":"https:\/\/vosgesinfo.fr\/app\/uploads\/sites\/6\/2024\/07\/201905visuel-quand-je-serai-grande.jpg","keywords":["MCL G\u00e9rardmer","saison culturelle"],"articleSection":["A la une","Culture","G\u00e9rardmer"],"inLanguage":"fr-FR","potentialAction":[{"@type":"CommentAction","name":"Comment","target":["https:\/\/vosgesinfo.fr\/gerardmerinfo\/2019\/05\/saison-culturelle-spectacle-hommage-aux-femmes-serai-grande\/#respond"]}]},{"@type":"WebPage","@id":"https:\/\/vosgesinfo.fr\/gerardmerinfo\/2019\/05\/saison-culturelle-spectacle-hommage-aux-femmes-serai-grande\/","url":"https:\/\/vosgesinfo.fr\/gerardmerinfo\/2019\/05\/saison-culturelle-spectacle-hommage-aux-femmes-serai-grande\/","name":"Saison Culturelle : un spectacle hommage aux femmes avec \u00ab Quand je serai grande \u00bb - Gerardmer Info","isPartOf":{"@id":"https:\/\/vosgesinfo.fr\/gerardmerinfo\/#website"},"primaryImageOfPage":{"@id":"https:\/\/vosgesinfo.fr\/gerardmerinfo\/2019\/05\/saison-culturelle-spectacle-hommage-aux-femmes-serai-grande\/#primaryimage"},"image":{"@id":"https:\/\/vosgesinfo.fr\/gerardmerinfo\/2019\/05\/saison-culturelle-spectacle-hommage-aux-femmes-serai-grande\/#primaryimage"},"thumbnailUrl":"https:\/\/vosgesinfo.fr\/app\/uploads\/sites\/6\/2024\/07\/201905visuel-quand-je-serai-grande.jpg","datePublished":"2019-05-14T13:59:52+00:00","dateModified":"2019-05-14T13:59:52+00:00","breadcrumb":{"@id":"https:\/\/vosgesinfo.fr\/gerardmerinfo\/2019\/05\/saison-culturelle-spectacle-hommage-aux-femmes-serai-grande\/#breadcrumb"},"inLanguage":"fr-FR","potentialAction":[{"@type":"ReadAction","target":["https:\/\/vosgesinfo.fr\/gerardmerinfo\/2019\/05\/saison-culturelle-spectacle-hommage-aux-femmes-serai-grande\/"]}]},{"@type":"ImageObject","inLanguage":"fr-FR","@id":"https:\/\/vosgesinfo.fr\/gerardmerinfo\/2019\/05\/saison-culturelle-spectacle-hommage-aux-femmes-serai-grande\/#primaryimage","url":"https:\/\/vosgesinfo.fr\/app\/uploads\/sites\/6\/2024\/07\/201905visuel-quand-je-serai-grande.jpg","contentUrl":"https:\/\/vosgesinfo.fr\/app\/uploads\/sites\/6\/2024\/07\/201905visuel-quand-je-serai-grande.jpg","width":800,"height":478},{"@type":"BreadcrumbList","@id":"https:\/\/vosgesinfo.fr\/gerardmerinfo\/2019\/05\/saison-culturelle-spectacle-hommage-aux-femmes-serai-grande\/#breadcrumb","itemListElement":[{"@type":"ListItem","position":1,"name":"Home","item":"https:\/\/vosgesinfo.fr\/gerardmerinfo\/"},{"@type":"ListItem","position":2,"name":"Saison Culturelle : un spectacle hommage aux femmes avec \u00ab Quand je serai grande \u00bb"}]},{"@type":"WebSite","@id":"https:\/\/vosgesinfo.fr\/gerardmerinfo\/#website","url":"https:\/\/vosgesinfo.fr\/gerardmerinfo\/","name":"Gerardmer Info","description":"Toute l&#039;actualit\u00e9 de G\u00e9rardmer","publisher":{"@id":"https:\/\/vosgesinfo.fr\/gerardmerinfo\/#organization"},"alternateName":"Toute l'actualit\u00e9 de G\u00e9rardmer","potentialAction":[{"@type":"SearchAction","target":{"@type":"EntryPoint","urlTemplate":"https:\/\/vosgesinfo.fr\/gerardmerinfo\/?s={search_term_string}"},"query-input":"required name=search_term_string"}],"inLanguage":"fr-FR"},{"@type":"Organization","@id":"https:\/\/vosgesinfo.fr\/gerardmerinfo\/#organization","name":"Gerardmer Info","url":"https:\/\/vosgesinfo.fr\/gerardmerinfo\/","logo":{"@type":"ImageObject","inLanguage":"fr-FR","@id":"https:\/\/vosgesinfo.fr\/gerardmerinfo\/#\/schema\/logo\/image\/","url":"https:\/\/vosgesinfo.fr\/app\/uploads\/sites\/6\/2023\/08\/favicon-gerardmerinfo.png","contentUrl":"https:\/\/vosgesinfo.fr\/app\/uploads\/sites\/6\/2023\/08\/favicon-gerardmerinfo.png","width":512,"height":512,"caption":"Gerardmer Info"},"image":{"@id":"https:\/\/vosgesinfo.fr\/gerardmerinfo\/#\/schema\/logo\/image\/"},"sameAs":["https:\/\/www.facebook.com\/profile.php?id=100049475262660","https:\/\/x.com\/VosgesInfo88","https:\/\/www.youtube.com\/@vosgesinfo"]},{"@type":"Person","@id":"https:\/\/vosgesinfo.fr\/gerardmerinfo\/#\/schema\/person\/bc5d02d71e6932e81b6dadb7386667b1","name":"qs_admin","image":{"@type":"ImageObject","inLanguage":"fr-FR","@id":"https:\/\/vosgesinfo.fr\/gerardmerinfo\/#\/schema\/person\/image\/","url":"https:\/\/secure.gravatar.com\/avatar\/94b18ee0ed79e4a42ea2f2931277b6841a8999fc6fde214600c78057cf1fe1de?s=96&d=mm&r=g","contentUrl":"https:\/\/secure.gravatar.com\/avatar\/94b18ee0ed79e4a42ea2f2931277b6841a8999fc6fde214600c78057cf1fe1de?s=96&d=mm&r=g","caption":"qs_admin"},"sameAs":["https:\/\/vosgesinfo.fr\/wp"],"url":"https:\/\/vosgesinfo.fr\/gerardmerinfo\/author\/qs_admin\/"}]}},"_links":{"self":[{"href":"https:\/\/vosgesinfo.fr\/gerardmerinfo\/wp-json\/wp\/v2\/posts\/41600","targetHints":{"allow":["GET"]}}],"collection":[{"href":"https:\/\/vosgesinfo.fr\/gerardmerinfo\/wp-json\/wp\/v2\/posts"}],"about":[{"href":"https:\/\/vosgesinfo.fr\/gerardmerinfo\/wp-json\/wp\/v2\/types\/post"}],"author":[{"embeddable":true,"href":"https:\/\/vosgesinfo.fr\/gerardmerinfo\/wp-json\/wp\/v2\/users\/1"}],"replies":[{"embeddable":true,"href":"https:\/\/vosgesinfo.fr\/gerardmerinfo\/wp-json\/wp\/v2\/comments?post=41600"}],"version-history":[{"count":0,"href":"https:\/\/vosgesinfo.fr\/gerardmerinfo\/wp-json\/wp\/v2\/posts\/41600\/revisions"}],"wp:featuredmedia":[{"embeddable":true,"href":"https:\/\/vosgesinfo.fr\/gerardmerinfo\/wp-json\/wp\/v2\/media\/41601"}],"wp:attachment":[{"href":"https:\/\/vosgesinfo.fr\/gerardmerinfo\/wp-json\/wp\/v2\/media?parent=41600"}],"wp:term":[{"taxonomy":"category","embeddable":true,"href":"https:\/\/vosgesinfo.fr\/gerardmerinfo\/wp-json\/wp\/v2\/categories?post=41600"},{"taxonomy":"post_tag","embeddable":true,"href":"https:\/\/vosgesinfo.fr\/gerardmerinfo\/wp-json\/wp\/v2\/tags?post=41600"}],"curies":[{"name":"wp","href":"https:\/\/api.w.org\/{rel}","templated":true}]}}