{"id":41683,"date":"2019-05-20T15:38:33","date_gmt":"2019-05-20T13:38:33","guid":{"rendered":"https:\/\/vosgesinfo.fr\/gerardmerinfo\/2019\/05\/label-accueil-velo-sinstalle-vallee-lacs\/"},"modified":"2019-05-20T15:38:33","modified_gmt":"2019-05-20T13:38:33","slug":"label-accueil-velo-sinstalle-vallee-lacs","status":"publish","type":"post","link":"https:\/\/vosgesinfo.fr\/gerardmerinfo\/2019\/05\/label-accueil-velo-sinstalle-vallee-lacs\/","title":{"rendered":"Le label Accueil V\u00e9lo s&rsquo;installe dans la vall\u00e9e des Lacs"},"content":{"rendered":"<h3 style=\"text-align: left;\"><\/h3>\n\n<h3 style=\"text-align: left;\"><span style=\"font-size: 12pt;\">Le vice-pr\u00e9sident du Conseil d\u00e9partemental d\u00e9l\u00e9gu\u00e9 au Tourisme Beno\u00eet Jourdain \u00e9tait pr\u00e9sent ce<b> lundi 20 mai 2019 \u00e0 Xonrupt-Longemer afin de <\/b><b>remettre le label Accueil V\u00e9lo <\/b>au maire de la commune Michel Bertrand ainsi qu&rsquo;aux propri\u00e9taires de la chambre d&rsquo;H\u00f4tes Roches Paitres situ\u00e9e aux Xettes, \u00e0 G\u00e9rardmer.<\/span><\/h3>\n<p style=\"text-align: left;\" align=\"JUSTIFY\"><span style=\"font-size: 12pt;\">L&rsquo;occasion pour le vice-pr\u00e9sident de rappeler que dans les Vosges, ce label qui a une reconnaissance nationale est port\u00e9 par le Conseil D\u00e9partemental. A ce jour, le nombre d\u2019\u00e9tablissements labellis\u00e9s dans le d\u00e9partement s\u2019\u00e9l\u00e8ve \u00e0 63, dont une dizaine \u00e0 proximit\u00e9 de la v\u00e9loroute L\u2019Echapp\u00e9e Bleue qui traverse le d\u00e9partement des Vosges d\u2019Ouest en Est. Il s&rsquo;agit d\u2019\u00e9tablissements en capacit\u00e9 d&rsquo;accueillir des cyclistes en leur mettant \u00e0 disposition de quoi garer, r\u00e9parer et nettoyer leur deux roues, le tout dans l&rsquo;esprit de promouvoir la pratique du v\u00e9lo et les parcours cyclables du secteur.<br \/>\n<\/span><\/p>\n<p style=\"text-align: left;\" align=\"JUSTIFY\"><span style=\"font-size: 12pt;\">Le tourisme \u00e0 v\u00e9lo, que l&rsquo;on parle de cyclotourisme ou de sport, repr\u00e9sente en effet un enjeu \u00e9conomique important pour le d\u00e9partement qui dispose de pr\u00e8s de 200km de v\u00e9loroutes et voies vertes, plus de 3500 km de circuits VTT et une application proposant des boucles cyclosportives et des parcours loisirs (Bike.vosges). Les diff\u00e9rentes \u00e9tudes men\u00e9es sur les retomb\u00e9es \u00e9conomiques d\u2019une politique cyclable ambitieuse d\u00e9montrent que les actions mises en place sont suivies d\u2019effets imm\u00e9diats et de retomb\u00e9es \u00e9conomiques \u00e0 court terme. Les itin\u00e9raires cyclables sont en plein d\u00e9veloppement et, vous l&rsquo;aurez compris, la labellisation fait donc partie d&rsquo;une politique touristique cyclable plus vaste avec une offre 4 saisons. Les Vosges sont d\u00e9j\u00e0 une terre de v\u00e9lo par le grand nombre de pratiquants qui s&rsquo;y r\u00e9unissent et les rencontres sportives d&rsquo;envergures nationales voire internationales qu&rsquo;elles accueillent. Il ne faut pas s&rsquo;arr\u00eater en si bon chemin et proposer des infrastructures dignes de cette r\u00e9putation et des vacanciers qui affluent pour p\u00e9daler dans notre massif.<br \/>\n<\/span><\/p>\n<p style=\"text-align: left;\" align=\"JUSTIFY\"><span style=\"font-size: 12pt;\">Car il y a encore beaucoup \u00e0 faire et les Vosges ne sont sans\u00a0 doute qu&rsquo;au d\u00e9but de l&rsquo;aventure. Comme le pr\u00e9cisait Bruno Poizat, directeur de l&rsquo;OT intercommunal, c&rsquo;est un d\u00e9partement qui reste malgr\u00e9 tout relativement pauvre en itin\u00e9raires prot\u00e9g\u00e9s cyclotourismes. \u00ab\u00a0On est de plus en plus sur le cyclotourisme. Il faut donc structurer l&rsquo;offre et la promouvoir, travailler en bonne intelligence. Nous allons par exemple mettre en place un partenariat avec Boch afin de d\u00e9ployer des bornes pour le v\u00e9lo \u00e9lectrique pour rester dans cette id\u00e9e de slow tourisme, d&rsquo;\u00e9co-tourisme\u00a0\u00bb ajoute Philippe Poirot, responsable du SIVU Tourisme Hautes Vosges et directeur de l&rsquo;OT de la Bresse. Et c&rsquo;est parce qu&rsquo;ils ont senti le v\u00e9lo arriver \u00e0 toute vitesse que les \u00e9lus de Xonrupt-Longemer ont imagin\u00e9 le r\u00e9am\u00e9nagement du camping dans cet esprit en fournissant un local adapt\u00e9 aux deux roues. Idem pour Catherine et Fr\u00e9d\u00e9ric Kimmlingen qui ont eu la bonne id\u00e9e d&rsquo;am\u00e9nager leur chambre d\u2019h\u00f4te (4 chambres) sur les hauteurs de G\u00e9rardmer en pensant aux cyclistes. Comme \u00e0 chaque \u00e9tablissement labellis\u00e9, le D\u00e9partement leur a donc offert ainsi qu&rsquo;au camping xonrup\u00e9en un kit de r\u00e9paration ainsi que les frais d\u2019adh\u00e9sion au label (200 \u20ac pour 3 ans) afin d&rsquo;\u00eatre bien identifi\u00e9s par les adeptes de la petite reine&#8230;<\/span><\/p>\n<p style=\"text-align: center;\" align=\"JUSTIFY\"><span style=\"font-size: medium;\"><strong>\u00a0Petites pr\u00e9cisions :<\/strong><br \/>\n<\/span><\/p>\n<p><span style=\"color: #000000;\"><span style=\"font-size: medium;\"><b>Un \u00e9tablissement Accueil V\u00e9lo c\u2019est la garantie pour le touriste \u00e0 v\u00e9lo de :<\/b><\/span><\/span><b><\/b><\/p>\n<ul>\n<li><span style=\"color: #000000;\"><span style=\"font-size: medium;\">Se trouver \u00e0 moins de 5km d&rsquo;un itin\u00e9raire cyclable<\/span><\/span><\/li>\n<li><span style=\"color: #000000;\"><span style=\"font-size: medium;\">De disposer d&rsquo;\u00e9quipements adapt\u00e9s : abri \u00e0 v\u00e9los s\u00e9curis\u00e9,\u00a0kit de r\u00e9paration<\/span><\/span><\/li>\n<li><span style=\"color: #000000;\"><span style=\"font-size: medium;\">De b\u00e9n\u00e9ficier d&rsquo;un accueil attentionn\u00e9\u00a0: informations et conseils utiles (circuits, m\u00e9t\u00e9o, &#8230;)<\/span><\/span><\/li>\n<li>\n<p align=\"LEFT\"><span style=\"color: #000000;\"><span style=\"font-size: medium;\">De disposer de\u00a0services adapt\u00e9s aux cyclistes : transfert de bagages, lavage et s\u00e9chage du linge, location de v\u00e9los et accessoires, lavage des v\u00e9los,&#8230;<\/span><\/span><\/p>\n<\/li>\n<\/ul>\n<p>&nbsp;<\/p>\n<p>&nbsp;<\/p>\n<p align=\"LEFT\"><strong><span style=\"color: #000000;\"><span style=\"font-size: medium;\">D\u00e9marche \u00e0 suivre pour \u00eatre labellis\u00e9 Accueil V\u00e9lo : <\/span><\/span><span style=\"color: #7da647;\"><span style=\"font-family: Calibri, serif;\"><span style=\"font-size: medium;\"><span style=\"color: #00000a;\"><span style=\"font-family: Calibri, serif;\"><br \/>\n<\/span><\/span><\/span><\/span><\/span><\/strong><\/p>\n<p align=\"JUSTIFY\"><span style=\"font-size: medium;\"><br \/>\n1. Chaque \u00e9tablissement candidat \u00e0 l&rsquo;utilisation de la marque Accueil V\u00e9lo doit formuler une demande \u00e9crite par courriel) au Conseil D\u00e9partemental des Vosges (Christophe CARDOT, Charg\u00e9 de mission v\u00e9lo au service Tourisme \u2013 <a href=\"mailto:ccardot@vosges.fr\">ccardot@vosges.fr<\/a> ou 03 29 29 00 72.)<\/span><\/p>\n<p align=\"JUSTIFY\"><span style=\"font-size: medium;\">2. Une visite de contr\u00f4le sera ensuite r\u00e9alis\u00e9e par l&rsquo;organisme \u00e9valuateur, afin de v\u00e9rifier que l&rsquo;\u00e9tablissement candidat respecte les crit\u00e8res du r\u00e9f\u00e9rentiel de qualit\u00e9 Accueil V\u00e9lo de sa cat\u00e9gorie.<\/span><\/p>\n<p align=\"JUSTIFY\"><span style=\"font-size: medium;\">3. Si les crit\u00e8res du r\u00e9f\u00e9rentiel Accueil V\u00e9lo sont respect\u00e9s, l&rsquo;organisme \u00e9valuateur autorise, pour 3 ans, l&rsquo;\u00e9tablissement candidat \u00e0 utiliser la marque Accueil V\u00e9lo.<\/span><\/p>\n","protected":false},"excerpt":{"rendered":"<p>Le vice-pr\u00e9sident du Conseil d\u00e9partemental d\u00e9l\u00e9gu\u00e9 au Tourisme Beno\u00eet Jourdain \u00e9tait pr\u00e9sent ce lundi 20 mai 2019 \u00e0 Xonrupt-Longemer afin [&hellip;]<\/p>\n","protected":false},"author":42,"featured_media":41684,"comment_status":"open","ping_status":"open","sticky":false,"template":"","format":"standard","meta":{"footnotes":""},"categories":[20,25,14,15,18,42,40],"tags":[4112,4113,4114],"class_list":["post-41683","post","type-post","status-publish","format-standard","has-post-thumbnail","hentry","category-a-la-une","category-gerardmer","category-sport","category-tourisme","category-vosges","category-xonrupt-longemer","category-xonrupt-liezey","tag-benoit-jourdain","tag-camping-de-xonrupt","tag-label-accueil-velo"],"acf":[],"yoast_head":"<!-- This site is optimized with the Yoast SEO plugin v22.5 - https:\/\/yoast.com\/wordpress\/plugins\/seo\/ -->\n<title>Le label Accueil V\u00e9lo s&#039;installe dans la vall\u00e9e des Lacs - Gerardmer Info<\/title>\n<meta name=\"robots\" content=\"index, follow, max-snippet:-1, max-image-preview:large, max-video-preview:-1\" \/>\n<link rel=\"canonical\" href=\"https:\/\/vosgesinfo.fr\/gerardmerinfo\/2019\/05\/label-accueil-velo-sinstalle-vallee-lacs\/\" \/>\n<meta name=\"twitter:card\" content=\"summary_large_image\" \/>\n<meta name=\"twitter:title\" content=\"Le label Accueil V\u00e9lo s&#039;installe dans la vall\u00e9e des Lacs - Gerardmer Info\" \/>\n<meta name=\"twitter:description\" content=\"Le vice-pr\u00e9sident du Conseil d\u00e9partemental d\u00e9l\u00e9gu\u00e9 au Tourisme Beno\u00eet Jourdain \u00e9tait pr\u00e9sent ce lundi 20 mai 2019 \u00e0 Xonrupt-Longemer afin [&hellip;]\" \/>\n<meta name=\"twitter:image\" content=\"https:\/\/vosgesinfo.fr\/app\/uploads\/sites\/6\/2024\/07\/201905label-accueil-velo-xonrupt-camping-1.jpg\" \/>\n<meta name=\"twitter:creator\" content=\"@VosgesInfo88\" \/>\n<meta name=\"twitter:site\" content=\"@VosgesInfo88\" \/>\n<meta name=\"twitter:label1\" content=\"\u00c9crit par\" \/>\n\t<meta name=\"twitter:data1\" content=\"QG\" \/>\n\t<meta name=\"twitter:label2\" content=\"Dur\u00e9e de lecture estim\u00e9e\" \/>\n\t<meta name=\"twitter:data2\" content=\"4 minutes\" \/>\n<script type=\"application\/ld+json\" class=\"yoast-schema-graph\">{\"@context\":\"https:\/\/schema.org\",\"@graph\":[{\"@type\":\"Article\",\"@id\":\"https:\/\/vosgesinfo.fr\/gerardmerinfo\/2019\/05\/label-accueil-velo-sinstalle-vallee-lacs\/#article\",\"isPartOf\":{\"@id\":\"https:\/\/vosgesinfo.fr\/gerardmerinfo\/2019\/05\/label-accueil-velo-sinstalle-vallee-lacs\/\"},\"author\":{\"name\":\"QG\",\"@id\":\"https:\/\/vosgesinfo.fr\/gerardmerinfo\/#\/schema\/person\/db5605779a843dad16b5368f3e7613a5\"},\"headline\":\"Le label Accueil V\u00e9lo s&rsquo;installe dans la vall\u00e9e des Lacs\",\"datePublished\":\"2019-05-20T13:38:33+00:00\",\"dateModified\":\"2019-05-20T13:38:33+00:00\",\"mainEntityOfPage\":{\"@id\":\"https:\/\/vosgesinfo.fr\/gerardmerinfo\/2019\/05\/label-accueil-velo-sinstalle-vallee-lacs\/\"},\"wordCount\":814,\"commentCount\":0,\"publisher\":{\"@id\":\"https:\/\/vosgesinfo.fr\/gerardmerinfo\/#organization\"},\"image\":{\"@id\":\"https:\/\/vosgesinfo.fr\/gerardmerinfo\/2019\/05\/label-accueil-velo-sinstalle-vallee-lacs\/#primaryimage\"},\"thumbnailUrl\":\"https:\/\/vosgesinfo.fr\/app\/uploads\/sites\/6\/2024\/07\/201905label-accueil-velo-xonrupt-camping-1.jpg\",\"keywords\":[\"Beno\u00eet Jourdain\",\"camping de xonrupt\",\"Label accueil v\u00e9lo\"],\"articleSection\":[\"A la une\",\"G\u00e9rardmer\",\"Sport\",\"Tourisme\",\"Vosges\",\"Xonrupt-Longemer\",\"Xonrupt\/Liezey\"],\"inLanguage\":\"fr-FR\",\"potentialAction\":[{\"@type\":\"CommentAction\",\"name\":\"Comment\",\"target\":[\"https:\/\/vosgesinfo.fr\/gerardmerinfo\/2019\/05\/label-accueil-velo-sinstalle-vallee-lacs\/#respond\"]}]},{\"@type\":\"WebPage\",\"@id\":\"https:\/\/vosgesinfo.fr\/gerardmerinfo\/2019\/05\/label-accueil-velo-sinstalle-vallee-lacs\/\",\"url\":\"https:\/\/vosgesinfo.fr\/gerardmerinfo\/2019\/05\/label-accueil-velo-sinstalle-vallee-lacs\/\",\"name\":\"Le label Accueil V\u00e9lo s'installe dans la vall\u00e9e des Lacs - Gerardmer Info\",\"isPartOf\":{\"@id\":\"https:\/\/vosgesinfo.fr\/gerardmerinfo\/#website\"},\"primaryImageOfPage\":{\"@id\":\"https:\/\/vosgesinfo.fr\/gerardmerinfo\/2019\/05\/label-accueil-velo-sinstalle-vallee-lacs\/#primaryimage\"},\"image\":{\"@id\":\"https:\/\/vosgesinfo.fr\/gerardmerinfo\/2019\/05\/label-accueil-velo-sinstalle-vallee-lacs\/#primaryimage\"},\"thumbnailUrl\":\"https:\/\/vosgesinfo.fr\/app\/uploads\/sites\/6\/2024\/07\/201905label-accueil-velo-xonrupt-camping-1.jpg\",\"datePublished\":\"2019-05-20T13:38:33+00:00\",\"dateModified\":\"2019-05-20T13:38:33+00:00\",\"breadcrumb\":{\"@id\":\"https:\/\/vosgesinfo.fr\/gerardmerinfo\/2019\/05\/label-accueil-velo-sinstalle-vallee-lacs\/#breadcrumb\"},\"inLanguage\":\"fr-FR\",\"potentialAction\":[{\"@type\":\"ReadAction\",\"target\":[\"https:\/\/vosgesinfo.fr\/gerardmerinfo\/2019\/05\/label-accueil-velo-sinstalle-vallee-lacs\/\"]}]},{\"@type\":\"ImageObject\",\"inLanguage\":\"fr-FR\",\"@id\":\"https:\/\/vosgesinfo.fr\/gerardmerinfo\/2019\/05\/label-accueil-velo-sinstalle-vallee-lacs\/#primaryimage\",\"url\":\"https:\/\/vosgesinfo.fr\/app\/uploads\/sites\/6\/2024\/07\/201905label-accueil-velo-xonrupt-camping-1.jpg\",\"contentUrl\":\"https:\/\/vosgesinfo.fr\/app\/uploads\/sites\/6\/2024\/07\/201905label-accueil-velo-xonrupt-camping-1.jpg\",\"width\":800,\"height\":600},{\"@type\":\"BreadcrumbList\",\"@id\":\"https:\/\/vosgesinfo.fr\/gerardmerinfo\/2019\/05\/label-accueil-velo-sinstalle-vallee-lacs\/#breadcrumb\",\"itemListElement\":[{\"@type\":\"ListItem\",\"position\":1,\"name\":\"Home\",\"item\":\"https:\/\/vosgesinfo.fr\/gerardmerinfo\/\"},{\"@type\":\"ListItem\",\"position\":2,\"name\":\"Le label Accueil V\u00e9lo s&rsquo;installe dans la vall\u00e9e des Lacs\"}]},{\"@type\":\"WebSite\",\"@id\":\"https:\/\/vosgesinfo.fr\/gerardmerinfo\/#website\",\"url\":\"https:\/\/vosgesinfo.fr\/gerardmerinfo\/\",\"name\":\"Gerardmer Info\",\"description\":\"Toute l&#039;actualit\u00e9 de G\u00e9rardmer\",\"publisher\":{\"@id\":\"https:\/\/vosgesinfo.fr\/gerardmerinfo\/#organization\"},\"alternateName\":\"Toute l'actualit\u00e9 de G\u00e9rardmer\",\"potentialAction\":[{\"@type\":\"SearchAction\",\"target\":{\"@type\":\"EntryPoint\",\"urlTemplate\":\"https:\/\/vosgesinfo.fr\/gerardmerinfo\/?s={search_term_string}\"},\"query-input\":\"required name=search_term_string\"}],\"inLanguage\":\"fr-FR\"},{\"@type\":\"Organization\",\"@id\":\"https:\/\/vosgesinfo.fr\/gerardmerinfo\/#organization\",\"name\":\"Gerardmer Info\",\"url\":\"https:\/\/vosgesinfo.fr\/gerardmerinfo\/\",\"logo\":{\"@type\":\"ImageObject\",\"inLanguage\":\"fr-FR\",\"@id\":\"https:\/\/vosgesinfo.fr\/gerardmerinfo\/#\/schema\/logo\/image\/\",\"url\":\"https:\/\/vosgesinfo.fr\/app\/uploads\/sites\/6\/2023\/08\/favicon-gerardmerinfo.png\",\"contentUrl\":\"https:\/\/vosgesinfo.fr\/app\/uploads\/sites\/6\/2023\/08\/favicon-gerardmerinfo.png\",\"width\":512,\"height\":512,\"caption\":\"Gerardmer Info\"},\"image\":{\"@id\":\"https:\/\/vosgesinfo.fr\/gerardmerinfo\/#\/schema\/logo\/image\/\"},\"sameAs\":[\"https:\/\/www.facebook.com\/profile.php?id=100049475262660\",\"https:\/\/x.com\/VosgesInfo88\",\"https:\/\/www.youtube.com\/@vosgesinfo\"]},{\"@type\":\"Person\",\"@id\":\"https:\/\/vosgesinfo.fr\/gerardmerinfo\/#\/schema\/person\/db5605779a843dad16b5368f3e7613a5\",\"name\":\"QG\",\"image\":{\"@type\":\"ImageObject\",\"inLanguage\":\"fr-FR\",\"@id\":\"https:\/\/vosgesinfo.fr\/gerardmerinfo\/#\/schema\/person\/image\/\",\"url\":\"https:\/\/secure.gravatar.com\/avatar\/ea80c42c204b534408512832fde52504ecabb9706bcb6151cf6175e5b64e6793?s=96&d=mm&r=g\",\"contentUrl\":\"https:\/\/secure.gravatar.com\/avatar\/ea80c42c204b534408512832fde52504ecabb9706bcb6151cf6175e5b64e6793?s=96&d=mm&r=g\",\"caption\":\"QG\"},\"url\":\"https:\/\/vosgesinfo.fr\/gerardmerinfo\/author\/quentin88\/\"}]}<\/script>\n<!-- \/ Yoast SEO plugin. -->","yoast_head_json":{"title":"Le label Accueil V\u00e9lo s'installe dans la vall\u00e9e des Lacs - Gerardmer Info","robots":{"index":"index","follow":"follow","max-snippet":"max-snippet:-1","max-image-preview":"max-image-preview:large","max-video-preview":"max-video-preview:-1"},"canonical":"https:\/\/vosgesinfo.fr\/gerardmerinfo\/2019\/05\/label-accueil-velo-sinstalle-vallee-lacs\/","twitter_card":"summary_large_image","twitter_title":"Le label Accueil V\u00e9lo s'installe dans la vall\u00e9e des Lacs - Gerardmer Info","twitter_description":"Le vice-pr\u00e9sident du Conseil d\u00e9partemental d\u00e9l\u00e9gu\u00e9 au Tourisme Beno\u00eet Jourdain \u00e9tait pr\u00e9sent ce lundi 20 mai 2019 \u00e0 Xonrupt-Longemer afin [&hellip;]","twitter_image":"https:\/\/vosgesinfo.fr\/app\/uploads\/sites\/6\/2024\/07\/201905label-accueil-velo-xonrupt-camping-1.jpg","twitter_creator":"@VosgesInfo88","twitter_site":"@VosgesInfo88","twitter_misc":{"\u00c9crit par":"QG","Dur\u00e9e de lecture estim\u00e9e":"4 minutes"},"schema":{"@context":"https:\/\/schema.org","@graph":[{"@type":"Article","@id":"https:\/\/vosgesinfo.fr\/gerardmerinfo\/2019\/05\/label-accueil-velo-sinstalle-vallee-lacs\/#article","isPartOf":{"@id":"https:\/\/vosgesinfo.fr\/gerardmerinfo\/2019\/05\/label-accueil-velo-sinstalle-vallee-lacs\/"},"author":{"name":"QG","@id":"https:\/\/vosgesinfo.fr\/gerardmerinfo\/#\/schema\/person\/db5605779a843dad16b5368f3e7613a5"},"headline":"Le label Accueil V\u00e9lo s&rsquo;installe dans la vall\u00e9e des Lacs","datePublished":"2019-05-20T13:38:33+00:00","dateModified":"2019-05-20T13:38:33+00:00","mainEntityOfPage":{"@id":"https:\/\/vosgesinfo.fr\/gerardmerinfo\/2019\/05\/label-accueil-velo-sinstalle-vallee-lacs\/"},"wordCount":814,"commentCount":0,"publisher":{"@id":"https:\/\/vosgesinfo.fr\/gerardmerinfo\/#organization"},"image":{"@id":"https:\/\/vosgesinfo.fr\/gerardmerinfo\/2019\/05\/label-accueil-velo-sinstalle-vallee-lacs\/#primaryimage"},"thumbnailUrl":"https:\/\/vosgesinfo.fr\/app\/uploads\/sites\/6\/2024\/07\/201905label-accueil-velo-xonrupt-camping-1.jpg","keywords":["Beno\u00eet Jourdain","camping de xonrupt","Label accueil v\u00e9lo"],"articleSection":["A la une","G\u00e9rardmer","Sport","Tourisme","Vosges","Xonrupt-Longemer","Xonrupt\/Liezey"],"inLanguage":"fr-FR","potentialAction":[{"@type":"CommentAction","name":"Comment","target":["https:\/\/vosgesinfo.fr\/gerardmerinfo\/2019\/05\/label-accueil-velo-sinstalle-vallee-lacs\/#respond"]}]},{"@type":"WebPage","@id":"https:\/\/vosgesinfo.fr\/gerardmerinfo\/2019\/05\/label-accueil-velo-sinstalle-vallee-lacs\/","url":"https:\/\/vosgesinfo.fr\/gerardmerinfo\/2019\/05\/label-accueil-velo-sinstalle-vallee-lacs\/","name":"Le label Accueil V\u00e9lo s'installe dans la vall\u00e9e des Lacs - Gerardmer Info","isPartOf":{"@id":"https:\/\/vosgesinfo.fr\/gerardmerinfo\/#website"},"primaryImageOfPage":{"@id":"https:\/\/vosgesinfo.fr\/gerardmerinfo\/2019\/05\/label-accueil-velo-sinstalle-vallee-lacs\/#primaryimage"},"image":{"@id":"https:\/\/vosgesinfo.fr\/gerardmerinfo\/2019\/05\/label-accueil-velo-sinstalle-vallee-lacs\/#primaryimage"},"thumbnailUrl":"https:\/\/vosgesinfo.fr\/app\/uploads\/sites\/6\/2024\/07\/201905label-accueil-velo-xonrupt-camping-1.jpg","datePublished":"2019-05-20T13:38:33+00:00","dateModified":"2019-05-20T13:38:33+00:00","breadcrumb":{"@id":"https:\/\/vosgesinfo.fr\/gerardmerinfo\/2019\/05\/label-accueil-velo-sinstalle-vallee-lacs\/#breadcrumb"},"inLanguage":"fr-FR","potentialAction":[{"@type":"ReadAction","target":["https:\/\/vosgesinfo.fr\/gerardmerinfo\/2019\/05\/label-accueil-velo-sinstalle-vallee-lacs\/"]}]},{"@type":"ImageObject","inLanguage":"fr-FR","@id":"https:\/\/vosgesinfo.fr\/gerardmerinfo\/2019\/05\/label-accueil-velo-sinstalle-vallee-lacs\/#primaryimage","url":"https:\/\/vosgesinfo.fr\/app\/uploads\/sites\/6\/2024\/07\/201905label-accueil-velo-xonrupt-camping-1.jpg","contentUrl":"https:\/\/vosgesinfo.fr\/app\/uploads\/sites\/6\/2024\/07\/201905label-accueil-velo-xonrupt-camping-1.jpg","width":800,"height":600},{"@type":"BreadcrumbList","@id":"https:\/\/vosgesinfo.fr\/gerardmerinfo\/2019\/05\/label-accueil-velo-sinstalle-vallee-lacs\/#breadcrumb","itemListElement":[{"@type":"ListItem","position":1,"name":"Home","item":"https:\/\/vosgesinfo.fr\/gerardmerinfo\/"},{"@type":"ListItem","position":2,"name":"Le label Accueil V\u00e9lo s&rsquo;installe dans la vall\u00e9e des Lacs"}]},{"@type":"WebSite","@id":"https:\/\/vosgesinfo.fr\/gerardmerinfo\/#website","url":"https:\/\/vosgesinfo.fr\/gerardmerinfo\/","name":"Gerardmer Info","description":"Toute l&#039;actualit\u00e9 de G\u00e9rardmer","publisher":{"@id":"https:\/\/vosgesinfo.fr\/gerardmerinfo\/#organization"},"alternateName":"Toute l'actualit\u00e9 de G\u00e9rardmer","potentialAction":[{"@type":"SearchAction","target":{"@type":"EntryPoint","urlTemplate":"https:\/\/vosgesinfo.fr\/gerardmerinfo\/?s={search_term_string}"},"query-input":"required name=search_term_string"}],"inLanguage":"fr-FR"},{"@type":"Organization","@id":"https:\/\/vosgesinfo.fr\/gerardmerinfo\/#organization","name":"Gerardmer Info","url":"https:\/\/vosgesinfo.fr\/gerardmerinfo\/","logo":{"@type":"ImageObject","inLanguage":"fr-FR","@id":"https:\/\/vosgesinfo.fr\/gerardmerinfo\/#\/schema\/logo\/image\/","url":"https:\/\/vosgesinfo.fr\/app\/uploads\/sites\/6\/2023\/08\/favicon-gerardmerinfo.png","contentUrl":"https:\/\/vosgesinfo.fr\/app\/uploads\/sites\/6\/2023\/08\/favicon-gerardmerinfo.png","width":512,"height":512,"caption":"Gerardmer Info"},"image":{"@id":"https:\/\/vosgesinfo.fr\/gerardmerinfo\/#\/schema\/logo\/image\/"},"sameAs":["https:\/\/www.facebook.com\/profile.php?id=100049475262660","https:\/\/x.com\/VosgesInfo88","https:\/\/www.youtube.com\/@vosgesinfo"]},{"@type":"Person","@id":"https:\/\/vosgesinfo.fr\/gerardmerinfo\/#\/schema\/person\/db5605779a843dad16b5368f3e7613a5","name":"QG","image":{"@type":"ImageObject","inLanguage":"fr-FR","@id":"https:\/\/vosgesinfo.fr\/gerardmerinfo\/#\/schema\/person\/image\/","url":"https:\/\/secure.gravatar.com\/avatar\/ea80c42c204b534408512832fde52504ecabb9706bcb6151cf6175e5b64e6793?s=96&d=mm&r=g","contentUrl":"https:\/\/secure.gravatar.com\/avatar\/ea80c42c204b534408512832fde52504ecabb9706bcb6151cf6175e5b64e6793?s=96&d=mm&r=g","caption":"QG"},"url":"https:\/\/vosgesinfo.fr\/gerardmerinfo\/author\/quentin88\/"}]}},"_links":{"self":[{"href":"https:\/\/vosgesinfo.fr\/gerardmerinfo\/wp-json\/wp\/v2\/posts\/41683","targetHints":{"allow":["GET"]}}],"collection":[{"href":"https:\/\/vosgesinfo.fr\/gerardmerinfo\/wp-json\/wp\/v2\/posts"}],"about":[{"href":"https:\/\/vosgesinfo.fr\/gerardmerinfo\/wp-json\/wp\/v2\/types\/post"}],"author":[{"embeddable":true,"href":"https:\/\/vosgesinfo.fr\/gerardmerinfo\/wp-json\/wp\/v2\/users\/42"}],"replies":[{"embeddable":true,"href":"https:\/\/vosgesinfo.fr\/gerardmerinfo\/wp-json\/wp\/v2\/comments?post=41683"}],"version-history":[{"count":0,"href":"https:\/\/vosgesinfo.fr\/gerardmerinfo\/wp-json\/wp\/v2\/posts\/41683\/revisions"}],"wp:featuredmedia":[{"embeddable":true,"href":"https:\/\/vosgesinfo.fr\/gerardmerinfo\/wp-json\/wp\/v2\/media\/41684"}],"wp:attachment":[{"href":"https:\/\/vosgesinfo.fr\/gerardmerinfo\/wp-json\/wp\/v2\/media?parent=41683"}],"wp:term":[{"taxonomy":"category","embeddable":true,"href":"https:\/\/vosgesinfo.fr\/gerardmerinfo\/wp-json\/wp\/v2\/categories?post=41683"},{"taxonomy":"post_tag","embeddable":true,"href":"https:\/\/vosgesinfo.fr\/gerardmerinfo\/wp-json\/wp\/v2\/tags?post=41683"}],"curies":[{"name":"wp","href":"https:\/\/api.w.org\/{rel}","templated":true}]}}