{"id":41688,"date":"2019-05-20T15:37:40","date_gmt":"2019-05-20T13:37:40","guid":{"rendered":"https:\/\/vosgesinfo.fr\/gerardmerinfo\/2019\/05\/volley-lasg-podium-de-coupe-de-france-federale\/"},"modified":"2019-05-20T15:37:40","modified_gmt":"2019-05-20T13:37:40","slug":"volley-lasg-podium-de-coupe-de-france-federale","status":"publish","type":"post","link":"https:\/\/vosgesinfo.fr\/gerardmerinfo\/2019\/05\/volley-lasg-podium-de-coupe-de-france-federale\/","title":{"rendered":"Volley : l&rsquo;ASG sur le podium de la Coupe de France F\u00e9d\u00e9rale"},"content":{"rendered":"\n<p><span style=\"font-family: arial, helvetica, sans-serif;\"><br \/>\nLes G\u00e9r\u00f4mois sont rentr\u00e9s tardivement de leur p\u00e9riple \u00e0 Agde, mais c&rsquo;est bien avec une m\u00e9daille autour du cou et quelques cernes sous les yeux ! Certes ils esp\u00e9raient peut-\u00eatre un autre m\u00e9tal, mais le bronze leur convient toutefois plus que le chocolat&#8230; Apr\u00e8s avoir d\u00fb batailler contre Laval en 5 manches et s&rsquo;\u00eatre inclin\u00e9s 3 sets \u00e0 2 sur le fil (15-13 au tie break) en demi finale le samedi soir, les volleyeurs vosgiens ont trouv\u00e9 les ressources pour emporter la petite finale qui les opposait \u00e0 Montpellier le dimanche. Une nouvelle parti disput\u00e9e en 5 manches,\u00a0 mais avec la victoire au bout cette fois ci. <\/span><\/p>\n<p><span style=\"font-family: arial, helvetica, sans-serif;\">Quels souvenirs pour une premi\u00e8re fois \u00e0 ce niveau de comp\u00e9tition. Pass\u00e9s des larmes et de la d\u00e9ception du samedi aux sourires du dimanche en moins de douze heures,les joueurs de l&rsquo;ASG ont montr\u00e9 une superbe image de leur club et de leur \u00e9tat d&rsquo;esprit dans l&rsquo;H\u00e9rault, \u00e9paul\u00e9s en cela par la vingtaine de supporters qui avait fait le d\u00e9placement. Toute l&rsquo;\u00e9quipe aura pass\u00e9 son week-end presqu&rsquo;\u00e0 la maison gr\u00e2ce \u00e0 eux, et cette ferveur a \u00e9t\u00e9 par ailleurs mise \u00e0 l&rsquo;honneur au moment du protocole, G\u00e9rardmer recevant le titre honorifique de meilleur public de la comp\u00e9tition ! Un protocole qui aura \u00e9galement vu Th\u00e9o Durand recevoir le titre de meilleur libero du tournoi. Une belle r\u00e9compense pour ce qui sera son dernier match avant d&rsquo;int\u00e9grer l&rsquo;an prochain le CNVB, antichambre du haut niveau national et de l&rsquo;\u00e9quipe de France, c&rsquo;est bien tout le mal qu&rsquo;on lui souhaite. <\/span><\/p>\n<p><span style=\"font-family: arial, helvetica, sans-serif;\">D&rsquo;autres jeunes se sont illustr\u00e9s\u00a0 sur cette comp\u00e9tition puisque Lo\u00efc JAN a une nouvelle fois prouv\u00e9 qu&rsquo;il pouvait \u00e9voluer \u00e0 ce niveau sur tout un week-end et que F\u00e9lix Didier aura montr\u00e9 toute l&rsquo;\u00e9tendue de son talent, justifiant les espoirs plac\u00e9s en lui cette saison. Bravo aussi aux anciens qui ont encadr\u00e9 toute cette jeunesse depuis le d\u00e9but de la saison et leur ont permis d&rsquo;engranger confiance et exp\u00e9rience ! J\u00e9r\u00f4me JAN est un pr\u00e9sident-coach ravi, mes G\u00e9r\u00f4mois ont montr\u00e9 l&rsquo;image d&rsquo;un club complet, des joueurs aux supporters, et tient \u00e0\u00a0 remercier tous ceux qui ont rendu cela possible : les joueurs \u00e9videmment, le public et ses partenaires, Snee, Chez m\u0117m\u0117 et le bar la Ruelle. Prochain\u00a0 rendez-vous d\u00e8s ce samedi pour le tournoi interne puis ce sera le tour du tournoi de beach, d\u00e9localis\u00e9 cette ann\u00e9e au niveau du casino les 29 et 30 juin.<\/span><\/p>\n","protected":false},"excerpt":{"rendered":"<p>Les G\u00e9r\u00f4mois sont rentr\u00e9s tardivement de leur p\u00e9riple \u00e0 Agde, mais c&rsquo;est bien avec une m\u00e9daille autour du cou et [&hellip;]<\/p>\n","protected":false},"author":1,"featured_media":41689,"comment_status":"open","ping_status":"open","sticky":false,"template":"","format":"standard","meta":{"footnotes":""},"categories":[20,14],"tags":[119],"class_list":["post-41688","post","type-post","status-publish","format-standard","has-post-thumbnail","hentry","category-a-la-une","category-sport","tag-asg-volley"],"acf":[],"yoast_head":"<!-- This site is optimized with the Yoast SEO plugin v22.5 - https:\/\/yoast.com\/wordpress\/plugins\/seo\/ -->\n<title>Volley : l&#039;ASG sur le podium de la Coupe de France F\u00e9d\u00e9rale - Gerardmer Info<\/title>\n<meta name=\"robots\" content=\"index, follow, max-snippet:-1, max-image-preview:large, max-video-preview:-1\" \/>\n<link rel=\"canonical\" href=\"https:\/\/vosgesinfo.fr\/gerardmerinfo\/2019\/05\/volley-lasg-podium-de-coupe-de-france-federale\/\" \/>\n<meta name=\"twitter:card\" content=\"summary_large_image\" \/>\n<meta name=\"twitter:title\" content=\"Volley : l&#039;ASG sur le podium de la Coupe de France F\u00e9d\u00e9rale - Gerardmer Info\" \/>\n<meta name=\"twitter:description\" content=\"Les G\u00e9r\u00f4mois sont rentr\u00e9s tardivement de leur p\u00e9riple \u00e0 Agde, mais c&rsquo;est bien avec une m\u00e9daille autour du cou et [&hellip;]\" \/>\n<meta name=\"twitter:image\" content=\"https:\/\/vosgesinfo.fr\/app\/uploads\/sites\/6\/2024\/07\/201905volley-coupe-de-france-asg-2.jpg\" \/>\n<meta name=\"twitter:creator\" content=\"@VosgesInfo88\" \/>\n<meta name=\"twitter:site\" content=\"@VosgesInfo88\" \/>\n<meta name=\"twitter:label1\" content=\"\u00c9crit par\" \/>\n\t<meta name=\"twitter:data1\" content=\"qs_admin\" \/>\n\t<meta name=\"twitter:label2\" content=\"Dur\u00e9e de lecture estim\u00e9e\" \/>\n\t<meta name=\"twitter:data2\" content=\"2 minutes\" \/>\n<script type=\"application\/ld+json\" class=\"yoast-schema-graph\">{\"@context\":\"https:\/\/schema.org\",\"@graph\":[{\"@type\":\"Article\",\"@id\":\"https:\/\/vosgesinfo.fr\/gerardmerinfo\/2019\/05\/volley-lasg-podium-de-coupe-de-france-federale\/#article\",\"isPartOf\":{\"@id\":\"https:\/\/vosgesinfo.fr\/gerardmerinfo\/2019\/05\/volley-lasg-podium-de-coupe-de-france-federale\/\"},\"author\":{\"name\":\"qs_admin\",\"@id\":\"https:\/\/vosgesinfo.fr\/gerardmerinfo\/#\/schema\/person\/bc5d02d71e6932e81b6dadb7386667b1\"},\"headline\":\"Volley : l&rsquo;ASG sur le podium de la Coupe de France F\u00e9d\u00e9rale\",\"datePublished\":\"2019-05-20T13:37:40+00:00\",\"dateModified\":\"2019-05-20T13:37:40+00:00\",\"mainEntityOfPage\":{\"@id\":\"https:\/\/vosgesinfo.fr\/gerardmerinfo\/2019\/05\/volley-lasg-podium-de-coupe-de-france-federale\/\"},\"wordCount\":462,\"commentCount\":0,\"publisher\":{\"@id\":\"https:\/\/vosgesinfo.fr\/gerardmerinfo\/#organization\"},\"image\":{\"@id\":\"https:\/\/vosgesinfo.fr\/gerardmerinfo\/2019\/05\/volley-lasg-podium-de-coupe-de-france-federale\/#primaryimage\"},\"thumbnailUrl\":\"https:\/\/vosgesinfo.fr\/app\/uploads\/sites\/6\/2024\/07\/201905volley-coupe-de-france-asg-2.jpg\",\"keywords\":[\"ASG volley\"],\"articleSection\":[\"A la une\",\"Sport\"],\"inLanguage\":\"fr-FR\",\"potentialAction\":[{\"@type\":\"CommentAction\",\"name\":\"Comment\",\"target\":[\"https:\/\/vosgesinfo.fr\/gerardmerinfo\/2019\/05\/volley-lasg-podium-de-coupe-de-france-federale\/#respond\"]}]},{\"@type\":\"WebPage\",\"@id\":\"https:\/\/vosgesinfo.fr\/gerardmerinfo\/2019\/05\/volley-lasg-podium-de-coupe-de-france-federale\/\",\"url\":\"https:\/\/vosgesinfo.fr\/gerardmerinfo\/2019\/05\/volley-lasg-podium-de-coupe-de-france-federale\/\",\"name\":\"Volley : l'ASG sur le podium de la Coupe de France F\u00e9d\u00e9rale - Gerardmer Info\",\"isPartOf\":{\"@id\":\"https:\/\/vosgesinfo.fr\/gerardmerinfo\/#website\"},\"primaryImageOfPage\":{\"@id\":\"https:\/\/vosgesinfo.fr\/gerardmerinfo\/2019\/05\/volley-lasg-podium-de-coupe-de-france-federale\/#primaryimage\"},\"image\":{\"@id\":\"https:\/\/vosgesinfo.fr\/gerardmerinfo\/2019\/05\/volley-lasg-podium-de-coupe-de-france-federale\/#primaryimage\"},\"thumbnailUrl\":\"https:\/\/vosgesinfo.fr\/app\/uploads\/sites\/6\/2024\/07\/201905volley-coupe-de-france-asg-2.jpg\",\"datePublished\":\"2019-05-20T13:37:40+00:00\",\"dateModified\":\"2019-05-20T13:37:40+00:00\",\"breadcrumb\":{\"@id\":\"https:\/\/vosgesinfo.fr\/gerardmerinfo\/2019\/05\/volley-lasg-podium-de-coupe-de-france-federale\/#breadcrumb\"},\"inLanguage\":\"fr-FR\",\"potentialAction\":[{\"@type\":\"ReadAction\",\"target\":[\"https:\/\/vosgesinfo.fr\/gerardmerinfo\/2019\/05\/volley-lasg-podium-de-coupe-de-france-federale\/\"]}]},{\"@type\":\"ImageObject\",\"inLanguage\":\"fr-FR\",\"@id\":\"https:\/\/vosgesinfo.fr\/gerardmerinfo\/2019\/05\/volley-lasg-podium-de-coupe-de-france-federale\/#primaryimage\",\"url\":\"https:\/\/vosgesinfo.fr\/app\/uploads\/sites\/6\/2024\/07\/201905volley-coupe-de-france-asg-2.jpg\",\"contentUrl\":\"https:\/\/vosgesinfo.fr\/app\/uploads\/sites\/6\/2024\/07\/201905volley-coupe-de-france-asg-2.jpg\",\"width\":800,\"height\":450},{\"@type\":\"BreadcrumbList\",\"@id\":\"https:\/\/vosgesinfo.fr\/gerardmerinfo\/2019\/05\/volley-lasg-podium-de-coupe-de-france-federale\/#breadcrumb\",\"itemListElement\":[{\"@type\":\"ListItem\",\"position\":1,\"name\":\"Home\",\"item\":\"https:\/\/vosgesinfo.fr\/gerardmerinfo\/\"},{\"@type\":\"ListItem\",\"position\":2,\"name\":\"Volley : l&rsquo;ASG sur le podium de la Coupe de France F\u00e9d\u00e9rale\"}]},{\"@type\":\"WebSite\",\"@id\":\"https:\/\/vosgesinfo.fr\/gerardmerinfo\/#website\",\"url\":\"https:\/\/vosgesinfo.fr\/gerardmerinfo\/\",\"name\":\"Gerardmer Info\",\"description\":\"Toute l&#039;actualit\u00e9 de G\u00e9rardmer\",\"publisher\":{\"@id\":\"https:\/\/vosgesinfo.fr\/gerardmerinfo\/#organization\"},\"alternateName\":\"Toute l'actualit\u00e9 de G\u00e9rardmer\",\"potentialAction\":[{\"@type\":\"SearchAction\",\"target\":{\"@type\":\"EntryPoint\",\"urlTemplate\":\"https:\/\/vosgesinfo.fr\/gerardmerinfo\/?s={search_term_string}\"},\"query-input\":\"required name=search_term_string\"}],\"inLanguage\":\"fr-FR\"},{\"@type\":\"Organization\",\"@id\":\"https:\/\/vosgesinfo.fr\/gerardmerinfo\/#organization\",\"name\":\"Gerardmer Info\",\"url\":\"https:\/\/vosgesinfo.fr\/gerardmerinfo\/\",\"logo\":{\"@type\":\"ImageObject\",\"inLanguage\":\"fr-FR\",\"@id\":\"https:\/\/vosgesinfo.fr\/gerardmerinfo\/#\/schema\/logo\/image\/\",\"url\":\"https:\/\/vosgesinfo.fr\/app\/uploads\/sites\/6\/2023\/08\/favicon-gerardmerinfo.png\",\"contentUrl\":\"https:\/\/vosgesinfo.fr\/app\/uploads\/sites\/6\/2023\/08\/favicon-gerardmerinfo.png\",\"width\":512,\"height\":512,\"caption\":\"Gerardmer Info\"},\"image\":{\"@id\":\"https:\/\/vosgesinfo.fr\/gerardmerinfo\/#\/schema\/logo\/image\/\"},\"sameAs\":[\"https:\/\/www.facebook.com\/profile.php?id=100049475262660\",\"https:\/\/x.com\/VosgesInfo88\",\"https:\/\/www.youtube.com\/@vosgesinfo\"]},{\"@type\":\"Person\",\"@id\":\"https:\/\/vosgesinfo.fr\/gerardmerinfo\/#\/schema\/person\/bc5d02d71e6932e81b6dadb7386667b1\",\"name\":\"qs_admin\",\"image\":{\"@type\":\"ImageObject\",\"inLanguage\":\"fr-FR\",\"@id\":\"https:\/\/vosgesinfo.fr\/gerardmerinfo\/#\/schema\/person\/image\/\",\"url\":\"https:\/\/secure.gravatar.com\/avatar\/94b18ee0ed79e4a42ea2f2931277b6841a8999fc6fde214600c78057cf1fe1de?s=96&d=mm&r=g\",\"contentUrl\":\"https:\/\/secure.gravatar.com\/avatar\/94b18ee0ed79e4a42ea2f2931277b6841a8999fc6fde214600c78057cf1fe1de?s=96&d=mm&r=g\",\"caption\":\"qs_admin\"},\"sameAs\":[\"https:\/\/vosgesinfo.fr\/wp\"],\"url\":\"https:\/\/vosgesinfo.fr\/gerardmerinfo\/author\/qs_admin\/\"}]}<\/script>\n<!-- \/ Yoast SEO plugin. -->","yoast_head_json":{"title":"Volley : l'ASG sur le podium de la Coupe de France F\u00e9d\u00e9rale - Gerardmer Info","robots":{"index":"index","follow":"follow","max-snippet":"max-snippet:-1","max-image-preview":"max-image-preview:large","max-video-preview":"max-video-preview:-1"},"canonical":"https:\/\/vosgesinfo.fr\/gerardmerinfo\/2019\/05\/volley-lasg-podium-de-coupe-de-france-federale\/","twitter_card":"summary_large_image","twitter_title":"Volley : l'ASG sur le podium de la Coupe de France F\u00e9d\u00e9rale - Gerardmer Info","twitter_description":"Les G\u00e9r\u00f4mois sont rentr\u00e9s tardivement de leur p\u00e9riple \u00e0 Agde, mais c&rsquo;est bien avec une m\u00e9daille autour du cou et [&hellip;]","twitter_image":"https:\/\/vosgesinfo.fr\/app\/uploads\/sites\/6\/2024\/07\/201905volley-coupe-de-france-asg-2.jpg","twitter_creator":"@VosgesInfo88","twitter_site":"@VosgesInfo88","twitter_misc":{"\u00c9crit par":"qs_admin","Dur\u00e9e de lecture estim\u00e9e":"2 minutes"},"schema":{"@context":"https:\/\/schema.org","@graph":[{"@type":"Article","@id":"https:\/\/vosgesinfo.fr\/gerardmerinfo\/2019\/05\/volley-lasg-podium-de-coupe-de-france-federale\/#article","isPartOf":{"@id":"https:\/\/vosgesinfo.fr\/gerardmerinfo\/2019\/05\/volley-lasg-podium-de-coupe-de-france-federale\/"},"author":{"name":"qs_admin","@id":"https:\/\/vosgesinfo.fr\/gerardmerinfo\/#\/schema\/person\/bc5d02d71e6932e81b6dadb7386667b1"},"headline":"Volley : l&rsquo;ASG sur le podium de la Coupe de France F\u00e9d\u00e9rale","datePublished":"2019-05-20T13:37:40+00:00","dateModified":"2019-05-20T13:37:40+00:00","mainEntityOfPage":{"@id":"https:\/\/vosgesinfo.fr\/gerardmerinfo\/2019\/05\/volley-lasg-podium-de-coupe-de-france-federale\/"},"wordCount":462,"commentCount":0,"publisher":{"@id":"https:\/\/vosgesinfo.fr\/gerardmerinfo\/#organization"},"image":{"@id":"https:\/\/vosgesinfo.fr\/gerardmerinfo\/2019\/05\/volley-lasg-podium-de-coupe-de-france-federale\/#primaryimage"},"thumbnailUrl":"https:\/\/vosgesinfo.fr\/app\/uploads\/sites\/6\/2024\/07\/201905volley-coupe-de-france-asg-2.jpg","keywords":["ASG volley"],"articleSection":["A la une","Sport"],"inLanguage":"fr-FR","potentialAction":[{"@type":"CommentAction","name":"Comment","target":["https:\/\/vosgesinfo.fr\/gerardmerinfo\/2019\/05\/volley-lasg-podium-de-coupe-de-france-federale\/#respond"]}]},{"@type":"WebPage","@id":"https:\/\/vosgesinfo.fr\/gerardmerinfo\/2019\/05\/volley-lasg-podium-de-coupe-de-france-federale\/","url":"https:\/\/vosgesinfo.fr\/gerardmerinfo\/2019\/05\/volley-lasg-podium-de-coupe-de-france-federale\/","name":"Volley : l'ASG sur le podium de la Coupe de France F\u00e9d\u00e9rale - Gerardmer Info","isPartOf":{"@id":"https:\/\/vosgesinfo.fr\/gerardmerinfo\/#website"},"primaryImageOfPage":{"@id":"https:\/\/vosgesinfo.fr\/gerardmerinfo\/2019\/05\/volley-lasg-podium-de-coupe-de-france-federale\/#primaryimage"},"image":{"@id":"https:\/\/vosgesinfo.fr\/gerardmerinfo\/2019\/05\/volley-lasg-podium-de-coupe-de-france-federale\/#primaryimage"},"thumbnailUrl":"https:\/\/vosgesinfo.fr\/app\/uploads\/sites\/6\/2024\/07\/201905volley-coupe-de-france-asg-2.jpg","datePublished":"2019-05-20T13:37:40+00:00","dateModified":"2019-05-20T13:37:40+00:00","breadcrumb":{"@id":"https:\/\/vosgesinfo.fr\/gerardmerinfo\/2019\/05\/volley-lasg-podium-de-coupe-de-france-federale\/#breadcrumb"},"inLanguage":"fr-FR","potentialAction":[{"@type":"ReadAction","target":["https:\/\/vosgesinfo.fr\/gerardmerinfo\/2019\/05\/volley-lasg-podium-de-coupe-de-france-federale\/"]}]},{"@type":"ImageObject","inLanguage":"fr-FR","@id":"https:\/\/vosgesinfo.fr\/gerardmerinfo\/2019\/05\/volley-lasg-podium-de-coupe-de-france-federale\/#primaryimage","url":"https:\/\/vosgesinfo.fr\/app\/uploads\/sites\/6\/2024\/07\/201905volley-coupe-de-france-asg-2.jpg","contentUrl":"https:\/\/vosgesinfo.fr\/app\/uploads\/sites\/6\/2024\/07\/201905volley-coupe-de-france-asg-2.jpg","width":800,"height":450},{"@type":"BreadcrumbList","@id":"https:\/\/vosgesinfo.fr\/gerardmerinfo\/2019\/05\/volley-lasg-podium-de-coupe-de-france-federale\/#breadcrumb","itemListElement":[{"@type":"ListItem","position":1,"name":"Home","item":"https:\/\/vosgesinfo.fr\/gerardmerinfo\/"},{"@type":"ListItem","position":2,"name":"Volley : l&rsquo;ASG sur le podium de la Coupe de France F\u00e9d\u00e9rale"}]},{"@type":"WebSite","@id":"https:\/\/vosgesinfo.fr\/gerardmerinfo\/#website","url":"https:\/\/vosgesinfo.fr\/gerardmerinfo\/","name":"Gerardmer Info","description":"Toute l&#039;actualit\u00e9 de G\u00e9rardmer","publisher":{"@id":"https:\/\/vosgesinfo.fr\/gerardmerinfo\/#organization"},"alternateName":"Toute l'actualit\u00e9 de G\u00e9rardmer","potentialAction":[{"@type":"SearchAction","target":{"@type":"EntryPoint","urlTemplate":"https:\/\/vosgesinfo.fr\/gerardmerinfo\/?s={search_term_string}"},"query-input":"required name=search_term_string"}],"inLanguage":"fr-FR"},{"@type":"Organization","@id":"https:\/\/vosgesinfo.fr\/gerardmerinfo\/#organization","name":"Gerardmer Info","url":"https:\/\/vosgesinfo.fr\/gerardmerinfo\/","logo":{"@type":"ImageObject","inLanguage":"fr-FR","@id":"https:\/\/vosgesinfo.fr\/gerardmerinfo\/#\/schema\/logo\/image\/","url":"https:\/\/vosgesinfo.fr\/app\/uploads\/sites\/6\/2023\/08\/favicon-gerardmerinfo.png","contentUrl":"https:\/\/vosgesinfo.fr\/app\/uploads\/sites\/6\/2023\/08\/favicon-gerardmerinfo.png","width":512,"height":512,"caption":"Gerardmer Info"},"image":{"@id":"https:\/\/vosgesinfo.fr\/gerardmerinfo\/#\/schema\/logo\/image\/"},"sameAs":["https:\/\/www.facebook.com\/profile.php?id=100049475262660","https:\/\/x.com\/VosgesInfo88","https:\/\/www.youtube.com\/@vosgesinfo"]},{"@type":"Person","@id":"https:\/\/vosgesinfo.fr\/gerardmerinfo\/#\/schema\/person\/bc5d02d71e6932e81b6dadb7386667b1","name":"qs_admin","image":{"@type":"ImageObject","inLanguage":"fr-FR","@id":"https:\/\/vosgesinfo.fr\/gerardmerinfo\/#\/schema\/person\/image\/","url":"https:\/\/secure.gravatar.com\/avatar\/94b18ee0ed79e4a42ea2f2931277b6841a8999fc6fde214600c78057cf1fe1de?s=96&d=mm&r=g","contentUrl":"https:\/\/secure.gravatar.com\/avatar\/94b18ee0ed79e4a42ea2f2931277b6841a8999fc6fde214600c78057cf1fe1de?s=96&d=mm&r=g","caption":"qs_admin"},"sameAs":["https:\/\/vosgesinfo.fr\/wp"],"url":"https:\/\/vosgesinfo.fr\/gerardmerinfo\/author\/qs_admin\/"}]}},"_links":{"self":[{"href":"https:\/\/vosgesinfo.fr\/gerardmerinfo\/wp-json\/wp\/v2\/posts\/41688","targetHints":{"allow":["GET"]}}],"collection":[{"href":"https:\/\/vosgesinfo.fr\/gerardmerinfo\/wp-json\/wp\/v2\/posts"}],"about":[{"href":"https:\/\/vosgesinfo.fr\/gerardmerinfo\/wp-json\/wp\/v2\/types\/post"}],"author":[{"embeddable":true,"href":"https:\/\/vosgesinfo.fr\/gerardmerinfo\/wp-json\/wp\/v2\/users\/1"}],"replies":[{"embeddable":true,"href":"https:\/\/vosgesinfo.fr\/gerardmerinfo\/wp-json\/wp\/v2\/comments?post=41688"}],"version-history":[{"count":0,"href":"https:\/\/vosgesinfo.fr\/gerardmerinfo\/wp-json\/wp\/v2\/posts\/41688\/revisions"}],"wp:featuredmedia":[{"embeddable":true,"href":"https:\/\/vosgesinfo.fr\/gerardmerinfo\/wp-json\/wp\/v2\/media\/41689"}],"wp:attachment":[{"href":"https:\/\/vosgesinfo.fr\/gerardmerinfo\/wp-json\/wp\/v2\/media?parent=41688"}],"wp:term":[{"taxonomy":"category","embeddable":true,"href":"https:\/\/vosgesinfo.fr\/gerardmerinfo\/wp-json\/wp\/v2\/categories?post=41688"},{"taxonomy":"post_tag","embeddable":true,"href":"https:\/\/vosgesinfo.fr\/gerardmerinfo\/wp-json\/wp\/v2\/tags?post=41688"}],"curies":[{"name":"wp","href":"https:\/\/api.w.org\/{rel}","templated":true}]}}