{"id":41693,"date":"2019-05-20T20:58:49","date_gmt":"2019-05-20T18:58:49","guid":{"rendered":"https:\/\/vosgesinfo.fr\/gerardmerinfo\/2019\/05\/championnat-deurope-canoe-kayak-louis-lapointe-revient-5-medailles\/"},"modified":"2019-05-20T20:58:49","modified_gmt":"2019-05-20T18:58:49","slug":"championnat-deurope-canoe-kayak-louis-lapointe-revient-5-medailles","status":"publish","type":"post","link":"https:\/\/vosgesinfo.fr\/gerardmerinfo\/2019\/05\/championnat-deurope-canoe-kayak-louis-lapointe-revient-5-medailles\/","title":{"rendered":"Championnat d&rsquo;Europe Cano\u00eb-Kayak : Louis Lapointe revient avec 5 m\u00e9dailles"},"content":{"rendered":"<h2><span style=\"font-size: small;\"><a href=\"\/2019\/05\/FB_IMG_1558377342987.jpg\"><img decoding=\"async\" class=\"aligncenter size-medium wp-image-146981\" src=\"\/2019\/05\/FB_IMG_1558377342987-383x255.jpg\" alt=\"FB_IMG_1558377342987\" width=\"383\" height=\"255\" \/><\/a><\/p>\n<p><span style=\"font-size: 12pt;\"> Pour la premi\u00e8re \u00e9preuve internationale de la saison, le g\u00e9romois Louis Lapointe n&rsquo;a pas fait le d\u00e9placement en Slov\u00e9nie pour rien.<\/span><br \/>\n<\/span><\/h2>\n<p><span style=\"font-size: small;\"><span style=\"font-size: 12pt;\">Sur la mythique So\u00e7a entre Bovec et Kobarid, les \u00e9preuves commen\u00e7aient par la Classique :<\/span><br \/>\n<span style=\"font-size: 12pt;\"> En individuel (C1) il se classera 4\u00e8me, au pied d&rsquo;un podium qu&rsquo;il d\u00e9crochera sur toutes les autres \u00e9preuves, \u00e0 commencer par le biplace (C2) avec son comp\u00e8re Tony Debray avec la 3\u00e8me place puis le lendemain en \u00e9quipe C1 o\u00f9 les fran\u00e7ais terminent 2\u00e8me. <\/span><\/p>\n<p><span style=\"font-size: 12pt;\"> Au moment de passer sur les \u00e9preuves Sprint, la volont\u00e9 de chercher l&rsquo;or \u00e9tait totale, mais en individuel, c&rsquo;est son ami Tony qui finira devant lui pour un beau doubl\u00e9 fran\u00e7ais. Tous les espoirs se reportaient donc sur l&rsquo;\u00e9quipage C2, les 2 comp\u00e8res ont confirm\u00e9 leur ma\u00eetrise du bassin de Trnovo en remportant l&rsquo;or devant l&rsquo;autre paire fran\u00e7aise Dazeur\/Santamaria.<\/span><br \/>\n<span style=\"font-size: 12pt;\"> Pour finir en beaut\u00e9 et rester au sommet, Louis Lapointe d\u00e9crochera encore l&rsquo;or avec l&rsquo;\u00e9quipe C1 devant leurs grands rivaux Tch\u00e8ques. <\/span><\/p>\n<p><span style=\"font-size: 12pt;\"> Un formidable bilan pour ces championnats d&rsquo;Europe, rendez-vous maintenant les 1 et 2 juin pour une coupe continentale \u00e0 la Seu d&rsquo;Urgell en Espagne, servant de s\u00e9lection pour les championnats du Monde sprint en ce m\u00eame lieu, fin septembre. La G\u00e9r\u00f4moise Mathilde Valdenaire participera \u00e9galement \u00e0 ces s\u00e9lections. <\/span><\/p>\n<p><span style=\"font-size: 12pt;\"> E. V.<\/span> <\/span><\/p>\n","protected":false},"excerpt":{"rendered":"<p>Pour la premi\u00e8re \u00e9preuve internationale de la saison, le g\u00e9romois Louis Lapointe n&rsquo;a pas fait le d\u00e9placement en Slov\u00e9nie pour [&hellip;]<\/p>\n","protected":false},"author":1,"featured_media":41694,"comment_status":"open","ping_status":"open","sticky":false,"template":"","format":"standard","meta":{"footnotes":""},"categories":[20,14],"tags":[249,3070],"class_list":["post-41693","post","type-post","status-publish","format-standard","has-post-thumbnail","hentry","category-a-la-une","category-sport","tag-asg-canoe-kayak","tag-louis-lapointe"],"acf":[],"yoast_head":"<!-- This site is optimized with the Yoast SEO plugin v22.5 - https:\/\/yoast.com\/wordpress\/plugins\/seo\/ -->\n<title>Championnat d&#039;Europe Cano\u00eb-Kayak : Louis Lapointe revient avec 5 m\u00e9dailles - Gerardmer Info<\/title>\n<meta name=\"robots\" content=\"index, follow, max-snippet:-1, max-image-preview:large, max-video-preview:-1\" \/>\n<link rel=\"canonical\" href=\"https:\/\/vosgesinfo.fr\/gerardmerinfo\/2019\/05\/championnat-deurope-canoe-kayak-louis-lapointe-revient-5-medailles\/\" \/>\n<meta name=\"twitter:card\" content=\"summary_large_image\" \/>\n<meta name=\"twitter:title\" content=\"Championnat d&#039;Europe Cano\u00eb-Kayak : Louis Lapointe revient avec 5 m\u00e9dailles - Gerardmer Info\" \/>\n<meta name=\"twitter:description\" content=\"Pour la premi\u00e8re \u00e9preuve internationale de la saison, le g\u00e9romois Louis Lapointe n&rsquo;a pas fait le d\u00e9placement en Slov\u00e9nie pour [&hellip;]\" \/>\n<meta name=\"twitter:image\" content=\"https:\/\/vosgesinfo.fr\/app\/uploads\/sites\/6\/2024\/07\/201905fb-img-1558377342987.jpg\" \/>\n<meta name=\"twitter:creator\" content=\"@VosgesInfo88\" \/>\n<meta name=\"twitter:site\" content=\"@VosgesInfo88\" \/>\n<meta name=\"twitter:label1\" content=\"\u00c9crit par\" \/>\n\t<meta name=\"twitter:data1\" content=\"qs_admin\" \/>\n\t<meta name=\"twitter:label2\" content=\"Dur\u00e9e de lecture estim\u00e9e\" \/>\n\t<meta name=\"twitter:data2\" content=\"1 minute\" \/>\n<script type=\"application\/ld+json\" class=\"yoast-schema-graph\">{\"@context\":\"https:\/\/schema.org\",\"@graph\":[{\"@type\":\"Article\",\"@id\":\"https:\/\/vosgesinfo.fr\/gerardmerinfo\/2019\/05\/championnat-deurope-canoe-kayak-louis-lapointe-revient-5-medailles\/#article\",\"isPartOf\":{\"@id\":\"https:\/\/vosgesinfo.fr\/gerardmerinfo\/2019\/05\/championnat-deurope-canoe-kayak-louis-lapointe-revient-5-medailles\/\"},\"author\":{\"name\":\"qs_admin\",\"@id\":\"https:\/\/vosgesinfo.fr\/gerardmerinfo\/#\/schema\/person\/bc5d02d71e6932e81b6dadb7386667b1\"},\"headline\":\"Championnat d&rsquo;Europe Cano\u00eb-Kayak : Louis Lapointe revient avec 5 m\u00e9dailles\",\"datePublished\":\"2019-05-20T18:58:49+00:00\",\"dateModified\":\"2019-05-20T18:58:49+00:00\",\"mainEntityOfPage\":{\"@id\":\"https:\/\/vosgesinfo.fr\/gerardmerinfo\/2019\/05\/championnat-deurope-canoe-kayak-louis-lapointe-revient-5-medailles\/\"},\"wordCount\":247,\"commentCount\":0,\"publisher\":{\"@id\":\"https:\/\/vosgesinfo.fr\/gerardmerinfo\/#organization\"},\"image\":{\"@id\":\"https:\/\/vosgesinfo.fr\/gerardmerinfo\/2019\/05\/championnat-deurope-canoe-kayak-louis-lapointe-revient-5-medailles\/#primaryimage\"},\"thumbnailUrl\":\"https:\/\/vosgesinfo.fr\/app\/uploads\/sites\/6\/2024\/07\/201905fb-img-1558377342987.jpg\",\"keywords\":[\"asg canoe kayak\",\"louis lapointe\"],\"articleSection\":[\"A la une\",\"Sport\"],\"inLanguage\":\"fr-FR\",\"potentialAction\":[{\"@type\":\"CommentAction\",\"name\":\"Comment\",\"target\":[\"https:\/\/vosgesinfo.fr\/gerardmerinfo\/2019\/05\/championnat-deurope-canoe-kayak-louis-lapointe-revient-5-medailles\/#respond\"]}]},{\"@type\":\"WebPage\",\"@id\":\"https:\/\/vosgesinfo.fr\/gerardmerinfo\/2019\/05\/championnat-deurope-canoe-kayak-louis-lapointe-revient-5-medailles\/\",\"url\":\"https:\/\/vosgesinfo.fr\/gerardmerinfo\/2019\/05\/championnat-deurope-canoe-kayak-louis-lapointe-revient-5-medailles\/\",\"name\":\"Championnat d'Europe Cano\u00eb-Kayak : Louis Lapointe revient avec 5 m\u00e9dailles - Gerardmer Info\",\"isPartOf\":{\"@id\":\"https:\/\/vosgesinfo.fr\/gerardmerinfo\/#website\"},\"primaryImageOfPage\":{\"@id\":\"https:\/\/vosgesinfo.fr\/gerardmerinfo\/2019\/05\/championnat-deurope-canoe-kayak-louis-lapointe-revient-5-medailles\/#primaryimage\"},\"image\":{\"@id\":\"https:\/\/vosgesinfo.fr\/gerardmerinfo\/2019\/05\/championnat-deurope-canoe-kayak-louis-lapointe-revient-5-medailles\/#primaryimage\"},\"thumbnailUrl\":\"https:\/\/vosgesinfo.fr\/app\/uploads\/sites\/6\/2024\/07\/201905fb-img-1558377342987.jpg\",\"datePublished\":\"2019-05-20T18:58:49+00:00\",\"dateModified\":\"2019-05-20T18:58:49+00:00\",\"breadcrumb\":{\"@id\":\"https:\/\/vosgesinfo.fr\/gerardmerinfo\/2019\/05\/championnat-deurope-canoe-kayak-louis-lapointe-revient-5-medailles\/#breadcrumb\"},\"inLanguage\":\"fr-FR\",\"potentialAction\":[{\"@type\":\"ReadAction\",\"target\":[\"https:\/\/vosgesinfo.fr\/gerardmerinfo\/2019\/05\/championnat-deurope-canoe-kayak-louis-lapointe-revient-5-medailles\/\"]}]},{\"@type\":\"ImageObject\",\"inLanguage\":\"fr-FR\",\"@id\":\"https:\/\/vosgesinfo.fr\/gerardmerinfo\/2019\/05\/championnat-deurope-canoe-kayak-louis-lapointe-revient-5-medailles\/#primaryimage\",\"url\":\"https:\/\/vosgesinfo.fr\/app\/uploads\/sites\/6\/2024\/07\/201905fb-img-1558377342987.jpg\",\"contentUrl\":\"https:\/\/vosgesinfo.fr\/app\/uploads\/sites\/6\/2024\/07\/201905fb-img-1558377342987.jpg\",\"width\":800,\"height\":532},{\"@type\":\"BreadcrumbList\",\"@id\":\"https:\/\/vosgesinfo.fr\/gerardmerinfo\/2019\/05\/championnat-deurope-canoe-kayak-louis-lapointe-revient-5-medailles\/#breadcrumb\",\"itemListElement\":[{\"@type\":\"ListItem\",\"position\":1,\"name\":\"Home\",\"item\":\"https:\/\/vosgesinfo.fr\/gerardmerinfo\/\"},{\"@type\":\"ListItem\",\"position\":2,\"name\":\"Championnat d&rsquo;Europe Cano\u00eb-Kayak : Louis Lapointe revient avec 5 m\u00e9dailles\"}]},{\"@type\":\"WebSite\",\"@id\":\"https:\/\/vosgesinfo.fr\/gerardmerinfo\/#website\",\"url\":\"https:\/\/vosgesinfo.fr\/gerardmerinfo\/\",\"name\":\"Gerardmer Info\",\"description\":\"Toute l&#039;actualit\u00e9 de G\u00e9rardmer\",\"publisher\":{\"@id\":\"https:\/\/vosgesinfo.fr\/gerardmerinfo\/#organization\"},\"alternateName\":\"Toute l'actualit\u00e9 de G\u00e9rardmer\",\"potentialAction\":[{\"@type\":\"SearchAction\",\"target\":{\"@type\":\"EntryPoint\",\"urlTemplate\":\"https:\/\/vosgesinfo.fr\/gerardmerinfo\/?s={search_term_string}\"},\"query-input\":\"required name=search_term_string\"}],\"inLanguage\":\"fr-FR\"},{\"@type\":\"Organization\",\"@id\":\"https:\/\/vosgesinfo.fr\/gerardmerinfo\/#organization\",\"name\":\"Gerardmer Info\",\"url\":\"https:\/\/vosgesinfo.fr\/gerardmerinfo\/\",\"logo\":{\"@type\":\"ImageObject\",\"inLanguage\":\"fr-FR\",\"@id\":\"https:\/\/vosgesinfo.fr\/gerardmerinfo\/#\/schema\/logo\/image\/\",\"url\":\"https:\/\/vosgesinfo.fr\/app\/uploads\/sites\/6\/2023\/08\/favicon-gerardmerinfo.png\",\"contentUrl\":\"https:\/\/vosgesinfo.fr\/app\/uploads\/sites\/6\/2023\/08\/favicon-gerardmerinfo.png\",\"width\":512,\"height\":512,\"caption\":\"Gerardmer Info\"},\"image\":{\"@id\":\"https:\/\/vosgesinfo.fr\/gerardmerinfo\/#\/schema\/logo\/image\/\"},\"sameAs\":[\"https:\/\/www.facebook.com\/profile.php?id=100049475262660\",\"https:\/\/x.com\/VosgesInfo88\",\"https:\/\/www.youtube.com\/@vosgesinfo\"]},{\"@type\":\"Person\",\"@id\":\"https:\/\/vosgesinfo.fr\/gerardmerinfo\/#\/schema\/person\/bc5d02d71e6932e81b6dadb7386667b1\",\"name\":\"qs_admin\",\"image\":{\"@type\":\"ImageObject\",\"inLanguage\":\"fr-FR\",\"@id\":\"https:\/\/vosgesinfo.fr\/gerardmerinfo\/#\/schema\/person\/image\/\",\"url\":\"https:\/\/secure.gravatar.com\/avatar\/94b18ee0ed79e4a42ea2f2931277b6841a8999fc6fde214600c78057cf1fe1de?s=96&d=mm&r=g\",\"contentUrl\":\"https:\/\/secure.gravatar.com\/avatar\/94b18ee0ed79e4a42ea2f2931277b6841a8999fc6fde214600c78057cf1fe1de?s=96&d=mm&r=g\",\"caption\":\"qs_admin\"},\"sameAs\":[\"https:\/\/vosgesinfo.fr\/wp\"],\"url\":\"https:\/\/vosgesinfo.fr\/gerardmerinfo\/author\/qs_admin\/\"}]}<\/script>\n<!-- \/ Yoast SEO plugin. -->","yoast_head_json":{"title":"Championnat d'Europe Cano\u00eb-Kayak : Louis Lapointe revient avec 5 m\u00e9dailles - Gerardmer Info","robots":{"index":"index","follow":"follow","max-snippet":"max-snippet:-1","max-image-preview":"max-image-preview:large","max-video-preview":"max-video-preview:-1"},"canonical":"https:\/\/vosgesinfo.fr\/gerardmerinfo\/2019\/05\/championnat-deurope-canoe-kayak-louis-lapointe-revient-5-medailles\/","twitter_card":"summary_large_image","twitter_title":"Championnat d'Europe Cano\u00eb-Kayak : Louis Lapointe revient avec 5 m\u00e9dailles - Gerardmer Info","twitter_description":"Pour la premi\u00e8re \u00e9preuve internationale de la saison, le g\u00e9romois Louis Lapointe n&rsquo;a pas fait le d\u00e9placement en Slov\u00e9nie pour [&hellip;]","twitter_image":"https:\/\/vosgesinfo.fr\/app\/uploads\/sites\/6\/2024\/07\/201905fb-img-1558377342987.jpg","twitter_creator":"@VosgesInfo88","twitter_site":"@VosgesInfo88","twitter_misc":{"\u00c9crit par":"qs_admin","Dur\u00e9e de lecture estim\u00e9e":"1 minute"},"schema":{"@context":"https:\/\/schema.org","@graph":[{"@type":"Article","@id":"https:\/\/vosgesinfo.fr\/gerardmerinfo\/2019\/05\/championnat-deurope-canoe-kayak-louis-lapointe-revient-5-medailles\/#article","isPartOf":{"@id":"https:\/\/vosgesinfo.fr\/gerardmerinfo\/2019\/05\/championnat-deurope-canoe-kayak-louis-lapointe-revient-5-medailles\/"},"author":{"name":"qs_admin","@id":"https:\/\/vosgesinfo.fr\/gerardmerinfo\/#\/schema\/person\/bc5d02d71e6932e81b6dadb7386667b1"},"headline":"Championnat d&rsquo;Europe Cano\u00eb-Kayak : Louis Lapointe revient avec 5 m\u00e9dailles","datePublished":"2019-05-20T18:58:49+00:00","dateModified":"2019-05-20T18:58:49+00:00","mainEntityOfPage":{"@id":"https:\/\/vosgesinfo.fr\/gerardmerinfo\/2019\/05\/championnat-deurope-canoe-kayak-louis-lapointe-revient-5-medailles\/"},"wordCount":247,"commentCount":0,"publisher":{"@id":"https:\/\/vosgesinfo.fr\/gerardmerinfo\/#organization"},"image":{"@id":"https:\/\/vosgesinfo.fr\/gerardmerinfo\/2019\/05\/championnat-deurope-canoe-kayak-louis-lapointe-revient-5-medailles\/#primaryimage"},"thumbnailUrl":"https:\/\/vosgesinfo.fr\/app\/uploads\/sites\/6\/2024\/07\/201905fb-img-1558377342987.jpg","keywords":["asg canoe kayak","louis lapointe"],"articleSection":["A la une","Sport"],"inLanguage":"fr-FR","potentialAction":[{"@type":"CommentAction","name":"Comment","target":["https:\/\/vosgesinfo.fr\/gerardmerinfo\/2019\/05\/championnat-deurope-canoe-kayak-louis-lapointe-revient-5-medailles\/#respond"]}]},{"@type":"WebPage","@id":"https:\/\/vosgesinfo.fr\/gerardmerinfo\/2019\/05\/championnat-deurope-canoe-kayak-louis-lapointe-revient-5-medailles\/","url":"https:\/\/vosgesinfo.fr\/gerardmerinfo\/2019\/05\/championnat-deurope-canoe-kayak-louis-lapointe-revient-5-medailles\/","name":"Championnat d'Europe Cano\u00eb-Kayak : Louis Lapointe revient avec 5 m\u00e9dailles - Gerardmer Info","isPartOf":{"@id":"https:\/\/vosgesinfo.fr\/gerardmerinfo\/#website"},"primaryImageOfPage":{"@id":"https:\/\/vosgesinfo.fr\/gerardmerinfo\/2019\/05\/championnat-deurope-canoe-kayak-louis-lapointe-revient-5-medailles\/#primaryimage"},"image":{"@id":"https:\/\/vosgesinfo.fr\/gerardmerinfo\/2019\/05\/championnat-deurope-canoe-kayak-louis-lapointe-revient-5-medailles\/#primaryimage"},"thumbnailUrl":"https:\/\/vosgesinfo.fr\/app\/uploads\/sites\/6\/2024\/07\/201905fb-img-1558377342987.jpg","datePublished":"2019-05-20T18:58:49+00:00","dateModified":"2019-05-20T18:58:49+00:00","breadcrumb":{"@id":"https:\/\/vosgesinfo.fr\/gerardmerinfo\/2019\/05\/championnat-deurope-canoe-kayak-louis-lapointe-revient-5-medailles\/#breadcrumb"},"inLanguage":"fr-FR","potentialAction":[{"@type":"ReadAction","target":["https:\/\/vosgesinfo.fr\/gerardmerinfo\/2019\/05\/championnat-deurope-canoe-kayak-louis-lapointe-revient-5-medailles\/"]}]},{"@type":"ImageObject","inLanguage":"fr-FR","@id":"https:\/\/vosgesinfo.fr\/gerardmerinfo\/2019\/05\/championnat-deurope-canoe-kayak-louis-lapointe-revient-5-medailles\/#primaryimage","url":"https:\/\/vosgesinfo.fr\/app\/uploads\/sites\/6\/2024\/07\/201905fb-img-1558377342987.jpg","contentUrl":"https:\/\/vosgesinfo.fr\/app\/uploads\/sites\/6\/2024\/07\/201905fb-img-1558377342987.jpg","width":800,"height":532},{"@type":"BreadcrumbList","@id":"https:\/\/vosgesinfo.fr\/gerardmerinfo\/2019\/05\/championnat-deurope-canoe-kayak-louis-lapointe-revient-5-medailles\/#breadcrumb","itemListElement":[{"@type":"ListItem","position":1,"name":"Home","item":"https:\/\/vosgesinfo.fr\/gerardmerinfo\/"},{"@type":"ListItem","position":2,"name":"Championnat d&rsquo;Europe Cano\u00eb-Kayak : Louis Lapointe revient avec 5 m\u00e9dailles"}]},{"@type":"WebSite","@id":"https:\/\/vosgesinfo.fr\/gerardmerinfo\/#website","url":"https:\/\/vosgesinfo.fr\/gerardmerinfo\/","name":"Gerardmer Info","description":"Toute l&#039;actualit\u00e9 de G\u00e9rardmer","publisher":{"@id":"https:\/\/vosgesinfo.fr\/gerardmerinfo\/#organization"},"alternateName":"Toute l'actualit\u00e9 de G\u00e9rardmer","potentialAction":[{"@type":"SearchAction","target":{"@type":"EntryPoint","urlTemplate":"https:\/\/vosgesinfo.fr\/gerardmerinfo\/?s={search_term_string}"},"query-input":"required name=search_term_string"}],"inLanguage":"fr-FR"},{"@type":"Organization","@id":"https:\/\/vosgesinfo.fr\/gerardmerinfo\/#organization","name":"Gerardmer Info","url":"https:\/\/vosgesinfo.fr\/gerardmerinfo\/","logo":{"@type":"ImageObject","inLanguage":"fr-FR","@id":"https:\/\/vosgesinfo.fr\/gerardmerinfo\/#\/schema\/logo\/image\/","url":"https:\/\/vosgesinfo.fr\/app\/uploads\/sites\/6\/2023\/08\/favicon-gerardmerinfo.png","contentUrl":"https:\/\/vosgesinfo.fr\/app\/uploads\/sites\/6\/2023\/08\/favicon-gerardmerinfo.png","width":512,"height":512,"caption":"Gerardmer Info"},"image":{"@id":"https:\/\/vosgesinfo.fr\/gerardmerinfo\/#\/schema\/logo\/image\/"},"sameAs":["https:\/\/www.facebook.com\/profile.php?id=100049475262660","https:\/\/x.com\/VosgesInfo88","https:\/\/www.youtube.com\/@vosgesinfo"]},{"@type":"Person","@id":"https:\/\/vosgesinfo.fr\/gerardmerinfo\/#\/schema\/person\/bc5d02d71e6932e81b6dadb7386667b1","name":"qs_admin","image":{"@type":"ImageObject","inLanguage":"fr-FR","@id":"https:\/\/vosgesinfo.fr\/gerardmerinfo\/#\/schema\/person\/image\/","url":"https:\/\/secure.gravatar.com\/avatar\/94b18ee0ed79e4a42ea2f2931277b6841a8999fc6fde214600c78057cf1fe1de?s=96&d=mm&r=g","contentUrl":"https:\/\/secure.gravatar.com\/avatar\/94b18ee0ed79e4a42ea2f2931277b6841a8999fc6fde214600c78057cf1fe1de?s=96&d=mm&r=g","caption":"qs_admin"},"sameAs":["https:\/\/vosgesinfo.fr\/wp"],"url":"https:\/\/vosgesinfo.fr\/gerardmerinfo\/author\/qs_admin\/"}]}},"_links":{"self":[{"href":"https:\/\/vosgesinfo.fr\/gerardmerinfo\/wp-json\/wp\/v2\/posts\/41693","targetHints":{"allow":["GET"]}}],"collection":[{"href":"https:\/\/vosgesinfo.fr\/gerardmerinfo\/wp-json\/wp\/v2\/posts"}],"about":[{"href":"https:\/\/vosgesinfo.fr\/gerardmerinfo\/wp-json\/wp\/v2\/types\/post"}],"author":[{"embeddable":true,"href":"https:\/\/vosgesinfo.fr\/gerardmerinfo\/wp-json\/wp\/v2\/users\/1"}],"replies":[{"embeddable":true,"href":"https:\/\/vosgesinfo.fr\/gerardmerinfo\/wp-json\/wp\/v2\/comments?post=41693"}],"version-history":[{"count":0,"href":"https:\/\/vosgesinfo.fr\/gerardmerinfo\/wp-json\/wp\/v2\/posts\/41693\/revisions"}],"wp:featuredmedia":[{"embeddable":true,"href":"https:\/\/vosgesinfo.fr\/gerardmerinfo\/wp-json\/wp\/v2\/media\/41694"}],"wp:attachment":[{"href":"https:\/\/vosgesinfo.fr\/gerardmerinfo\/wp-json\/wp\/v2\/media?parent=41693"}],"wp:term":[{"taxonomy":"category","embeddable":true,"href":"https:\/\/vosgesinfo.fr\/gerardmerinfo\/wp-json\/wp\/v2\/categories?post=41693"},{"taxonomy":"post_tag","embeddable":true,"href":"https:\/\/vosgesinfo.fr\/gerardmerinfo\/wp-json\/wp\/v2\/tags?post=41693"}],"curies":[{"name":"wp","href":"https:\/\/api.w.org\/{rel}","templated":true}]}}