{"id":41695,"date":"2019-05-21T16:15:24","date_gmt":"2019-05-21T14:15:24","guid":{"rendered":"https:\/\/vosgesinfo.fr\/gerardmerinfo\/2019\/05\/basket-belle-journee-basket-feminin\/"},"modified":"2019-05-21T16:15:24","modified_gmt":"2019-05-21T14:15:24","slug":"basket-belle-journee-basket-feminin","status":"publish","type":"post","link":"https:\/\/vosgesinfo.fr\/gerardmerinfo\/2019\/05\/basket-belle-journee-basket-feminin\/","title":{"rendered":"Basket : une belle journ\u00e9e pour le basket f\u00e9minin"},"content":{"rendered":"<p dir=\"ltr\" style=\"text-align: center;\"><b><i>R\u00e9sultats des matchs de basket du week-end du 18\/19 <\/i><\/b><b><i>mai :<\/i><\/b><\/p>\n<p dir=\"ltr\">Seniors\u00a0 61-<b><i>67\u00a0 St Di\u00e9 2<\/i><\/b><\/p>\n<p dir=\"ltr\"><b><i>U11M\u00a0 70<\/i><\/b>-35\u00a0 Corcieux<\/p>\n<p dir=\"ltr\"><b><i>Mirecourt\u00a0 49<\/i><\/b>-38\u00a0 U13M<\/p>\n<p dir=\"ltr\">Chavelot\u00a0 52-<b><i>75\u00a0 Seniors F\u00e9minines R\u00e9gion de la CTC Des Hautes Vosges <\/i><\/b><\/p>\n<p dir=\"ltr\"><b><i>BC Thermal\u00a0 65<\/i><\/b>-27\u00a0 Seniors f\u00e9minines 2<\/p>\n<p dir=\"ltr\"><i><b>U11<\/b><\/i><i><b> <\/b><\/i><i><b>basket &#8211; la belle est pour G\u00e9rardmer\u00a0 !<\/b><\/i><\/p>\n<p dir=\"ltr\"><a href=\"\/2019\/05\/20190519_093658.jpg\"><img decoding=\"async\" class=\"alignright size-medium wp-image-146984\" src=\"\/2019\/05\/20190519_093658-400x195.jpg\" alt=\"U11 asg basket 2019\" width=\"400\" height=\"195\" \/><\/a>Les enfants en cat\u00e9gorie U11 de l&rsquo;ASG basket rencontraient pour la troisi\u00e8me fois cette saison l&rsquo;\u00e9quipe de Corcieux. Une belle en quelque sorte puisque les g\u00e9r\u00f4mois s&rsquo;\u00e9taient impos\u00e9s \u00e0 domicile en d\u00e9but de saison (d&rsquo; 1 point !) mais, priv\u00e9s d&rsquo;une partie de ses effectifs et de leur coach,\u00a0 avaient essuy\u00e9 un revers lors de la revanche \u00e0 Corcieux le 16 mars. Les jaunes et verts ont remis les pendules \u00e0 l&rsquo;heure ce dimanche en dominant chacun des 8 quarts temps qu&rsquo;a comport\u00e9 ce match. Une victoire avec la mani\u00e8re qui cl\u00f4t la saison r\u00e9guli\u00e8re pour ces enfants sur le score de 70 \u00e0 35 face \u00e0 un adversaire qui n&rsquo;aura toutefois pas d\u00e9m\u00e9rit\u00e9. Une combativit\u00e9 et une implication des joueurs visiblement source de satisfaction pour leur coach Christophe Maury qui n a pas manqu\u00e9 de f\u00e9liciter ses troupes \u00e0 l&rsquo;issue de la rencontre.<\/p>\n<p dir=\"ltr\">Prochain rendez-vous au calendrier sportif pour ces jeunes : le tournoi Camille Lievaux de Granges sur Vologne le 2 juin.<\/p>\n<p dir=\"ltr\"><i><b>L\u00e9vi Maury 28pts &#8211; Eliott Maury 12pts &#8211; Nathan Moser 12pts &#8211; Charlotte Tisserand 10pts &#8211; L\u00e9o Adam Perrin 6pts -Leny Tisserand 2pts<\/b><\/i><\/p>\n<p dir=\"ltr\"><i><b>Une belle victoire pour une belle journ\u00e9e !<\/b><\/i><\/p>\n<p dir=\"ltr\"><a href=\"\/2019\/05\/FB_IMG_1558379593806.jpg\"><img decoding=\"async\" class=\"alignright size-medium wp-image-146987\" src=\"\/2019\/05\/FB_IMG_1558379593806-348x255.jpg\" alt=\"ctc f\u00e9minines\" width=\"348\" height=\"255\" \/><\/a>Une belle journ\u00e9e pour le basket f\u00e9minin puisque le BC Chavelot organisait ce dimanche une journ\u00e9e du basket f\u00e9minin avec des matchs 100% f\u00e9minins tout au long de la journ\u00e9e : un plateau U9 et U11 le matin puis un match amical entre les U17 du BC Thermal et les U15 de Chavelot. Et pour conclure cette belle journ\u00e9e le match qui nous int\u00e9ressent : celui des seniors filles de la CTC\u00a0 en R2 contre le BC Chavelot.<\/p>\n<p dir=\"ltr\">Pousser par leurs supporters ce sont les locales qui prendront le meilleur d\u00e9part, alors que nos joueuses peinent \u00e0 trouver des solutions et scorent uniquement sur rebonds offensifs. Puis les filles se mettent enfin en rythme, d\u00e9fendent plus dur et jouent rapidement les transitions pour pousser l&rsquo;\u00e9cart jusqu&rsquo;\u00e0 + 12 au milieu du second quart temps.<br \/>\nMais un moment de rel\u00e2chement permettra aux Chavelotaises de recoller dans la partie en revenant \u00e0 4 Pts \u00e0 la mi-temps 32-36.<\/p>\n<p dir=\"ltr\">La troisi\u00e8me p\u00e9riode, moment fort de nos prot\u00e9g\u00e9es ces derniers temps, fut encore salvatrice : de l&rsquo;adresse ext\u00e9rieure retrouv\u00e9e, plus de percutions, domination aux rebonds et avant la fin des 10 derni\u00e8res minutes les filles ont\u00a0 d\u00e9j\u00e0 pli\u00e9 le match 40-60 avant la 4e manche. La derni\u00e8re p\u00e9riode sera un peu plus \u00e9quilibr\u00e9e avec toujours cette domination aux rebonds fatale pour les locales.<\/p>\n<p dir=\"ltr\">Bravo au BC Chavelot pour l&rsquo;organisation de sa journ\u00e9e du basket f\u00e9minin !<\/p>\n<p dir=\"ltr\"><i><b>Chavelot 52-75 CTC Hautes Vosges<\/b><\/i><\/p>\n<p dir=\"ltr\"><strong>Mention sp\u00e9ciale \u00e0 Manon G\u00e9rard \u00e9lue MVP de la rencontre avec 20 pts 16 rebonds, des stats digne d&rsquo;un Pat Ewing de la grande \u00e9poque !<br \/>\n<\/strong><\/p>\n<p dir=\"ltr\"><a href=\"\/2019\/05\/FB_IMG_1558379601576.jpg\"><img decoding=\"async\" class=\"aligncenter wp-image-146988 size-full\" src=\"\/2019\/05\/FB_IMG_1558379601576.jpg\" alt=\"FB_IMG_1558379601576\" width=\"352\" height=\"480\" \/><\/a><\/p>\n","protected":false},"excerpt":{"rendered":"<p>R\u00e9sultats des matchs de basket du week-end du 18\/19 mai : Seniors\u00a0 61-67\u00a0 St Di\u00e9 2 U11M\u00a0 70-35\u00a0 Corcieux Mirecourt\u00a0 [&hellip;]<\/p>\n","protected":false},"author":1,"featured_media":41696,"comment_status":"open","ping_status":"open","sticky":false,"template":"","format":"standard","meta":{"footnotes":""},"categories":[20,25,14],"tags":[854,3435],"class_list":["post-41695","post","type-post","status-publish","format-standard","has-post-thumbnail","hentry","category-a-la-une","category-gerardmer","category-sport","tag-asg-basket","tag-ctc-des-hautes-vosges"],"acf":[],"yoast_head":"<!-- This site is optimized with the Yoast SEO plugin v22.5 - https:\/\/yoast.com\/wordpress\/plugins\/seo\/ -->\n<title>Basket : une belle journ\u00e9e pour le basket f\u00e9minin - Gerardmer Info<\/title>\n<meta name=\"robots\" content=\"index, follow, max-snippet:-1, max-image-preview:large, max-video-preview:-1\" \/>\n<link rel=\"canonical\" href=\"https:\/\/vosgesinfo.fr\/gerardmerinfo\/2019\/05\/basket-belle-journee-basket-feminin\/\" \/>\n<meta name=\"twitter:card\" content=\"summary_large_image\" \/>\n<meta name=\"twitter:title\" content=\"Basket : une belle journ\u00e9e pour le basket f\u00e9minin - Gerardmer Info\" \/>\n<meta name=\"twitter:description\" content=\"R\u00e9sultats des matchs de basket du week-end du 18\/19 mai : Seniors\u00a0 61-67\u00a0 St Di\u00e9 2 U11M\u00a0 70-35\u00a0 Corcieux Mirecourt\u00a0 [&hellip;]\" \/>\n<meta name=\"twitter:image\" content=\"https:\/\/vosgesinfo.fr\/app\/uploads\/sites\/6\/2024\/07\/20190520190519-170836.jpg\" \/>\n<meta name=\"twitter:creator\" content=\"@VosgesInfo88\" \/>\n<meta name=\"twitter:site\" content=\"@VosgesInfo88\" \/>\n<meta name=\"twitter:label1\" content=\"\u00c9crit par\" \/>\n\t<meta name=\"twitter:data1\" content=\"qs_admin\" \/>\n\t<meta name=\"twitter:label2\" content=\"Dur\u00e9e de lecture estim\u00e9e\" \/>\n\t<meta name=\"twitter:data2\" content=\"3 minutes\" \/>\n<script type=\"application\/ld+json\" class=\"yoast-schema-graph\">{\"@context\":\"https:\/\/schema.org\",\"@graph\":[{\"@type\":\"Article\",\"@id\":\"https:\/\/vosgesinfo.fr\/gerardmerinfo\/2019\/05\/basket-belle-journee-basket-feminin\/#article\",\"isPartOf\":{\"@id\":\"https:\/\/vosgesinfo.fr\/gerardmerinfo\/2019\/05\/basket-belle-journee-basket-feminin\/\"},\"author\":{\"name\":\"qs_admin\",\"@id\":\"https:\/\/vosgesinfo.fr\/gerardmerinfo\/#\/schema\/person\/bc5d02d71e6932e81b6dadb7386667b1\"},\"headline\":\"Basket : une belle journ\u00e9e pour le basket f\u00e9minin\",\"datePublished\":\"2019-05-21T14:15:24+00:00\",\"dateModified\":\"2019-05-21T14:15:24+00:00\",\"mainEntityOfPage\":{\"@id\":\"https:\/\/vosgesinfo.fr\/gerardmerinfo\/2019\/05\/basket-belle-journee-basket-feminin\/\"},\"wordCount\":542,\"commentCount\":0,\"publisher\":{\"@id\":\"https:\/\/vosgesinfo.fr\/gerardmerinfo\/#organization\"},\"image\":{\"@id\":\"https:\/\/vosgesinfo.fr\/gerardmerinfo\/2019\/05\/basket-belle-journee-basket-feminin\/#primaryimage\"},\"thumbnailUrl\":\"https:\/\/vosgesinfo.fr\/app\/uploads\/sites\/6\/2024\/07\/20190520190519-170836.jpg\",\"keywords\":[\"ASG Basket\",\"ctc des hautes vosges\"],\"articleSection\":[\"A la une\",\"G\u00e9rardmer\",\"Sport\"],\"inLanguage\":\"fr-FR\",\"potentialAction\":[{\"@type\":\"CommentAction\",\"name\":\"Comment\",\"target\":[\"https:\/\/vosgesinfo.fr\/gerardmerinfo\/2019\/05\/basket-belle-journee-basket-feminin\/#respond\"]}]},{\"@type\":\"WebPage\",\"@id\":\"https:\/\/vosgesinfo.fr\/gerardmerinfo\/2019\/05\/basket-belle-journee-basket-feminin\/\",\"url\":\"https:\/\/vosgesinfo.fr\/gerardmerinfo\/2019\/05\/basket-belle-journee-basket-feminin\/\",\"name\":\"Basket : une belle journ\u00e9e pour le basket f\u00e9minin - Gerardmer Info\",\"isPartOf\":{\"@id\":\"https:\/\/vosgesinfo.fr\/gerardmerinfo\/#website\"},\"primaryImageOfPage\":{\"@id\":\"https:\/\/vosgesinfo.fr\/gerardmerinfo\/2019\/05\/basket-belle-journee-basket-feminin\/#primaryimage\"},\"image\":{\"@id\":\"https:\/\/vosgesinfo.fr\/gerardmerinfo\/2019\/05\/basket-belle-journee-basket-feminin\/#primaryimage\"},\"thumbnailUrl\":\"https:\/\/vosgesinfo.fr\/app\/uploads\/sites\/6\/2024\/07\/20190520190519-170836.jpg\",\"datePublished\":\"2019-05-21T14:15:24+00:00\",\"dateModified\":\"2019-05-21T14:15:24+00:00\",\"breadcrumb\":{\"@id\":\"https:\/\/vosgesinfo.fr\/gerardmerinfo\/2019\/05\/basket-belle-journee-basket-feminin\/#breadcrumb\"},\"inLanguage\":\"fr-FR\",\"potentialAction\":[{\"@type\":\"ReadAction\",\"target\":[\"https:\/\/vosgesinfo.fr\/gerardmerinfo\/2019\/05\/basket-belle-journee-basket-feminin\/\"]}]},{\"@type\":\"ImageObject\",\"inLanguage\":\"fr-FR\",\"@id\":\"https:\/\/vosgesinfo.fr\/gerardmerinfo\/2019\/05\/basket-belle-journee-basket-feminin\/#primaryimage\",\"url\":\"https:\/\/vosgesinfo.fr\/app\/uploads\/sites\/6\/2024\/07\/20190520190519-170836.jpg\",\"contentUrl\":\"https:\/\/vosgesinfo.fr\/app\/uploads\/sites\/6\/2024\/07\/20190520190519-170836.jpg\",\"width\":800,\"height\":600},{\"@type\":\"BreadcrumbList\",\"@id\":\"https:\/\/vosgesinfo.fr\/gerardmerinfo\/2019\/05\/basket-belle-journee-basket-feminin\/#breadcrumb\",\"itemListElement\":[{\"@type\":\"ListItem\",\"position\":1,\"name\":\"Home\",\"item\":\"https:\/\/vosgesinfo.fr\/gerardmerinfo\/\"},{\"@type\":\"ListItem\",\"position\":2,\"name\":\"Basket : une belle journ\u00e9e pour le basket f\u00e9minin\"}]},{\"@type\":\"WebSite\",\"@id\":\"https:\/\/vosgesinfo.fr\/gerardmerinfo\/#website\",\"url\":\"https:\/\/vosgesinfo.fr\/gerardmerinfo\/\",\"name\":\"Gerardmer Info\",\"description\":\"Toute l&#039;actualit\u00e9 de G\u00e9rardmer\",\"publisher\":{\"@id\":\"https:\/\/vosgesinfo.fr\/gerardmerinfo\/#organization\"},\"alternateName\":\"Toute l'actualit\u00e9 de G\u00e9rardmer\",\"potentialAction\":[{\"@type\":\"SearchAction\",\"target\":{\"@type\":\"EntryPoint\",\"urlTemplate\":\"https:\/\/vosgesinfo.fr\/gerardmerinfo\/?s={search_term_string}\"},\"query-input\":\"required name=search_term_string\"}],\"inLanguage\":\"fr-FR\"},{\"@type\":\"Organization\",\"@id\":\"https:\/\/vosgesinfo.fr\/gerardmerinfo\/#organization\",\"name\":\"Gerardmer Info\",\"url\":\"https:\/\/vosgesinfo.fr\/gerardmerinfo\/\",\"logo\":{\"@type\":\"ImageObject\",\"inLanguage\":\"fr-FR\",\"@id\":\"https:\/\/vosgesinfo.fr\/gerardmerinfo\/#\/schema\/logo\/image\/\",\"url\":\"https:\/\/vosgesinfo.fr\/app\/uploads\/sites\/6\/2023\/08\/favicon-gerardmerinfo.png\",\"contentUrl\":\"https:\/\/vosgesinfo.fr\/app\/uploads\/sites\/6\/2023\/08\/favicon-gerardmerinfo.png\",\"width\":512,\"height\":512,\"caption\":\"Gerardmer Info\"},\"image\":{\"@id\":\"https:\/\/vosgesinfo.fr\/gerardmerinfo\/#\/schema\/logo\/image\/\"},\"sameAs\":[\"https:\/\/www.facebook.com\/profile.php?id=100049475262660\",\"https:\/\/x.com\/VosgesInfo88\",\"https:\/\/www.youtube.com\/@vosgesinfo\"]},{\"@type\":\"Person\",\"@id\":\"https:\/\/vosgesinfo.fr\/gerardmerinfo\/#\/schema\/person\/bc5d02d71e6932e81b6dadb7386667b1\",\"name\":\"qs_admin\",\"image\":{\"@type\":\"ImageObject\",\"inLanguage\":\"fr-FR\",\"@id\":\"https:\/\/vosgesinfo.fr\/gerardmerinfo\/#\/schema\/person\/image\/\",\"url\":\"https:\/\/secure.gravatar.com\/avatar\/94b18ee0ed79e4a42ea2f2931277b6841a8999fc6fde214600c78057cf1fe1de?s=96&d=mm&r=g\",\"contentUrl\":\"https:\/\/secure.gravatar.com\/avatar\/94b18ee0ed79e4a42ea2f2931277b6841a8999fc6fde214600c78057cf1fe1de?s=96&d=mm&r=g\",\"caption\":\"qs_admin\"},\"sameAs\":[\"https:\/\/vosgesinfo.fr\/wp\"],\"url\":\"https:\/\/vosgesinfo.fr\/gerardmerinfo\/author\/qs_admin\/\"}]}<\/script>\n<!-- \/ Yoast SEO plugin. -->","yoast_head_json":{"title":"Basket : une belle journ\u00e9e pour le basket f\u00e9minin - Gerardmer Info","robots":{"index":"index","follow":"follow","max-snippet":"max-snippet:-1","max-image-preview":"max-image-preview:large","max-video-preview":"max-video-preview:-1"},"canonical":"https:\/\/vosgesinfo.fr\/gerardmerinfo\/2019\/05\/basket-belle-journee-basket-feminin\/","twitter_card":"summary_large_image","twitter_title":"Basket : une belle journ\u00e9e pour le basket f\u00e9minin - Gerardmer Info","twitter_description":"R\u00e9sultats des matchs de basket du week-end du 18\/19 mai : Seniors\u00a0 61-67\u00a0 St Di\u00e9 2 U11M\u00a0 70-35\u00a0 Corcieux Mirecourt\u00a0 [&hellip;]","twitter_image":"https:\/\/vosgesinfo.fr\/app\/uploads\/sites\/6\/2024\/07\/20190520190519-170836.jpg","twitter_creator":"@VosgesInfo88","twitter_site":"@VosgesInfo88","twitter_misc":{"\u00c9crit par":"qs_admin","Dur\u00e9e de lecture estim\u00e9e":"3 minutes"},"schema":{"@context":"https:\/\/schema.org","@graph":[{"@type":"Article","@id":"https:\/\/vosgesinfo.fr\/gerardmerinfo\/2019\/05\/basket-belle-journee-basket-feminin\/#article","isPartOf":{"@id":"https:\/\/vosgesinfo.fr\/gerardmerinfo\/2019\/05\/basket-belle-journee-basket-feminin\/"},"author":{"name":"qs_admin","@id":"https:\/\/vosgesinfo.fr\/gerardmerinfo\/#\/schema\/person\/bc5d02d71e6932e81b6dadb7386667b1"},"headline":"Basket : une belle journ\u00e9e pour le basket f\u00e9minin","datePublished":"2019-05-21T14:15:24+00:00","dateModified":"2019-05-21T14:15:24+00:00","mainEntityOfPage":{"@id":"https:\/\/vosgesinfo.fr\/gerardmerinfo\/2019\/05\/basket-belle-journee-basket-feminin\/"},"wordCount":542,"commentCount":0,"publisher":{"@id":"https:\/\/vosgesinfo.fr\/gerardmerinfo\/#organization"},"image":{"@id":"https:\/\/vosgesinfo.fr\/gerardmerinfo\/2019\/05\/basket-belle-journee-basket-feminin\/#primaryimage"},"thumbnailUrl":"https:\/\/vosgesinfo.fr\/app\/uploads\/sites\/6\/2024\/07\/20190520190519-170836.jpg","keywords":["ASG Basket","ctc des hautes vosges"],"articleSection":["A la une","G\u00e9rardmer","Sport"],"inLanguage":"fr-FR","potentialAction":[{"@type":"CommentAction","name":"Comment","target":["https:\/\/vosgesinfo.fr\/gerardmerinfo\/2019\/05\/basket-belle-journee-basket-feminin\/#respond"]}]},{"@type":"WebPage","@id":"https:\/\/vosgesinfo.fr\/gerardmerinfo\/2019\/05\/basket-belle-journee-basket-feminin\/","url":"https:\/\/vosgesinfo.fr\/gerardmerinfo\/2019\/05\/basket-belle-journee-basket-feminin\/","name":"Basket : une belle journ\u00e9e pour le basket f\u00e9minin - Gerardmer Info","isPartOf":{"@id":"https:\/\/vosgesinfo.fr\/gerardmerinfo\/#website"},"primaryImageOfPage":{"@id":"https:\/\/vosgesinfo.fr\/gerardmerinfo\/2019\/05\/basket-belle-journee-basket-feminin\/#primaryimage"},"image":{"@id":"https:\/\/vosgesinfo.fr\/gerardmerinfo\/2019\/05\/basket-belle-journee-basket-feminin\/#primaryimage"},"thumbnailUrl":"https:\/\/vosgesinfo.fr\/app\/uploads\/sites\/6\/2024\/07\/20190520190519-170836.jpg","datePublished":"2019-05-21T14:15:24+00:00","dateModified":"2019-05-21T14:15:24+00:00","breadcrumb":{"@id":"https:\/\/vosgesinfo.fr\/gerardmerinfo\/2019\/05\/basket-belle-journee-basket-feminin\/#breadcrumb"},"inLanguage":"fr-FR","potentialAction":[{"@type":"ReadAction","target":["https:\/\/vosgesinfo.fr\/gerardmerinfo\/2019\/05\/basket-belle-journee-basket-feminin\/"]}]},{"@type":"ImageObject","inLanguage":"fr-FR","@id":"https:\/\/vosgesinfo.fr\/gerardmerinfo\/2019\/05\/basket-belle-journee-basket-feminin\/#primaryimage","url":"https:\/\/vosgesinfo.fr\/app\/uploads\/sites\/6\/2024\/07\/20190520190519-170836.jpg","contentUrl":"https:\/\/vosgesinfo.fr\/app\/uploads\/sites\/6\/2024\/07\/20190520190519-170836.jpg","width":800,"height":600},{"@type":"BreadcrumbList","@id":"https:\/\/vosgesinfo.fr\/gerardmerinfo\/2019\/05\/basket-belle-journee-basket-feminin\/#breadcrumb","itemListElement":[{"@type":"ListItem","position":1,"name":"Home","item":"https:\/\/vosgesinfo.fr\/gerardmerinfo\/"},{"@type":"ListItem","position":2,"name":"Basket : une belle journ\u00e9e pour le basket f\u00e9minin"}]},{"@type":"WebSite","@id":"https:\/\/vosgesinfo.fr\/gerardmerinfo\/#website","url":"https:\/\/vosgesinfo.fr\/gerardmerinfo\/","name":"Gerardmer Info","description":"Toute l&#039;actualit\u00e9 de G\u00e9rardmer","publisher":{"@id":"https:\/\/vosgesinfo.fr\/gerardmerinfo\/#organization"},"alternateName":"Toute l'actualit\u00e9 de G\u00e9rardmer","potentialAction":[{"@type":"SearchAction","target":{"@type":"EntryPoint","urlTemplate":"https:\/\/vosgesinfo.fr\/gerardmerinfo\/?s={search_term_string}"},"query-input":"required name=search_term_string"}],"inLanguage":"fr-FR"},{"@type":"Organization","@id":"https:\/\/vosgesinfo.fr\/gerardmerinfo\/#organization","name":"Gerardmer Info","url":"https:\/\/vosgesinfo.fr\/gerardmerinfo\/","logo":{"@type":"ImageObject","inLanguage":"fr-FR","@id":"https:\/\/vosgesinfo.fr\/gerardmerinfo\/#\/schema\/logo\/image\/","url":"https:\/\/vosgesinfo.fr\/app\/uploads\/sites\/6\/2023\/08\/favicon-gerardmerinfo.png","contentUrl":"https:\/\/vosgesinfo.fr\/app\/uploads\/sites\/6\/2023\/08\/favicon-gerardmerinfo.png","width":512,"height":512,"caption":"Gerardmer Info"},"image":{"@id":"https:\/\/vosgesinfo.fr\/gerardmerinfo\/#\/schema\/logo\/image\/"},"sameAs":["https:\/\/www.facebook.com\/profile.php?id=100049475262660","https:\/\/x.com\/VosgesInfo88","https:\/\/www.youtube.com\/@vosgesinfo"]},{"@type":"Person","@id":"https:\/\/vosgesinfo.fr\/gerardmerinfo\/#\/schema\/person\/bc5d02d71e6932e81b6dadb7386667b1","name":"qs_admin","image":{"@type":"ImageObject","inLanguage":"fr-FR","@id":"https:\/\/vosgesinfo.fr\/gerardmerinfo\/#\/schema\/person\/image\/","url":"https:\/\/secure.gravatar.com\/avatar\/94b18ee0ed79e4a42ea2f2931277b6841a8999fc6fde214600c78057cf1fe1de?s=96&d=mm&r=g","contentUrl":"https:\/\/secure.gravatar.com\/avatar\/94b18ee0ed79e4a42ea2f2931277b6841a8999fc6fde214600c78057cf1fe1de?s=96&d=mm&r=g","caption":"qs_admin"},"sameAs":["https:\/\/vosgesinfo.fr\/wp"],"url":"https:\/\/vosgesinfo.fr\/gerardmerinfo\/author\/qs_admin\/"}]}},"_links":{"self":[{"href":"https:\/\/vosgesinfo.fr\/gerardmerinfo\/wp-json\/wp\/v2\/posts\/41695","targetHints":{"allow":["GET"]}}],"collection":[{"href":"https:\/\/vosgesinfo.fr\/gerardmerinfo\/wp-json\/wp\/v2\/posts"}],"about":[{"href":"https:\/\/vosgesinfo.fr\/gerardmerinfo\/wp-json\/wp\/v2\/types\/post"}],"author":[{"embeddable":true,"href":"https:\/\/vosgesinfo.fr\/gerardmerinfo\/wp-json\/wp\/v2\/users\/1"}],"replies":[{"embeddable":true,"href":"https:\/\/vosgesinfo.fr\/gerardmerinfo\/wp-json\/wp\/v2\/comments?post=41695"}],"version-history":[{"count":0,"href":"https:\/\/vosgesinfo.fr\/gerardmerinfo\/wp-json\/wp\/v2\/posts\/41695\/revisions"}],"wp:featuredmedia":[{"embeddable":true,"href":"https:\/\/vosgesinfo.fr\/gerardmerinfo\/wp-json\/wp\/v2\/media\/41696"}],"wp:attachment":[{"href":"https:\/\/vosgesinfo.fr\/gerardmerinfo\/wp-json\/wp\/v2\/media?parent=41695"}],"wp:term":[{"taxonomy":"category","embeddable":true,"href":"https:\/\/vosgesinfo.fr\/gerardmerinfo\/wp-json\/wp\/v2\/categories?post=41695"},{"taxonomy":"post_tag","embeddable":true,"href":"https:\/\/vosgesinfo.fr\/gerardmerinfo\/wp-json\/wp\/v2\/tags?post=41695"}],"curies":[{"name":"wp","href":"https:\/\/api.w.org\/{rel}","templated":true}]}}