{"id":41706,"date":"2019-05-21T16:15:08","date_gmt":"2019-05-21T14:15:08","guid":{"rendered":"https:\/\/vosgesinfo.fr\/gerardmerinfo\/2019\/05\/cm2-piste-college\/"},"modified":"2019-05-21T16:15:08","modified_gmt":"2019-05-21T14:15:08","slug":"cm2-piste-college","status":"publish","type":"post","link":"https:\/\/vosgesinfo.fr\/gerardmerinfo\/2019\/05\/cm2-piste-college\/","title":{"rendered":"les CM2 sur la piste du coll\u00e8ge&#8230;"},"content":{"rendered":"\n<h3 class=\"x_MsoNoSpacing\">Depuis plusieurs ann\u00e9es d\u00e9j\u00e0, le coll\u00e8ge de la Haie Griselle propose aux futurs \u00e9l\u00e8ves de 6\u00e8me des \u00e9coles de Xonrupt et G\u00e9rardmer d&rsquo;effectuer une journ\u00e9e d&rsquo;immersion dans leur futur \u00e9tablissement \u00e0 la rentr\u00e9e de septembre. Petite nouveaut\u00e9 cette ann\u00e9e : un jeu de piste ludique pour d\u00e9couvrir les lieux&#8230;<\/h3>\n<p class=\"x_MsoNoSpacing\">Cette ann\u00e9e, ils \u00e9taient pr\u00e8s de 130 \u00e9l\u00e8ves de CM2 \u00e0 participer \u00e0 cette journ\u00e9e, dont 13 jeunes venus de l&rsquo;ext\u00e9rieur du canton et qui avaient notamment \u00e9t\u00e9 s\u00e9duits lors des portes ouvertes de l&rsquo;\u00e9tablissement qui ont eu lieu le mois dernier. Ils ont \u00e9t\u00e9 accueillis par le proviseur Laurent Belin et son adjointe Annie Roch qui a pr\u00e9par\u00e9 des emplois du temps sur 6 classes \u00e9ph\u00e9m\u00e8res cr\u00e9\u00e9es pour l&rsquo;occasion afin de m\u00e9langer les diff\u00e9rents groupes de visiteurs, histoire qu\u2019ils fassent connaissance. En collaboration avec les enseignants concern\u00e9s, des <em>s\u00e9ances<\/em> ont \u00e9t\u00e9 imagin\u00e9es et mont\u00e9es autour d&rsquo;un emploi du temps mi litt\u00e9raire et mi scientifique avec une langue vivante. A cela \u00e9tait \u00e9galement ajout\u00e9e une initiation \u00e0 la recherche de documentations avec Carine Pierrel-Calvi, toujours tr\u00e8s utile pour les devoirs \u00e0 la maison ou tout simplement \u00e9toffer sa culture g\u00e9n\u00e9rale&#8230;<\/p>\n<p class=\"x_MsoNoSpacing\">Jusque l\u00e0, rien de bien nouveau par rapport aux \u00e9ditions pr\u00e9c\u00e9dentes donc&#8230; Et c&rsquo;est l\u00e0 qu&rsquo;intervient le clou du spectacle de cette journ\u00e9e avec le jeu de piste pr\u00e9par\u00e9 par l&rsquo;enseignante de lettres Sylvie Douchain et sa classe de 6<sup>\u00e8me<\/sup>. Un jeu fait d\u2019\u00e9nigmes avec comme point de d\u00e9part le laboratoire de la salle SVT et le d\u00e9sormais fameux Professeur Hook qui attendait les enfants et leur proposait de partir \u00e0 la chasse aux \u00e9nigmes apr\u00e8s avoir tir\u00e9 une enveloppe myst\u00e8re&#8230; L&rsquo;id\u00e9e \u00e9tait de leur faire appr\u00e9hender les locaux de mani\u00e8re ludique,\u00a0 \u00e0 l&rsquo;aide d&rsquo;un plan de la cit\u00e9 scolaire. Et le moins que l&rsquo;on puisse \u00e9crire, c&rsquo;est que pour un coup d&rsquo;essai, ce fut un coup de ma\u00eetre puisque ces futurs 6\u00e8mes ont particuli\u00e8rement appr\u00e9ci\u00e9 cette initiative, tout comme leurs enseignants qui les accompagnaient. Les diff\u00e9rents groupes se sont ensuite retrouv\u00e9s au r\u00e9fectoire \u00e0 midi pour partager un petit casse-cro\u00fbte et \u00e9changer leurs impressions sur cette matin\u00e9e parfaitement orchestr\u00e9e. Enfin, sachez que Laurent Belin et Annie Roch ont convi\u00e9 les parents de ces \u00e9l\u00e8ves de CM2 le 8 juin prochain en vue de faire le point sur leur rentr\u00e9e au coll\u00e8ge. Rentr\u00e9e qui, \u00e0 n&rsquo;en pas douter, sera facilit\u00e9e par cette immersion pertinente et parfaitement adapt\u00e9e \u00e0 son public.<\/p>\n","protected":false},"excerpt":{"rendered":"<p>Depuis plusieurs ann\u00e9es d\u00e9j\u00e0, le coll\u00e8ge de la Haie Griselle propose aux futurs \u00e9l\u00e8ves de 6\u00e8me des \u00e9coles de Xonrupt [&hellip;]<\/p>\n","protected":false},"author":42,"featured_media":41707,"comment_status":"open","ping_status":"open","sticky":false,"template":"","format":"standard","meta":{"footnotes":""},"categories":[20,25],"tags":[386],"class_list":["post-41706","post","type-post","status-publish","format-standard","has-post-thumbnail","hentry","category-a-la-une","category-gerardmer","tag-college-la-haie-griselle"],"acf":[],"yoast_head":"<!-- This site is optimized with the Yoast SEO plugin v22.5 - https:\/\/yoast.com\/wordpress\/plugins\/seo\/ -->\n<title>les CM2 sur la piste du coll\u00e8ge... - Gerardmer Info<\/title>\n<meta name=\"robots\" content=\"index, follow, max-snippet:-1, max-image-preview:large, max-video-preview:-1\" \/>\n<link rel=\"canonical\" href=\"https:\/\/vosgesinfo.fr\/gerardmerinfo\/2019\/05\/cm2-piste-college\/\" \/>\n<meta name=\"twitter:card\" content=\"summary_large_image\" \/>\n<meta name=\"twitter:title\" content=\"les CM2 sur la piste du coll\u00e8ge... - Gerardmer Info\" \/>\n<meta name=\"twitter:description\" content=\"Depuis plusieurs ann\u00e9es d\u00e9j\u00e0, le coll\u00e8ge de la Haie Griselle propose aux futurs \u00e9l\u00e8ves de 6\u00e8me des \u00e9coles de Xonrupt [&hellip;]\" \/>\n<meta name=\"twitter:image\" content=\"https:\/\/vosgesinfo.fr\/app\/uploads\/sites\/6\/2024\/07\/201905immersion-emes-la-haie-griselle-cm2-5.jpg\" \/>\n<meta name=\"twitter:creator\" content=\"@VosgesInfo88\" \/>\n<meta name=\"twitter:site\" content=\"@VosgesInfo88\" \/>\n<meta name=\"twitter:label1\" content=\"\u00c9crit par\" \/>\n\t<meta name=\"twitter:data1\" content=\"QG\" \/>\n\t<meta name=\"twitter:label2\" content=\"Dur\u00e9e de lecture estim\u00e9e\" \/>\n\t<meta name=\"twitter:data2\" content=\"2 minutes\" \/>\n<script type=\"application\/ld+json\" class=\"yoast-schema-graph\">{\"@context\":\"https:\/\/schema.org\",\"@graph\":[{\"@type\":\"Article\",\"@id\":\"https:\/\/vosgesinfo.fr\/gerardmerinfo\/2019\/05\/cm2-piste-college\/#article\",\"isPartOf\":{\"@id\":\"https:\/\/vosgesinfo.fr\/gerardmerinfo\/2019\/05\/cm2-piste-college\/\"},\"author\":{\"name\":\"QG\",\"@id\":\"https:\/\/vosgesinfo.fr\/gerardmerinfo\/#\/schema\/person\/db5605779a843dad16b5368f3e7613a5\"},\"headline\":\"les CM2 sur la piste du coll\u00e8ge&#8230;\",\"datePublished\":\"2019-05-21T14:15:08+00:00\",\"dateModified\":\"2019-05-21T14:15:08+00:00\",\"mainEntityOfPage\":{\"@id\":\"https:\/\/vosgesinfo.fr\/gerardmerinfo\/2019\/05\/cm2-piste-college\/\"},\"wordCount\":474,\"commentCount\":0,\"publisher\":{\"@id\":\"https:\/\/vosgesinfo.fr\/gerardmerinfo\/#organization\"},\"image\":{\"@id\":\"https:\/\/vosgesinfo.fr\/gerardmerinfo\/2019\/05\/cm2-piste-college\/#primaryimage\"},\"thumbnailUrl\":\"https:\/\/vosgesinfo.fr\/app\/uploads\/sites\/6\/2024\/07\/201905immersion-emes-la-haie-griselle-cm2-5.jpg\",\"keywords\":[\"coll\u00e9ge la haie griselle\"],\"articleSection\":[\"A la une\",\"G\u00e9rardmer\"],\"inLanguage\":\"fr-FR\",\"potentialAction\":[{\"@type\":\"CommentAction\",\"name\":\"Comment\",\"target\":[\"https:\/\/vosgesinfo.fr\/gerardmerinfo\/2019\/05\/cm2-piste-college\/#respond\"]}]},{\"@type\":\"WebPage\",\"@id\":\"https:\/\/vosgesinfo.fr\/gerardmerinfo\/2019\/05\/cm2-piste-college\/\",\"url\":\"https:\/\/vosgesinfo.fr\/gerardmerinfo\/2019\/05\/cm2-piste-college\/\",\"name\":\"les CM2 sur la piste du coll\u00e8ge... - Gerardmer Info\",\"isPartOf\":{\"@id\":\"https:\/\/vosgesinfo.fr\/gerardmerinfo\/#website\"},\"primaryImageOfPage\":{\"@id\":\"https:\/\/vosgesinfo.fr\/gerardmerinfo\/2019\/05\/cm2-piste-college\/#primaryimage\"},\"image\":{\"@id\":\"https:\/\/vosgesinfo.fr\/gerardmerinfo\/2019\/05\/cm2-piste-college\/#primaryimage\"},\"thumbnailUrl\":\"https:\/\/vosgesinfo.fr\/app\/uploads\/sites\/6\/2024\/07\/201905immersion-emes-la-haie-griselle-cm2-5.jpg\",\"datePublished\":\"2019-05-21T14:15:08+00:00\",\"dateModified\":\"2019-05-21T14:15:08+00:00\",\"breadcrumb\":{\"@id\":\"https:\/\/vosgesinfo.fr\/gerardmerinfo\/2019\/05\/cm2-piste-college\/#breadcrumb\"},\"inLanguage\":\"fr-FR\",\"potentialAction\":[{\"@type\":\"ReadAction\",\"target\":[\"https:\/\/vosgesinfo.fr\/gerardmerinfo\/2019\/05\/cm2-piste-college\/\"]}]},{\"@type\":\"ImageObject\",\"inLanguage\":\"fr-FR\",\"@id\":\"https:\/\/vosgesinfo.fr\/gerardmerinfo\/2019\/05\/cm2-piste-college\/#primaryimage\",\"url\":\"https:\/\/vosgesinfo.fr\/app\/uploads\/sites\/6\/2024\/07\/201905immersion-emes-la-haie-griselle-cm2-5.jpg\",\"contentUrl\":\"https:\/\/vosgesinfo.fr\/app\/uploads\/sites\/6\/2024\/07\/201905immersion-emes-la-haie-griselle-cm2-5.jpg\",\"width\":800,\"height\":600},{\"@type\":\"BreadcrumbList\",\"@id\":\"https:\/\/vosgesinfo.fr\/gerardmerinfo\/2019\/05\/cm2-piste-college\/#breadcrumb\",\"itemListElement\":[{\"@type\":\"ListItem\",\"position\":1,\"name\":\"Home\",\"item\":\"https:\/\/vosgesinfo.fr\/gerardmerinfo\/\"},{\"@type\":\"ListItem\",\"position\":2,\"name\":\"les CM2 sur la piste du coll\u00e8ge&#8230;\"}]},{\"@type\":\"WebSite\",\"@id\":\"https:\/\/vosgesinfo.fr\/gerardmerinfo\/#website\",\"url\":\"https:\/\/vosgesinfo.fr\/gerardmerinfo\/\",\"name\":\"Gerardmer Info\",\"description\":\"Toute l&#039;actualit\u00e9 de G\u00e9rardmer\",\"publisher\":{\"@id\":\"https:\/\/vosgesinfo.fr\/gerardmerinfo\/#organization\"},\"alternateName\":\"Toute l'actualit\u00e9 de G\u00e9rardmer\",\"potentialAction\":[{\"@type\":\"SearchAction\",\"target\":{\"@type\":\"EntryPoint\",\"urlTemplate\":\"https:\/\/vosgesinfo.fr\/gerardmerinfo\/?s={search_term_string}\"},\"query-input\":\"required name=search_term_string\"}],\"inLanguage\":\"fr-FR\"},{\"@type\":\"Organization\",\"@id\":\"https:\/\/vosgesinfo.fr\/gerardmerinfo\/#organization\",\"name\":\"Gerardmer Info\",\"url\":\"https:\/\/vosgesinfo.fr\/gerardmerinfo\/\",\"logo\":{\"@type\":\"ImageObject\",\"inLanguage\":\"fr-FR\",\"@id\":\"https:\/\/vosgesinfo.fr\/gerardmerinfo\/#\/schema\/logo\/image\/\",\"url\":\"https:\/\/vosgesinfo.fr\/app\/uploads\/sites\/6\/2023\/08\/favicon-gerardmerinfo.png\",\"contentUrl\":\"https:\/\/vosgesinfo.fr\/app\/uploads\/sites\/6\/2023\/08\/favicon-gerardmerinfo.png\",\"width\":512,\"height\":512,\"caption\":\"Gerardmer Info\"},\"image\":{\"@id\":\"https:\/\/vosgesinfo.fr\/gerardmerinfo\/#\/schema\/logo\/image\/\"},\"sameAs\":[\"https:\/\/www.facebook.com\/profile.php?id=100049475262660\",\"https:\/\/x.com\/VosgesInfo88\",\"https:\/\/www.youtube.com\/@vosgesinfo\"]},{\"@type\":\"Person\",\"@id\":\"https:\/\/vosgesinfo.fr\/gerardmerinfo\/#\/schema\/person\/db5605779a843dad16b5368f3e7613a5\",\"name\":\"QG\",\"image\":{\"@type\":\"ImageObject\",\"inLanguage\":\"fr-FR\",\"@id\":\"https:\/\/vosgesinfo.fr\/gerardmerinfo\/#\/schema\/person\/image\/\",\"url\":\"https:\/\/secure.gravatar.com\/avatar\/ea80c42c204b534408512832fde52504ecabb9706bcb6151cf6175e5b64e6793?s=96&d=mm&r=g\",\"contentUrl\":\"https:\/\/secure.gravatar.com\/avatar\/ea80c42c204b534408512832fde52504ecabb9706bcb6151cf6175e5b64e6793?s=96&d=mm&r=g\",\"caption\":\"QG\"},\"url\":\"https:\/\/vosgesinfo.fr\/gerardmerinfo\/author\/quentin88\/\"}]}<\/script>\n<!-- \/ Yoast SEO plugin. -->","yoast_head_json":{"title":"les CM2 sur la piste du coll\u00e8ge... - Gerardmer Info","robots":{"index":"index","follow":"follow","max-snippet":"max-snippet:-1","max-image-preview":"max-image-preview:large","max-video-preview":"max-video-preview:-1"},"canonical":"https:\/\/vosgesinfo.fr\/gerardmerinfo\/2019\/05\/cm2-piste-college\/","twitter_card":"summary_large_image","twitter_title":"les CM2 sur la piste du coll\u00e8ge... - Gerardmer Info","twitter_description":"Depuis plusieurs ann\u00e9es d\u00e9j\u00e0, le coll\u00e8ge de la Haie Griselle propose aux futurs \u00e9l\u00e8ves de 6\u00e8me des \u00e9coles de Xonrupt [&hellip;]","twitter_image":"https:\/\/vosgesinfo.fr\/app\/uploads\/sites\/6\/2024\/07\/201905immersion-emes-la-haie-griselle-cm2-5.jpg","twitter_creator":"@VosgesInfo88","twitter_site":"@VosgesInfo88","twitter_misc":{"\u00c9crit par":"QG","Dur\u00e9e de lecture estim\u00e9e":"2 minutes"},"schema":{"@context":"https:\/\/schema.org","@graph":[{"@type":"Article","@id":"https:\/\/vosgesinfo.fr\/gerardmerinfo\/2019\/05\/cm2-piste-college\/#article","isPartOf":{"@id":"https:\/\/vosgesinfo.fr\/gerardmerinfo\/2019\/05\/cm2-piste-college\/"},"author":{"name":"QG","@id":"https:\/\/vosgesinfo.fr\/gerardmerinfo\/#\/schema\/person\/db5605779a843dad16b5368f3e7613a5"},"headline":"les CM2 sur la piste du coll\u00e8ge&#8230;","datePublished":"2019-05-21T14:15:08+00:00","dateModified":"2019-05-21T14:15:08+00:00","mainEntityOfPage":{"@id":"https:\/\/vosgesinfo.fr\/gerardmerinfo\/2019\/05\/cm2-piste-college\/"},"wordCount":474,"commentCount":0,"publisher":{"@id":"https:\/\/vosgesinfo.fr\/gerardmerinfo\/#organization"},"image":{"@id":"https:\/\/vosgesinfo.fr\/gerardmerinfo\/2019\/05\/cm2-piste-college\/#primaryimage"},"thumbnailUrl":"https:\/\/vosgesinfo.fr\/app\/uploads\/sites\/6\/2024\/07\/201905immersion-emes-la-haie-griselle-cm2-5.jpg","keywords":["coll\u00e9ge la haie griselle"],"articleSection":["A la une","G\u00e9rardmer"],"inLanguage":"fr-FR","potentialAction":[{"@type":"CommentAction","name":"Comment","target":["https:\/\/vosgesinfo.fr\/gerardmerinfo\/2019\/05\/cm2-piste-college\/#respond"]}]},{"@type":"WebPage","@id":"https:\/\/vosgesinfo.fr\/gerardmerinfo\/2019\/05\/cm2-piste-college\/","url":"https:\/\/vosgesinfo.fr\/gerardmerinfo\/2019\/05\/cm2-piste-college\/","name":"les CM2 sur la piste du coll\u00e8ge... - Gerardmer Info","isPartOf":{"@id":"https:\/\/vosgesinfo.fr\/gerardmerinfo\/#website"},"primaryImageOfPage":{"@id":"https:\/\/vosgesinfo.fr\/gerardmerinfo\/2019\/05\/cm2-piste-college\/#primaryimage"},"image":{"@id":"https:\/\/vosgesinfo.fr\/gerardmerinfo\/2019\/05\/cm2-piste-college\/#primaryimage"},"thumbnailUrl":"https:\/\/vosgesinfo.fr\/app\/uploads\/sites\/6\/2024\/07\/201905immersion-emes-la-haie-griselle-cm2-5.jpg","datePublished":"2019-05-21T14:15:08+00:00","dateModified":"2019-05-21T14:15:08+00:00","breadcrumb":{"@id":"https:\/\/vosgesinfo.fr\/gerardmerinfo\/2019\/05\/cm2-piste-college\/#breadcrumb"},"inLanguage":"fr-FR","potentialAction":[{"@type":"ReadAction","target":["https:\/\/vosgesinfo.fr\/gerardmerinfo\/2019\/05\/cm2-piste-college\/"]}]},{"@type":"ImageObject","inLanguage":"fr-FR","@id":"https:\/\/vosgesinfo.fr\/gerardmerinfo\/2019\/05\/cm2-piste-college\/#primaryimage","url":"https:\/\/vosgesinfo.fr\/app\/uploads\/sites\/6\/2024\/07\/201905immersion-emes-la-haie-griselle-cm2-5.jpg","contentUrl":"https:\/\/vosgesinfo.fr\/app\/uploads\/sites\/6\/2024\/07\/201905immersion-emes-la-haie-griselle-cm2-5.jpg","width":800,"height":600},{"@type":"BreadcrumbList","@id":"https:\/\/vosgesinfo.fr\/gerardmerinfo\/2019\/05\/cm2-piste-college\/#breadcrumb","itemListElement":[{"@type":"ListItem","position":1,"name":"Home","item":"https:\/\/vosgesinfo.fr\/gerardmerinfo\/"},{"@type":"ListItem","position":2,"name":"les CM2 sur la piste du coll\u00e8ge&#8230;"}]},{"@type":"WebSite","@id":"https:\/\/vosgesinfo.fr\/gerardmerinfo\/#website","url":"https:\/\/vosgesinfo.fr\/gerardmerinfo\/","name":"Gerardmer Info","description":"Toute l&#039;actualit\u00e9 de G\u00e9rardmer","publisher":{"@id":"https:\/\/vosgesinfo.fr\/gerardmerinfo\/#organization"},"alternateName":"Toute l'actualit\u00e9 de G\u00e9rardmer","potentialAction":[{"@type":"SearchAction","target":{"@type":"EntryPoint","urlTemplate":"https:\/\/vosgesinfo.fr\/gerardmerinfo\/?s={search_term_string}"},"query-input":"required name=search_term_string"}],"inLanguage":"fr-FR"},{"@type":"Organization","@id":"https:\/\/vosgesinfo.fr\/gerardmerinfo\/#organization","name":"Gerardmer Info","url":"https:\/\/vosgesinfo.fr\/gerardmerinfo\/","logo":{"@type":"ImageObject","inLanguage":"fr-FR","@id":"https:\/\/vosgesinfo.fr\/gerardmerinfo\/#\/schema\/logo\/image\/","url":"https:\/\/vosgesinfo.fr\/app\/uploads\/sites\/6\/2023\/08\/favicon-gerardmerinfo.png","contentUrl":"https:\/\/vosgesinfo.fr\/app\/uploads\/sites\/6\/2023\/08\/favicon-gerardmerinfo.png","width":512,"height":512,"caption":"Gerardmer Info"},"image":{"@id":"https:\/\/vosgesinfo.fr\/gerardmerinfo\/#\/schema\/logo\/image\/"},"sameAs":["https:\/\/www.facebook.com\/profile.php?id=100049475262660","https:\/\/x.com\/VosgesInfo88","https:\/\/www.youtube.com\/@vosgesinfo"]},{"@type":"Person","@id":"https:\/\/vosgesinfo.fr\/gerardmerinfo\/#\/schema\/person\/db5605779a843dad16b5368f3e7613a5","name":"QG","image":{"@type":"ImageObject","inLanguage":"fr-FR","@id":"https:\/\/vosgesinfo.fr\/gerardmerinfo\/#\/schema\/person\/image\/","url":"https:\/\/secure.gravatar.com\/avatar\/ea80c42c204b534408512832fde52504ecabb9706bcb6151cf6175e5b64e6793?s=96&d=mm&r=g","contentUrl":"https:\/\/secure.gravatar.com\/avatar\/ea80c42c204b534408512832fde52504ecabb9706bcb6151cf6175e5b64e6793?s=96&d=mm&r=g","caption":"QG"},"url":"https:\/\/vosgesinfo.fr\/gerardmerinfo\/author\/quentin88\/"}]}},"_links":{"self":[{"href":"https:\/\/vosgesinfo.fr\/gerardmerinfo\/wp-json\/wp\/v2\/posts\/41706","targetHints":{"allow":["GET"]}}],"collection":[{"href":"https:\/\/vosgesinfo.fr\/gerardmerinfo\/wp-json\/wp\/v2\/posts"}],"about":[{"href":"https:\/\/vosgesinfo.fr\/gerardmerinfo\/wp-json\/wp\/v2\/types\/post"}],"author":[{"embeddable":true,"href":"https:\/\/vosgesinfo.fr\/gerardmerinfo\/wp-json\/wp\/v2\/users\/42"}],"replies":[{"embeddable":true,"href":"https:\/\/vosgesinfo.fr\/gerardmerinfo\/wp-json\/wp\/v2\/comments?post=41706"}],"version-history":[{"count":0,"href":"https:\/\/vosgesinfo.fr\/gerardmerinfo\/wp-json\/wp\/v2\/posts\/41706\/revisions"}],"wp:featuredmedia":[{"embeddable":true,"href":"https:\/\/vosgesinfo.fr\/gerardmerinfo\/wp-json\/wp\/v2\/media\/41707"}],"wp:attachment":[{"href":"https:\/\/vosgesinfo.fr\/gerardmerinfo\/wp-json\/wp\/v2\/media?parent=41706"}],"wp:term":[{"taxonomy":"category","embeddable":true,"href":"https:\/\/vosgesinfo.fr\/gerardmerinfo\/wp-json\/wp\/v2\/categories?post=41706"},{"taxonomy":"post_tag","embeddable":true,"href":"https:\/\/vosgesinfo.fr\/gerardmerinfo\/wp-json\/wp\/v2\/tags?post=41706"}],"curies":[{"name":"wp","href":"https:\/\/api.w.org\/{rel}","templated":true}]}}