{"id":41719,"date":"2019-05-21T16:16:39","date_gmt":"2019-05-21T14:16:39","guid":{"rendered":"https:\/\/vosgesinfo.fr\/gerardmerinfo\/2019\/05\/municipales-2020-andre-francois-se-devoile\/"},"modified":"2019-05-21T16:16:39","modified_gmt":"2019-05-21T14:16:39","slug":"municipales-2020-andre-francois-se-devoile","status":"publish","type":"post","link":"https:\/\/vosgesinfo.fr\/gerardmerinfo\/2019\/05\/municipales-2020-andre-francois-se-devoile\/","title":{"rendered":"Municipales 2020 &#8211; Andr\u00e9 Fran\u00e7ois se d\u00e9voile"},"content":{"rendered":"<p><strong><a href=\"https:\/\/gerardmerinfo.fr\/2019\/05\/municipales-2020-andre-francois-se-devoile\/andre-francois-vsg\/\" rel=\"attachment wp-att-147032\"><img decoding=\"async\" class=\"aligncenter wp-image-147032 size-full\" src=\"\/2019\/05\/Andr\u00e9-FRANCOIS-VSG.jpg\" alt=\"Andr\u00e9 FRANCOIS VSG\" width=\"512\" height=\"800\" \/><\/a>Sur la liste des prochains candidats qui se d\u00e9clareront aux municipales de 2020, le g\u00e9r\u00f4mois Andr\u00e9 Fran\u00e7ois est le 1er \u00e0 d\u00e9voiler ses ambitions&#8230;il lui reste cependant \u00e0 construire une liste compl\u00e8te. Le pompier professionnel se d\u00e9voile dans un commentaire concernant le Label Accueil V\u00e9lo instaur\u00e9 par le Conseil D\u00e9partemental. En voici toute la teneur de son texte.<\/strong><\/p>\n<p><em>BONJOUR \u00e0 celles et ceux qui prendront le temps de me lire, voire de me rencontrer.<\/em><br \/>\n<em>Vivre et construire ensemble G\u00e9rardmer\u2026 parce que tout commence ici aussi \u2026 Ne rentrons pas dans la banalisation et l\u2019opposition syst\u00e9matique du pour et du contre. L\u2019opinion est un droit, respectons-le, tout comme le droit de respecter l\u2019autre.<\/em><br \/>\n<em>Aujourd\u2019hui, nous sommes envahis d\u2019informations vraies, fausses, d\u2019un pseudo communication \u2026 Facebook \u2026 et du coup peu de monde autour d\u2019un caf\u00e9 dans un caf\u00e9 \u2026 rencontrons-nous, \u00e9coutons-nous, et voyons ce que nous pouvons faire ensemble. \u00catre \u00e9lu est aussi un choix, n\u00e9cessitant des connaissances, de l\u2019\u00e9coute, de la vision \u00e0 long terme, des actions, dire ce que l\u2019on fait, et faire ce que l\u2019on dit. Il est temps de redonner espoir et confiance aux citoyens. Pas besoin d\u2019attendre qu\u2019une partie de la population soit dans la rue.<\/em><br \/>\n<em>Je pense et je crois que la concertation citoyenne (avant m\u00eame que ce mouvement soit instaur\u00e9) au cours du mandat d\u2019\u00e9lu est n\u00e9cessaire, mais elle ne s\u2019arr\u00eate pas l\u00e0, celle-ci doit faire l\u2019objet d\u2019un retour d\u2019information des d\u00e9cisions et explications. N\u2019oublions pas non plus, qu\u2019il faut savoir accepter les d\u00e9cisions et ce qu\u2019elles apportent collectivement et non individuellement, accepter des concessions non pas financi\u00e8res mais une fa\u00e7on de vivre autrement.<\/em><br \/>\n<em>Le syst\u00e8me est devenu complexe, l\u00e9gislatif, budg\u00e9taire, mais aussi trop d\u2019int\u00e9r\u00eat individualiste d\u00e9fendu secr\u00e8tement, \u00e0 tous niveaux que ce soit. Il est temps de se r\u00e9veiller, f\u00e9d\u00e9rer \u00e0 nouveau que ce soit en entreprise, dans le secteur public, mais aussi au quotidien entre voisins par exemple. L\u2019aide sociale n\u00e9cessite aussi une contrepartie citoyenne, il faut en \u00eatre bien conscient, le tout est de trouver juste un \u00e9quilibre, lequel aidera aussi la personne aid\u00e9e \u00e0 \u00eatre reconnue.<\/em><br \/>\n<em>C\u2019est, je pense sur ces fondements que nous pourrons sortir de cet \u00e9tat d\u2019esprit actuel, je suis pour, je suis contre \u2026 Mais peut-\u00eatre que vous aussi pouvez en chacun de ce qui vous concerne faire quelque chose pour am\u00e9liorer le quotidien et le futur.<\/em><br \/>\n<em>Ici comme ailleurs nous devons pr\u00e9server un cadre de vie p\u00e9renne qui correspond \u00e0 la plus grande partie d\u2019entre nous. Ne laissons pas grandir notre ville \u00e0 l\u2019image des autres \u2026. Pour ce faire, nous pouvons d\u2019ores et d\u00e9j\u00e0 nous rassembler pour construire ensemble ce que sera demain, la route est longue et courte \u00e0 la fois. Nous devons avoir des vrais projets d\u2019avenir, une vision \u00e0 long terme, c\u2019est ensemble que nous sortirons de ce moment d\u00e9licat, et non les uns contre les autres.<\/em><br \/>\n<em>A l\u2019\u00e2ge de 25 ans, je cr\u00e9ai le Triathlon de G\u00e9rardmer, tout le monde doutait, personne ne croyait en mon projet, pourtant 6 ans apr\u00e8s il devient Coupe d\u2019Europe et actuellement c\u2019est une manifestation incontournable de renom.<\/em><br \/>\n<em>Aujourd\u2019hui je vous propose de cr\u00e9er avec moi VIVRE ET CONSTRUIRE ENSEMBLE GERARDMER, pour une ville nature, prosp\u00e8re, o\u00f9 il fait bon vivre au quotidien.<\/em><\/p>\n<p>Andr\u00e9 FRANCOIS Vivre et Construire Ensemble G\u00e9rardmer vcegerardmer@gmail.com<\/p>\n","protected":false},"excerpt":{"rendered":"<p>Sur la liste des prochains candidats qui se d\u00e9clareront aux municipales de 2020, le g\u00e9r\u00f4mois Andr\u00e9 Fran\u00e7ois est le 1er [&hellip;]<\/p>\n","protected":false},"author":1,"featured_media":41720,"comment_status":"open","ping_status":"open","sticky":false,"template":"","format":"standard","meta":{"footnotes":""},"categories":[20,10],"tags":[],"class_list":["post-41719","post","type-post","status-publish","format-standard","has-post-thumbnail","hentry","category-a-la-une","category-politique"],"acf":[],"yoast_head":"<!-- This site is optimized with the Yoast SEO plugin v22.5 - https:\/\/yoast.com\/wordpress\/plugins\/seo\/ -->\n<title>Municipales 2020 - Andr\u00e9 Fran\u00e7ois se d\u00e9voile - Gerardmer Info<\/title>\n<meta name=\"robots\" content=\"index, follow, max-snippet:-1, max-image-preview:large, max-video-preview:-1\" \/>\n<link rel=\"canonical\" href=\"https:\/\/vosgesinfo.fr\/gerardmerinfo\/2019\/05\/municipales-2020-andre-francois-se-devoile\/\" \/>\n<meta name=\"twitter:card\" content=\"summary_large_image\" \/>\n<meta name=\"twitter:title\" content=\"Municipales 2020 - Andr\u00e9 Fran\u00e7ois se d\u00e9voile - Gerardmer Info\" \/>\n<meta name=\"twitter:description\" content=\"Sur la liste des prochains candidats qui se d\u00e9clareront aux municipales de 2020, le g\u00e9r\u00f4mois Andr\u00e9 Fran\u00e7ois est le 1er [&hellip;]\" \/>\n<meta name=\"twitter:image\" content=\"https:\/\/vosgesinfo.fr\/app\/uploads\/sites\/6\/2024\/07\/201905andre-francois-vsg.jpg\" \/>\n<meta name=\"twitter:creator\" content=\"@VosgesInfo88\" \/>\n<meta name=\"twitter:site\" content=\"@VosgesInfo88\" \/>\n<meta name=\"twitter:label1\" content=\"\u00c9crit par\" \/>\n\t<meta name=\"twitter:data1\" content=\"qs_admin\" \/>\n\t<meta name=\"twitter:label2\" content=\"Dur\u00e9e de lecture estim\u00e9e\" \/>\n\t<meta name=\"twitter:data2\" content=\"3 minutes\" \/>\n<script type=\"application\/ld+json\" class=\"yoast-schema-graph\">{\"@context\":\"https:\/\/schema.org\",\"@graph\":[{\"@type\":\"Article\",\"@id\":\"https:\/\/vosgesinfo.fr\/gerardmerinfo\/2019\/05\/municipales-2020-andre-francois-se-devoile\/#article\",\"isPartOf\":{\"@id\":\"https:\/\/vosgesinfo.fr\/gerardmerinfo\/2019\/05\/municipales-2020-andre-francois-se-devoile\/\"},\"author\":{\"name\":\"qs_admin\",\"@id\":\"https:\/\/vosgesinfo.fr\/gerardmerinfo\/#\/schema\/person\/bc5d02d71e6932e81b6dadb7386667b1\"},\"headline\":\"Municipales 2020 &#8211; Andr\u00e9 Fran\u00e7ois se d\u00e9voile\",\"datePublished\":\"2019-05-21T14:16:39+00:00\",\"dateModified\":\"2019-05-21T14:16:39+00:00\",\"mainEntityOfPage\":{\"@id\":\"https:\/\/vosgesinfo.fr\/gerardmerinfo\/2019\/05\/municipales-2020-andre-francois-se-devoile\/\"},\"wordCount\":613,\"commentCount\":0,\"publisher\":{\"@id\":\"https:\/\/vosgesinfo.fr\/gerardmerinfo\/#organization\"},\"image\":{\"@id\":\"https:\/\/vosgesinfo.fr\/gerardmerinfo\/2019\/05\/municipales-2020-andre-francois-se-devoile\/#primaryimage\"},\"thumbnailUrl\":\"https:\/\/vosgesinfo.fr\/app\/uploads\/sites\/6\/2024\/07\/201905andre-francois-vsg.jpg\",\"articleSection\":[\"A la une\",\"Politique\"],\"inLanguage\":\"fr-FR\",\"potentialAction\":[{\"@type\":\"CommentAction\",\"name\":\"Comment\",\"target\":[\"https:\/\/vosgesinfo.fr\/gerardmerinfo\/2019\/05\/municipales-2020-andre-francois-se-devoile\/#respond\"]}]},{\"@type\":\"WebPage\",\"@id\":\"https:\/\/vosgesinfo.fr\/gerardmerinfo\/2019\/05\/municipales-2020-andre-francois-se-devoile\/\",\"url\":\"https:\/\/vosgesinfo.fr\/gerardmerinfo\/2019\/05\/municipales-2020-andre-francois-se-devoile\/\",\"name\":\"Municipales 2020 - Andr\u00e9 Fran\u00e7ois se d\u00e9voile - Gerardmer Info\",\"isPartOf\":{\"@id\":\"https:\/\/vosgesinfo.fr\/gerardmerinfo\/#website\"},\"primaryImageOfPage\":{\"@id\":\"https:\/\/vosgesinfo.fr\/gerardmerinfo\/2019\/05\/municipales-2020-andre-francois-se-devoile\/#primaryimage\"},\"image\":{\"@id\":\"https:\/\/vosgesinfo.fr\/gerardmerinfo\/2019\/05\/municipales-2020-andre-francois-se-devoile\/#primaryimage\"},\"thumbnailUrl\":\"https:\/\/vosgesinfo.fr\/app\/uploads\/sites\/6\/2024\/07\/201905andre-francois-vsg.jpg\",\"datePublished\":\"2019-05-21T14:16:39+00:00\",\"dateModified\":\"2019-05-21T14:16:39+00:00\",\"breadcrumb\":{\"@id\":\"https:\/\/vosgesinfo.fr\/gerardmerinfo\/2019\/05\/municipales-2020-andre-francois-se-devoile\/#breadcrumb\"},\"inLanguage\":\"fr-FR\",\"potentialAction\":[{\"@type\":\"ReadAction\",\"target\":[\"https:\/\/vosgesinfo.fr\/gerardmerinfo\/2019\/05\/municipales-2020-andre-francois-se-devoile\/\"]}]},{\"@type\":\"ImageObject\",\"inLanguage\":\"fr-FR\",\"@id\":\"https:\/\/vosgesinfo.fr\/gerardmerinfo\/2019\/05\/municipales-2020-andre-francois-se-devoile\/#primaryimage\",\"url\":\"https:\/\/vosgesinfo.fr\/app\/uploads\/sites\/6\/2024\/07\/201905andre-francois-vsg.jpg\",\"contentUrl\":\"https:\/\/vosgesinfo.fr\/app\/uploads\/sites\/6\/2024\/07\/201905andre-francois-vsg.jpg\",\"width\":512,\"height\":800},{\"@type\":\"BreadcrumbList\",\"@id\":\"https:\/\/vosgesinfo.fr\/gerardmerinfo\/2019\/05\/municipales-2020-andre-francois-se-devoile\/#breadcrumb\",\"itemListElement\":[{\"@type\":\"ListItem\",\"position\":1,\"name\":\"Home\",\"item\":\"https:\/\/vosgesinfo.fr\/gerardmerinfo\/\"},{\"@type\":\"ListItem\",\"position\":2,\"name\":\"Municipales 2020 &#8211; Andr\u00e9 Fran\u00e7ois se d\u00e9voile\"}]},{\"@type\":\"WebSite\",\"@id\":\"https:\/\/vosgesinfo.fr\/gerardmerinfo\/#website\",\"url\":\"https:\/\/vosgesinfo.fr\/gerardmerinfo\/\",\"name\":\"Gerardmer Info\",\"description\":\"Toute l&#039;actualit\u00e9 de G\u00e9rardmer\",\"publisher\":{\"@id\":\"https:\/\/vosgesinfo.fr\/gerardmerinfo\/#organization\"},\"alternateName\":\"Toute l'actualit\u00e9 de G\u00e9rardmer\",\"potentialAction\":[{\"@type\":\"SearchAction\",\"target\":{\"@type\":\"EntryPoint\",\"urlTemplate\":\"https:\/\/vosgesinfo.fr\/gerardmerinfo\/?s={search_term_string}\"},\"query-input\":\"required name=search_term_string\"}],\"inLanguage\":\"fr-FR\"},{\"@type\":\"Organization\",\"@id\":\"https:\/\/vosgesinfo.fr\/gerardmerinfo\/#organization\",\"name\":\"Gerardmer Info\",\"url\":\"https:\/\/vosgesinfo.fr\/gerardmerinfo\/\",\"logo\":{\"@type\":\"ImageObject\",\"inLanguage\":\"fr-FR\",\"@id\":\"https:\/\/vosgesinfo.fr\/gerardmerinfo\/#\/schema\/logo\/image\/\",\"url\":\"https:\/\/vosgesinfo.fr\/app\/uploads\/sites\/6\/2023\/08\/favicon-gerardmerinfo.png\",\"contentUrl\":\"https:\/\/vosgesinfo.fr\/app\/uploads\/sites\/6\/2023\/08\/favicon-gerardmerinfo.png\",\"width\":512,\"height\":512,\"caption\":\"Gerardmer Info\"},\"image\":{\"@id\":\"https:\/\/vosgesinfo.fr\/gerardmerinfo\/#\/schema\/logo\/image\/\"},\"sameAs\":[\"https:\/\/www.facebook.com\/profile.php?id=100049475262660\",\"https:\/\/x.com\/VosgesInfo88\",\"https:\/\/www.youtube.com\/@vosgesinfo\"]},{\"@type\":\"Person\",\"@id\":\"https:\/\/vosgesinfo.fr\/gerardmerinfo\/#\/schema\/person\/bc5d02d71e6932e81b6dadb7386667b1\",\"name\":\"qs_admin\",\"image\":{\"@type\":\"ImageObject\",\"inLanguage\":\"fr-FR\",\"@id\":\"https:\/\/vosgesinfo.fr\/gerardmerinfo\/#\/schema\/person\/image\/\",\"url\":\"https:\/\/secure.gravatar.com\/avatar\/94b18ee0ed79e4a42ea2f2931277b6841a8999fc6fde214600c78057cf1fe1de?s=96&d=mm&r=g\",\"contentUrl\":\"https:\/\/secure.gravatar.com\/avatar\/94b18ee0ed79e4a42ea2f2931277b6841a8999fc6fde214600c78057cf1fe1de?s=96&d=mm&r=g\",\"caption\":\"qs_admin\"},\"sameAs\":[\"https:\/\/vosgesinfo.fr\/wp\"],\"url\":\"https:\/\/vosgesinfo.fr\/gerardmerinfo\/author\/qs_admin\/\"}]}<\/script>\n<!-- \/ Yoast SEO plugin. -->","yoast_head_json":{"title":"Municipales 2020 - Andr\u00e9 Fran\u00e7ois se d\u00e9voile - Gerardmer Info","robots":{"index":"index","follow":"follow","max-snippet":"max-snippet:-1","max-image-preview":"max-image-preview:large","max-video-preview":"max-video-preview:-1"},"canonical":"https:\/\/vosgesinfo.fr\/gerardmerinfo\/2019\/05\/municipales-2020-andre-francois-se-devoile\/","twitter_card":"summary_large_image","twitter_title":"Municipales 2020 - Andr\u00e9 Fran\u00e7ois se d\u00e9voile - Gerardmer Info","twitter_description":"Sur la liste des prochains candidats qui se d\u00e9clareront aux municipales de 2020, le g\u00e9r\u00f4mois Andr\u00e9 Fran\u00e7ois est le 1er [&hellip;]","twitter_image":"https:\/\/vosgesinfo.fr\/app\/uploads\/sites\/6\/2024\/07\/201905andre-francois-vsg.jpg","twitter_creator":"@VosgesInfo88","twitter_site":"@VosgesInfo88","twitter_misc":{"\u00c9crit par":"qs_admin","Dur\u00e9e de lecture estim\u00e9e":"3 minutes"},"schema":{"@context":"https:\/\/schema.org","@graph":[{"@type":"Article","@id":"https:\/\/vosgesinfo.fr\/gerardmerinfo\/2019\/05\/municipales-2020-andre-francois-se-devoile\/#article","isPartOf":{"@id":"https:\/\/vosgesinfo.fr\/gerardmerinfo\/2019\/05\/municipales-2020-andre-francois-se-devoile\/"},"author":{"name":"qs_admin","@id":"https:\/\/vosgesinfo.fr\/gerardmerinfo\/#\/schema\/person\/bc5d02d71e6932e81b6dadb7386667b1"},"headline":"Municipales 2020 &#8211; Andr\u00e9 Fran\u00e7ois se d\u00e9voile","datePublished":"2019-05-21T14:16:39+00:00","dateModified":"2019-05-21T14:16:39+00:00","mainEntityOfPage":{"@id":"https:\/\/vosgesinfo.fr\/gerardmerinfo\/2019\/05\/municipales-2020-andre-francois-se-devoile\/"},"wordCount":613,"commentCount":0,"publisher":{"@id":"https:\/\/vosgesinfo.fr\/gerardmerinfo\/#organization"},"image":{"@id":"https:\/\/vosgesinfo.fr\/gerardmerinfo\/2019\/05\/municipales-2020-andre-francois-se-devoile\/#primaryimage"},"thumbnailUrl":"https:\/\/vosgesinfo.fr\/app\/uploads\/sites\/6\/2024\/07\/201905andre-francois-vsg.jpg","articleSection":["A la une","Politique"],"inLanguage":"fr-FR","potentialAction":[{"@type":"CommentAction","name":"Comment","target":["https:\/\/vosgesinfo.fr\/gerardmerinfo\/2019\/05\/municipales-2020-andre-francois-se-devoile\/#respond"]}]},{"@type":"WebPage","@id":"https:\/\/vosgesinfo.fr\/gerardmerinfo\/2019\/05\/municipales-2020-andre-francois-se-devoile\/","url":"https:\/\/vosgesinfo.fr\/gerardmerinfo\/2019\/05\/municipales-2020-andre-francois-se-devoile\/","name":"Municipales 2020 - Andr\u00e9 Fran\u00e7ois se d\u00e9voile - Gerardmer Info","isPartOf":{"@id":"https:\/\/vosgesinfo.fr\/gerardmerinfo\/#website"},"primaryImageOfPage":{"@id":"https:\/\/vosgesinfo.fr\/gerardmerinfo\/2019\/05\/municipales-2020-andre-francois-se-devoile\/#primaryimage"},"image":{"@id":"https:\/\/vosgesinfo.fr\/gerardmerinfo\/2019\/05\/municipales-2020-andre-francois-se-devoile\/#primaryimage"},"thumbnailUrl":"https:\/\/vosgesinfo.fr\/app\/uploads\/sites\/6\/2024\/07\/201905andre-francois-vsg.jpg","datePublished":"2019-05-21T14:16:39+00:00","dateModified":"2019-05-21T14:16:39+00:00","breadcrumb":{"@id":"https:\/\/vosgesinfo.fr\/gerardmerinfo\/2019\/05\/municipales-2020-andre-francois-se-devoile\/#breadcrumb"},"inLanguage":"fr-FR","potentialAction":[{"@type":"ReadAction","target":["https:\/\/vosgesinfo.fr\/gerardmerinfo\/2019\/05\/municipales-2020-andre-francois-se-devoile\/"]}]},{"@type":"ImageObject","inLanguage":"fr-FR","@id":"https:\/\/vosgesinfo.fr\/gerardmerinfo\/2019\/05\/municipales-2020-andre-francois-se-devoile\/#primaryimage","url":"https:\/\/vosgesinfo.fr\/app\/uploads\/sites\/6\/2024\/07\/201905andre-francois-vsg.jpg","contentUrl":"https:\/\/vosgesinfo.fr\/app\/uploads\/sites\/6\/2024\/07\/201905andre-francois-vsg.jpg","width":512,"height":800},{"@type":"BreadcrumbList","@id":"https:\/\/vosgesinfo.fr\/gerardmerinfo\/2019\/05\/municipales-2020-andre-francois-se-devoile\/#breadcrumb","itemListElement":[{"@type":"ListItem","position":1,"name":"Home","item":"https:\/\/vosgesinfo.fr\/gerardmerinfo\/"},{"@type":"ListItem","position":2,"name":"Municipales 2020 &#8211; Andr\u00e9 Fran\u00e7ois se d\u00e9voile"}]},{"@type":"WebSite","@id":"https:\/\/vosgesinfo.fr\/gerardmerinfo\/#website","url":"https:\/\/vosgesinfo.fr\/gerardmerinfo\/","name":"Gerardmer Info","description":"Toute l&#039;actualit\u00e9 de G\u00e9rardmer","publisher":{"@id":"https:\/\/vosgesinfo.fr\/gerardmerinfo\/#organization"},"alternateName":"Toute l'actualit\u00e9 de G\u00e9rardmer","potentialAction":[{"@type":"SearchAction","target":{"@type":"EntryPoint","urlTemplate":"https:\/\/vosgesinfo.fr\/gerardmerinfo\/?s={search_term_string}"},"query-input":"required name=search_term_string"}],"inLanguage":"fr-FR"},{"@type":"Organization","@id":"https:\/\/vosgesinfo.fr\/gerardmerinfo\/#organization","name":"Gerardmer Info","url":"https:\/\/vosgesinfo.fr\/gerardmerinfo\/","logo":{"@type":"ImageObject","inLanguage":"fr-FR","@id":"https:\/\/vosgesinfo.fr\/gerardmerinfo\/#\/schema\/logo\/image\/","url":"https:\/\/vosgesinfo.fr\/app\/uploads\/sites\/6\/2023\/08\/favicon-gerardmerinfo.png","contentUrl":"https:\/\/vosgesinfo.fr\/app\/uploads\/sites\/6\/2023\/08\/favicon-gerardmerinfo.png","width":512,"height":512,"caption":"Gerardmer Info"},"image":{"@id":"https:\/\/vosgesinfo.fr\/gerardmerinfo\/#\/schema\/logo\/image\/"},"sameAs":["https:\/\/www.facebook.com\/profile.php?id=100049475262660","https:\/\/x.com\/VosgesInfo88","https:\/\/www.youtube.com\/@vosgesinfo"]},{"@type":"Person","@id":"https:\/\/vosgesinfo.fr\/gerardmerinfo\/#\/schema\/person\/bc5d02d71e6932e81b6dadb7386667b1","name":"qs_admin","image":{"@type":"ImageObject","inLanguage":"fr-FR","@id":"https:\/\/vosgesinfo.fr\/gerardmerinfo\/#\/schema\/person\/image\/","url":"https:\/\/secure.gravatar.com\/avatar\/94b18ee0ed79e4a42ea2f2931277b6841a8999fc6fde214600c78057cf1fe1de?s=96&d=mm&r=g","contentUrl":"https:\/\/secure.gravatar.com\/avatar\/94b18ee0ed79e4a42ea2f2931277b6841a8999fc6fde214600c78057cf1fe1de?s=96&d=mm&r=g","caption":"qs_admin"},"sameAs":["https:\/\/vosgesinfo.fr\/wp"],"url":"https:\/\/vosgesinfo.fr\/gerardmerinfo\/author\/qs_admin\/"}]}},"_links":{"self":[{"href":"https:\/\/vosgesinfo.fr\/gerardmerinfo\/wp-json\/wp\/v2\/posts\/41719","targetHints":{"allow":["GET"]}}],"collection":[{"href":"https:\/\/vosgesinfo.fr\/gerardmerinfo\/wp-json\/wp\/v2\/posts"}],"about":[{"href":"https:\/\/vosgesinfo.fr\/gerardmerinfo\/wp-json\/wp\/v2\/types\/post"}],"author":[{"embeddable":true,"href":"https:\/\/vosgesinfo.fr\/gerardmerinfo\/wp-json\/wp\/v2\/users\/1"}],"replies":[{"embeddable":true,"href":"https:\/\/vosgesinfo.fr\/gerardmerinfo\/wp-json\/wp\/v2\/comments?post=41719"}],"version-history":[{"count":0,"href":"https:\/\/vosgesinfo.fr\/gerardmerinfo\/wp-json\/wp\/v2\/posts\/41719\/revisions"}],"wp:featuredmedia":[{"embeddable":true,"href":"https:\/\/vosgesinfo.fr\/gerardmerinfo\/wp-json\/wp\/v2\/media\/41720"}],"wp:attachment":[{"href":"https:\/\/vosgesinfo.fr\/gerardmerinfo\/wp-json\/wp\/v2\/media?parent=41719"}],"wp:term":[{"taxonomy":"category","embeddable":true,"href":"https:\/\/vosgesinfo.fr\/gerardmerinfo\/wp-json\/wp\/v2\/categories?post=41719"},{"taxonomy":"post_tag","embeddable":true,"href":"https:\/\/vosgesinfo.fr\/gerardmerinfo\/wp-json\/wp\/v2\/tags?post=41719"}],"curies":[{"name":"wp","href":"https:\/\/api.w.org\/{rel}","templated":true}]}}