{"id":41725,"date":"2019-05-22T16:51:41","date_gmt":"2019-05-22T14:51:41","guid":{"rendered":"https:\/\/vosgesinfo.fr\/gerardmerinfo\/2019\/05\/basket-route-coupe-vosges-week-end\/"},"modified":"2019-05-22T16:51:41","modified_gmt":"2019-05-22T14:51:41","slug":"basket-route-coupe-vosges-week-end","status":"publish","type":"post","link":"https:\/\/vosgesinfo.fr\/gerardmerinfo\/2019\/05\/basket-route-coupe-vosges-week-end\/","title":{"rendered":"Basket : en route pour la Coupe des Vosges ce week-end !"},"content":{"rendered":"<p dir=\"ltr\"><a href=\"\/2019\/05\/ctc-U15-filles-Vandoeuvre-2.jpg\"><img decoding=\"async\" class=\"aligncenter wp-image-146069\" src=\"\/2019\/05\/ctc-U15-filles-Vandoeuvre-2.jpg\" alt=\"ctc U15 filles Vandoeuvre (2)\" width=\"500\" height=\"337\" \/><\/a><\/p>\n<p dir=\"ltr\">Ce samedi 25 mai se d\u00e9roulera la Coupe des Vosges de basket \u00e0 la salle Omnisports de St Di\u00e9. Parmi les finalistes, les U15 filles de la CTC DES Hautes Vosges affronteront l&rsquo;\u00e9quipe de l&rsquo;EBA ( \u00c9pinal et ses agglom\u00e9rations). Venez nombreux pour les encourager. Elles ont besoin de vous !!!<\/p>\n<p dir=\"ltr\" style=\"text-align: center;\"><b><i>Le programme de la journ\u00e9e <\/i><\/b>:<\/p>\n<p dir=\"ltr\"><b><i>Finales Coupes des Vosges<\/i><\/b><\/p>\n<p dir=\"ltr\">Samedi 25 mai 2019 \u00e0 Saint Di\u00e9 \u00e0 partir de 11H00<\/p>\n<p dir=\"ltr\">11H00 : Finale U13 Filles (Salle 2) :\u00a0 Granges \/ Corcieux<\/p>\n<p dir=\"ltr\">11H00 : Finale U13 Gar\u00e7ons (Salle 1) : Saint Die \/ T\u00e9tras Vosges Basket<\/p>\n<p dir=\"ltr\"><b><i>14H00 : Finale U15 Filles (Salle 2) : CTC Hautes Vosges \/ CTC \u00c9pinal Basket Agglom\u00e9ration<\/i><\/b><\/p>\n<p dir=\"ltr\">14H00 : Finale U15 Gar\u00e7ons (Salle 1) : EB Remiremont Le Thillot \/ CTC \u00c9pinal Basket Agglom\u00e9ration<\/p>\n<p dir=\"ltr\">17H00 : Finale U17 Masculins (Salle 2) : BC Thermal \/ CTC \u00c9pinal Basket Agglom\u00e9ration<\/p>\n<p dir=\"ltr\">17H00 : Finale Seniors F\u00e9minines (Salle 1) : BC Thermal \/ Gironcourt<\/p>\n<p dir=\"ltr\">20H00 : Finale U18 F\u00e9minines (Salle 2) : BC Thermal \/ Le Val d\u2019Ajol<\/p>\n<p dir=\"ltr\">20H00 : Finale Seniors masculins (Salle 1) : Gironcourt \/ BC Thermal 1<\/p>\n","protected":false},"excerpt":{"rendered":"<p>Ce samedi 25 mai se d\u00e9roulera la Coupe des Vosges de basket \u00e0 la salle Omnisports de St Di\u00e9. Parmi [&hellip;]<\/p>\n","protected":false},"author":1,"featured_media":41726,"comment_status":"open","ping_status":"open","sticky":false,"template":"","format":"standard","meta":{"footnotes":""},"categories":[20,14,18],"tags":[3435],"class_list":["post-41725","post","type-post","status-publish","format-standard","has-post-thumbnail","hentry","category-a-la-une","category-sport","category-vosges","tag-ctc-des-hautes-vosges"],"acf":[],"yoast_head":"<!-- This site is optimized with the Yoast SEO plugin v22.5 - https:\/\/yoast.com\/wordpress\/plugins\/seo\/ -->\n<title>Basket : en route pour la Coupe des Vosges ce week-end ! - Gerardmer Info<\/title>\n<meta name=\"robots\" content=\"index, follow, max-snippet:-1, max-image-preview:large, max-video-preview:-1\" \/>\n<link rel=\"canonical\" href=\"https:\/\/vosgesinfo.fr\/gerardmerinfo\/2019\/05\/basket-route-coupe-vosges-week-end\/\" \/>\n<meta name=\"twitter:card\" content=\"summary_large_image\" \/>\n<meta name=\"twitter:title\" content=\"Basket : en route pour la Coupe des Vosges ce week-end ! - Gerardmer Info\" \/>\n<meta name=\"twitter:description\" content=\"Ce samedi 25 mai se d\u00e9roulera la Coupe des Vosges de basket \u00e0 la salle Omnisports de St Di\u00e9. Parmi [&hellip;]\" \/>\n<meta name=\"twitter:image\" content=\"https:\/\/vosgesinfo.fr\/app\/uploads\/sites\/6\/2024\/07\/201905ctc-u15-filles-vandoeuvre-2-1.jpg\" \/>\n<meta name=\"twitter:creator\" content=\"@VosgesInfo88\" \/>\n<meta name=\"twitter:site\" content=\"@VosgesInfo88\" \/>\n<meta name=\"twitter:label1\" content=\"\u00c9crit par\" \/>\n\t<meta name=\"twitter:data1\" content=\"qs_admin\" \/>\n\t<meta name=\"twitter:label2\" content=\"Dur\u00e9e de lecture estim\u00e9e\" \/>\n\t<meta name=\"twitter:data2\" content=\"1 minute\" \/>\n<script type=\"application\/ld+json\" class=\"yoast-schema-graph\">{\"@context\":\"https:\/\/schema.org\",\"@graph\":[{\"@type\":\"Article\",\"@id\":\"https:\/\/vosgesinfo.fr\/gerardmerinfo\/2019\/05\/basket-route-coupe-vosges-week-end\/#article\",\"isPartOf\":{\"@id\":\"https:\/\/vosgesinfo.fr\/gerardmerinfo\/2019\/05\/basket-route-coupe-vosges-week-end\/\"},\"author\":{\"name\":\"qs_admin\",\"@id\":\"https:\/\/vosgesinfo.fr\/gerardmerinfo\/#\/schema\/person\/bc5d02d71e6932e81b6dadb7386667b1\"},\"headline\":\"Basket : en route pour la Coupe des Vosges ce week-end !\",\"datePublished\":\"2019-05-22T14:51:41+00:00\",\"dateModified\":\"2019-05-22T14:51:41+00:00\",\"mainEntityOfPage\":{\"@id\":\"https:\/\/vosgesinfo.fr\/gerardmerinfo\/2019\/05\/basket-route-coupe-vosges-week-end\/\"},\"wordCount\":166,\"commentCount\":0,\"publisher\":{\"@id\":\"https:\/\/vosgesinfo.fr\/gerardmerinfo\/#organization\"},\"image\":{\"@id\":\"https:\/\/vosgesinfo.fr\/gerardmerinfo\/2019\/05\/basket-route-coupe-vosges-week-end\/#primaryimage\"},\"thumbnailUrl\":\"https:\/\/vosgesinfo.fr\/app\/uploads\/sites\/6\/2024\/07\/201905ctc-u15-filles-vandoeuvre-2-1.jpg\",\"keywords\":[\"ctc des hautes vosges\"],\"articleSection\":[\"A la une\",\"Sport\",\"Vosges\"],\"inLanguage\":\"fr-FR\",\"potentialAction\":[{\"@type\":\"CommentAction\",\"name\":\"Comment\",\"target\":[\"https:\/\/vosgesinfo.fr\/gerardmerinfo\/2019\/05\/basket-route-coupe-vosges-week-end\/#respond\"]}]},{\"@type\":\"WebPage\",\"@id\":\"https:\/\/vosgesinfo.fr\/gerardmerinfo\/2019\/05\/basket-route-coupe-vosges-week-end\/\",\"url\":\"https:\/\/vosgesinfo.fr\/gerardmerinfo\/2019\/05\/basket-route-coupe-vosges-week-end\/\",\"name\":\"Basket : en route pour la Coupe des Vosges ce week-end ! - Gerardmer Info\",\"isPartOf\":{\"@id\":\"https:\/\/vosgesinfo.fr\/gerardmerinfo\/#website\"},\"primaryImageOfPage\":{\"@id\":\"https:\/\/vosgesinfo.fr\/gerardmerinfo\/2019\/05\/basket-route-coupe-vosges-week-end\/#primaryimage\"},\"image\":{\"@id\":\"https:\/\/vosgesinfo.fr\/gerardmerinfo\/2019\/05\/basket-route-coupe-vosges-week-end\/#primaryimage\"},\"thumbnailUrl\":\"https:\/\/vosgesinfo.fr\/app\/uploads\/sites\/6\/2024\/07\/201905ctc-u15-filles-vandoeuvre-2-1.jpg\",\"datePublished\":\"2019-05-22T14:51:41+00:00\",\"dateModified\":\"2019-05-22T14:51:41+00:00\",\"breadcrumb\":{\"@id\":\"https:\/\/vosgesinfo.fr\/gerardmerinfo\/2019\/05\/basket-route-coupe-vosges-week-end\/#breadcrumb\"},\"inLanguage\":\"fr-FR\",\"potentialAction\":[{\"@type\":\"ReadAction\",\"target\":[\"https:\/\/vosgesinfo.fr\/gerardmerinfo\/2019\/05\/basket-route-coupe-vosges-week-end\/\"]}]},{\"@type\":\"ImageObject\",\"inLanguage\":\"fr-FR\",\"@id\":\"https:\/\/vosgesinfo.fr\/gerardmerinfo\/2019\/05\/basket-route-coupe-vosges-week-end\/#primaryimage\",\"url\":\"https:\/\/vosgesinfo.fr\/app\/uploads\/sites\/6\/2024\/07\/201905ctc-u15-filles-vandoeuvre-2-1.jpg\",\"contentUrl\":\"https:\/\/vosgesinfo.fr\/app\/uploads\/sites\/6\/2024\/07\/201905ctc-u15-filles-vandoeuvre-2-1.jpg\",\"width\":800,\"height\":539},{\"@type\":\"BreadcrumbList\",\"@id\":\"https:\/\/vosgesinfo.fr\/gerardmerinfo\/2019\/05\/basket-route-coupe-vosges-week-end\/#breadcrumb\",\"itemListElement\":[{\"@type\":\"ListItem\",\"position\":1,\"name\":\"Home\",\"item\":\"https:\/\/vosgesinfo.fr\/gerardmerinfo\/\"},{\"@type\":\"ListItem\",\"position\":2,\"name\":\"Basket : en route pour la Coupe des Vosges ce week-end !\"}]},{\"@type\":\"WebSite\",\"@id\":\"https:\/\/vosgesinfo.fr\/gerardmerinfo\/#website\",\"url\":\"https:\/\/vosgesinfo.fr\/gerardmerinfo\/\",\"name\":\"Gerardmer Info\",\"description\":\"Toute l&#039;actualit\u00e9 de G\u00e9rardmer\",\"publisher\":{\"@id\":\"https:\/\/vosgesinfo.fr\/gerardmerinfo\/#organization\"},\"alternateName\":\"Toute l'actualit\u00e9 de G\u00e9rardmer\",\"potentialAction\":[{\"@type\":\"SearchAction\",\"target\":{\"@type\":\"EntryPoint\",\"urlTemplate\":\"https:\/\/vosgesinfo.fr\/gerardmerinfo\/?s={search_term_string}\"},\"query-input\":\"required name=search_term_string\"}],\"inLanguage\":\"fr-FR\"},{\"@type\":\"Organization\",\"@id\":\"https:\/\/vosgesinfo.fr\/gerardmerinfo\/#organization\",\"name\":\"Gerardmer Info\",\"url\":\"https:\/\/vosgesinfo.fr\/gerardmerinfo\/\",\"logo\":{\"@type\":\"ImageObject\",\"inLanguage\":\"fr-FR\",\"@id\":\"https:\/\/vosgesinfo.fr\/gerardmerinfo\/#\/schema\/logo\/image\/\",\"url\":\"https:\/\/vosgesinfo.fr\/app\/uploads\/sites\/6\/2023\/08\/favicon-gerardmerinfo.png\",\"contentUrl\":\"https:\/\/vosgesinfo.fr\/app\/uploads\/sites\/6\/2023\/08\/favicon-gerardmerinfo.png\",\"width\":512,\"height\":512,\"caption\":\"Gerardmer Info\"},\"image\":{\"@id\":\"https:\/\/vosgesinfo.fr\/gerardmerinfo\/#\/schema\/logo\/image\/\"},\"sameAs\":[\"https:\/\/www.facebook.com\/profile.php?id=100049475262660\",\"https:\/\/x.com\/VosgesInfo88\",\"https:\/\/www.youtube.com\/@vosgesinfo\"]},{\"@type\":\"Person\",\"@id\":\"https:\/\/vosgesinfo.fr\/gerardmerinfo\/#\/schema\/person\/bc5d02d71e6932e81b6dadb7386667b1\",\"name\":\"qs_admin\",\"image\":{\"@type\":\"ImageObject\",\"inLanguage\":\"fr-FR\",\"@id\":\"https:\/\/vosgesinfo.fr\/gerardmerinfo\/#\/schema\/person\/image\/\",\"url\":\"https:\/\/secure.gravatar.com\/avatar\/94b18ee0ed79e4a42ea2f2931277b6841a8999fc6fde214600c78057cf1fe1de?s=96&d=mm&r=g\",\"contentUrl\":\"https:\/\/secure.gravatar.com\/avatar\/94b18ee0ed79e4a42ea2f2931277b6841a8999fc6fde214600c78057cf1fe1de?s=96&d=mm&r=g\",\"caption\":\"qs_admin\"},\"sameAs\":[\"https:\/\/vosgesinfo.fr\/wp\"],\"url\":\"https:\/\/vosgesinfo.fr\/gerardmerinfo\/author\/qs_admin\/\"}]}<\/script>\n<!-- \/ Yoast SEO plugin. -->","yoast_head_json":{"title":"Basket : en route pour la Coupe des Vosges ce week-end ! - Gerardmer Info","robots":{"index":"index","follow":"follow","max-snippet":"max-snippet:-1","max-image-preview":"max-image-preview:large","max-video-preview":"max-video-preview:-1"},"canonical":"https:\/\/vosgesinfo.fr\/gerardmerinfo\/2019\/05\/basket-route-coupe-vosges-week-end\/","twitter_card":"summary_large_image","twitter_title":"Basket : en route pour la Coupe des Vosges ce week-end ! - Gerardmer Info","twitter_description":"Ce samedi 25 mai se d\u00e9roulera la Coupe des Vosges de basket \u00e0 la salle Omnisports de St Di\u00e9. Parmi [&hellip;]","twitter_image":"https:\/\/vosgesinfo.fr\/app\/uploads\/sites\/6\/2024\/07\/201905ctc-u15-filles-vandoeuvre-2-1.jpg","twitter_creator":"@VosgesInfo88","twitter_site":"@VosgesInfo88","twitter_misc":{"\u00c9crit par":"qs_admin","Dur\u00e9e de lecture estim\u00e9e":"1 minute"},"schema":{"@context":"https:\/\/schema.org","@graph":[{"@type":"Article","@id":"https:\/\/vosgesinfo.fr\/gerardmerinfo\/2019\/05\/basket-route-coupe-vosges-week-end\/#article","isPartOf":{"@id":"https:\/\/vosgesinfo.fr\/gerardmerinfo\/2019\/05\/basket-route-coupe-vosges-week-end\/"},"author":{"name":"qs_admin","@id":"https:\/\/vosgesinfo.fr\/gerardmerinfo\/#\/schema\/person\/bc5d02d71e6932e81b6dadb7386667b1"},"headline":"Basket : en route pour la Coupe des Vosges ce week-end !","datePublished":"2019-05-22T14:51:41+00:00","dateModified":"2019-05-22T14:51:41+00:00","mainEntityOfPage":{"@id":"https:\/\/vosgesinfo.fr\/gerardmerinfo\/2019\/05\/basket-route-coupe-vosges-week-end\/"},"wordCount":166,"commentCount":0,"publisher":{"@id":"https:\/\/vosgesinfo.fr\/gerardmerinfo\/#organization"},"image":{"@id":"https:\/\/vosgesinfo.fr\/gerardmerinfo\/2019\/05\/basket-route-coupe-vosges-week-end\/#primaryimage"},"thumbnailUrl":"https:\/\/vosgesinfo.fr\/app\/uploads\/sites\/6\/2024\/07\/201905ctc-u15-filles-vandoeuvre-2-1.jpg","keywords":["ctc des hautes vosges"],"articleSection":["A la une","Sport","Vosges"],"inLanguage":"fr-FR","potentialAction":[{"@type":"CommentAction","name":"Comment","target":["https:\/\/vosgesinfo.fr\/gerardmerinfo\/2019\/05\/basket-route-coupe-vosges-week-end\/#respond"]}]},{"@type":"WebPage","@id":"https:\/\/vosgesinfo.fr\/gerardmerinfo\/2019\/05\/basket-route-coupe-vosges-week-end\/","url":"https:\/\/vosgesinfo.fr\/gerardmerinfo\/2019\/05\/basket-route-coupe-vosges-week-end\/","name":"Basket : en route pour la Coupe des Vosges ce week-end ! - Gerardmer Info","isPartOf":{"@id":"https:\/\/vosgesinfo.fr\/gerardmerinfo\/#website"},"primaryImageOfPage":{"@id":"https:\/\/vosgesinfo.fr\/gerardmerinfo\/2019\/05\/basket-route-coupe-vosges-week-end\/#primaryimage"},"image":{"@id":"https:\/\/vosgesinfo.fr\/gerardmerinfo\/2019\/05\/basket-route-coupe-vosges-week-end\/#primaryimage"},"thumbnailUrl":"https:\/\/vosgesinfo.fr\/app\/uploads\/sites\/6\/2024\/07\/201905ctc-u15-filles-vandoeuvre-2-1.jpg","datePublished":"2019-05-22T14:51:41+00:00","dateModified":"2019-05-22T14:51:41+00:00","breadcrumb":{"@id":"https:\/\/vosgesinfo.fr\/gerardmerinfo\/2019\/05\/basket-route-coupe-vosges-week-end\/#breadcrumb"},"inLanguage":"fr-FR","potentialAction":[{"@type":"ReadAction","target":["https:\/\/vosgesinfo.fr\/gerardmerinfo\/2019\/05\/basket-route-coupe-vosges-week-end\/"]}]},{"@type":"ImageObject","inLanguage":"fr-FR","@id":"https:\/\/vosgesinfo.fr\/gerardmerinfo\/2019\/05\/basket-route-coupe-vosges-week-end\/#primaryimage","url":"https:\/\/vosgesinfo.fr\/app\/uploads\/sites\/6\/2024\/07\/201905ctc-u15-filles-vandoeuvre-2-1.jpg","contentUrl":"https:\/\/vosgesinfo.fr\/app\/uploads\/sites\/6\/2024\/07\/201905ctc-u15-filles-vandoeuvre-2-1.jpg","width":800,"height":539},{"@type":"BreadcrumbList","@id":"https:\/\/vosgesinfo.fr\/gerardmerinfo\/2019\/05\/basket-route-coupe-vosges-week-end\/#breadcrumb","itemListElement":[{"@type":"ListItem","position":1,"name":"Home","item":"https:\/\/vosgesinfo.fr\/gerardmerinfo\/"},{"@type":"ListItem","position":2,"name":"Basket : en route pour la Coupe des Vosges ce week-end !"}]},{"@type":"WebSite","@id":"https:\/\/vosgesinfo.fr\/gerardmerinfo\/#website","url":"https:\/\/vosgesinfo.fr\/gerardmerinfo\/","name":"Gerardmer Info","description":"Toute l&#039;actualit\u00e9 de G\u00e9rardmer","publisher":{"@id":"https:\/\/vosgesinfo.fr\/gerardmerinfo\/#organization"},"alternateName":"Toute l'actualit\u00e9 de G\u00e9rardmer","potentialAction":[{"@type":"SearchAction","target":{"@type":"EntryPoint","urlTemplate":"https:\/\/vosgesinfo.fr\/gerardmerinfo\/?s={search_term_string}"},"query-input":"required name=search_term_string"}],"inLanguage":"fr-FR"},{"@type":"Organization","@id":"https:\/\/vosgesinfo.fr\/gerardmerinfo\/#organization","name":"Gerardmer Info","url":"https:\/\/vosgesinfo.fr\/gerardmerinfo\/","logo":{"@type":"ImageObject","inLanguage":"fr-FR","@id":"https:\/\/vosgesinfo.fr\/gerardmerinfo\/#\/schema\/logo\/image\/","url":"https:\/\/vosgesinfo.fr\/app\/uploads\/sites\/6\/2023\/08\/favicon-gerardmerinfo.png","contentUrl":"https:\/\/vosgesinfo.fr\/app\/uploads\/sites\/6\/2023\/08\/favicon-gerardmerinfo.png","width":512,"height":512,"caption":"Gerardmer Info"},"image":{"@id":"https:\/\/vosgesinfo.fr\/gerardmerinfo\/#\/schema\/logo\/image\/"},"sameAs":["https:\/\/www.facebook.com\/profile.php?id=100049475262660","https:\/\/x.com\/VosgesInfo88","https:\/\/www.youtube.com\/@vosgesinfo"]},{"@type":"Person","@id":"https:\/\/vosgesinfo.fr\/gerardmerinfo\/#\/schema\/person\/bc5d02d71e6932e81b6dadb7386667b1","name":"qs_admin","image":{"@type":"ImageObject","inLanguage":"fr-FR","@id":"https:\/\/vosgesinfo.fr\/gerardmerinfo\/#\/schema\/person\/image\/","url":"https:\/\/secure.gravatar.com\/avatar\/94b18ee0ed79e4a42ea2f2931277b6841a8999fc6fde214600c78057cf1fe1de?s=96&d=mm&r=g","contentUrl":"https:\/\/secure.gravatar.com\/avatar\/94b18ee0ed79e4a42ea2f2931277b6841a8999fc6fde214600c78057cf1fe1de?s=96&d=mm&r=g","caption":"qs_admin"},"sameAs":["https:\/\/vosgesinfo.fr\/wp"],"url":"https:\/\/vosgesinfo.fr\/gerardmerinfo\/author\/qs_admin\/"}]}},"_links":{"self":[{"href":"https:\/\/vosgesinfo.fr\/gerardmerinfo\/wp-json\/wp\/v2\/posts\/41725","targetHints":{"allow":["GET"]}}],"collection":[{"href":"https:\/\/vosgesinfo.fr\/gerardmerinfo\/wp-json\/wp\/v2\/posts"}],"about":[{"href":"https:\/\/vosgesinfo.fr\/gerardmerinfo\/wp-json\/wp\/v2\/types\/post"}],"author":[{"embeddable":true,"href":"https:\/\/vosgesinfo.fr\/gerardmerinfo\/wp-json\/wp\/v2\/users\/1"}],"replies":[{"embeddable":true,"href":"https:\/\/vosgesinfo.fr\/gerardmerinfo\/wp-json\/wp\/v2\/comments?post=41725"}],"version-history":[{"count":0,"href":"https:\/\/vosgesinfo.fr\/gerardmerinfo\/wp-json\/wp\/v2\/posts\/41725\/revisions"}],"wp:featuredmedia":[{"embeddable":true,"href":"https:\/\/vosgesinfo.fr\/gerardmerinfo\/wp-json\/wp\/v2\/media\/41726"}],"wp:attachment":[{"href":"https:\/\/vosgesinfo.fr\/gerardmerinfo\/wp-json\/wp\/v2\/media?parent=41725"}],"wp:term":[{"taxonomy":"category","embeddable":true,"href":"https:\/\/vosgesinfo.fr\/gerardmerinfo\/wp-json\/wp\/v2\/categories?post=41725"},{"taxonomy":"post_tag","embeddable":true,"href":"https:\/\/vosgesinfo.fr\/gerardmerinfo\/wp-json\/wp\/v2\/tags?post=41725"}],"curies":[{"name":"wp","href":"https:\/\/api.w.org\/{rel}","templated":true}]}}