{"id":41732,"date":"2019-05-22T07:35:06","date_gmt":"2019-05-22T05:35:06","guid":{"rendered":"https:\/\/vosgesinfo.fr\/gerardmerinfo\/2019\/05\/elections-europeennes-nathalie-colin-oesterle-suis-toujours-europeenne-convaincue\/"},"modified":"2019-05-22T07:35:06","modified_gmt":"2019-05-22T05:35:06","slug":"elections-europeennes-nathalie-colin-oesterle-suis-toujours-europeenne-convaincue","status":"publish","type":"post","link":"https:\/\/vosgesinfo.fr\/gerardmerinfo\/2019\/05\/elections-europeennes-nathalie-colin-oesterle-suis-toujours-europeenne-convaincue\/","title":{"rendered":"\u00c9lections europ\u00e9ennes : Nathalie Colin-Oesterl\u00e9 : \u00ab Je suis depuis toujours une Europ\u00e9enne convaincue \u00bb"},"content":{"rendered":"<h2 class=\"x_default-style\">Les \u00e9lections europ\u00e9ennes approchent ! Ce mardi 21 mai,\u00a0le d\u00e9put\u00e9 spinalien St\u00e9phane\u00a0<span class=\"markmx6p0u6ta\" data-markjs=\"true\" data-ogac=\"\" data-ogab=\"\" data-ogsc=\"\" data-ogsb=\"\">Viry a<\/span>\u00a0accueilli avec des \u00e9lus et membres des R\u00e9publicains, Nathalie Colin-Oesterle, candidate plac\u00e9e en 6\u00e8me position sur la liste de l\u2019union de la droite et du centre, conduite par Fran\u00e7ois-Xavier Bellamy.<\/h2>\n<p class=\"x_default-style\">Nathalie Colin-Oesterle, \u00e9lue messine, vice-pr\u00e9sidente du Conseil D\u00e9partemental de la Moselle qui figure en sixi\u00e8me position sur la liste LR-Centristes aux \u00e9lections europ\u00e9ennes du 26 mai prochain \u00e9tait de passage \u00e0 \u00c9pinal ce mardi. Elle a pu visiter diff\u00e9rentes entreprises de l\u2019agglom\u00e9ration d\u2019\u00c9pinal. Elle a visit\u00e9 Moustache \u00e0 Thaon-l\u00e8s-Vosges, afin de rencontrer une start up qui a su d\u00e9velopper son march\u00e9 \u00e0 l\u2019international, mais aussi les transports Marcot \u00e0 Chavelot, dont le d\u00e9veloppement est exemplaire, pour laquelle les normes europ\u00e9ennes conduisent \u00e0 des opportunit\u00e9s mais aussi \u00e0 des contraintes et enfin\u00a0l\u2019ENSTIB d\u2019Epinal, p\u00f4le de formation reconnu autour de la valorisation du bois.<\/p>\n","protected":false},"excerpt":{"rendered":"<p>Les \u00e9lections europ\u00e9ennes approchent ! Ce mardi 21 mai,\u00a0le d\u00e9put\u00e9 spinalien St\u00e9phane\u00a0Viry a\u00a0accueilli avec des \u00e9lus et membres des R\u00e9publicains, [&hellip;]<\/p>\n","protected":false},"author":42,"featured_media":41733,"comment_status":"open","ping_status":"open","sticky":false,"template":"","format":"standard","meta":{"footnotes":""},"categories":[20,10,18],"tags":[4115],"class_list":["post-41732","post","type-post","status-publish","format-standard","has-post-thumbnail","hentry","category-a-la-une","category-politique","category-vosges","tag-nathalie-colin-oesterle"],"acf":[],"yoast_head":"<!-- This site is optimized with the Yoast SEO plugin v22.5 - https:\/\/yoast.com\/wordpress\/plugins\/seo\/ -->\n<title>\u00c9lections europ\u00e9ennes : Nathalie Colin-Oesterl\u00e9 : \u00ab Je suis depuis toujours une Europ\u00e9enne convaincue \u00bb - Gerardmer Info<\/title>\n<meta name=\"robots\" content=\"index, follow, max-snippet:-1, max-image-preview:large, max-video-preview:-1\" \/>\n<link rel=\"canonical\" href=\"https:\/\/vosgesinfo.fr\/gerardmerinfo\/2019\/05\/elections-europeennes-nathalie-colin-oesterle-suis-toujours-europeenne-convaincue\/\" \/>\n<meta name=\"twitter:card\" content=\"summary_large_image\" \/>\n<meta name=\"twitter:title\" content=\"\u00c9lections europ\u00e9ennes : Nathalie Colin-Oesterl\u00e9 : \u00ab Je suis depuis toujours une Europ\u00e9enne convaincue \u00bb - Gerardmer Info\" \/>\n<meta name=\"twitter:description\" content=\"Les \u00e9lections europ\u00e9ennes approchent ! Ce mardi 21 mai,\u00a0le d\u00e9put\u00e9 spinalien St\u00e9phane\u00a0Viry a\u00a0accueilli avec des \u00e9lus et membres des R\u00e9publicains, [&hellip;]\" \/>\n<meta name=\"twitter:image\" content=\"https:\/\/vosgesinfo.fr\/app\/uploads\/sites\/6\/2024\/07\/201905nathalie-colin.jpg\" \/>\n<meta name=\"twitter:creator\" content=\"@VosgesInfo88\" \/>\n<meta name=\"twitter:site\" content=\"@VosgesInfo88\" \/>\n<meta name=\"twitter:label1\" content=\"\u00c9crit par\" \/>\n\t<meta name=\"twitter:data1\" content=\"QG\" \/>\n\t<meta name=\"twitter:label2\" content=\"Dur\u00e9e de lecture estim\u00e9e\" \/>\n\t<meta name=\"twitter:data2\" content=\"1 minute\" \/>\n<script type=\"application\/ld+json\" class=\"yoast-schema-graph\">{\"@context\":\"https:\/\/schema.org\",\"@graph\":[{\"@type\":\"Article\",\"@id\":\"https:\/\/vosgesinfo.fr\/gerardmerinfo\/2019\/05\/elections-europeennes-nathalie-colin-oesterle-suis-toujours-europeenne-convaincue\/#article\",\"isPartOf\":{\"@id\":\"https:\/\/vosgesinfo.fr\/gerardmerinfo\/2019\/05\/elections-europeennes-nathalie-colin-oesterle-suis-toujours-europeenne-convaincue\/\"},\"author\":{\"name\":\"QG\",\"@id\":\"https:\/\/vosgesinfo.fr\/gerardmerinfo\/#\/schema\/person\/db5605779a843dad16b5368f3e7613a5\"},\"headline\":\"\u00c9lections europ\u00e9ennes : Nathalie Colin-Oesterl\u00e9 : \u00ab Je suis depuis toujours une Europ\u00e9enne convaincue \u00bb\",\"datePublished\":\"2019-05-22T05:35:06+00:00\",\"dateModified\":\"2019-05-22T05:35:06+00:00\",\"mainEntityOfPage\":{\"@id\":\"https:\/\/vosgesinfo.fr\/gerardmerinfo\/2019\/05\/elections-europeennes-nathalie-colin-oesterle-suis-toujours-europeenne-convaincue\/\"},\"wordCount\":176,\"commentCount\":0,\"publisher\":{\"@id\":\"https:\/\/vosgesinfo.fr\/gerardmerinfo\/#organization\"},\"image\":{\"@id\":\"https:\/\/vosgesinfo.fr\/gerardmerinfo\/2019\/05\/elections-europeennes-nathalie-colin-oesterle-suis-toujours-europeenne-convaincue\/#primaryimage\"},\"thumbnailUrl\":\"https:\/\/vosgesinfo.fr\/app\/uploads\/sites\/6\/2024\/07\/201905nathalie-colin.jpg\",\"keywords\":[\"Nathalie Colin-Oesterle\"],\"articleSection\":[\"A la une\",\"Politique\",\"Vosges\"],\"inLanguage\":\"fr-FR\",\"potentialAction\":[{\"@type\":\"CommentAction\",\"name\":\"Comment\",\"target\":[\"https:\/\/vosgesinfo.fr\/gerardmerinfo\/2019\/05\/elections-europeennes-nathalie-colin-oesterle-suis-toujours-europeenne-convaincue\/#respond\"]}]},{\"@type\":\"WebPage\",\"@id\":\"https:\/\/vosgesinfo.fr\/gerardmerinfo\/2019\/05\/elections-europeennes-nathalie-colin-oesterle-suis-toujours-europeenne-convaincue\/\",\"url\":\"https:\/\/vosgesinfo.fr\/gerardmerinfo\/2019\/05\/elections-europeennes-nathalie-colin-oesterle-suis-toujours-europeenne-convaincue\/\",\"name\":\"\u00c9lections europ\u00e9ennes : Nathalie Colin-Oesterl\u00e9 : \u00ab Je suis depuis toujours une Europ\u00e9enne convaincue \u00bb - Gerardmer Info\",\"isPartOf\":{\"@id\":\"https:\/\/vosgesinfo.fr\/gerardmerinfo\/#website\"},\"primaryImageOfPage\":{\"@id\":\"https:\/\/vosgesinfo.fr\/gerardmerinfo\/2019\/05\/elections-europeennes-nathalie-colin-oesterle-suis-toujours-europeenne-convaincue\/#primaryimage\"},\"image\":{\"@id\":\"https:\/\/vosgesinfo.fr\/gerardmerinfo\/2019\/05\/elections-europeennes-nathalie-colin-oesterle-suis-toujours-europeenne-convaincue\/#primaryimage\"},\"thumbnailUrl\":\"https:\/\/vosgesinfo.fr\/app\/uploads\/sites\/6\/2024\/07\/201905nathalie-colin.jpg\",\"datePublished\":\"2019-05-22T05:35:06+00:00\",\"dateModified\":\"2019-05-22T05:35:06+00:00\",\"breadcrumb\":{\"@id\":\"https:\/\/vosgesinfo.fr\/gerardmerinfo\/2019\/05\/elections-europeennes-nathalie-colin-oesterle-suis-toujours-europeenne-convaincue\/#breadcrumb\"},\"inLanguage\":\"fr-FR\",\"potentialAction\":[{\"@type\":\"ReadAction\",\"target\":[\"https:\/\/vosgesinfo.fr\/gerardmerinfo\/2019\/05\/elections-europeennes-nathalie-colin-oesterle-suis-toujours-europeenne-convaincue\/\"]}]},{\"@type\":\"ImageObject\",\"inLanguage\":\"fr-FR\",\"@id\":\"https:\/\/vosgesinfo.fr\/gerardmerinfo\/2019\/05\/elections-europeennes-nathalie-colin-oesterle-suis-toujours-europeenne-convaincue\/#primaryimage\",\"url\":\"https:\/\/vosgesinfo.fr\/app\/uploads\/sites\/6\/2024\/07\/201905nathalie-colin.jpg\",\"contentUrl\":\"https:\/\/vosgesinfo.fr\/app\/uploads\/sites\/6\/2024\/07\/201905nathalie-colin.jpg\",\"width\":800,\"height\":600},{\"@type\":\"BreadcrumbList\",\"@id\":\"https:\/\/vosgesinfo.fr\/gerardmerinfo\/2019\/05\/elections-europeennes-nathalie-colin-oesterle-suis-toujours-europeenne-convaincue\/#breadcrumb\",\"itemListElement\":[{\"@type\":\"ListItem\",\"position\":1,\"name\":\"Home\",\"item\":\"https:\/\/vosgesinfo.fr\/gerardmerinfo\/\"},{\"@type\":\"ListItem\",\"position\":2,\"name\":\"\u00c9lections europ\u00e9ennes : Nathalie Colin-Oesterl\u00e9 : \u00ab Je suis depuis toujours une Europ\u00e9enne convaincue \u00bb\"}]},{\"@type\":\"WebSite\",\"@id\":\"https:\/\/vosgesinfo.fr\/gerardmerinfo\/#website\",\"url\":\"https:\/\/vosgesinfo.fr\/gerardmerinfo\/\",\"name\":\"Gerardmer Info\",\"description\":\"Toute l&#039;actualit\u00e9 de G\u00e9rardmer\",\"publisher\":{\"@id\":\"https:\/\/vosgesinfo.fr\/gerardmerinfo\/#organization\"},\"alternateName\":\"Toute l'actualit\u00e9 de G\u00e9rardmer\",\"potentialAction\":[{\"@type\":\"SearchAction\",\"target\":{\"@type\":\"EntryPoint\",\"urlTemplate\":\"https:\/\/vosgesinfo.fr\/gerardmerinfo\/?s={search_term_string}\"},\"query-input\":\"required name=search_term_string\"}],\"inLanguage\":\"fr-FR\"},{\"@type\":\"Organization\",\"@id\":\"https:\/\/vosgesinfo.fr\/gerardmerinfo\/#organization\",\"name\":\"Gerardmer Info\",\"url\":\"https:\/\/vosgesinfo.fr\/gerardmerinfo\/\",\"logo\":{\"@type\":\"ImageObject\",\"inLanguage\":\"fr-FR\",\"@id\":\"https:\/\/vosgesinfo.fr\/gerardmerinfo\/#\/schema\/logo\/image\/\",\"url\":\"https:\/\/vosgesinfo.fr\/app\/uploads\/sites\/6\/2023\/08\/favicon-gerardmerinfo.png\",\"contentUrl\":\"https:\/\/vosgesinfo.fr\/app\/uploads\/sites\/6\/2023\/08\/favicon-gerardmerinfo.png\",\"width\":512,\"height\":512,\"caption\":\"Gerardmer Info\"},\"image\":{\"@id\":\"https:\/\/vosgesinfo.fr\/gerardmerinfo\/#\/schema\/logo\/image\/\"},\"sameAs\":[\"https:\/\/www.facebook.com\/profile.php?id=100049475262660\",\"https:\/\/x.com\/VosgesInfo88\",\"https:\/\/www.youtube.com\/@vosgesinfo\"]},{\"@type\":\"Person\",\"@id\":\"https:\/\/vosgesinfo.fr\/gerardmerinfo\/#\/schema\/person\/db5605779a843dad16b5368f3e7613a5\",\"name\":\"QG\",\"image\":{\"@type\":\"ImageObject\",\"inLanguage\":\"fr-FR\",\"@id\":\"https:\/\/vosgesinfo.fr\/gerardmerinfo\/#\/schema\/person\/image\/\",\"url\":\"https:\/\/secure.gravatar.com\/avatar\/ea80c42c204b534408512832fde52504ecabb9706bcb6151cf6175e5b64e6793?s=96&d=mm&r=g\",\"contentUrl\":\"https:\/\/secure.gravatar.com\/avatar\/ea80c42c204b534408512832fde52504ecabb9706bcb6151cf6175e5b64e6793?s=96&d=mm&r=g\",\"caption\":\"QG\"},\"url\":\"https:\/\/vosgesinfo.fr\/gerardmerinfo\/author\/quentin88\/\"}]}<\/script>\n<!-- \/ Yoast SEO plugin. -->","yoast_head_json":{"title":"\u00c9lections europ\u00e9ennes : Nathalie Colin-Oesterl\u00e9 : \u00ab Je suis depuis toujours une Europ\u00e9enne convaincue \u00bb - Gerardmer Info","robots":{"index":"index","follow":"follow","max-snippet":"max-snippet:-1","max-image-preview":"max-image-preview:large","max-video-preview":"max-video-preview:-1"},"canonical":"https:\/\/vosgesinfo.fr\/gerardmerinfo\/2019\/05\/elections-europeennes-nathalie-colin-oesterle-suis-toujours-europeenne-convaincue\/","twitter_card":"summary_large_image","twitter_title":"\u00c9lections europ\u00e9ennes : Nathalie Colin-Oesterl\u00e9 : \u00ab Je suis depuis toujours une Europ\u00e9enne convaincue \u00bb - Gerardmer Info","twitter_description":"Les \u00e9lections europ\u00e9ennes approchent ! Ce mardi 21 mai,\u00a0le d\u00e9put\u00e9 spinalien St\u00e9phane\u00a0Viry a\u00a0accueilli avec des \u00e9lus et membres des R\u00e9publicains, [&hellip;]","twitter_image":"https:\/\/vosgesinfo.fr\/app\/uploads\/sites\/6\/2024\/07\/201905nathalie-colin.jpg","twitter_creator":"@VosgesInfo88","twitter_site":"@VosgesInfo88","twitter_misc":{"\u00c9crit par":"QG","Dur\u00e9e de lecture estim\u00e9e":"1 minute"},"schema":{"@context":"https:\/\/schema.org","@graph":[{"@type":"Article","@id":"https:\/\/vosgesinfo.fr\/gerardmerinfo\/2019\/05\/elections-europeennes-nathalie-colin-oesterle-suis-toujours-europeenne-convaincue\/#article","isPartOf":{"@id":"https:\/\/vosgesinfo.fr\/gerardmerinfo\/2019\/05\/elections-europeennes-nathalie-colin-oesterle-suis-toujours-europeenne-convaincue\/"},"author":{"name":"QG","@id":"https:\/\/vosgesinfo.fr\/gerardmerinfo\/#\/schema\/person\/db5605779a843dad16b5368f3e7613a5"},"headline":"\u00c9lections europ\u00e9ennes : Nathalie Colin-Oesterl\u00e9 : \u00ab Je suis depuis toujours une Europ\u00e9enne convaincue \u00bb","datePublished":"2019-05-22T05:35:06+00:00","dateModified":"2019-05-22T05:35:06+00:00","mainEntityOfPage":{"@id":"https:\/\/vosgesinfo.fr\/gerardmerinfo\/2019\/05\/elections-europeennes-nathalie-colin-oesterle-suis-toujours-europeenne-convaincue\/"},"wordCount":176,"commentCount":0,"publisher":{"@id":"https:\/\/vosgesinfo.fr\/gerardmerinfo\/#organization"},"image":{"@id":"https:\/\/vosgesinfo.fr\/gerardmerinfo\/2019\/05\/elections-europeennes-nathalie-colin-oesterle-suis-toujours-europeenne-convaincue\/#primaryimage"},"thumbnailUrl":"https:\/\/vosgesinfo.fr\/app\/uploads\/sites\/6\/2024\/07\/201905nathalie-colin.jpg","keywords":["Nathalie Colin-Oesterle"],"articleSection":["A la une","Politique","Vosges"],"inLanguage":"fr-FR","potentialAction":[{"@type":"CommentAction","name":"Comment","target":["https:\/\/vosgesinfo.fr\/gerardmerinfo\/2019\/05\/elections-europeennes-nathalie-colin-oesterle-suis-toujours-europeenne-convaincue\/#respond"]}]},{"@type":"WebPage","@id":"https:\/\/vosgesinfo.fr\/gerardmerinfo\/2019\/05\/elections-europeennes-nathalie-colin-oesterle-suis-toujours-europeenne-convaincue\/","url":"https:\/\/vosgesinfo.fr\/gerardmerinfo\/2019\/05\/elections-europeennes-nathalie-colin-oesterle-suis-toujours-europeenne-convaincue\/","name":"\u00c9lections europ\u00e9ennes : Nathalie Colin-Oesterl\u00e9 : \u00ab Je suis depuis toujours une Europ\u00e9enne convaincue \u00bb - Gerardmer Info","isPartOf":{"@id":"https:\/\/vosgesinfo.fr\/gerardmerinfo\/#website"},"primaryImageOfPage":{"@id":"https:\/\/vosgesinfo.fr\/gerardmerinfo\/2019\/05\/elections-europeennes-nathalie-colin-oesterle-suis-toujours-europeenne-convaincue\/#primaryimage"},"image":{"@id":"https:\/\/vosgesinfo.fr\/gerardmerinfo\/2019\/05\/elections-europeennes-nathalie-colin-oesterle-suis-toujours-europeenne-convaincue\/#primaryimage"},"thumbnailUrl":"https:\/\/vosgesinfo.fr\/app\/uploads\/sites\/6\/2024\/07\/201905nathalie-colin.jpg","datePublished":"2019-05-22T05:35:06+00:00","dateModified":"2019-05-22T05:35:06+00:00","breadcrumb":{"@id":"https:\/\/vosgesinfo.fr\/gerardmerinfo\/2019\/05\/elections-europeennes-nathalie-colin-oesterle-suis-toujours-europeenne-convaincue\/#breadcrumb"},"inLanguage":"fr-FR","potentialAction":[{"@type":"ReadAction","target":["https:\/\/vosgesinfo.fr\/gerardmerinfo\/2019\/05\/elections-europeennes-nathalie-colin-oesterle-suis-toujours-europeenne-convaincue\/"]}]},{"@type":"ImageObject","inLanguage":"fr-FR","@id":"https:\/\/vosgesinfo.fr\/gerardmerinfo\/2019\/05\/elections-europeennes-nathalie-colin-oesterle-suis-toujours-europeenne-convaincue\/#primaryimage","url":"https:\/\/vosgesinfo.fr\/app\/uploads\/sites\/6\/2024\/07\/201905nathalie-colin.jpg","contentUrl":"https:\/\/vosgesinfo.fr\/app\/uploads\/sites\/6\/2024\/07\/201905nathalie-colin.jpg","width":800,"height":600},{"@type":"BreadcrumbList","@id":"https:\/\/vosgesinfo.fr\/gerardmerinfo\/2019\/05\/elections-europeennes-nathalie-colin-oesterle-suis-toujours-europeenne-convaincue\/#breadcrumb","itemListElement":[{"@type":"ListItem","position":1,"name":"Home","item":"https:\/\/vosgesinfo.fr\/gerardmerinfo\/"},{"@type":"ListItem","position":2,"name":"\u00c9lections europ\u00e9ennes : Nathalie Colin-Oesterl\u00e9 : \u00ab Je suis depuis toujours une Europ\u00e9enne convaincue \u00bb"}]},{"@type":"WebSite","@id":"https:\/\/vosgesinfo.fr\/gerardmerinfo\/#website","url":"https:\/\/vosgesinfo.fr\/gerardmerinfo\/","name":"Gerardmer Info","description":"Toute l&#039;actualit\u00e9 de G\u00e9rardmer","publisher":{"@id":"https:\/\/vosgesinfo.fr\/gerardmerinfo\/#organization"},"alternateName":"Toute l'actualit\u00e9 de G\u00e9rardmer","potentialAction":[{"@type":"SearchAction","target":{"@type":"EntryPoint","urlTemplate":"https:\/\/vosgesinfo.fr\/gerardmerinfo\/?s={search_term_string}"},"query-input":"required name=search_term_string"}],"inLanguage":"fr-FR"},{"@type":"Organization","@id":"https:\/\/vosgesinfo.fr\/gerardmerinfo\/#organization","name":"Gerardmer Info","url":"https:\/\/vosgesinfo.fr\/gerardmerinfo\/","logo":{"@type":"ImageObject","inLanguage":"fr-FR","@id":"https:\/\/vosgesinfo.fr\/gerardmerinfo\/#\/schema\/logo\/image\/","url":"https:\/\/vosgesinfo.fr\/app\/uploads\/sites\/6\/2023\/08\/favicon-gerardmerinfo.png","contentUrl":"https:\/\/vosgesinfo.fr\/app\/uploads\/sites\/6\/2023\/08\/favicon-gerardmerinfo.png","width":512,"height":512,"caption":"Gerardmer Info"},"image":{"@id":"https:\/\/vosgesinfo.fr\/gerardmerinfo\/#\/schema\/logo\/image\/"},"sameAs":["https:\/\/www.facebook.com\/profile.php?id=100049475262660","https:\/\/x.com\/VosgesInfo88","https:\/\/www.youtube.com\/@vosgesinfo"]},{"@type":"Person","@id":"https:\/\/vosgesinfo.fr\/gerardmerinfo\/#\/schema\/person\/db5605779a843dad16b5368f3e7613a5","name":"QG","image":{"@type":"ImageObject","inLanguage":"fr-FR","@id":"https:\/\/vosgesinfo.fr\/gerardmerinfo\/#\/schema\/person\/image\/","url":"https:\/\/secure.gravatar.com\/avatar\/ea80c42c204b534408512832fde52504ecabb9706bcb6151cf6175e5b64e6793?s=96&d=mm&r=g","contentUrl":"https:\/\/secure.gravatar.com\/avatar\/ea80c42c204b534408512832fde52504ecabb9706bcb6151cf6175e5b64e6793?s=96&d=mm&r=g","caption":"QG"},"url":"https:\/\/vosgesinfo.fr\/gerardmerinfo\/author\/quentin88\/"}]}},"_links":{"self":[{"href":"https:\/\/vosgesinfo.fr\/gerardmerinfo\/wp-json\/wp\/v2\/posts\/41732","targetHints":{"allow":["GET"]}}],"collection":[{"href":"https:\/\/vosgesinfo.fr\/gerardmerinfo\/wp-json\/wp\/v2\/posts"}],"about":[{"href":"https:\/\/vosgesinfo.fr\/gerardmerinfo\/wp-json\/wp\/v2\/types\/post"}],"author":[{"embeddable":true,"href":"https:\/\/vosgesinfo.fr\/gerardmerinfo\/wp-json\/wp\/v2\/users\/42"}],"replies":[{"embeddable":true,"href":"https:\/\/vosgesinfo.fr\/gerardmerinfo\/wp-json\/wp\/v2\/comments?post=41732"}],"version-history":[{"count":0,"href":"https:\/\/vosgesinfo.fr\/gerardmerinfo\/wp-json\/wp\/v2\/posts\/41732\/revisions"}],"wp:featuredmedia":[{"embeddable":true,"href":"https:\/\/vosgesinfo.fr\/gerardmerinfo\/wp-json\/wp\/v2\/media\/41733"}],"wp:attachment":[{"href":"https:\/\/vosgesinfo.fr\/gerardmerinfo\/wp-json\/wp\/v2\/media?parent=41732"}],"wp:term":[{"taxonomy":"category","embeddable":true,"href":"https:\/\/vosgesinfo.fr\/gerardmerinfo\/wp-json\/wp\/v2\/categories?post=41732"},{"taxonomy":"post_tag","embeddable":true,"href":"https:\/\/vosgesinfo.fr\/gerardmerinfo\/wp-json\/wp\/v2\/tags?post=41732"}],"curies":[{"name":"wp","href":"https:\/\/api.w.org\/{rel}","templated":true}]}}