{"id":41734,"date":"2019-05-22T16:51:17","date_gmt":"2019-05-22T14:51:17","guid":{"rendered":"https:\/\/vosgesinfo.fr\/gerardmerinfo\/2019\/05\/capeb-vosges-retour-lassemblee-generale\/"},"modified":"2019-05-22T16:51:17","modified_gmt":"2019-05-22T14:51:17","slug":"capeb-vosges-retour-lassemblee-generale","status":"publish","type":"post","link":"https:\/\/vosgesinfo.fr\/gerardmerinfo\/2019\/05\/capeb-vosges-retour-lassemblee-generale\/","title":{"rendered":"CAPEB VOSGES : Retour sur l\u2019assembl\u00e9e g\u00e9n\u00e9rale"},"content":{"rendered":"<h3><a href=\"\/2019\/05\/CAPEB-VOsges-AG-2019-2.jpg\"><img decoding=\"async\" class=\"aligncenter size-full wp-image-147085\" src=\"\/2019\/05\/CAPEB-VOsges-AG-2019-2.jpg\" alt=\"CAPEB VOsges AG 2019 (2)\" width=\"800\" height=\"533\" \/><\/a><br \/>\nVendredi 17 mai dernier a eu lieu l\u2019Assembl\u00e9e G\u00e9n\u00e9rale annuelle de la CAPEB des Vosges.<\/h3>\n<p>&nbsp;<\/p>\n<p><strong>S\u00e9ance statutaire<\/strong> :<br \/>\nLa premi\u00e8re partie a \u00e9t\u00e9 consacr\u00e9e \u00e0 la s\u00e9ance statutaire : apr\u00e8s le rapport moral du Pr\u00e9sident, a eu lieu les \u00e9lections et le vote pour le renouvellement des membres du conseil d\u2019administration de la CAPEB des Vosges. Ont \u00e9t\u00e9 \u00e9lus : Olivier HUCHEDE, Fr\u00e9d\u00e9ric JANIN, Raoul MARCADELLA et Gilles MOUROT<br \/>\nEnsuite se sont succ\u00e9d\u00e9s le rapport financier et le rapport d\u2019activit\u00e9 de l\u2019ann\u00e9e 2018.<\/p>\n<p><strong>S\u00e9ance officielle : <\/strong><\/p>\n<p>La deuxi\u00e8me partie a d\u00e9but\u00e9 avec le discours du Pr\u00e9sident Jean-Fran\u00e7ois Houillon, il a commenc\u00e9 par faire un point sur la conjoncture du b\u00e2timent : \u00ab Sur l\u2019ann\u00e9e 2018, la croissance de l\u2019activit\u00e9 globale des entreprises artisanales du b\u00e2timent atteint 2,5% en volume. M\u00eame si la croissance dans l\u2019artisanat du b\u00e2timent se maintient d\u00e9but 2019, la reprise d\u2019activit\u00e9 reste fragile, notamment dans la construction neuve. Nous pr\u00e9voyons une croissance aux alentours de 0.5% sur 2019. Les prix restent tr\u00e8s bas et ne nous permettent pas de faire des marges n\u00e9cessaires \u00e0 notre d\u00e9veloppement\u2026Certaines entreprises ont beaucoup d\u2019activit\u00e9 mais manquent de tr\u00e9sorerie. Quand d\u2019autres s\u2019arrachent les cheveux pour trouver la perle rare, ce salari\u00e9 tant convoit\u00e9, cette personne pr\u00eate \u00e0 venir travailler chez NOUS. \u00bb<br \/>\nLe pr\u00e9sident a ensuite fait r\u00e9f\u00e9rence aux Grands d\u00e9bats derni\u00e8rement organis\u00e9s dans toute la France, avec notamment des d\u00e9bats initi\u00e9s par l\u2019U2P et la CAPEB pour les entreprises de proximit\u00e9 : \u00ab Il \u00e9tait n\u00e9cessaire de mettre en avant les priorit\u00e9s des entreprises de l\u2019artisanat. Les principaux enseignements de ce Grand d\u00e9bat pour nous entreprises de proximit\u00e9 sont qu\u2019il y a trop de contraintes et de normes omnipr\u00e9sentes et que les r\u00e9glementations grignotent petit \u00e0 petit : l\u2019optimisme, le plaisir au travail, l\u2019espoir de former des comp\u00e9tences et de transmettre son entreprise. [\u2026] Les artisans et commer\u00e7ants doivent \u00eatre replac\u00e9s au coeur des choix de soci\u00e9t\u00e9 \u00e0 venir. Nous ne devons plus \u00eatre les oubli\u00e9s de ce gouvernement.\u00bb.<\/p>\n<p>Concernant les offres de travaux \u00e0 1\u20ac, le pr\u00e9sident s\u2019insurge : \u00ab voil\u00e0 maintenant que l\u2019\u00e9tat fait la promotion des offres d\u2019ENGIE, EFFY, Total et EDF nous avons touch\u00e9s le fond : \u00ab Chaudi\u00e8res et PAC \u00e0 1 \u20ac \u00bb on brade ! Bien s\u00fbr sans avoir pris la peine de nous demander notre avis, nous les oubli\u00e9s. Alors nous allons voir arriver sur ce march\u00e9 des \u00ab pseudo-professionnels \u00bb qui vont vendre du r\u00eave \u00e0 NOS CLIENTS ! \u00bb.<br \/>\nEnfin, concernant l\u2019apprentissage, il d\u00e9clare : \u00ab Nous, entreprises artisanales, nous qui formons la majorit\u00e9 des apprentis, nous avons besoin d&rsquo;avoir une vision claire des mesures publiques, qu&rsquo;elles soient p\u00e9rennes et coh\u00e9rentes pour contribuer au d\u00e9veloppement de l&rsquo;apprentissage. \u00bb.<br \/>\nLe Pr\u00e9sident Jean-Fran\u00e7ois Houillon a termin\u00e9 son discours ainsi : \u00ab Nous continuerons sans rel\u00e2che \u00e0 d\u00e9fendre l\u2019entreprise de proximit\u00e9, ses valeurs, ses atouts, nous sommes d\u00e9termin\u00e9s ! \u00bb.<br \/>\nSont ensuite intervenus :<br \/>\n&#8211; St\u00e9phane VIRY, D\u00e9put\u00e9<br \/>\n&#8211; Dominique PEDUZZI, Pr\u00e9sident de l\u2019Association des Mairies des Vosges<br \/>\n&#8211; Dominique GASPAR, \u00e9lu \u00e0 la CAPEB Nationale<br \/>\n&#8211; V\u00e9ronique MAROT, Vice-Pr\u00e9sidente de la Communaut\u00e9 d\u2019Agglom\u00e9ration d\u2019Epinal<br \/>\nL\u2019assembl\u00e9e g\u00e9n\u00e9rale a \u00e9t\u00e9 l\u2019occasion de pr\u00e9senter : \u00ab 360 travaux\u00ae \u00bb.<br \/>\nC\u2019est la premi\u00e8re plateforme web de mise en relation des artisans du b\u00e2timent avec leurs futurs clients jusqu\u2019\u00e0 l\u2019ach\u00e8vement des travaux. D\u00e9velopp\u00e9e par et pour les artisans du b\u00e2timent, 360travaux\u00ae compte d\u00e9j\u00e0 plusieurs milliers d\u2019artisans inscrits et souhaite f\u00e9d\u00e9rer une large communaut\u00e9. Cette marketplace novatrice poursuit un double objectif : soutenir l\u2019activit\u00e9 des petites entreprises du B\u00e2timent tout en apportant un service de qualit\u00e9 et de proximit\u00e9 aux clients. Rendez-vous sur www.360travaux.com<br \/>\nArriv\u00e9e de la mascotte \u00ab Clouvis \u00bb<br \/>\nPas d\u2019assembl\u00e9e g\u00e9n\u00e9rale, sans l\u2019apparition de \u00ab Clouvis \u00bb ! La mascotte de la CAPEB Vosges depuis l\u2019ann\u00e9e derni\u00e8re fait des apparitions et mises en sc\u00e8ne pour attirer l\u2019attention avec une pointe d\u2019humour m\u00eame si les sujets \u00e9voqu\u00e9s sont s\u00e9rieux.<br \/>\nRemises de m\u00e9dailles conf\u00e9d\u00e9rales<br \/>\nL\u2019Assembl\u00e9e g\u00e9n\u00e9rale a \u00e9t\u00e9 \u00e9galement l\u2019occasion de remettre la M\u00e9daille Conf\u00e9d\u00e9rale \u00e0 Jean-Marie BESSE, plombier chauffagiste, membre du conseil d\u2019administration de la CAPEB Vosges, ainsi qu\u2019\u00e0 Virginie GRANDEMANGE, salari\u00e9e de la CAPEB Vosges depuis 15 ans.<br \/>\nRemise de dipl\u00f4mes GEAB<br \/>\nDurant 2 ans, un groupe d\u2019artisans et salari\u00e9s du b\u00e2timent ont suivi la formation \u00ab GEAB \u00bb (Gestion d\u2019une Entreprise Artisanale du B\u00e2timent). Ont obtenu leur dipl\u00f4me (niveau IV): Ga\u00eblle GENAY (PESMB), Julien LEONARD (GRONDIN ASPIRATION), Herbert LACROIX (LACROIX RENOBAT), R\u00e9mi LAROCHE (RL HABITAT), Adeline LAUNOIS (GEHIN GAETAN), Fr\u00e9d\u00e9ric JANIN (FRED\u2019EAU), Christine LEPAUL (CHANTERANNE-LEPAUL). F\u00e9licitations \u00e0 eux !<\/p>\n<p>En fin de s\u00e9ance, un tirage au sort a eu lieu pour gagner de nombreux lots offerts par les partenaires pr\u00e9sents : PRO BTP, CREDIT AGRICOLE, GROUPAMA, MAAF, SCHLUTER SYSTEMS, Domaines et Villages et la Banque Populaire.<br \/>\nL\u2019Assembl\u00e9e g\u00e9n\u00e9rale s\u2019est cl\u00f4tur\u00e9e dans la convivialit\u00e9 autour d\u2019un ap\u00e9ritif.<br \/>\nZoom sur :<br \/>\nLa CAPEB (Conf\u00e9d\u00e9ration de l\u2019Artisanat et des Petites Entreprises du B\u00e2timent)<br \/>\nLa CAPEB est une organisation syndicale patronale d\u2019entreprises artisanales du b\u00e2timent.<br \/>\nLes missions de la CAPEB : promouvoir, d\u00e9fendre, repr\u00e9senter l\u2019artisanat du b\u00e2timent.<br \/>\nLa CAPEB des Vosges est une structure qui soutient les entreprises du BTP dans leurs d\u00e9marches administratives, juridiques\u2026etc.<br \/>\nAvec la CAPEB, les entreprises adh\u00e9rentes ne sont plus seules et isol\u00e9es mais elles font partie d\u2019un r\u00e9seau fort et \u00e0 leur \u00e9coute.<br \/>\nwww.capeb88.fr<\/p>\n","protected":false},"excerpt":{"rendered":"<p>Vendredi 17 mai dernier a eu lieu l\u2019Assembl\u00e9e G\u00e9n\u00e9rale annuelle de la CAPEB des Vosges. &nbsp; S\u00e9ance statutaire : La [&hellip;]<\/p>\n","protected":false},"author":1,"featured_media":41735,"comment_status":"open","ping_status":"open","sticky":false,"template":"","format":"standard","meta":{"footnotes":""},"categories":[20,5,18],"tags":[560],"class_list":["post-41734","post","type-post","status-publish","format-standard","has-post-thumbnail","hentry","category-a-la-une","category-economie","category-vosges","tag-capeb"],"acf":[],"yoast_head":"<!-- This site is optimized with the Yoast SEO plugin v22.5 - https:\/\/yoast.com\/wordpress\/plugins\/seo\/ -->\n<title>CAPEB VOSGES : Retour sur l\u2019assembl\u00e9e g\u00e9n\u00e9rale - Gerardmer Info<\/title>\n<meta name=\"robots\" content=\"index, follow, max-snippet:-1, max-image-preview:large, max-video-preview:-1\" \/>\n<link rel=\"canonical\" href=\"https:\/\/vosgesinfo.fr\/gerardmerinfo\/2019\/05\/capeb-vosges-retour-lassemblee-generale\/\" \/>\n<meta name=\"twitter:card\" content=\"summary_large_image\" \/>\n<meta name=\"twitter:title\" content=\"CAPEB VOSGES : Retour sur l\u2019assembl\u00e9e g\u00e9n\u00e9rale - Gerardmer Info\" \/>\n<meta name=\"twitter:description\" content=\"Vendredi 17 mai dernier a eu lieu l\u2019Assembl\u00e9e G\u00e9n\u00e9rale annuelle de la CAPEB des Vosges. &nbsp; S\u00e9ance statutaire : La [&hellip;]\" \/>\n<meta name=\"twitter:image\" content=\"https:\/\/vosgesinfo.fr\/app\/uploads\/sites\/6\/2024\/07\/201905capeb-vosges-ag-2019-1.jpg\" \/>\n<meta name=\"twitter:creator\" content=\"@VosgesInfo88\" \/>\n<meta name=\"twitter:site\" content=\"@VosgesInfo88\" \/>\n<meta name=\"twitter:label1\" content=\"\u00c9crit par\" \/>\n\t<meta name=\"twitter:data1\" content=\"qs_admin\" \/>\n\t<meta name=\"twitter:label2\" content=\"Dur\u00e9e de lecture estim\u00e9e\" \/>\n\t<meta name=\"twitter:data2\" content=\"5 minutes\" \/>\n<script type=\"application\/ld+json\" class=\"yoast-schema-graph\">{\"@context\":\"https:\/\/schema.org\",\"@graph\":[{\"@type\":\"Article\",\"@id\":\"https:\/\/vosgesinfo.fr\/gerardmerinfo\/2019\/05\/capeb-vosges-retour-lassemblee-generale\/#article\",\"isPartOf\":{\"@id\":\"https:\/\/vosgesinfo.fr\/gerardmerinfo\/2019\/05\/capeb-vosges-retour-lassemblee-generale\/\"},\"author\":{\"name\":\"qs_admin\",\"@id\":\"https:\/\/vosgesinfo.fr\/gerardmerinfo\/#\/schema\/person\/bc5d02d71e6932e81b6dadb7386667b1\"},\"headline\":\"CAPEB VOSGES : Retour sur l\u2019assembl\u00e9e g\u00e9n\u00e9rale\",\"datePublished\":\"2019-05-22T14:51:17+00:00\",\"dateModified\":\"2019-05-22T14:51:17+00:00\",\"mainEntityOfPage\":{\"@id\":\"https:\/\/vosgesinfo.fr\/gerardmerinfo\/2019\/05\/capeb-vosges-retour-lassemblee-generale\/\"},\"wordCount\":1003,\"commentCount\":0,\"publisher\":{\"@id\":\"https:\/\/vosgesinfo.fr\/gerardmerinfo\/#organization\"},\"image\":{\"@id\":\"https:\/\/vosgesinfo.fr\/gerardmerinfo\/2019\/05\/capeb-vosges-retour-lassemblee-generale\/#primaryimage\"},\"thumbnailUrl\":\"https:\/\/vosgesinfo.fr\/app\/uploads\/sites\/6\/2024\/07\/201905capeb-vosges-ag-2019-1.jpg\",\"keywords\":[\"CAPEB\"],\"articleSection\":[\"A la une\",\"\u00c9conomie\",\"Vosges\"],\"inLanguage\":\"fr-FR\",\"potentialAction\":[{\"@type\":\"CommentAction\",\"name\":\"Comment\",\"target\":[\"https:\/\/vosgesinfo.fr\/gerardmerinfo\/2019\/05\/capeb-vosges-retour-lassemblee-generale\/#respond\"]}]},{\"@type\":\"WebPage\",\"@id\":\"https:\/\/vosgesinfo.fr\/gerardmerinfo\/2019\/05\/capeb-vosges-retour-lassemblee-generale\/\",\"url\":\"https:\/\/vosgesinfo.fr\/gerardmerinfo\/2019\/05\/capeb-vosges-retour-lassemblee-generale\/\",\"name\":\"CAPEB VOSGES : Retour sur l\u2019assembl\u00e9e g\u00e9n\u00e9rale - Gerardmer Info\",\"isPartOf\":{\"@id\":\"https:\/\/vosgesinfo.fr\/gerardmerinfo\/#website\"},\"primaryImageOfPage\":{\"@id\":\"https:\/\/vosgesinfo.fr\/gerardmerinfo\/2019\/05\/capeb-vosges-retour-lassemblee-generale\/#primaryimage\"},\"image\":{\"@id\":\"https:\/\/vosgesinfo.fr\/gerardmerinfo\/2019\/05\/capeb-vosges-retour-lassemblee-generale\/#primaryimage\"},\"thumbnailUrl\":\"https:\/\/vosgesinfo.fr\/app\/uploads\/sites\/6\/2024\/07\/201905capeb-vosges-ag-2019-1.jpg\",\"datePublished\":\"2019-05-22T14:51:17+00:00\",\"dateModified\":\"2019-05-22T14:51:17+00:00\",\"breadcrumb\":{\"@id\":\"https:\/\/vosgesinfo.fr\/gerardmerinfo\/2019\/05\/capeb-vosges-retour-lassemblee-generale\/#breadcrumb\"},\"inLanguage\":\"fr-FR\",\"potentialAction\":[{\"@type\":\"ReadAction\",\"target\":[\"https:\/\/vosgesinfo.fr\/gerardmerinfo\/2019\/05\/capeb-vosges-retour-lassemblee-generale\/\"]}]},{\"@type\":\"ImageObject\",\"inLanguage\":\"fr-FR\",\"@id\":\"https:\/\/vosgesinfo.fr\/gerardmerinfo\/2019\/05\/capeb-vosges-retour-lassemblee-generale\/#primaryimage\",\"url\":\"https:\/\/vosgesinfo.fr\/app\/uploads\/sites\/6\/2024\/07\/201905capeb-vosges-ag-2019-1.jpg\",\"contentUrl\":\"https:\/\/vosgesinfo.fr\/app\/uploads\/sites\/6\/2024\/07\/201905capeb-vosges-ag-2019-1.jpg\",\"width\":533,\"height\":800},{\"@type\":\"BreadcrumbList\",\"@id\":\"https:\/\/vosgesinfo.fr\/gerardmerinfo\/2019\/05\/capeb-vosges-retour-lassemblee-generale\/#breadcrumb\",\"itemListElement\":[{\"@type\":\"ListItem\",\"position\":1,\"name\":\"Home\",\"item\":\"https:\/\/vosgesinfo.fr\/gerardmerinfo\/\"},{\"@type\":\"ListItem\",\"position\":2,\"name\":\"CAPEB VOSGES : Retour sur l\u2019assembl\u00e9e g\u00e9n\u00e9rale\"}]},{\"@type\":\"WebSite\",\"@id\":\"https:\/\/vosgesinfo.fr\/gerardmerinfo\/#website\",\"url\":\"https:\/\/vosgesinfo.fr\/gerardmerinfo\/\",\"name\":\"Gerardmer Info\",\"description\":\"Toute l&#039;actualit\u00e9 de G\u00e9rardmer\",\"publisher\":{\"@id\":\"https:\/\/vosgesinfo.fr\/gerardmerinfo\/#organization\"},\"alternateName\":\"Toute l'actualit\u00e9 de G\u00e9rardmer\",\"potentialAction\":[{\"@type\":\"SearchAction\",\"target\":{\"@type\":\"EntryPoint\",\"urlTemplate\":\"https:\/\/vosgesinfo.fr\/gerardmerinfo\/?s={search_term_string}\"},\"query-input\":\"required name=search_term_string\"}],\"inLanguage\":\"fr-FR\"},{\"@type\":\"Organization\",\"@id\":\"https:\/\/vosgesinfo.fr\/gerardmerinfo\/#organization\",\"name\":\"Gerardmer Info\",\"url\":\"https:\/\/vosgesinfo.fr\/gerardmerinfo\/\",\"logo\":{\"@type\":\"ImageObject\",\"inLanguage\":\"fr-FR\",\"@id\":\"https:\/\/vosgesinfo.fr\/gerardmerinfo\/#\/schema\/logo\/image\/\",\"url\":\"https:\/\/vosgesinfo.fr\/app\/uploads\/sites\/6\/2023\/08\/favicon-gerardmerinfo.png\",\"contentUrl\":\"https:\/\/vosgesinfo.fr\/app\/uploads\/sites\/6\/2023\/08\/favicon-gerardmerinfo.png\",\"width\":512,\"height\":512,\"caption\":\"Gerardmer Info\"},\"image\":{\"@id\":\"https:\/\/vosgesinfo.fr\/gerardmerinfo\/#\/schema\/logo\/image\/\"},\"sameAs\":[\"https:\/\/www.facebook.com\/profile.php?id=100049475262660\",\"https:\/\/x.com\/VosgesInfo88\",\"https:\/\/www.youtube.com\/@vosgesinfo\"]},{\"@type\":\"Person\",\"@id\":\"https:\/\/vosgesinfo.fr\/gerardmerinfo\/#\/schema\/person\/bc5d02d71e6932e81b6dadb7386667b1\",\"name\":\"qs_admin\",\"image\":{\"@type\":\"ImageObject\",\"inLanguage\":\"fr-FR\",\"@id\":\"https:\/\/vosgesinfo.fr\/gerardmerinfo\/#\/schema\/person\/image\/\",\"url\":\"https:\/\/secure.gravatar.com\/avatar\/94b18ee0ed79e4a42ea2f2931277b6841a8999fc6fde214600c78057cf1fe1de?s=96&d=mm&r=g\",\"contentUrl\":\"https:\/\/secure.gravatar.com\/avatar\/94b18ee0ed79e4a42ea2f2931277b6841a8999fc6fde214600c78057cf1fe1de?s=96&d=mm&r=g\",\"caption\":\"qs_admin\"},\"sameAs\":[\"https:\/\/vosgesinfo.fr\/wp\"],\"url\":\"https:\/\/vosgesinfo.fr\/gerardmerinfo\/author\/qs_admin\/\"}]}<\/script>\n<!-- \/ Yoast SEO plugin. -->","yoast_head_json":{"title":"CAPEB VOSGES : Retour sur l\u2019assembl\u00e9e g\u00e9n\u00e9rale - Gerardmer Info","robots":{"index":"index","follow":"follow","max-snippet":"max-snippet:-1","max-image-preview":"max-image-preview:large","max-video-preview":"max-video-preview:-1"},"canonical":"https:\/\/vosgesinfo.fr\/gerardmerinfo\/2019\/05\/capeb-vosges-retour-lassemblee-generale\/","twitter_card":"summary_large_image","twitter_title":"CAPEB VOSGES : Retour sur l\u2019assembl\u00e9e g\u00e9n\u00e9rale - Gerardmer Info","twitter_description":"Vendredi 17 mai dernier a eu lieu l\u2019Assembl\u00e9e G\u00e9n\u00e9rale annuelle de la CAPEB des Vosges. &nbsp; S\u00e9ance statutaire : La [&hellip;]","twitter_image":"https:\/\/vosgesinfo.fr\/app\/uploads\/sites\/6\/2024\/07\/201905capeb-vosges-ag-2019-1.jpg","twitter_creator":"@VosgesInfo88","twitter_site":"@VosgesInfo88","twitter_misc":{"\u00c9crit par":"qs_admin","Dur\u00e9e de lecture estim\u00e9e":"5 minutes"},"schema":{"@context":"https:\/\/schema.org","@graph":[{"@type":"Article","@id":"https:\/\/vosgesinfo.fr\/gerardmerinfo\/2019\/05\/capeb-vosges-retour-lassemblee-generale\/#article","isPartOf":{"@id":"https:\/\/vosgesinfo.fr\/gerardmerinfo\/2019\/05\/capeb-vosges-retour-lassemblee-generale\/"},"author":{"name":"qs_admin","@id":"https:\/\/vosgesinfo.fr\/gerardmerinfo\/#\/schema\/person\/bc5d02d71e6932e81b6dadb7386667b1"},"headline":"CAPEB VOSGES : Retour sur l\u2019assembl\u00e9e g\u00e9n\u00e9rale","datePublished":"2019-05-22T14:51:17+00:00","dateModified":"2019-05-22T14:51:17+00:00","mainEntityOfPage":{"@id":"https:\/\/vosgesinfo.fr\/gerardmerinfo\/2019\/05\/capeb-vosges-retour-lassemblee-generale\/"},"wordCount":1003,"commentCount":0,"publisher":{"@id":"https:\/\/vosgesinfo.fr\/gerardmerinfo\/#organization"},"image":{"@id":"https:\/\/vosgesinfo.fr\/gerardmerinfo\/2019\/05\/capeb-vosges-retour-lassemblee-generale\/#primaryimage"},"thumbnailUrl":"https:\/\/vosgesinfo.fr\/app\/uploads\/sites\/6\/2024\/07\/201905capeb-vosges-ag-2019-1.jpg","keywords":["CAPEB"],"articleSection":["A la une","\u00c9conomie","Vosges"],"inLanguage":"fr-FR","potentialAction":[{"@type":"CommentAction","name":"Comment","target":["https:\/\/vosgesinfo.fr\/gerardmerinfo\/2019\/05\/capeb-vosges-retour-lassemblee-generale\/#respond"]}]},{"@type":"WebPage","@id":"https:\/\/vosgesinfo.fr\/gerardmerinfo\/2019\/05\/capeb-vosges-retour-lassemblee-generale\/","url":"https:\/\/vosgesinfo.fr\/gerardmerinfo\/2019\/05\/capeb-vosges-retour-lassemblee-generale\/","name":"CAPEB VOSGES : Retour sur l\u2019assembl\u00e9e g\u00e9n\u00e9rale - Gerardmer Info","isPartOf":{"@id":"https:\/\/vosgesinfo.fr\/gerardmerinfo\/#website"},"primaryImageOfPage":{"@id":"https:\/\/vosgesinfo.fr\/gerardmerinfo\/2019\/05\/capeb-vosges-retour-lassemblee-generale\/#primaryimage"},"image":{"@id":"https:\/\/vosgesinfo.fr\/gerardmerinfo\/2019\/05\/capeb-vosges-retour-lassemblee-generale\/#primaryimage"},"thumbnailUrl":"https:\/\/vosgesinfo.fr\/app\/uploads\/sites\/6\/2024\/07\/201905capeb-vosges-ag-2019-1.jpg","datePublished":"2019-05-22T14:51:17+00:00","dateModified":"2019-05-22T14:51:17+00:00","breadcrumb":{"@id":"https:\/\/vosgesinfo.fr\/gerardmerinfo\/2019\/05\/capeb-vosges-retour-lassemblee-generale\/#breadcrumb"},"inLanguage":"fr-FR","potentialAction":[{"@type":"ReadAction","target":["https:\/\/vosgesinfo.fr\/gerardmerinfo\/2019\/05\/capeb-vosges-retour-lassemblee-generale\/"]}]},{"@type":"ImageObject","inLanguage":"fr-FR","@id":"https:\/\/vosgesinfo.fr\/gerardmerinfo\/2019\/05\/capeb-vosges-retour-lassemblee-generale\/#primaryimage","url":"https:\/\/vosgesinfo.fr\/app\/uploads\/sites\/6\/2024\/07\/201905capeb-vosges-ag-2019-1.jpg","contentUrl":"https:\/\/vosgesinfo.fr\/app\/uploads\/sites\/6\/2024\/07\/201905capeb-vosges-ag-2019-1.jpg","width":533,"height":800},{"@type":"BreadcrumbList","@id":"https:\/\/vosgesinfo.fr\/gerardmerinfo\/2019\/05\/capeb-vosges-retour-lassemblee-generale\/#breadcrumb","itemListElement":[{"@type":"ListItem","position":1,"name":"Home","item":"https:\/\/vosgesinfo.fr\/gerardmerinfo\/"},{"@type":"ListItem","position":2,"name":"CAPEB VOSGES : Retour sur l\u2019assembl\u00e9e g\u00e9n\u00e9rale"}]},{"@type":"WebSite","@id":"https:\/\/vosgesinfo.fr\/gerardmerinfo\/#website","url":"https:\/\/vosgesinfo.fr\/gerardmerinfo\/","name":"Gerardmer Info","description":"Toute l&#039;actualit\u00e9 de G\u00e9rardmer","publisher":{"@id":"https:\/\/vosgesinfo.fr\/gerardmerinfo\/#organization"},"alternateName":"Toute l'actualit\u00e9 de G\u00e9rardmer","potentialAction":[{"@type":"SearchAction","target":{"@type":"EntryPoint","urlTemplate":"https:\/\/vosgesinfo.fr\/gerardmerinfo\/?s={search_term_string}"},"query-input":"required name=search_term_string"}],"inLanguage":"fr-FR"},{"@type":"Organization","@id":"https:\/\/vosgesinfo.fr\/gerardmerinfo\/#organization","name":"Gerardmer Info","url":"https:\/\/vosgesinfo.fr\/gerardmerinfo\/","logo":{"@type":"ImageObject","inLanguage":"fr-FR","@id":"https:\/\/vosgesinfo.fr\/gerardmerinfo\/#\/schema\/logo\/image\/","url":"https:\/\/vosgesinfo.fr\/app\/uploads\/sites\/6\/2023\/08\/favicon-gerardmerinfo.png","contentUrl":"https:\/\/vosgesinfo.fr\/app\/uploads\/sites\/6\/2023\/08\/favicon-gerardmerinfo.png","width":512,"height":512,"caption":"Gerardmer Info"},"image":{"@id":"https:\/\/vosgesinfo.fr\/gerardmerinfo\/#\/schema\/logo\/image\/"},"sameAs":["https:\/\/www.facebook.com\/profile.php?id=100049475262660","https:\/\/x.com\/VosgesInfo88","https:\/\/www.youtube.com\/@vosgesinfo"]},{"@type":"Person","@id":"https:\/\/vosgesinfo.fr\/gerardmerinfo\/#\/schema\/person\/bc5d02d71e6932e81b6dadb7386667b1","name":"qs_admin","image":{"@type":"ImageObject","inLanguage":"fr-FR","@id":"https:\/\/vosgesinfo.fr\/gerardmerinfo\/#\/schema\/person\/image\/","url":"https:\/\/secure.gravatar.com\/avatar\/94b18ee0ed79e4a42ea2f2931277b6841a8999fc6fde214600c78057cf1fe1de?s=96&d=mm&r=g","contentUrl":"https:\/\/secure.gravatar.com\/avatar\/94b18ee0ed79e4a42ea2f2931277b6841a8999fc6fde214600c78057cf1fe1de?s=96&d=mm&r=g","caption":"qs_admin"},"sameAs":["https:\/\/vosgesinfo.fr\/wp"],"url":"https:\/\/vosgesinfo.fr\/gerardmerinfo\/author\/qs_admin\/"}]}},"_links":{"self":[{"href":"https:\/\/vosgesinfo.fr\/gerardmerinfo\/wp-json\/wp\/v2\/posts\/41734","targetHints":{"allow":["GET"]}}],"collection":[{"href":"https:\/\/vosgesinfo.fr\/gerardmerinfo\/wp-json\/wp\/v2\/posts"}],"about":[{"href":"https:\/\/vosgesinfo.fr\/gerardmerinfo\/wp-json\/wp\/v2\/types\/post"}],"author":[{"embeddable":true,"href":"https:\/\/vosgesinfo.fr\/gerardmerinfo\/wp-json\/wp\/v2\/users\/1"}],"replies":[{"embeddable":true,"href":"https:\/\/vosgesinfo.fr\/gerardmerinfo\/wp-json\/wp\/v2\/comments?post=41734"}],"version-history":[{"count":0,"href":"https:\/\/vosgesinfo.fr\/gerardmerinfo\/wp-json\/wp\/v2\/posts\/41734\/revisions"}],"wp:featuredmedia":[{"embeddable":true,"href":"https:\/\/vosgesinfo.fr\/gerardmerinfo\/wp-json\/wp\/v2\/media\/41735"}],"wp:attachment":[{"href":"https:\/\/vosgesinfo.fr\/gerardmerinfo\/wp-json\/wp\/v2\/media?parent=41734"}],"wp:term":[{"taxonomy":"category","embeddable":true,"href":"https:\/\/vosgesinfo.fr\/gerardmerinfo\/wp-json\/wp\/v2\/categories?post=41734"},{"taxonomy":"post_tag","embeddable":true,"href":"https:\/\/vosgesinfo.fr\/gerardmerinfo\/wp-json\/wp\/v2\/tags?post=41734"}],"curies":[{"name":"wp","href":"https:\/\/api.w.org\/{rel}","templated":true}]}}