{"id":41737,"date":"2019-05-22T16:55:07","date_gmt":"2019-05-22T14:55:07","guid":{"rendered":"https:\/\/vosgesinfo.fr\/gerardmerinfo\/2019\/05\/gendarme-pgm-decore-de-medaille-secours-montagne\/"},"modified":"2019-05-22T16:55:07","modified_gmt":"2019-05-22T14:55:07","slug":"gendarme-pgm-decore-de-medaille-secours-montagne","status":"publish","type":"post","link":"https:\/\/vosgesinfo.fr\/gerardmerinfo\/2019\/05\/gendarme-pgm-decore-de-medaille-secours-montagne\/","title":{"rendered":"Un gendarme du PGM d\u00e9cor\u00e9 de la m\u00e9daille du secours en montagne"},"content":{"rendered":"<p><a href=\"\/2019\/05\/fabrice-didier-medaille-secours-montagne-PGN-xonrupt-1.jpg\"><img decoding=\"async\" class=\"aligncenter size-full wp-image-147092\" src=\"\/2019\/05\/fabrice-didier-medaille-secours-montagne-PGN-xonrupt-1.jpg\" alt=\"fabrice didier medaille secours montagne PGN xonrupt (1)\" width=\"800\" height=\"600\" \/><\/a><\/p>\n<p>Mardi apr\u00e8s-midi, le Peloton de Gendarmerie de Montagne avait le plaisir et l&rsquo;honneur de recevoir Isabelle Wack, pr\u00e9sidente de la F\u00e9d\u00e9ration Fran\u00e7aise de la Montagne et de l&rsquo;Escalade (FFME), structure qui d\u00e9cerne les m\u00e9dailles du secours en montagne.<\/p>\n<p>Cette d\u00e9coration est destin\u00e9e aux secouristes qui ont effectu\u00e9 un minimum d&rsquo;une quinzaine de secours dits techniques. Les gendarmes des PGM ne sont donc pas les seuls concern\u00e9s par cette m\u00e9daille qui peut \u00eatre attribu\u00e9e aux pompiers et aux autres corps de m\u00e9tiers amen\u00e9s \u00e0 participer \u00e0 des secours en milieu montagnard. Une commission propose alors au Conseil d&rsquo;Administration de la FFME de valider la demande de m\u00e9daille du secouriste.<\/p>\n<p><a href=\"\/2019\/05\/fabrice-didier-medaille-secours-montagne-PGN-xonrupt-3.jpg\"><img decoding=\"async\" class=\"alignright size-medium wp-image-147094\" src=\"\/2019\/05\/fabrice-didier-medaille-secours-montagne-PGN-xonrupt-3-340x255.jpg\" alt=\"fabrice didier medaille secours montagne PGN xonrupt (3)\" width=\"340\" height=\"255\" \/><\/a>En l\u2019occurrence, pour l&rsquo;adjudant-chef Fabrice Didier, le C. A n&rsquo;a pas h\u00e9sit\u00e9, ses \u00e9tats de service sont \u00e9loquents, lui qui a rejoint le PGM de Xonrupt-Longemer en janvier 1995 apr\u00e8s \u00eatre sorti de l&rsquo;\u00e9cole de Chaumont. L&rsquo;un de ses secours les plus marquants : celui d&rsquo;une fillette de 3 ans, disparue alors qu&rsquo;elle \u00e9tait partie cueillir des myrtilles avec ses parents. Partis \u00e0 sa recherche en moto tout-terrain, avec ses coll\u00e8gues, le gendarme la retrouvera assoupie dans un chemin. Parmi les souvenirs marquants, il y a \u00e9galement cette fameuse temp\u00eate de neige qui aurait pu perdre Fabrice Didier et l&rsquo;adjudant-chef Patrice Pulcher alors qu&rsquo;ils recherchaient depuis plus de 3 heures un skieur de randonn\u00e9e perdu dans le secteur du Sotr\u00e9. \u00ab\u00a0On ne voyait pas \u00e0 plus de 2m\u00e8tres et le skieur n&rsquo;aurait sans doute pas pass\u00e9 la nuit !\u00a0\u00bb pr\u00e9cise le secouriste.<\/p>\n<p>Ce dernier se rappelle enfin le sauvetage p\u00e9rilleux d&rsquo;un grimpeur qui avait fait une chute sur une cascade de glace dans le secteur du lac Blanc. Il avait \u00e9t\u00e9 n\u00e9cessaire de m\u00e9dicaliser la victime avant de pouvoir l&rsquo;\u00e9vacuer&#8230; De belles aventures \u00e0 raconter entre coll\u00e8gues, des coll\u00e8gues venus en nombre pour cette remise de m\u00e9daille. On avait en effet rarement vu autant de monde au PGM, et ce la faisait sans aucun doute chaud au c\u0153ur du r\u00e9cipiendaire. Outre la pr\u00e9sidente de la FFME et le maire de Xonrupt-Longemer Michel Bertrand, on notera \u00e9galement la pr\u00e9sence de l&rsquo;unit\u00e9 de coordination technique montagne de la direction g\u00e9n\u00e9rale de la Gendarmerie. Principalement bas\u00e9e \u00e0 Chamonix, cette unit\u00e9 qui sert de conseil au niveau de la sp\u00e9cialit\u00e9 montagne, suit les unit\u00e9s sp\u00e9cialis\u00e9es et r\u00e9alise des audits en interne. Tout ce petit monde s&rsquo;est donc retrouv\u00e9 pour conclure la c\u00e9r\u00e9monie par un traditionnel pot de l&rsquo;amiti\u00e9 !<\/p>\n<p><a href=\"\/2019\/05\/fabrice-didier-medaille-secours-montagne-PGN-xonrupt-2.jpg\"><img decoding=\"async\" class=\"aligncenter size-full wp-image-147093\" src=\"\/2019\/05\/fabrice-didier-medaille-secours-montagne-PGN-xonrupt-2.jpg\" alt=\"fabrice didier medaille secours montagne PGN xonrupt (2)\" width=\"800\" height=\"600\" \/><\/a><\/p>\n","protected":false},"excerpt":{"rendered":"<p>Mardi apr\u00e8s-midi, le Peloton de Gendarmerie de Montagne avait le plaisir et l&rsquo;honneur de recevoir Isabelle Wack, pr\u00e9sidente de la [&hellip;]<\/p>\n","protected":false},"author":42,"featured_media":41738,"comment_status":"open","ping_status":"open","sticky":false,"template":"","format":"standard","meta":{"footnotes":""},"categories":[20,25,42,40],"tags":[4116,4117,4118,4119],"class_list":["post-41737","post","type-post","status-publish","format-standard","has-post-thumbnail","hentry","category-a-la-une","category-gerardmer","category-xonrupt-longemer","category-xonrupt-liezey","tag-fabrice-didier","tag-ffme","tag-medaille-du-secours-en-montagne","tag-pgm-xonrupt-longemer"],"acf":[],"yoast_head":"<!-- This site is optimized with the Yoast SEO plugin v22.5 - https:\/\/yoast.com\/wordpress\/plugins\/seo\/ -->\n<title>Un gendarme du PGM d\u00e9cor\u00e9 de la m\u00e9daille du secours en montagne - Gerardmer Info<\/title>\n<meta name=\"robots\" content=\"index, follow, max-snippet:-1, max-image-preview:large, max-video-preview:-1\" \/>\n<link rel=\"canonical\" href=\"https:\/\/vosgesinfo.fr\/gerardmerinfo\/2019\/05\/gendarme-pgm-decore-de-medaille-secours-montagne\/\" \/>\n<meta name=\"twitter:card\" content=\"summary_large_image\" \/>\n<meta name=\"twitter:title\" content=\"Un gendarme du PGM d\u00e9cor\u00e9 de la m\u00e9daille du secours en montagne - Gerardmer Info\" \/>\n<meta name=\"twitter:description\" content=\"Mardi apr\u00e8s-midi, le Peloton de Gendarmerie de Montagne avait le plaisir et l&rsquo;honneur de recevoir Isabelle Wack, pr\u00e9sidente de la [&hellip;]\" \/>\n<meta name=\"twitter:image\" content=\"https:\/\/vosgesinfo.fr\/app\/uploads\/sites\/6\/2024\/07\/201905fabrice-didier-medaille-secours-montagne-pgn-xonrupt-1.jpg\" \/>\n<meta name=\"twitter:creator\" content=\"@VosgesInfo88\" \/>\n<meta name=\"twitter:site\" content=\"@VosgesInfo88\" \/>\n<meta name=\"twitter:label1\" content=\"\u00c9crit par\" \/>\n\t<meta name=\"twitter:data1\" content=\"QG\" \/>\n\t<meta name=\"twitter:label2\" content=\"Dur\u00e9e de lecture estim\u00e9e\" \/>\n\t<meta name=\"twitter:data2\" content=\"2 minutes\" \/>\n<script type=\"application\/ld+json\" class=\"yoast-schema-graph\">{\"@context\":\"https:\/\/schema.org\",\"@graph\":[{\"@type\":\"Article\",\"@id\":\"https:\/\/vosgesinfo.fr\/gerardmerinfo\/2019\/05\/gendarme-pgm-decore-de-medaille-secours-montagne\/#article\",\"isPartOf\":{\"@id\":\"https:\/\/vosgesinfo.fr\/gerardmerinfo\/2019\/05\/gendarme-pgm-decore-de-medaille-secours-montagne\/\"},\"author\":{\"name\":\"QG\",\"@id\":\"https:\/\/vosgesinfo.fr\/gerardmerinfo\/#\/schema\/person\/db5605779a843dad16b5368f3e7613a5\"},\"headline\":\"Un gendarme du PGM d\u00e9cor\u00e9 de la m\u00e9daille du secours en montagne\",\"datePublished\":\"2019-05-22T14:55:07+00:00\",\"dateModified\":\"2019-05-22T14:55:07+00:00\",\"mainEntityOfPage\":{\"@id\":\"https:\/\/vosgesinfo.fr\/gerardmerinfo\/2019\/05\/gendarme-pgm-decore-de-medaille-secours-montagne\/\"},\"wordCount\":466,\"commentCount\":0,\"publisher\":{\"@id\":\"https:\/\/vosgesinfo.fr\/gerardmerinfo\/#organization\"},\"image\":{\"@id\":\"https:\/\/vosgesinfo.fr\/gerardmerinfo\/2019\/05\/gendarme-pgm-decore-de-medaille-secours-montagne\/#primaryimage\"},\"thumbnailUrl\":\"https:\/\/vosgesinfo.fr\/app\/uploads\/sites\/6\/2024\/07\/201905fabrice-didier-medaille-secours-montagne-pgn-xonrupt-1.jpg\",\"keywords\":[\"Fabrice Didier\",\"FFME\",\"m\u00e9daille du secours en montagne\",\"PGM xonrupt Longemer\"],\"articleSection\":[\"A la une\",\"G\u00e9rardmer\",\"Xonrupt-Longemer\",\"Xonrupt\/Liezey\"],\"inLanguage\":\"fr-FR\",\"potentialAction\":[{\"@type\":\"CommentAction\",\"name\":\"Comment\",\"target\":[\"https:\/\/vosgesinfo.fr\/gerardmerinfo\/2019\/05\/gendarme-pgm-decore-de-medaille-secours-montagne\/#respond\"]}]},{\"@type\":\"WebPage\",\"@id\":\"https:\/\/vosgesinfo.fr\/gerardmerinfo\/2019\/05\/gendarme-pgm-decore-de-medaille-secours-montagne\/\",\"url\":\"https:\/\/vosgesinfo.fr\/gerardmerinfo\/2019\/05\/gendarme-pgm-decore-de-medaille-secours-montagne\/\",\"name\":\"Un gendarme du PGM d\u00e9cor\u00e9 de la m\u00e9daille du secours en montagne - Gerardmer Info\",\"isPartOf\":{\"@id\":\"https:\/\/vosgesinfo.fr\/gerardmerinfo\/#website\"},\"primaryImageOfPage\":{\"@id\":\"https:\/\/vosgesinfo.fr\/gerardmerinfo\/2019\/05\/gendarme-pgm-decore-de-medaille-secours-montagne\/#primaryimage\"},\"image\":{\"@id\":\"https:\/\/vosgesinfo.fr\/gerardmerinfo\/2019\/05\/gendarme-pgm-decore-de-medaille-secours-montagne\/#primaryimage\"},\"thumbnailUrl\":\"https:\/\/vosgesinfo.fr\/app\/uploads\/sites\/6\/2024\/07\/201905fabrice-didier-medaille-secours-montagne-pgn-xonrupt-1.jpg\",\"datePublished\":\"2019-05-22T14:55:07+00:00\",\"dateModified\":\"2019-05-22T14:55:07+00:00\",\"breadcrumb\":{\"@id\":\"https:\/\/vosgesinfo.fr\/gerardmerinfo\/2019\/05\/gendarme-pgm-decore-de-medaille-secours-montagne\/#breadcrumb\"},\"inLanguage\":\"fr-FR\",\"potentialAction\":[{\"@type\":\"ReadAction\",\"target\":[\"https:\/\/vosgesinfo.fr\/gerardmerinfo\/2019\/05\/gendarme-pgm-decore-de-medaille-secours-montagne\/\"]}]},{\"@type\":\"ImageObject\",\"inLanguage\":\"fr-FR\",\"@id\":\"https:\/\/vosgesinfo.fr\/gerardmerinfo\/2019\/05\/gendarme-pgm-decore-de-medaille-secours-montagne\/#primaryimage\",\"url\":\"https:\/\/vosgesinfo.fr\/app\/uploads\/sites\/6\/2024\/07\/201905fabrice-didier-medaille-secours-montagne-pgn-xonrupt-1.jpg\",\"contentUrl\":\"https:\/\/vosgesinfo.fr\/app\/uploads\/sites\/6\/2024\/07\/201905fabrice-didier-medaille-secours-montagne-pgn-xonrupt-1.jpg\",\"width\":800,\"height\":600},{\"@type\":\"BreadcrumbList\",\"@id\":\"https:\/\/vosgesinfo.fr\/gerardmerinfo\/2019\/05\/gendarme-pgm-decore-de-medaille-secours-montagne\/#breadcrumb\",\"itemListElement\":[{\"@type\":\"ListItem\",\"position\":1,\"name\":\"Home\",\"item\":\"https:\/\/vosgesinfo.fr\/gerardmerinfo\/\"},{\"@type\":\"ListItem\",\"position\":2,\"name\":\"Un gendarme du PGM d\u00e9cor\u00e9 de la m\u00e9daille du secours en montagne\"}]},{\"@type\":\"WebSite\",\"@id\":\"https:\/\/vosgesinfo.fr\/gerardmerinfo\/#website\",\"url\":\"https:\/\/vosgesinfo.fr\/gerardmerinfo\/\",\"name\":\"Gerardmer Info\",\"description\":\"Toute l&#039;actualit\u00e9 de G\u00e9rardmer\",\"publisher\":{\"@id\":\"https:\/\/vosgesinfo.fr\/gerardmerinfo\/#organization\"},\"alternateName\":\"Toute l'actualit\u00e9 de G\u00e9rardmer\",\"potentialAction\":[{\"@type\":\"SearchAction\",\"target\":{\"@type\":\"EntryPoint\",\"urlTemplate\":\"https:\/\/vosgesinfo.fr\/gerardmerinfo\/?s={search_term_string}\"},\"query-input\":\"required name=search_term_string\"}],\"inLanguage\":\"fr-FR\"},{\"@type\":\"Organization\",\"@id\":\"https:\/\/vosgesinfo.fr\/gerardmerinfo\/#organization\",\"name\":\"Gerardmer Info\",\"url\":\"https:\/\/vosgesinfo.fr\/gerardmerinfo\/\",\"logo\":{\"@type\":\"ImageObject\",\"inLanguage\":\"fr-FR\",\"@id\":\"https:\/\/vosgesinfo.fr\/gerardmerinfo\/#\/schema\/logo\/image\/\",\"url\":\"https:\/\/vosgesinfo.fr\/app\/uploads\/sites\/6\/2023\/08\/favicon-gerardmerinfo.png\",\"contentUrl\":\"https:\/\/vosgesinfo.fr\/app\/uploads\/sites\/6\/2023\/08\/favicon-gerardmerinfo.png\",\"width\":512,\"height\":512,\"caption\":\"Gerardmer Info\"},\"image\":{\"@id\":\"https:\/\/vosgesinfo.fr\/gerardmerinfo\/#\/schema\/logo\/image\/\"},\"sameAs\":[\"https:\/\/www.facebook.com\/profile.php?id=100049475262660\",\"https:\/\/x.com\/VosgesInfo88\",\"https:\/\/www.youtube.com\/@vosgesinfo\"]},{\"@type\":\"Person\",\"@id\":\"https:\/\/vosgesinfo.fr\/gerardmerinfo\/#\/schema\/person\/db5605779a843dad16b5368f3e7613a5\",\"name\":\"QG\",\"image\":{\"@type\":\"ImageObject\",\"inLanguage\":\"fr-FR\",\"@id\":\"https:\/\/vosgesinfo.fr\/gerardmerinfo\/#\/schema\/person\/image\/\",\"url\":\"https:\/\/secure.gravatar.com\/avatar\/ea80c42c204b534408512832fde52504ecabb9706bcb6151cf6175e5b64e6793?s=96&d=mm&r=g\",\"contentUrl\":\"https:\/\/secure.gravatar.com\/avatar\/ea80c42c204b534408512832fde52504ecabb9706bcb6151cf6175e5b64e6793?s=96&d=mm&r=g\",\"caption\":\"QG\"},\"url\":\"https:\/\/vosgesinfo.fr\/gerardmerinfo\/author\/quentin88\/\"}]}<\/script>\n<!-- \/ Yoast SEO plugin. -->","yoast_head_json":{"title":"Un gendarme du PGM d\u00e9cor\u00e9 de la m\u00e9daille du secours en montagne - Gerardmer Info","robots":{"index":"index","follow":"follow","max-snippet":"max-snippet:-1","max-image-preview":"max-image-preview:large","max-video-preview":"max-video-preview:-1"},"canonical":"https:\/\/vosgesinfo.fr\/gerardmerinfo\/2019\/05\/gendarme-pgm-decore-de-medaille-secours-montagne\/","twitter_card":"summary_large_image","twitter_title":"Un gendarme du PGM d\u00e9cor\u00e9 de la m\u00e9daille du secours en montagne - Gerardmer Info","twitter_description":"Mardi apr\u00e8s-midi, le Peloton de Gendarmerie de Montagne avait le plaisir et l&rsquo;honneur de recevoir Isabelle Wack, pr\u00e9sidente de la [&hellip;]","twitter_image":"https:\/\/vosgesinfo.fr\/app\/uploads\/sites\/6\/2024\/07\/201905fabrice-didier-medaille-secours-montagne-pgn-xonrupt-1.jpg","twitter_creator":"@VosgesInfo88","twitter_site":"@VosgesInfo88","twitter_misc":{"\u00c9crit par":"QG","Dur\u00e9e de lecture estim\u00e9e":"2 minutes"},"schema":{"@context":"https:\/\/schema.org","@graph":[{"@type":"Article","@id":"https:\/\/vosgesinfo.fr\/gerardmerinfo\/2019\/05\/gendarme-pgm-decore-de-medaille-secours-montagne\/#article","isPartOf":{"@id":"https:\/\/vosgesinfo.fr\/gerardmerinfo\/2019\/05\/gendarme-pgm-decore-de-medaille-secours-montagne\/"},"author":{"name":"QG","@id":"https:\/\/vosgesinfo.fr\/gerardmerinfo\/#\/schema\/person\/db5605779a843dad16b5368f3e7613a5"},"headline":"Un gendarme du PGM d\u00e9cor\u00e9 de la m\u00e9daille du secours en montagne","datePublished":"2019-05-22T14:55:07+00:00","dateModified":"2019-05-22T14:55:07+00:00","mainEntityOfPage":{"@id":"https:\/\/vosgesinfo.fr\/gerardmerinfo\/2019\/05\/gendarme-pgm-decore-de-medaille-secours-montagne\/"},"wordCount":466,"commentCount":0,"publisher":{"@id":"https:\/\/vosgesinfo.fr\/gerardmerinfo\/#organization"},"image":{"@id":"https:\/\/vosgesinfo.fr\/gerardmerinfo\/2019\/05\/gendarme-pgm-decore-de-medaille-secours-montagne\/#primaryimage"},"thumbnailUrl":"https:\/\/vosgesinfo.fr\/app\/uploads\/sites\/6\/2024\/07\/201905fabrice-didier-medaille-secours-montagne-pgn-xonrupt-1.jpg","keywords":["Fabrice Didier","FFME","m\u00e9daille du secours en montagne","PGM xonrupt Longemer"],"articleSection":["A la une","G\u00e9rardmer","Xonrupt-Longemer","Xonrupt\/Liezey"],"inLanguage":"fr-FR","potentialAction":[{"@type":"CommentAction","name":"Comment","target":["https:\/\/vosgesinfo.fr\/gerardmerinfo\/2019\/05\/gendarme-pgm-decore-de-medaille-secours-montagne\/#respond"]}]},{"@type":"WebPage","@id":"https:\/\/vosgesinfo.fr\/gerardmerinfo\/2019\/05\/gendarme-pgm-decore-de-medaille-secours-montagne\/","url":"https:\/\/vosgesinfo.fr\/gerardmerinfo\/2019\/05\/gendarme-pgm-decore-de-medaille-secours-montagne\/","name":"Un gendarme du PGM d\u00e9cor\u00e9 de la m\u00e9daille du secours en montagne - Gerardmer Info","isPartOf":{"@id":"https:\/\/vosgesinfo.fr\/gerardmerinfo\/#website"},"primaryImageOfPage":{"@id":"https:\/\/vosgesinfo.fr\/gerardmerinfo\/2019\/05\/gendarme-pgm-decore-de-medaille-secours-montagne\/#primaryimage"},"image":{"@id":"https:\/\/vosgesinfo.fr\/gerardmerinfo\/2019\/05\/gendarme-pgm-decore-de-medaille-secours-montagne\/#primaryimage"},"thumbnailUrl":"https:\/\/vosgesinfo.fr\/app\/uploads\/sites\/6\/2024\/07\/201905fabrice-didier-medaille-secours-montagne-pgn-xonrupt-1.jpg","datePublished":"2019-05-22T14:55:07+00:00","dateModified":"2019-05-22T14:55:07+00:00","breadcrumb":{"@id":"https:\/\/vosgesinfo.fr\/gerardmerinfo\/2019\/05\/gendarme-pgm-decore-de-medaille-secours-montagne\/#breadcrumb"},"inLanguage":"fr-FR","potentialAction":[{"@type":"ReadAction","target":["https:\/\/vosgesinfo.fr\/gerardmerinfo\/2019\/05\/gendarme-pgm-decore-de-medaille-secours-montagne\/"]}]},{"@type":"ImageObject","inLanguage":"fr-FR","@id":"https:\/\/vosgesinfo.fr\/gerardmerinfo\/2019\/05\/gendarme-pgm-decore-de-medaille-secours-montagne\/#primaryimage","url":"https:\/\/vosgesinfo.fr\/app\/uploads\/sites\/6\/2024\/07\/201905fabrice-didier-medaille-secours-montagne-pgn-xonrupt-1.jpg","contentUrl":"https:\/\/vosgesinfo.fr\/app\/uploads\/sites\/6\/2024\/07\/201905fabrice-didier-medaille-secours-montagne-pgn-xonrupt-1.jpg","width":800,"height":600},{"@type":"BreadcrumbList","@id":"https:\/\/vosgesinfo.fr\/gerardmerinfo\/2019\/05\/gendarme-pgm-decore-de-medaille-secours-montagne\/#breadcrumb","itemListElement":[{"@type":"ListItem","position":1,"name":"Home","item":"https:\/\/vosgesinfo.fr\/gerardmerinfo\/"},{"@type":"ListItem","position":2,"name":"Un gendarme du PGM d\u00e9cor\u00e9 de la m\u00e9daille du secours en montagne"}]},{"@type":"WebSite","@id":"https:\/\/vosgesinfo.fr\/gerardmerinfo\/#website","url":"https:\/\/vosgesinfo.fr\/gerardmerinfo\/","name":"Gerardmer Info","description":"Toute l&#039;actualit\u00e9 de G\u00e9rardmer","publisher":{"@id":"https:\/\/vosgesinfo.fr\/gerardmerinfo\/#organization"},"alternateName":"Toute l'actualit\u00e9 de G\u00e9rardmer","potentialAction":[{"@type":"SearchAction","target":{"@type":"EntryPoint","urlTemplate":"https:\/\/vosgesinfo.fr\/gerardmerinfo\/?s={search_term_string}"},"query-input":"required name=search_term_string"}],"inLanguage":"fr-FR"},{"@type":"Organization","@id":"https:\/\/vosgesinfo.fr\/gerardmerinfo\/#organization","name":"Gerardmer Info","url":"https:\/\/vosgesinfo.fr\/gerardmerinfo\/","logo":{"@type":"ImageObject","inLanguage":"fr-FR","@id":"https:\/\/vosgesinfo.fr\/gerardmerinfo\/#\/schema\/logo\/image\/","url":"https:\/\/vosgesinfo.fr\/app\/uploads\/sites\/6\/2023\/08\/favicon-gerardmerinfo.png","contentUrl":"https:\/\/vosgesinfo.fr\/app\/uploads\/sites\/6\/2023\/08\/favicon-gerardmerinfo.png","width":512,"height":512,"caption":"Gerardmer Info"},"image":{"@id":"https:\/\/vosgesinfo.fr\/gerardmerinfo\/#\/schema\/logo\/image\/"},"sameAs":["https:\/\/www.facebook.com\/profile.php?id=100049475262660","https:\/\/x.com\/VosgesInfo88","https:\/\/www.youtube.com\/@vosgesinfo"]},{"@type":"Person","@id":"https:\/\/vosgesinfo.fr\/gerardmerinfo\/#\/schema\/person\/db5605779a843dad16b5368f3e7613a5","name":"QG","image":{"@type":"ImageObject","inLanguage":"fr-FR","@id":"https:\/\/vosgesinfo.fr\/gerardmerinfo\/#\/schema\/person\/image\/","url":"https:\/\/secure.gravatar.com\/avatar\/ea80c42c204b534408512832fde52504ecabb9706bcb6151cf6175e5b64e6793?s=96&d=mm&r=g","contentUrl":"https:\/\/secure.gravatar.com\/avatar\/ea80c42c204b534408512832fde52504ecabb9706bcb6151cf6175e5b64e6793?s=96&d=mm&r=g","caption":"QG"},"url":"https:\/\/vosgesinfo.fr\/gerardmerinfo\/author\/quentin88\/"}]}},"_links":{"self":[{"href":"https:\/\/vosgesinfo.fr\/gerardmerinfo\/wp-json\/wp\/v2\/posts\/41737","targetHints":{"allow":["GET"]}}],"collection":[{"href":"https:\/\/vosgesinfo.fr\/gerardmerinfo\/wp-json\/wp\/v2\/posts"}],"about":[{"href":"https:\/\/vosgesinfo.fr\/gerardmerinfo\/wp-json\/wp\/v2\/types\/post"}],"author":[{"embeddable":true,"href":"https:\/\/vosgesinfo.fr\/gerardmerinfo\/wp-json\/wp\/v2\/users\/42"}],"replies":[{"embeddable":true,"href":"https:\/\/vosgesinfo.fr\/gerardmerinfo\/wp-json\/wp\/v2\/comments?post=41737"}],"version-history":[{"count":0,"href":"https:\/\/vosgesinfo.fr\/gerardmerinfo\/wp-json\/wp\/v2\/posts\/41737\/revisions"}],"wp:featuredmedia":[{"embeddable":true,"href":"https:\/\/vosgesinfo.fr\/gerardmerinfo\/wp-json\/wp\/v2\/media\/41738"}],"wp:attachment":[{"href":"https:\/\/vosgesinfo.fr\/gerardmerinfo\/wp-json\/wp\/v2\/media?parent=41737"}],"wp:term":[{"taxonomy":"category","embeddable":true,"href":"https:\/\/vosgesinfo.fr\/gerardmerinfo\/wp-json\/wp\/v2\/categories?post=41737"},{"taxonomy":"post_tag","embeddable":true,"href":"https:\/\/vosgesinfo.fr\/gerardmerinfo\/wp-json\/wp\/v2\/tags?post=41737"}],"curies":[{"name":"wp","href":"https:\/\/api.w.org\/{rel}","templated":true}]}}