{"id":41767,"date":"2019-05-24T08:16:16","date_gmt":"2019-05-24T06:16:16","guid":{"rendered":"https:\/\/vosgesinfo.fr\/gerardmerinfo\/2019\/05\/joyeux-anniversaire-georgette\/"},"modified":"2019-05-24T08:16:16","modified_gmt":"2019-05-24T06:16:16","slug":"joyeux-anniversaire-georgette","status":"publish","type":"post","link":"https:\/\/vosgesinfo.fr\/gerardmerinfo\/2019\/05\/joyeux-anniversaire-georgette\/","title":{"rendered":"Joyeux anniversaire Georgette !"},"content":{"rendered":"<p><a href=\"\/2019\/05\/Georgette_Demange-3.jpg\"><img decoding=\"async\" class=\"aligncenter wp-image-147185\" src=\"\/2019\/05\/Georgette_Demange-3.jpg\" alt=\"Georgette_Demange (3)\" width=\"600\" height=\"455\" \/><\/a><\/p>\n<h3><span style=\"font-size: 12pt;\">C&rsquo;est entour\u00e9e de ses proches, des repr\u00e9sentants du Conseil D\u00e9partemental et de la municipalit\u00e9 g\u00e9r\u00f4moise que Georgette Demange a eu le plaisir de c\u00e9l\u00e9brer en toute simplicit\u00e9 son centi\u00e8me anniversaire.<br \/>\n<\/span><\/h3>\n<p><span style=\"font-size: 12pt;\">Et c&rsquo;est dans les locaux de l&rsquo;AVF, dont elle a largement particip\u00e9 \u00e0 l\u2019essor, que cette sympathique petite c\u00e9r\u00e9monie a eu lieu et que cette centenaire rayonnante est revenue sur quelques pans de sa petite histoire, forc\u00e9ment li\u00e9e \u00e0 l&rsquo;antenne locale qu&rsquo;elle a longtemps pr\u00e9sid\u00e9. C&rsquo;est e<\/span><span style=\"font-size: 12pt;\">n 1987 qu&rsquo; elle a cr\u00e9\u00e9<\/span><span style=\"font-size: 12pt;\"> avec Fran\u00e7oise Buffet<\/span><span style=\"font-size: 12pt;\"> cette association particuli\u00e8rement dynamique qui contribue entre autre \u00e0 l&rsquo;int\u00e9gration des nouveaux arrivants en proposant de nombreuses d\u2019activit\u00e9s et moments de convivialit\u00e9. Un fonctionnement et une tradition que perp\u00e9tuent d&rsquo;ailleurs les membres de l&rsquo;AVF et leur actuelle pr\u00e9sidente Mich\u00e8le Mombelli qui n&rsquo;auraient manqu\u00e9 cet \u00e9v\u00e9nement pour rien au monde !<br \/>\n<\/span><\/p>\n<p><span style=\"font-size: 12pt;\">Idem pour<\/span><span style=\"font-size: 12pt;\"> l&rsquo;adjointe V\u00e9ronique Vincent-Viry ainsi que<\/span><span style=\"font-size: 12pt;\"> les conseillers d\u00e9partementaux Jacqueline Valentin et Gilbert Poirot qui ont naturellement f\u00e9licit\u00e9 et couvert d&rsquo;\u00e9loges notre ch\u00e8re Georgette, sans oublier de lui offrir les traditionnelles fleurs et Image d\u2019Epinal. Pour la petite histoire donc, sachez que cette centenaire est n\u00e9e \u00e0 \u00c9pinal le 11 mai 1919 avant d&rsquo;arriver \u00e0 G\u00e9rardmer lorsqu&rsquo;elle avait une vingtaine d&rsquo;ann\u00e9es. La l\u00e9gende dit qu&rsquo;elle ne devait y rester qu\u2019une quinzaine de jours\u2026 Elle y effectuera finalement sa carri\u00e8re professionnelle au sein des \u00e9tablissements Linvosges en tant que comptable. Presque un paradoxe quand on sait qu&rsquo;elle a toujours donn\u00e9 sans compter, notamment \u00e0 travers ses engagements associatifs comme au sein de <\/span><span style=\"font-size: 12pt;\">l\u2019Amicale des Anciens, sans oublier son assiduit\u00e9 au don du sang et, bien entendu, aupr\u00e8s<\/span><span style=\"font-size: 12pt;\"> de l\u2019AVF.<\/span><\/p>\n<p><span style=\"font-size: 12pt;\">Pour autant, elle n&rsquo;en a jamais n\u00e9glig\u00e9 sa petite famille qui s&rsquo;est agrandie aux fils des ann\u00e9e, et profite de ses week-ends pour passer du temps aupr\u00e8s de sa fille Pierrette Osello, de son gendre, de ses petits-enfants et arri\u00e8re-petits-enfants. Une jeunesse qui l&rsquo;a sans doute aid\u00e9e et incit\u00e9e \u00e0 se mettre au go\u00fbt du jour : Georgette utilise parfaitement internet, son logement est dot\u00e9 des \u00e9quipements les plus modernes, et elle insiste pour faire une grande partie de son m\u00e9nage et de ses courses <\/span><span style=\"font-size: 12pt;\">elle-m\u00eame <\/span><span style=\"font-size: 12pt;\">! Elle continue m\u00eame d&rsquo;animer le <\/span><span style=\"font-size: 12pt;\">club de bridge de l\u2019AVF quatre jours par semaine, bref, c&rsquo;est ce qui s&rsquo;appelle avoir la p\u00eache ! <\/span><span style=\"font-size: 12pt;\"><br \/>\n<\/span><\/p>\n","protected":false},"excerpt":{"rendered":"<p>C&rsquo;est entour\u00e9e de ses proches, des repr\u00e9sentants du Conseil D\u00e9partemental et de la municipalit\u00e9 g\u00e9r\u00f4moise que Georgette Demange a eu [&hellip;]<\/p>\n","protected":false},"author":42,"featured_media":41768,"comment_status":"open","ping_status":"open","sticky":false,"template":"","format":"standard","meta":{"footnotes":""},"categories":[20,25],"tags":[708,4123],"class_list":["post-41767","post","type-post","status-publish","format-standard","has-post-thumbnail","hentry","category-a-la-une","category-gerardmer","tag-avf","tag-georgette-demange"],"acf":[],"yoast_head":"<!-- This site is optimized with the Yoast SEO plugin v22.5 - https:\/\/yoast.com\/wordpress\/plugins\/seo\/ -->\n<title>Joyeux anniversaire Georgette ! - Gerardmer Info<\/title>\n<meta name=\"robots\" content=\"index, follow, max-snippet:-1, max-image-preview:large, max-video-preview:-1\" \/>\n<link rel=\"canonical\" href=\"https:\/\/vosgesinfo.fr\/gerardmerinfo\/2019\/05\/joyeux-anniversaire-georgette\/\" \/>\n<meta name=\"twitter:card\" content=\"summary_large_image\" \/>\n<meta name=\"twitter:title\" content=\"Joyeux anniversaire Georgette ! - Gerardmer Info\" \/>\n<meta name=\"twitter:description\" content=\"C&rsquo;est entour\u00e9e de ses proches, des repr\u00e9sentants du Conseil D\u00e9partemental et de la municipalit\u00e9 g\u00e9r\u00f4moise que Georgette Demange a eu [&hellip;]\" \/>\n<meta name=\"twitter:image\" content=\"https:\/\/vosgesinfo.fr\/app\/uploads\/sites\/6\/2024\/07\/201905georgette-demange-3.jpg\" \/>\n<meta name=\"twitter:creator\" content=\"@VosgesInfo88\" \/>\n<meta name=\"twitter:site\" content=\"@VosgesInfo88\" \/>\n<meta name=\"twitter:label1\" content=\"\u00c9crit par\" \/>\n\t<meta name=\"twitter:data1\" content=\"QG\" \/>\n\t<meta name=\"twitter:label2\" content=\"Dur\u00e9e de lecture estim\u00e9e\" \/>\n\t<meta name=\"twitter:data2\" content=\"2 minutes\" \/>\n<script type=\"application\/ld+json\" class=\"yoast-schema-graph\">{\"@context\":\"https:\/\/schema.org\",\"@graph\":[{\"@type\":\"Article\",\"@id\":\"https:\/\/vosgesinfo.fr\/gerardmerinfo\/2019\/05\/joyeux-anniversaire-georgette\/#article\",\"isPartOf\":{\"@id\":\"https:\/\/vosgesinfo.fr\/gerardmerinfo\/2019\/05\/joyeux-anniversaire-georgette\/\"},\"author\":{\"name\":\"QG\",\"@id\":\"https:\/\/vosgesinfo.fr\/gerardmerinfo\/#\/schema\/person\/db5605779a843dad16b5368f3e7613a5\"},\"headline\":\"Joyeux anniversaire Georgette !\",\"datePublished\":\"2019-05-24T06:16:16+00:00\",\"dateModified\":\"2019-05-24T06:16:16+00:00\",\"mainEntityOfPage\":{\"@id\":\"https:\/\/vosgesinfo.fr\/gerardmerinfo\/2019\/05\/joyeux-anniversaire-georgette\/\"},\"wordCount\":436,\"commentCount\":0,\"publisher\":{\"@id\":\"https:\/\/vosgesinfo.fr\/gerardmerinfo\/#organization\"},\"image\":{\"@id\":\"https:\/\/vosgesinfo.fr\/gerardmerinfo\/2019\/05\/joyeux-anniversaire-georgette\/#primaryimage\"},\"thumbnailUrl\":\"https:\/\/vosgesinfo.fr\/app\/uploads\/sites\/6\/2024\/07\/201905georgette-demange-3.jpg\",\"keywords\":[\"AVF\",\"Georgette Demange\"],\"articleSection\":[\"A la une\",\"G\u00e9rardmer\"],\"inLanguage\":\"fr-FR\",\"potentialAction\":[{\"@type\":\"CommentAction\",\"name\":\"Comment\",\"target\":[\"https:\/\/vosgesinfo.fr\/gerardmerinfo\/2019\/05\/joyeux-anniversaire-georgette\/#respond\"]}]},{\"@type\":\"WebPage\",\"@id\":\"https:\/\/vosgesinfo.fr\/gerardmerinfo\/2019\/05\/joyeux-anniversaire-georgette\/\",\"url\":\"https:\/\/vosgesinfo.fr\/gerardmerinfo\/2019\/05\/joyeux-anniversaire-georgette\/\",\"name\":\"Joyeux anniversaire Georgette ! - Gerardmer Info\",\"isPartOf\":{\"@id\":\"https:\/\/vosgesinfo.fr\/gerardmerinfo\/#website\"},\"primaryImageOfPage\":{\"@id\":\"https:\/\/vosgesinfo.fr\/gerardmerinfo\/2019\/05\/joyeux-anniversaire-georgette\/#primaryimage\"},\"image\":{\"@id\":\"https:\/\/vosgesinfo.fr\/gerardmerinfo\/2019\/05\/joyeux-anniversaire-georgette\/#primaryimage\"},\"thumbnailUrl\":\"https:\/\/vosgesinfo.fr\/app\/uploads\/sites\/6\/2024\/07\/201905georgette-demange-3.jpg\",\"datePublished\":\"2019-05-24T06:16:16+00:00\",\"dateModified\":\"2019-05-24T06:16:16+00:00\",\"breadcrumb\":{\"@id\":\"https:\/\/vosgesinfo.fr\/gerardmerinfo\/2019\/05\/joyeux-anniversaire-georgette\/#breadcrumb\"},\"inLanguage\":\"fr-FR\",\"potentialAction\":[{\"@type\":\"ReadAction\",\"target\":[\"https:\/\/vosgesinfo.fr\/gerardmerinfo\/2019\/05\/joyeux-anniversaire-georgette\/\"]}]},{\"@type\":\"ImageObject\",\"inLanguage\":\"fr-FR\",\"@id\":\"https:\/\/vosgesinfo.fr\/gerardmerinfo\/2019\/05\/joyeux-anniversaire-georgette\/#primaryimage\",\"url\":\"https:\/\/vosgesinfo.fr\/app\/uploads\/sites\/6\/2024\/07\/201905georgette-demange-3.jpg\",\"contentUrl\":\"https:\/\/vosgesinfo.fr\/app\/uploads\/sites\/6\/2024\/07\/201905georgette-demange-3.jpg\",\"width\":800,\"height\":606},{\"@type\":\"BreadcrumbList\",\"@id\":\"https:\/\/vosgesinfo.fr\/gerardmerinfo\/2019\/05\/joyeux-anniversaire-georgette\/#breadcrumb\",\"itemListElement\":[{\"@type\":\"ListItem\",\"position\":1,\"name\":\"Home\",\"item\":\"https:\/\/vosgesinfo.fr\/gerardmerinfo\/\"},{\"@type\":\"ListItem\",\"position\":2,\"name\":\"Joyeux anniversaire Georgette !\"}]},{\"@type\":\"WebSite\",\"@id\":\"https:\/\/vosgesinfo.fr\/gerardmerinfo\/#website\",\"url\":\"https:\/\/vosgesinfo.fr\/gerardmerinfo\/\",\"name\":\"Gerardmer Info\",\"description\":\"Toute l&#039;actualit\u00e9 de G\u00e9rardmer\",\"publisher\":{\"@id\":\"https:\/\/vosgesinfo.fr\/gerardmerinfo\/#organization\"},\"alternateName\":\"Toute l'actualit\u00e9 de G\u00e9rardmer\",\"potentialAction\":[{\"@type\":\"SearchAction\",\"target\":{\"@type\":\"EntryPoint\",\"urlTemplate\":\"https:\/\/vosgesinfo.fr\/gerardmerinfo\/?s={search_term_string}\"},\"query-input\":\"required name=search_term_string\"}],\"inLanguage\":\"fr-FR\"},{\"@type\":\"Organization\",\"@id\":\"https:\/\/vosgesinfo.fr\/gerardmerinfo\/#organization\",\"name\":\"Gerardmer Info\",\"url\":\"https:\/\/vosgesinfo.fr\/gerardmerinfo\/\",\"logo\":{\"@type\":\"ImageObject\",\"inLanguage\":\"fr-FR\",\"@id\":\"https:\/\/vosgesinfo.fr\/gerardmerinfo\/#\/schema\/logo\/image\/\",\"url\":\"https:\/\/vosgesinfo.fr\/app\/uploads\/sites\/6\/2023\/08\/favicon-gerardmerinfo.png\",\"contentUrl\":\"https:\/\/vosgesinfo.fr\/app\/uploads\/sites\/6\/2023\/08\/favicon-gerardmerinfo.png\",\"width\":512,\"height\":512,\"caption\":\"Gerardmer Info\"},\"image\":{\"@id\":\"https:\/\/vosgesinfo.fr\/gerardmerinfo\/#\/schema\/logo\/image\/\"},\"sameAs\":[\"https:\/\/www.facebook.com\/profile.php?id=100049475262660\",\"https:\/\/x.com\/VosgesInfo88\",\"https:\/\/www.youtube.com\/@vosgesinfo\"]},{\"@type\":\"Person\",\"@id\":\"https:\/\/vosgesinfo.fr\/gerardmerinfo\/#\/schema\/person\/db5605779a843dad16b5368f3e7613a5\",\"name\":\"QG\",\"image\":{\"@type\":\"ImageObject\",\"inLanguage\":\"fr-FR\",\"@id\":\"https:\/\/vosgesinfo.fr\/gerardmerinfo\/#\/schema\/person\/image\/\",\"url\":\"https:\/\/secure.gravatar.com\/avatar\/ea80c42c204b534408512832fde52504ecabb9706bcb6151cf6175e5b64e6793?s=96&d=mm&r=g\",\"contentUrl\":\"https:\/\/secure.gravatar.com\/avatar\/ea80c42c204b534408512832fde52504ecabb9706bcb6151cf6175e5b64e6793?s=96&d=mm&r=g\",\"caption\":\"QG\"},\"url\":\"https:\/\/vosgesinfo.fr\/gerardmerinfo\/author\/quentin88\/\"}]}<\/script>\n<!-- \/ Yoast SEO plugin. -->","yoast_head_json":{"title":"Joyeux anniversaire Georgette ! - Gerardmer Info","robots":{"index":"index","follow":"follow","max-snippet":"max-snippet:-1","max-image-preview":"max-image-preview:large","max-video-preview":"max-video-preview:-1"},"canonical":"https:\/\/vosgesinfo.fr\/gerardmerinfo\/2019\/05\/joyeux-anniversaire-georgette\/","twitter_card":"summary_large_image","twitter_title":"Joyeux anniversaire Georgette ! - Gerardmer Info","twitter_description":"C&rsquo;est entour\u00e9e de ses proches, des repr\u00e9sentants du Conseil D\u00e9partemental et de la municipalit\u00e9 g\u00e9r\u00f4moise que Georgette Demange a eu [&hellip;]","twitter_image":"https:\/\/vosgesinfo.fr\/app\/uploads\/sites\/6\/2024\/07\/201905georgette-demange-3.jpg","twitter_creator":"@VosgesInfo88","twitter_site":"@VosgesInfo88","twitter_misc":{"\u00c9crit par":"QG","Dur\u00e9e de lecture estim\u00e9e":"2 minutes"},"schema":{"@context":"https:\/\/schema.org","@graph":[{"@type":"Article","@id":"https:\/\/vosgesinfo.fr\/gerardmerinfo\/2019\/05\/joyeux-anniversaire-georgette\/#article","isPartOf":{"@id":"https:\/\/vosgesinfo.fr\/gerardmerinfo\/2019\/05\/joyeux-anniversaire-georgette\/"},"author":{"name":"QG","@id":"https:\/\/vosgesinfo.fr\/gerardmerinfo\/#\/schema\/person\/db5605779a843dad16b5368f3e7613a5"},"headline":"Joyeux anniversaire Georgette !","datePublished":"2019-05-24T06:16:16+00:00","dateModified":"2019-05-24T06:16:16+00:00","mainEntityOfPage":{"@id":"https:\/\/vosgesinfo.fr\/gerardmerinfo\/2019\/05\/joyeux-anniversaire-georgette\/"},"wordCount":436,"commentCount":0,"publisher":{"@id":"https:\/\/vosgesinfo.fr\/gerardmerinfo\/#organization"},"image":{"@id":"https:\/\/vosgesinfo.fr\/gerardmerinfo\/2019\/05\/joyeux-anniversaire-georgette\/#primaryimage"},"thumbnailUrl":"https:\/\/vosgesinfo.fr\/app\/uploads\/sites\/6\/2024\/07\/201905georgette-demange-3.jpg","keywords":["AVF","Georgette Demange"],"articleSection":["A la une","G\u00e9rardmer"],"inLanguage":"fr-FR","potentialAction":[{"@type":"CommentAction","name":"Comment","target":["https:\/\/vosgesinfo.fr\/gerardmerinfo\/2019\/05\/joyeux-anniversaire-georgette\/#respond"]}]},{"@type":"WebPage","@id":"https:\/\/vosgesinfo.fr\/gerardmerinfo\/2019\/05\/joyeux-anniversaire-georgette\/","url":"https:\/\/vosgesinfo.fr\/gerardmerinfo\/2019\/05\/joyeux-anniversaire-georgette\/","name":"Joyeux anniversaire Georgette ! - Gerardmer Info","isPartOf":{"@id":"https:\/\/vosgesinfo.fr\/gerardmerinfo\/#website"},"primaryImageOfPage":{"@id":"https:\/\/vosgesinfo.fr\/gerardmerinfo\/2019\/05\/joyeux-anniversaire-georgette\/#primaryimage"},"image":{"@id":"https:\/\/vosgesinfo.fr\/gerardmerinfo\/2019\/05\/joyeux-anniversaire-georgette\/#primaryimage"},"thumbnailUrl":"https:\/\/vosgesinfo.fr\/app\/uploads\/sites\/6\/2024\/07\/201905georgette-demange-3.jpg","datePublished":"2019-05-24T06:16:16+00:00","dateModified":"2019-05-24T06:16:16+00:00","breadcrumb":{"@id":"https:\/\/vosgesinfo.fr\/gerardmerinfo\/2019\/05\/joyeux-anniversaire-georgette\/#breadcrumb"},"inLanguage":"fr-FR","potentialAction":[{"@type":"ReadAction","target":["https:\/\/vosgesinfo.fr\/gerardmerinfo\/2019\/05\/joyeux-anniversaire-georgette\/"]}]},{"@type":"ImageObject","inLanguage":"fr-FR","@id":"https:\/\/vosgesinfo.fr\/gerardmerinfo\/2019\/05\/joyeux-anniversaire-georgette\/#primaryimage","url":"https:\/\/vosgesinfo.fr\/app\/uploads\/sites\/6\/2024\/07\/201905georgette-demange-3.jpg","contentUrl":"https:\/\/vosgesinfo.fr\/app\/uploads\/sites\/6\/2024\/07\/201905georgette-demange-3.jpg","width":800,"height":606},{"@type":"BreadcrumbList","@id":"https:\/\/vosgesinfo.fr\/gerardmerinfo\/2019\/05\/joyeux-anniversaire-georgette\/#breadcrumb","itemListElement":[{"@type":"ListItem","position":1,"name":"Home","item":"https:\/\/vosgesinfo.fr\/gerardmerinfo\/"},{"@type":"ListItem","position":2,"name":"Joyeux anniversaire Georgette !"}]},{"@type":"WebSite","@id":"https:\/\/vosgesinfo.fr\/gerardmerinfo\/#website","url":"https:\/\/vosgesinfo.fr\/gerardmerinfo\/","name":"Gerardmer Info","description":"Toute l&#039;actualit\u00e9 de G\u00e9rardmer","publisher":{"@id":"https:\/\/vosgesinfo.fr\/gerardmerinfo\/#organization"},"alternateName":"Toute l'actualit\u00e9 de G\u00e9rardmer","potentialAction":[{"@type":"SearchAction","target":{"@type":"EntryPoint","urlTemplate":"https:\/\/vosgesinfo.fr\/gerardmerinfo\/?s={search_term_string}"},"query-input":"required name=search_term_string"}],"inLanguage":"fr-FR"},{"@type":"Organization","@id":"https:\/\/vosgesinfo.fr\/gerardmerinfo\/#organization","name":"Gerardmer Info","url":"https:\/\/vosgesinfo.fr\/gerardmerinfo\/","logo":{"@type":"ImageObject","inLanguage":"fr-FR","@id":"https:\/\/vosgesinfo.fr\/gerardmerinfo\/#\/schema\/logo\/image\/","url":"https:\/\/vosgesinfo.fr\/app\/uploads\/sites\/6\/2023\/08\/favicon-gerardmerinfo.png","contentUrl":"https:\/\/vosgesinfo.fr\/app\/uploads\/sites\/6\/2023\/08\/favicon-gerardmerinfo.png","width":512,"height":512,"caption":"Gerardmer Info"},"image":{"@id":"https:\/\/vosgesinfo.fr\/gerardmerinfo\/#\/schema\/logo\/image\/"},"sameAs":["https:\/\/www.facebook.com\/profile.php?id=100049475262660","https:\/\/x.com\/VosgesInfo88","https:\/\/www.youtube.com\/@vosgesinfo"]},{"@type":"Person","@id":"https:\/\/vosgesinfo.fr\/gerardmerinfo\/#\/schema\/person\/db5605779a843dad16b5368f3e7613a5","name":"QG","image":{"@type":"ImageObject","inLanguage":"fr-FR","@id":"https:\/\/vosgesinfo.fr\/gerardmerinfo\/#\/schema\/person\/image\/","url":"https:\/\/secure.gravatar.com\/avatar\/ea80c42c204b534408512832fde52504ecabb9706bcb6151cf6175e5b64e6793?s=96&d=mm&r=g","contentUrl":"https:\/\/secure.gravatar.com\/avatar\/ea80c42c204b534408512832fde52504ecabb9706bcb6151cf6175e5b64e6793?s=96&d=mm&r=g","caption":"QG"},"url":"https:\/\/vosgesinfo.fr\/gerardmerinfo\/author\/quentin88\/"}]}},"_links":{"self":[{"href":"https:\/\/vosgesinfo.fr\/gerardmerinfo\/wp-json\/wp\/v2\/posts\/41767","targetHints":{"allow":["GET"]}}],"collection":[{"href":"https:\/\/vosgesinfo.fr\/gerardmerinfo\/wp-json\/wp\/v2\/posts"}],"about":[{"href":"https:\/\/vosgesinfo.fr\/gerardmerinfo\/wp-json\/wp\/v2\/types\/post"}],"author":[{"embeddable":true,"href":"https:\/\/vosgesinfo.fr\/gerardmerinfo\/wp-json\/wp\/v2\/users\/42"}],"replies":[{"embeddable":true,"href":"https:\/\/vosgesinfo.fr\/gerardmerinfo\/wp-json\/wp\/v2\/comments?post=41767"}],"version-history":[{"count":0,"href":"https:\/\/vosgesinfo.fr\/gerardmerinfo\/wp-json\/wp\/v2\/posts\/41767\/revisions"}],"wp:featuredmedia":[{"embeddable":true,"href":"https:\/\/vosgesinfo.fr\/gerardmerinfo\/wp-json\/wp\/v2\/media\/41768"}],"wp:attachment":[{"href":"https:\/\/vosgesinfo.fr\/gerardmerinfo\/wp-json\/wp\/v2\/media?parent=41767"}],"wp:term":[{"taxonomy":"category","embeddable":true,"href":"https:\/\/vosgesinfo.fr\/gerardmerinfo\/wp-json\/wp\/v2\/categories?post=41767"},{"taxonomy":"post_tag","embeddable":true,"href":"https:\/\/vosgesinfo.fr\/gerardmerinfo\/wp-json\/wp\/v2\/tags?post=41767"}],"curies":[{"name":"wp","href":"https:\/\/api.w.org\/{rel}","templated":true}]}}