{"id":41897,"date":"2019-05-30T16:09:08","date_gmt":"2019-05-30T14:09:08","guid":{"rendered":"https:\/\/vosgesinfo.fr\/gerardmerinfo\/2019\/05\/bye-bye-michele-welcome-charlie\/"},"modified":"2019-05-30T16:09:08","modified_gmt":"2019-05-30T14:09:08","slug":"bye-bye-michele-welcome-charlie","status":"publish","type":"post","link":"https:\/\/vosgesinfo.fr\/gerardmerinfo\/2019\/05\/bye-bye-michele-welcome-charlie\/","title":{"rendered":"Bye, bye Mich\u00e8le, welcome Charlie"},"content":{"rendered":"<div id=\"attachment_147526\" style=\"width: 810px\" class=\"wp-caption aligncenter\"><a href=\"https:\/\/gerardmerinfo.fr\/2019\/05\/bye-bye-michele-welcome-charlie\/miche\/\" rel=\"attachment wp-att-147526\"><img decoding=\"async\" aria-describedby=\"caption-attachment-147526\" class=\"wp-image-147526 size-full\" src=\"\/2019\/05\/miche.jpg\" alt=\"miche\" width=\"800\" height=\"600\" \/><\/a><p id=\"caption-attachment-147526\" class=\"wp-caption-text\"><strong><span style=\"color: #000000;\">De gauche \u00e0 droite : Anne-Sophie, Mich\u00e8le et Charlie<\/span><\/strong><\/p><\/div>\n<p>32 ans record \u00e0 battre !\u00a0 L&rsquo;infirmi\u00e8re lib\u00e9rale Mich\u00e8le Nourrisson range ses aiguilles apr\u00e8s 32 ann\u00e9es pass\u00e9es au service de sa patient\u00e8le. S\u00e9rieuse, rigoureuse, constante, la jeune retrait\u00e9e\u00a0 avoue un certain pincement au c\u0153ur en se rem\u00e9morant tous les instants pass\u00e9s aupr\u00e8s de ses patients depuis 1987, date de son installation sur les bords du lac. Forc\u00e9ment, les souvenirs se bousculent notamment les relations de proximit\u00e9 avec de jeunes personnes frapp\u00e9es par la maladie. Mich\u00e8le se souvient de d\u00e9c\u00e8s particuli\u00e8rement douloureux, mais aussi de renaissances et de sourires emprunts de remerciements qui en disent long sur sa profession et surtout sa personnalit\u00e9. Et puis il y a les 100 km parcourus chaque jour ou presque parfois sous des chutes de neige intenses. Ou encore les 57 \u00e9tages grimp\u00e9s\u00a0 quatre \u00e0 quatre dans une m\u00eame et seule journ\u00e9e pour 5 kilom\u00e8tres aval\u00e9s pedibus.\u00a0 Sans oublier les petits matins d&rsquo;\u00e9t\u00e9 \u00a0\u00bb <em>o\u00f9 le monde \u00e9chappe \u00e0 tout le monde, lorsque la ville est encore endormie et que la nature s\u2019\u00e9veille\u00a0\u00bb.<\/em><\/p>\n<p>\u00ab\u00a0Voil\u00e0 c&rsquo;est fini\u00a0\u00bb,\u00a0 le grand livre de l&rsquo;infirmi\u00e8re Mich\u00e8le Nourrison se referme\u00a0 avec des centaines de remerciements en direction de toutes celles et ceux-ci qui lui ont fait confiance depuis si longtemps. Place maintenant aux loisirs \u00e0 commencer par quelques vacances dans le sud de la France, puis un voyage au Sri lanka suivi d&rsquo;un autre au Portugal. Et puis Mich\u00e8le\u00a0 veut \u00e9galement se consacrer \u00e0 la culture d&rsquo;un petit potager, pour manger ses propres l\u00e9gumes du jardin.<\/p>\n<p>En ce qui concerne sa succession,\u00a0 c&rsquo;est Charlie Curien, une jeune vosgienne de 29 ans qui prend le relai apr\u00e8s avoir fait ses armes en qualit\u00e9 d&rsquo;infirmi\u00e8re au sein du service de r\u00e9animation chirurgicale \u00e0 l\u2019h\u00f4pital de Nancy. Elle fait d\u00e9sormais \u00e9quipe avec Anne-Sophie Hantz qui avait pris la succession de \u00ab\u00a0Micha\u00a0\u00bb en 2015, pour un bin\u00f4me toujours install\u00e9 \u00e0 la Clinique des Termes.<\/p>\n<p>Bye bye Mich\u00e8le,\u00a0 welcome Charlie !<\/p>\n","protected":false},"excerpt":{"rendered":"<p>32 ans record \u00e0 battre !\u00a0 L&rsquo;infirmi\u00e8re lib\u00e9rale Mich\u00e8le Nourrisson range ses aiguilles apr\u00e8s 32 ann\u00e9es pass\u00e9es au service de [&hellip;]<\/p>\n","protected":false},"author":1,"featured_media":41898,"comment_status":"open","ping_status":"open","sticky":false,"template":"","format":"standard","meta":{"footnotes":""},"categories":[20],"tags":[],"class_list":["post-41897","post","type-post","status-publish","format-standard","has-post-thumbnail","hentry","category-a-la-une"],"acf":[],"yoast_head":"<!-- This site is optimized with the Yoast SEO plugin v22.5 - https:\/\/yoast.com\/wordpress\/plugins\/seo\/ -->\n<title>Bye, bye Mich\u00e8le, welcome Charlie - Gerardmer Info<\/title>\n<meta name=\"robots\" content=\"index, follow, max-snippet:-1, max-image-preview:large, max-video-preview:-1\" \/>\n<link rel=\"canonical\" href=\"https:\/\/vosgesinfo.fr\/gerardmerinfo\/2019\/05\/bye-bye-michele-welcome-charlie\/\" \/>\n<meta name=\"twitter:card\" content=\"summary_large_image\" \/>\n<meta name=\"twitter:title\" content=\"Bye, bye Mich\u00e8le, welcome Charlie - Gerardmer Info\" \/>\n<meta name=\"twitter:description\" content=\"32 ans record \u00e0 battre !\u00a0 L&rsquo;infirmi\u00e8re lib\u00e9rale Mich\u00e8le Nourrisson range ses aiguilles apr\u00e8s 32 ann\u00e9es pass\u00e9es au service de [&hellip;]\" \/>\n<meta name=\"twitter:image\" content=\"https:\/\/vosgesinfo.fr\/app\/uploads\/sites\/6\/2024\/07\/201905miche.jpg\" \/>\n<meta name=\"twitter:creator\" content=\"@VosgesInfo88\" \/>\n<meta name=\"twitter:site\" content=\"@VosgesInfo88\" \/>\n<meta name=\"twitter:label1\" content=\"\u00c9crit par\" \/>\n\t<meta name=\"twitter:data1\" content=\"qs_admin\" \/>\n\t<meta name=\"twitter:label2\" content=\"Dur\u00e9e de lecture estim\u00e9e\" \/>\n\t<meta name=\"twitter:data2\" content=\"2 minutes\" \/>\n<script type=\"application\/ld+json\" class=\"yoast-schema-graph\">{\"@context\":\"https:\/\/schema.org\",\"@graph\":[{\"@type\":\"Article\",\"@id\":\"https:\/\/vosgesinfo.fr\/gerardmerinfo\/2019\/05\/bye-bye-michele-welcome-charlie\/#article\",\"isPartOf\":{\"@id\":\"https:\/\/vosgesinfo.fr\/gerardmerinfo\/2019\/05\/bye-bye-michele-welcome-charlie\/\"},\"author\":{\"name\":\"qs_admin\",\"@id\":\"https:\/\/vosgesinfo.fr\/gerardmerinfo\/#\/schema\/person\/bc5d02d71e6932e81b6dadb7386667b1\"},\"headline\":\"Bye, bye Mich\u00e8le, welcome Charlie\",\"datePublished\":\"2019-05-30T14:09:08+00:00\",\"dateModified\":\"2019-05-30T14:09:08+00:00\",\"mainEntityOfPage\":{\"@id\":\"https:\/\/vosgesinfo.fr\/gerardmerinfo\/2019\/05\/bye-bye-michele-welcome-charlie\/\"},\"wordCount\":364,\"commentCount\":0,\"publisher\":{\"@id\":\"https:\/\/vosgesinfo.fr\/gerardmerinfo\/#organization\"},\"image\":{\"@id\":\"https:\/\/vosgesinfo.fr\/gerardmerinfo\/2019\/05\/bye-bye-michele-welcome-charlie\/#primaryimage\"},\"thumbnailUrl\":\"https:\/\/vosgesinfo.fr\/app\/uploads\/sites\/6\/2024\/07\/201905miche.jpg\",\"articleSection\":[\"A la une\"],\"inLanguage\":\"fr-FR\",\"potentialAction\":[{\"@type\":\"CommentAction\",\"name\":\"Comment\",\"target\":[\"https:\/\/vosgesinfo.fr\/gerardmerinfo\/2019\/05\/bye-bye-michele-welcome-charlie\/#respond\"]}]},{\"@type\":\"WebPage\",\"@id\":\"https:\/\/vosgesinfo.fr\/gerardmerinfo\/2019\/05\/bye-bye-michele-welcome-charlie\/\",\"url\":\"https:\/\/vosgesinfo.fr\/gerardmerinfo\/2019\/05\/bye-bye-michele-welcome-charlie\/\",\"name\":\"Bye, bye Mich\u00e8le, welcome Charlie - Gerardmer Info\",\"isPartOf\":{\"@id\":\"https:\/\/vosgesinfo.fr\/gerardmerinfo\/#website\"},\"primaryImageOfPage\":{\"@id\":\"https:\/\/vosgesinfo.fr\/gerardmerinfo\/2019\/05\/bye-bye-michele-welcome-charlie\/#primaryimage\"},\"image\":{\"@id\":\"https:\/\/vosgesinfo.fr\/gerardmerinfo\/2019\/05\/bye-bye-michele-welcome-charlie\/#primaryimage\"},\"thumbnailUrl\":\"https:\/\/vosgesinfo.fr\/app\/uploads\/sites\/6\/2024\/07\/201905miche.jpg\",\"datePublished\":\"2019-05-30T14:09:08+00:00\",\"dateModified\":\"2019-05-30T14:09:08+00:00\",\"breadcrumb\":{\"@id\":\"https:\/\/vosgesinfo.fr\/gerardmerinfo\/2019\/05\/bye-bye-michele-welcome-charlie\/#breadcrumb\"},\"inLanguage\":\"fr-FR\",\"potentialAction\":[{\"@type\":\"ReadAction\",\"target\":[\"https:\/\/vosgesinfo.fr\/gerardmerinfo\/2019\/05\/bye-bye-michele-welcome-charlie\/\"]}]},{\"@type\":\"ImageObject\",\"inLanguage\":\"fr-FR\",\"@id\":\"https:\/\/vosgesinfo.fr\/gerardmerinfo\/2019\/05\/bye-bye-michele-welcome-charlie\/#primaryimage\",\"url\":\"https:\/\/vosgesinfo.fr\/app\/uploads\/sites\/6\/2024\/07\/201905miche.jpg\",\"contentUrl\":\"https:\/\/vosgesinfo.fr\/app\/uploads\/sites\/6\/2024\/07\/201905miche.jpg\",\"width\":800,\"height\":600},{\"@type\":\"BreadcrumbList\",\"@id\":\"https:\/\/vosgesinfo.fr\/gerardmerinfo\/2019\/05\/bye-bye-michele-welcome-charlie\/#breadcrumb\",\"itemListElement\":[{\"@type\":\"ListItem\",\"position\":1,\"name\":\"Home\",\"item\":\"https:\/\/vosgesinfo.fr\/gerardmerinfo\/\"},{\"@type\":\"ListItem\",\"position\":2,\"name\":\"Bye, bye Mich\u00e8le, welcome Charlie\"}]},{\"@type\":\"WebSite\",\"@id\":\"https:\/\/vosgesinfo.fr\/gerardmerinfo\/#website\",\"url\":\"https:\/\/vosgesinfo.fr\/gerardmerinfo\/\",\"name\":\"Gerardmer Info\",\"description\":\"Toute l&#039;actualit\u00e9 de G\u00e9rardmer\",\"publisher\":{\"@id\":\"https:\/\/vosgesinfo.fr\/gerardmerinfo\/#organization\"},\"alternateName\":\"Toute l'actualit\u00e9 de G\u00e9rardmer\",\"potentialAction\":[{\"@type\":\"SearchAction\",\"target\":{\"@type\":\"EntryPoint\",\"urlTemplate\":\"https:\/\/vosgesinfo.fr\/gerardmerinfo\/?s={search_term_string}\"},\"query-input\":\"required name=search_term_string\"}],\"inLanguage\":\"fr-FR\"},{\"@type\":\"Organization\",\"@id\":\"https:\/\/vosgesinfo.fr\/gerardmerinfo\/#organization\",\"name\":\"Gerardmer Info\",\"url\":\"https:\/\/vosgesinfo.fr\/gerardmerinfo\/\",\"logo\":{\"@type\":\"ImageObject\",\"inLanguage\":\"fr-FR\",\"@id\":\"https:\/\/vosgesinfo.fr\/gerardmerinfo\/#\/schema\/logo\/image\/\",\"url\":\"https:\/\/vosgesinfo.fr\/app\/uploads\/sites\/6\/2023\/08\/favicon-gerardmerinfo.png\",\"contentUrl\":\"https:\/\/vosgesinfo.fr\/app\/uploads\/sites\/6\/2023\/08\/favicon-gerardmerinfo.png\",\"width\":512,\"height\":512,\"caption\":\"Gerardmer Info\"},\"image\":{\"@id\":\"https:\/\/vosgesinfo.fr\/gerardmerinfo\/#\/schema\/logo\/image\/\"},\"sameAs\":[\"https:\/\/www.facebook.com\/profile.php?id=100049475262660\",\"https:\/\/x.com\/VosgesInfo88\",\"https:\/\/www.youtube.com\/@vosgesinfo\"]},{\"@type\":\"Person\",\"@id\":\"https:\/\/vosgesinfo.fr\/gerardmerinfo\/#\/schema\/person\/bc5d02d71e6932e81b6dadb7386667b1\",\"name\":\"qs_admin\",\"image\":{\"@type\":\"ImageObject\",\"inLanguage\":\"fr-FR\",\"@id\":\"https:\/\/vosgesinfo.fr\/gerardmerinfo\/#\/schema\/person\/image\/\",\"url\":\"https:\/\/secure.gravatar.com\/avatar\/94b18ee0ed79e4a42ea2f2931277b6841a8999fc6fde214600c78057cf1fe1de?s=96&d=mm&r=g\",\"contentUrl\":\"https:\/\/secure.gravatar.com\/avatar\/94b18ee0ed79e4a42ea2f2931277b6841a8999fc6fde214600c78057cf1fe1de?s=96&d=mm&r=g\",\"caption\":\"qs_admin\"},\"sameAs\":[\"https:\/\/vosgesinfo.fr\/wp\"],\"url\":\"https:\/\/vosgesinfo.fr\/gerardmerinfo\/author\/qs_admin\/\"}]}<\/script>\n<!-- \/ Yoast SEO plugin. -->","yoast_head_json":{"title":"Bye, bye Mich\u00e8le, welcome Charlie - Gerardmer Info","robots":{"index":"index","follow":"follow","max-snippet":"max-snippet:-1","max-image-preview":"max-image-preview:large","max-video-preview":"max-video-preview:-1"},"canonical":"https:\/\/vosgesinfo.fr\/gerardmerinfo\/2019\/05\/bye-bye-michele-welcome-charlie\/","twitter_card":"summary_large_image","twitter_title":"Bye, bye Mich\u00e8le, welcome Charlie - Gerardmer Info","twitter_description":"32 ans record \u00e0 battre !\u00a0 L&rsquo;infirmi\u00e8re lib\u00e9rale Mich\u00e8le Nourrisson range ses aiguilles apr\u00e8s 32 ann\u00e9es pass\u00e9es au service de [&hellip;]","twitter_image":"https:\/\/vosgesinfo.fr\/app\/uploads\/sites\/6\/2024\/07\/201905miche.jpg","twitter_creator":"@VosgesInfo88","twitter_site":"@VosgesInfo88","twitter_misc":{"\u00c9crit par":"qs_admin","Dur\u00e9e de lecture estim\u00e9e":"2 minutes"},"schema":{"@context":"https:\/\/schema.org","@graph":[{"@type":"Article","@id":"https:\/\/vosgesinfo.fr\/gerardmerinfo\/2019\/05\/bye-bye-michele-welcome-charlie\/#article","isPartOf":{"@id":"https:\/\/vosgesinfo.fr\/gerardmerinfo\/2019\/05\/bye-bye-michele-welcome-charlie\/"},"author":{"name":"qs_admin","@id":"https:\/\/vosgesinfo.fr\/gerardmerinfo\/#\/schema\/person\/bc5d02d71e6932e81b6dadb7386667b1"},"headline":"Bye, bye Mich\u00e8le, welcome Charlie","datePublished":"2019-05-30T14:09:08+00:00","dateModified":"2019-05-30T14:09:08+00:00","mainEntityOfPage":{"@id":"https:\/\/vosgesinfo.fr\/gerardmerinfo\/2019\/05\/bye-bye-michele-welcome-charlie\/"},"wordCount":364,"commentCount":0,"publisher":{"@id":"https:\/\/vosgesinfo.fr\/gerardmerinfo\/#organization"},"image":{"@id":"https:\/\/vosgesinfo.fr\/gerardmerinfo\/2019\/05\/bye-bye-michele-welcome-charlie\/#primaryimage"},"thumbnailUrl":"https:\/\/vosgesinfo.fr\/app\/uploads\/sites\/6\/2024\/07\/201905miche.jpg","articleSection":["A la une"],"inLanguage":"fr-FR","potentialAction":[{"@type":"CommentAction","name":"Comment","target":["https:\/\/vosgesinfo.fr\/gerardmerinfo\/2019\/05\/bye-bye-michele-welcome-charlie\/#respond"]}]},{"@type":"WebPage","@id":"https:\/\/vosgesinfo.fr\/gerardmerinfo\/2019\/05\/bye-bye-michele-welcome-charlie\/","url":"https:\/\/vosgesinfo.fr\/gerardmerinfo\/2019\/05\/bye-bye-michele-welcome-charlie\/","name":"Bye, bye Mich\u00e8le, welcome Charlie - Gerardmer Info","isPartOf":{"@id":"https:\/\/vosgesinfo.fr\/gerardmerinfo\/#website"},"primaryImageOfPage":{"@id":"https:\/\/vosgesinfo.fr\/gerardmerinfo\/2019\/05\/bye-bye-michele-welcome-charlie\/#primaryimage"},"image":{"@id":"https:\/\/vosgesinfo.fr\/gerardmerinfo\/2019\/05\/bye-bye-michele-welcome-charlie\/#primaryimage"},"thumbnailUrl":"https:\/\/vosgesinfo.fr\/app\/uploads\/sites\/6\/2024\/07\/201905miche.jpg","datePublished":"2019-05-30T14:09:08+00:00","dateModified":"2019-05-30T14:09:08+00:00","breadcrumb":{"@id":"https:\/\/vosgesinfo.fr\/gerardmerinfo\/2019\/05\/bye-bye-michele-welcome-charlie\/#breadcrumb"},"inLanguage":"fr-FR","potentialAction":[{"@type":"ReadAction","target":["https:\/\/vosgesinfo.fr\/gerardmerinfo\/2019\/05\/bye-bye-michele-welcome-charlie\/"]}]},{"@type":"ImageObject","inLanguage":"fr-FR","@id":"https:\/\/vosgesinfo.fr\/gerardmerinfo\/2019\/05\/bye-bye-michele-welcome-charlie\/#primaryimage","url":"https:\/\/vosgesinfo.fr\/app\/uploads\/sites\/6\/2024\/07\/201905miche.jpg","contentUrl":"https:\/\/vosgesinfo.fr\/app\/uploads\/sites\/6\/2024\/07\/201905miche.jpg","width":800,"height":600},{"@type":"BreadcrumbList","@id":"https:\/\/vosgesinfo.fr\/gerardmerinfo\/2019\/05\/bye-bye-michele-welcome-charlie\/#breadcrumb","itemListElement":[{"@type":"ListItem","position":1,"name":"Home","item":"https:\/\/vosgesinfo.fr\/gerardmerinfo\/"},{"@type":"ListItem","position":2,"name":"Bye, bye Mich\u00e8le, welcome Charlie"}]},{"@type":"WebSite","@id":"https:\/\/vosgesinfo.fr\/gerardmerinfo\/#website","url":"https:\/\/vosgesinfo.fr\/gerardmerinfo\/","name":"Gerardmer Info","description":"Toute l&#039;actualit\u00e9 de G\u00e9rardmer","publisher":{"@id":"https:\/\/vosgesinfo.fr\/gerardmerinfo\/#organization"},"alternateName":"Toute l'actualit\u00e9 de G\u00e9rardmer","potentialAction":[{"@type":"SearchAction","target":{"@type":"EntryPoint","urlTemplate":"https:\/\/vosgesinfo.fr\/gerardmerinfo\/?s={search_term_string}"},"query-input":"required name=search_term_string"}],"inLanguage":"fr-FR"},{"@type":"Organization","@id":"https:\/\/vosgesinfo.fr\/gerardmerinfo\/#organization","name":"Gerardmer Info","url":"https:\/\/vosgesinfo.fr\/gerardmerinfo\/","logo":{"@type":"ImageObject","inLanguage":"fr-FR","@id":"https:\/\/vosgesinfo.fr\/gerardmerinfo\/#\/schema\/logo\/image\/","url":"https:\/\/vosgesinfo.fr\/app\/uploads\/sites\/6\/2023\/08\/favicon-gerardmerinfo.png","contentUrl":"https:\/\/vosgesinfo.fr\/app\/uploads\/sites\/6\/2023\/08\/favicon-gerardmerinfo.png","width":512,"height":512,"caption":"Gerardmer Info"},"image":{"@id":"https:\/\/vosgesinfo.fr\/gerardmerinfo\/#\/schema\/logo\/image\/"},"sameAs":["https:\/\/www.facebook.com\/profile.php?id=100049475262660","https:\/\/x.com\/VosgesInfo88","https:\/\/www.youtube.com\/@vosgesinfo"]},{"@type":"Person","@id":"https:\/\/vosgesinfo.fr\/gerardmerinfo\/#\/schema\/person\/bc5d02d71e6932e81b6dadb7386667b1","name":"qs_admin","image":{"@type":"ImageObject","inLanguage":"fr-FR","@id":"https:\/\/vosgesinfo.fr\/gerardmerinfo\/#\/schema\/person\/image\/","url":"https:\/\/secure.gravatar.com\/avatar\/94b18ee0ed79e4a42ea2f2931277b6841a8999fc6fde214600c78057cf1fe1de?s=96&d=mm&r=g","contentUrl":"https:\/\/secure.gravatar.com\/avatar\/94b18ee0ed79e4a42ea2f2931277b6841a8999fc6fde214600c78057cf1fe1de?s=96&d=mm&r=g","caption":"qs_admin"},"sameAs":["https:\/\/vosgesinfo.fr\/wp"],"url":"https:\/\/vosgesinfo.fr\/gerardmerinfo\/author\/qs_admin\/"}]}},"_links":{"self":[{"href":"https:\/\/vosgesinfo.fr\/gerardmerinfo\/wp-json\/wp\/v2\/posts\/41897","targetHints":{"allow":["GET"]}}],"collection":[{"href":"https:\/\/vosgesinfo.fr\/gerardmerinfo\/wp-json\/wp\/v2\/posts"}],"about":[{"href":"https:\/\/vosgesinfo.fr\/gerardmerinfo\/wp-json\/wp\/v2\/types\/post"}],"author":[{"embeddable":true,"href":"https:\/\/vosgesinfo.fr\/gerardmerinfo\/wp-json\/wp\/v2\/users\/1"}],"replies":[{"embeddable":true,"href":"https:\/\/vosgesinfo.fr\/gerardmerinfo\/wp-json\/wp\/v2\/comments?post=41897"}],"version-history":[{"count":0,"href":"https:\/\/vosgesinfo.fr\/gerardmerinfo\/wp-json\/wp\/v2\/posts\/41897\/revisions"}],"wp:featuredmedia":[{"embeddable":true,"href":"https:\/\/vosgesinfo.fr\/gerardmerinfo\/wp-json\/wp\/v2\/media\/41898"}],"wp:attachment":[{"href":"https:\/\/vosgesinfo.fr\/gerardmerinfo\/wp-json\/wp\/v2\/media?parent=41897"}],"wp:term":[{"taxonomy":"category","embeddable":true,"href":"https:\/\/vosgesinfo.fr\/gerardmerinfo\/wp-json\/wp\/v2\/categories?post=41897"},{"taxonomy":"post_tag","embeddable":true,"href":"https:\/\/vosgesinfo.fr\/gerardmerinfo\/wp-json\/wp\/v2\/tags?post=41897"}],"curies":[{"name":"wp","href":"https:\/\/api.w.org\/{rel}","templated":true}]}}