{"id":41908,"date":"2019-05-31T07:31:49","date_gmt":"2019-05-31T05:31:49","guid":{"rendered":"https:\/\/vosgesinfo.fr\/gerardmerinfo\/2019\/05\/de-jour-ferie-pgm-de-sortie-bresse-st-maurice\/"},"modified":"2019-05-31T07:31:49","modified_gmt":"2019-05-31T05:31:49","slug":"de-jour-ferie-pgm-de-sortie-bresse-st-maurice","status":"publish","type":"post","link":"https:\/\/vosgesinfo.fr\/gerardmerinfo\/2019\/05\/de-jour-ferie-pgm-de-sortie-bresse-st-maurice\/","title":{"rendered":"Pas de jour f\u00e9ri\u00e9 pour le PGM de sortie sur La Bresse et St Maurice"},"content":{"rendered":"<p>Le Peloton de Gendarmerie de Xonrupt-Longemer a effectu\u00e9 deux sorties en fin de journ\u00e9e\/d\u00e9but de soir\u00e9e ce jeudi 30 Mai. A 17 h 50, direction le Bike Park de La Bresse o\u00f9 un jeune alsacien de 17 ans \u00e0 fait une mauvaise chute \u00e0 v\u00e9lo sur un des parcours. Souffrant de plaies aux visages et surtout de douleurs dorsales avec suspicions de dommages aux vert\u00e8bres, aucun risque n&rsquo;a \u00e9t\u00e9 pris et la victime a \u00e9t\u00e9 \u00e9vacu\u00e9e rapidement le centre hospitalier (CH) de Colmar. Sur place, avaient \u00e9t\u00e9 mobilis\u00e9s : 2 Gendarmes du PGM, le SAV de La Bresse ainsi que le SDIS68.<\/p>\n<p>Un peu plus tard, \u00e0 19 h 15, c&rsquo;est \u00e0 St Maurice-sur-Moselle, dans le secteur des Ballons des Vosges que le PGM \u00e9tait appel\u00e9 pour deux randonneurs en difficult\u00e9 sur le chemin sup\u00e9rieur de Morte-Ville. Ayant d\u00e9cid\u00e9 de couper pour regagner le chemin inf\u00e9rieur, le premier s&rsquo;est retrouv\u00e9 coinc\u00e9 dans les rocheuses alors que le seconde a fait une glissade de pr\u00e8s de 50m entra\u00eenant quelques contusions et surtout la fracture de son bras droit. Deux Gendarmes avaient \u00e9t\u00e9 envoy\u00e9s sur place, le PGM \u00e9tait mobilis\u00e9 avec le SAV du Thillot et a d\u00fb utiliser le Dragon 25 (h\u00e9licopt\u00e8re) pour pouvoir sortir la personne bless\u00e9e qui a \u00e9t\u00e9 conduite au CH de Remiremont. Fin de l&rsquo;intervention aux alentours de 21 h 30.<\/p>\n","protected":false},"excerpt":{"rendered":"<p>Le Peloton de Gendarmerie de Xonrupt-Longemer a effectu\u00e9 deux sorties en fin de journ\u00e9e\/d\u00e9but de soir\u00e9e ce jeudi 30 Mai. [&hellip;]<\/p>\n","protected":false},"author":42,"featured_media":41909,"comment_status":"open","ping_status":"open","sticky":false,"template":"","format":"standard","meta":{"footnotes":""},"categories":[20,8,31],"tags":[4119],"class_list":["post-41908","post","type-post","status-publish","format-standard","has-post-thumbnail","hentry","category-a-la-une","category-faits-divers","category-vosges-faits-divers","tag-pgm-xonrupt-longemer"],"acf":[],"yoast_head":"<!-- This site is optimized with the Yoast SEO plugin v22.5 - https:\/\/yoast.com\/wordpress\/plugins\/seo\/ -->\n<title>Pas de jour f\u00e9ri\u00e9 pour le PGM de sortie sur La Bresse et St Maurice - Gerardmer Info<\/title>\n<meta name=\"robots\" content=\"index, follow, max-snippet:-1, max-image-preview:large, max-video-preview:-1\" \/>\n<link rel=\"canonical\" href=\"https:\/\/vosgesinfo.fr\/gerardmerinfo\/2019\/05\/de-jour-ferie-pgm-de-sortie-bresse-st-maurice\/\" \/>\n<meta name=\"twitter:card\" content=\"summary_large_image\" \/>\n<meta name=\"twitter:title\" content=\"Pas de jour f\u00e9ri\u00e9 pour le PGM de sortie sur La Bresse et St Maurice - Gerardmer Info\" \/>\n<meta name=\"twitter:description\" content=\"Le Peloton de Gendarmerie de Xonrupt-Longemer a effectu\u00e9 deux sorties en fin de journ\u00e9e\/d\u00e9but de soir\u00e9e ce jeudi 30 Mai. [&hellip;]\" \/>\n<meta name=\"twitter:image\" content=\"https:\/\/vosgesinfo.fr\/app\/uploads\/sites\/6\/2024\/07\/201809gendarmerie-de-secours-en-montagneresized-1.jpg\" \/>\n<meta name=\"twitter:creator\" content=\"@VosgesInfo88\" \/>\n<meta name=\"twitter:site\" content=\"@VosgesInfo88\" \/>\n<meta name=\"twitter:label1\" content=\"\u00c9crit par\" \/>\n\t<meta name=\"twitter:data1\" content=\"QG\" \/>\n\t<meta name=\"twitter:label2\" content=\"Dur\u00e9e de lecture estim\u00e9e\" \/>\n\t<meta name=\"twitter:data2\" content=\"1 minute\" \/>\n<script type=\"application\/ld+json\" class=\"yoast-schema-graph\">{\"@context\":\"https:\/\/schema.org\",\"@graph\":[{\"@type\":\"Article\",\"@id\":\"https:\/\/vosgesinfo.fr\/gerardmerinfo\/2019\/05\/de-jour-ferie-pgm-de-sortie-bresse-st-maurice\/#article\",\"isPartOf\":{\"@id\":\"https:\/\/vosgesinfo.fr\/gerardmerinfo\/2019\/05\/de-jour-ferie-pgm-de-sortie-bresse-st-maurice\/\"},\"author\":{\"name\":\"QG\",\"@id\":\"https:\/\/vosgesinfo.fr\/gerardmerinfo\/#\/schema\/person\/db5605779a843dad16b5368f3e7613a5\"},\"headline\":\"Pas de jour f\u00e9ri\u00e9 pour le PGM de sortie sur La Bresse et St Maurice\",\"datePublished\":\"2019-05-31T05:31:49+00:00\",\"dateModified\":\"2019-05-31T05:31:49+00:00\",\"mainEntityOfPage\":{\"@id\":\"https:\/\/vosgesinfo.fr\/gerardmerinfo\/2019\/05\/de-jour-ferie-pgm-de-sortie-bresse-st-maurice\/\"},\"wordCount\":246,\"commentCount\":0,\"publisher\":{\"@id\":\"https:\/\/vosgesinfo.fr\/gerardmerinfo\/#organization\"},\"image\":{\"@id\":\"https:\/\/vosgesinfo.fr\/gerardmerinfo\/2019\/05\/de-jour-ferie-pgm-de-sortie-bresse-st-maurice\/#primaryimage\"},\"thumbnailUrl\":\"https:\/\/vosgesinfo.fr\/app\/uploads\/sites\/6\/2024\/07\/201809gendarmerie-de-secours-en-montagneresized-1.jpg\",\"keywords\":[\"PGM xonrupt Longemer\"],\"articleSection\":[\"A la une\",\"Faits-divers\",\"Vosges\"],\"inLanguage\":\"fr-FR\",\"potentialAction\":[{\"@type\":\"CommentAction\",\"name\":\"Comment\",\"target\":[\"https:\/\/vosgesinfo.fr\/gerardmerinfo\/2019\/05\/de-jour-ferie-pgm-de-sortie-bresse-st-maurice\/#respond\"]}]},{\"@type\":\"WebPage\",\"@id\":\"https:\/\/vosgesinfo.fr\/gerardmerinfo\/2019\/05\/de-jour-ferie-pgm-de-sortie-bresse-st-maurice\/\",\"url\":\"https:\/\/vosgesinfo.fr\/gerardmerinfo\/2019\/05\/de-jour-ferie-pgm-de-sortie-bresse-st-maurice\/\",\"name\":\"Pas de jour f\u00e9ri\u00e9 pour le PGM de sortie sur La Bresse et St Maurice - Gerardmer Info\",\"isPartOf\":{\"@id\":\"https:\/\/vosgesinfo.fr\/gerardmerinfo\/#website\"},\"primaryImageOfPage\":{\"@id\":\"https:\/\/vosgesinfo.fr\/gerardmerinfo\/2019\/05\/de-jour-ferie-pgm-de-sortie-bresse-st-maurice\/#primaryimage\"},\"image\":{\"@id\":\"https:\/\/vosgesinfo.fr\/gerardmerinfo\/2019\/05\/de-jour-ferie-pgm-de-sortie-bresse-st-maurice\/#primaryimage\"},\"thumbnailUrl\":\"https:\/\/vosgesinfo.fr\/app\/uploads\/sites\/6\/2024\/07\/201809gendarmerie-de-secours-en-montagneresized-1.jpg\",\"datePublished\":\"2019-05-31T05:31:49+00:00\",\"dateModified\":\"2019-05-31T05:31:49+00:00\",\"breadcrumb\":{\"@id\":\"https:\/\/vosgesinfo.fr\/gerardmerinfo\/2019\/05\/de-jour-ferie-pgm-de-sortie-bresse-st-maurice\/#breadcrumb\"},\"inLanguage\":\"fr-FR\",\"potentialAction\":[{\"@type\":\"ReadAction\",\"target\":[\"https:\/\/vosgesinfo.fr\/gerardmerinfo\/2019\/05\/de-jour-ferie-pgm-de-sortie-bresse-st-maurice\/\"]}]},{\"@type\":\"ImageObject\",\"inLanguage\":\"fr-FR\",\"@id\":\"https:\/\/vosgesinfo.fr\/gerardmerinfo\/2019\/05\/de-jour-ferie-pgm-de-sortie-bresse-st-maurice\/#primaryimage\",\"url\":\"https:\/\/vosgesinfo.fr\/app\/uploads\/sites\/6\/2024\/07\/201809gendarmerie-de-secours-en-montagneresized-1.jpg\",\"contentUrl\":\"https:\/\/vosgesinfo.fr\/app\/uploads\/sites\/6\/2024\/07\/201809gendarmerie-de-secours-en-montagneresized-1.jpg\",\"width\":800,\"height\":450},{\"@type\":\"BreadcrumbList\",\"@id\":\"https:\/\/vosgesinfo.fr\/gerardmerinfo\/2019\/05\/de-jour-ferie-pgm-de-sortie-bresse-st-maurice\/#breadcrumb\",\"itemListElement\":[{\"@type\":\"ListItem\",\"position\":1,\"name\":\"Home\",\"item\":\"https:\/\/vosgesinfo.fr\/gerardmerinfo\/\"},{\"@type\":\"ListItem\",\"position\":2,\"name\":\"Pas de jour f\u00e9ri\u00e9 pour le PGM de sortie sur La Bresse et St Maurice\"}]},{\"@type\":\"WebSite\",\"@id\":\"https:\/\/vosgesinfo.fr\/gerardmerinfo\/#website\",\"url\":\"https:\/\/vosgesinfo.fr\/gerardmerinfo\/\",\"name\":\"Gerardmer Info\",\"description\":\"Toute l&#039;actualit\u00e9 de G\u00e9rardmer\",\"publisher\":{\"@id\":\"https:\/\/vosgesinfo.fr\/gerardmerinfo\/#organization\"},\"alternateName\":\"Toute l'actualit\u00e9 de G\u00e9rardmer\",\"potentialAction\":[{\"@type\":\"SearchAction\",\"target\":{\"@type\":\"EntryPoint\",\"urlTemplate\":\"https:\/\/vosgesinfo.fr\/gerardmerinfo\/?s={search_term_string}\"},\"query-input\":\"required name=search_term_string\"}],\"inLanguage\":\"fr-FR\"},{\"@type\":\"Organization\",\"@id\":\"https:\/\/vosgesinfo.fr\/gerardmerinfo\/#organization\",\"name\":\"Gerardmer Info\",\"url\":\"https:\/\/vosgesinfo.fr\/gerardmerinfo\/\",\"logo\":{\"@type\":\"ImageObject\",\"inLanguage\":\"fr-FR\",\"@id\":\"https:\/\/vosgesinfo.fr\/gerardmerinfo\/#\/schema\/logo\/image\/\",\"url\":\"https:\/\/vosgesinfo.fr\/app\/uploads\/sites\/6\/2023\/08\/favicon-gerardmerinfo.png\",\"contentUrl\":\"https:\/\/vosgesinfo.fr\/app\/uploads\/sites\/6\/2023\/08\/favicon-gerardmerinfo.png\",\"width\":512,\"height\":512,\"caption\":\"Gerardmer Info\"},\"image\":{\"@id\":\"https:\/\/vosgesinfo.fr\/gerardmerinfo\/#\/schema\/logo\/image\/\"},\"sameAs\":[\"https:\/\/www.facebook.com\/profile.php?id=100049475262660\",\"https:\/\/x.com\/VosgesInfo88\",\"https:\/\/www.youtube.com\/@vosgesinfo\"]},{\"@type\":\"Person\",\"@id\":\"https:\/\/vosgesinfo.fr\/gerardmerinfo\/#\/schema\/person\/db5605779a843dad16b5368f3e7613a5\",\"name\":\"QG\",\"image\":{\"@type\":\"ImageObject\",\"inLanguage\":\"fr-FR\",\"@id\":\"https:\/\/vosgesinfo.fr\/gerardmerinfo\/#\/schema\/person\/image\/\",\"url\":\"https:\/\/secure.gravatar.com\/avatar\/ea80c42c204b534408512832fde52504ecabb9706bcb6151cf6175e5b64e6793?s=96&d=mm&r=g\",\"contentUrl\":\"https:\/\/secure.gravatar.com\/avatar\/ea80c42c204b534408512832fde52504ecabb9706bcb6151cf6175e5b64e6793?s=96&d=mm&r=g\",\"caption\":\"QG\"},\"url\":\"https:\/\/vosgesinfo.fr\/gerardmerinfo\/author\/quentin88\/\"}]}<\/script>\n<!-- \/ Yoast SEO plugin. -->","yoast_head_json":{"title":"Pas de jour f\u00e9ri\u00e9 pour le PGM de sortie sur La Bresse et St Maurice - Gerardmer Info","robots":{"index":"index","follow":"follow","max-snippet":"max-snippet:-1","max-image-preview":"max-image-preview:large","max-video-preview":"max-video-preview:-1"},"canonical":"https:\/\/vosgesinfo.fr\/gerardmerinfo\/2019\/05\/de-jour-ferie-pgm-de-sortie-bresse-st-maurice\/","twitter_card":"summary_large_image","twitter_title":"Pas de jour f\u00e9ri\u00e9 pour le PGM de sortie sur La Bresse et St Maurice - Gerardmer Info","twitter_description":"Le Peloton de Gendarmerie de Xonrupt-Longemer a effectu\u00e9 deux sorties en fin de journ\u00e9e\/d\u00e9but de soir\u00e9e ce jeudi 30 Mai. [&hellip;]","twitter_image":"https:\/\/vosgesinfo.fr\/app\/uploads\/sites\/6\/2024\/07\/201809gendarmerie-de-secours-en-montagneresized-1.jpg","twitter_creator":"@VosgesInfo88","twitter_site":"@VosgesInfo88","twitter_misc":{"\u00c9crit par":"QG","Dur\u00e9e de lecture estim\u00e9e":"1 minute"},"schema":{"@context":"https:\/\/schema.org","@graph":[{"@type":"Article","@id":"https:\/\/vosgesinfo.fr\/gerardmerinfo\/2019\/05\/de-jour-ferie-pgm-de-sortie-bresse-st-maurice\/#article","isPartOf":{"@id":"https:\/\/vosgesinfo.fr\/gerardmerinfo\/2019\/05\/de-jour-ferie-pgm-de-sortie-bresse-st-maurice\/"},"author":{"name":"QG","@id":"https:\/\/vosgesinfo.fr\/gerardmerinfo\/#\/schema\/person\/db5605779a843dad16b5368f3e7613a5"},"headline":"Pas de jour f\u00e9ri\u00e9 pour le PGM de sortie sur La Bresse et St Maurice","datePublished":"2019-05-31T05:31:49+00:00","dateModified":"2019-05-31T05:31:49+00:00","mainEntityOfPage":{"@id":"https:\/\/vosgesinfo.fr\/gerardmerinfo\/2019\/05\/de-jour-ferie-pgm-de-sortie-bresse-st-maurice\/"},"wordCount":246,"commentCount":0,"publisher":{"@id":"https:\/\/vosgesinfo.fr\/gerardmerinfo\/#organization"},"image":{"@id":"https:\/\/vosgesinfo.fr\/gerardmerinfo\/2019\/05\/de-jour-ferie-pgm-de-sortie-bresse-st-maurice\/#primaryimage"},"thumbnailUrl":"https:\/\/vosgesinfo.fr\/app\/uploads\/sites\/6\/2024\/07\/201809gendarmerie-de-secours-en-montagneresized-1.jpg","keywords":["PGM xonrupt Longemer"],"articleSection":["A la une","Faits-divers","Vosges"],"inLanguage":"fr-FR","potentialAction":[{"@type":"CommentAction","name":"Comment","target":["https:\/\/vosgesinfo.fr\/gerardmerinfo\/2019\/05\/de-jour-ferie-pgm-de-sortie-bresse-st-maurice\/#respond"]}]},{"@type":"WebPage","@id":"https:\/\/vosgesinfo.fr\/gerardmerinfo\/2019\/05\/de-jour-ferie-pgm-de-sortie-bresse-st-maurice\/","url":"https:\/\/vosgesinfo.fr\/gerardmerinfo\/2019\/05\/de-jour-ferie-pgm-de-sortie-bresse-st-maurice\/","name":"Pas de jour f\u00e9ri\u00e9 pour le PGM de sortie sur La Bresse et St Maurice - Gerardmer Info","isPartOf":{"@id":"https:\/\/vosgesinfo.fr\/gerardmerinfo\/#website"},"primaryImageOfPage":{"@id":"https:\/\/vosgesinfo.fr\/gerardmerinfo\/2019\/05\/de-jour-ferie-pgm-de-sortie-bresse-st-maurice\/#primaryimage"},"image":{"@id":"https:\/\/vosgesinfo.fr\/gerardmerinfo\/2019\/05\/de-jour-ferie-pgm-de-sortie-bresse-st-maurice\/#primaryimage"},"thumbnailUrl":"https:\/\/vosgesinfo.fr\/app\/uploads\/sites\/6\/2024\/07\/201809gendarmerie-de-secours-en-montagneresized-1.jpg","datePublished":"2019-05-31T05:31:49+00:00","dateModified":"2019-05-31T05:31:49+00:00","breadcrumb":{"@id":"https:\/\/vosgesinfo.fr\/gerardmerinfo\/2019\/05\/de-jour-ferie-pgm-de-sortie-bresse-st-maurice\/#breadcrumb"},"inLanguage":"fr-FR","potentialAction":[{"@type":"ReadAction","target":["https:\/\/vosgesinfo.fr\/gerardmerinfo\/2019\/05\/de-jour-ferie-pgm-de-sortie-bresse-st-maurice\/"]}]},{"@type":"ImageObject","inLanguage":"fr-FR","@id":"https:\/\/vosgesinfo.fr\/gerardmerinfo\/2019\/05\/de-jour-ferie-pgm-de-sortie-bresse-st-maurice\/#primaryimage","url":"https:\/\/vosgesinfo.fr\/app\/uploads\/sites\/6\/2024\/07\/201809gendarmerie-de-secours-en-montagneresized-1.jpg","contentUrl":"https:\/\/vosgesinfo.fr\/app\/uploads\/sites\/6\/2024\/07\/201809gendarmerie-de-secours-en-montagneresized-1.jpg","width":800,"height":450},{"@type":"BreadcrumbList","@id":"https:\/\/vosgesinfo.fr\/gerardmerinfo\/2019\/05\/de-jour-ferie-pgm-de-sortie-bresse-st-maurice\/#breadcrumb","itemListElement":[{"@type":"ListItem","position":1,"name":"Home","item":"https:\/\/vosgesinfo.fr\/gerardmerinfo\/"},{"@type":"ListItem","position":2,"name":"Pas de jour f\u00e9ri\u00e9 pour le PGM de sortie sur La Bresse et St Maurice"}]},{"@type":"WebSite","@id":"https:\/\/vosgesinfo.fr\/gerardmerinfo\/#website","url":"https:\/\/vosgesinfo.fr\/gerardmerinfo\/","name":"Gerardmer Info","description":"Toute l&#039;actualit\u00e9 de G\u00e9rardmer","publisher":{"@id":"https:\/\/vosgesinfo.fr\/gerardmerinfo\/#organization"},"alternateName":"Toute l'actualit\u00e9 de G\u00e9rardmer","potentialAction":[{"@type":"SearchAction","target":{"@type":"EntryPoint","urlTemplate":"https:\/\/vosgesinfo.fr\/gerardmerinfo\/?s={search_term_string}"},"query-input":"required name=search_term_string"}],"inLanguage":"fr-FR"},{"@type":"Organization","@id":"https:\/\/vosgesinfo.fr\/gerardmerinfo\/#organization","name":"Gerardmer Info","url":"https:\/\/vosgesinfo.fr\/gerardmerinfo\/","logo":{"@type":"ImageObject","inLanguage":"fr-FR","@id":"https:\/\/vosgesinfo.fr\/gerardmerinfo\/#\/schema\/logo\/image\/","url":"https:\/\/vosgesinfo.fr\/app\/uploads\/sites\/6\/2023\/08\/favicon-gerardmerinfo.png","contentUrl":"https:\/\/vosgesinfo.fr\/app\/uploads\/sites\/6\/2023\/08\/favicon-gerardmerinfo.png","width":512,"height":512,"caption":"Gerardmer Info"},"image":{"@id":"https:\/\/vosgesinfo.fr\/gerardmerinfo\/#\/schema\/logo\/image\/"},"sameAs":["https:\/\/www.facebook.com\/profile.php?id=100049475262660","https:\/\/x.com\/VosgesInfo88","https:\/\/www.youtube.com\/@vosgesinfo"]},{"@type":"Person","@id":"https:\/\/vosgesinfo.fr\/gerardmerinfo\/#\/schema\/person\/db5605779a843dad16b5368f3e7613a5","name":"QG","image":{"@type":"ImageObject","inLanguage":"fr-FR","@id":"https:\/\/vosgesinfo.fr\/gerardmerinfo\/#\/schema\/person\/image\/","url":"https:\/\/secure.gravatar.com\/avatar\/ea80c42c204b534408512832fde52504ecabb9706bcb6151cf6175e5b64e6793?s=96&d=mm&r=g","contentUrl":"https:\/\/secure.gravatar.com\/avatar\/ea80c42c204b534408512832fde52504ecabb9706bcb6151cf6175e5b64e6793?s=96&d=mm&r=g","caption":"QG"},"url":"https:\/\/vosgesinfo.fr\/gerardmerinfo\/author\/quentin88\/"}]}},"_links":{"self":[{"href":"https:\/\/vosgesinfo.fr\/gerardmerinfo\/wp-json\/wp\/v2\/posts\/41908","targetHints":{"allow":["GET"]}}],"collection":[{"href":"https:\/\/vosgesinfo.fr\/gerardmerinfo\/wp-json\/wp\/v2\/posts"}],"about":[{"href":"https:\/\/vosgesinfo.fr\/gerardmerinfo\/wp-json\/wp\/v2\/types\/post"}],"author":[{"embeddable":true,"href":"https:\/\/vosgesinfo.fr\/gerardmerinfo\/wp-json\/wp\/v2\/users\/42"}],"replies":[{"embeddable":true,"href":"https:\/\/vosgesinfo.fr\/gerardmerinfo\/wp-json\/wp\/v2\/comments?post=41908"}],"version-history":[{"count":0,"href":"https:\/\/vosgesinfo.fr\/gerardmerinfo\/wp-json\/wp\/v2\/posts\/41908\/revisions"}],"wp:featuredmedia":[{"embeddable":true,"href":"https:\/\/vosgesinfo.fr\/gerardmerinfo\/wp-json\/wp\/v2\/media\/41909"}],"wp:attachment":[{"href":"https:\/\/vosgesinfo.fr\/gerardmerinfo\/wp-json\/wp\/v2\/media?parent=41908"}],"wp:term":[{"taxonomy":"category","embeddable":true,"href":"https:\/\/vosgesinfo.fr\/gerardmerinfo\/wp-json\/wp\/v2\/categories?post=41908"},{"taxonomy":"post_tag","embeddable":true,"href":"https:\/\/vosgesinfo.fr\/gerardmerinfo\/wp-json\/wp\/v2\/tags?post=41908"}],"curies":[{"name":"wp","href":"https:\/\/api.w.org\/{rel}","templated":true}]}}