{"id":42006,"date":"2019-06-03T20:48:09","date_gmt":"2019-06-03T18:48:09","guid":{"rendered":"https:\/\/vosgesinfo.fr\/gerardmerinfo\/2019\/06\/hopital-de-gerardmer-y-a-urgence-lassociation-gerho-reactivee\/"},"modified":"2019-06-03T20:48:09","modified_gmt":"2019-06-03T18:48:09","slug":"hopital-de-gerardmer-y-a-urgence-lassociation-gerho-reactivee","status":"publish","type":"post","link":"https:\/\/vosgesinfo.fr\/gerardmerinfo\/2019\/06\/hopital-de-gerardmer-y-a-urgence-lassociation-gerho-reactivee\/","title":{"rendered":"H\u00f4pital de G\u00e9rardmer : il y a urgence ! L&rsquo;association GERHO r\u00e9activ\u00e9e"},"content":{"rendered":"<p><a href=\"\/2019\/06\/hopital-gerardmer-GERHO-r\u00e9union-1.jpg\"><img decoding=\"async\" class=\"aligncenter wp-image-147820 size-full\" src=\"\/2019\/06\/hopital-gerardmer-GERHO-r\u00e9union-1.jpg\" alt=\"hopital gerardmer GERHO r\u00e9union (1)\" width=\"800\" height=\"600\" \/><\/a><\/p>\n<p>La question avait d\u00e9j\u00e0 \u00e9t\u00e9 \u00e9voqu\u00e9e lors du dernier conseil municipal de G\u00e9rardmer et la r\u00e9sistance commence d\u00e9j\u00e0 \u00e0 s&rsquo;organiser. Suite \u00e0 l&rsquo;annonce de coupes franches dans le budget du centre Hospitalier (CH) g\u00e9r\u00f4mois par l&rsquo;ARS, bras arm\u00e9 du Minist\u00e8re de la Sant\u00e9, une r\u00e9union publique a \u00e9t\u00e9 programm\u00e9e par quelques unes des chevilles ouvri\u00e8res de l&rsquo;association GERHO (G\u00e9rardmer H\u00f4pital), structure cr\u00e9\u00e9e en 2005 pour tenter d&rsquo;\u00e9viter le pire. Et c&rsquo;est bien le pire que l&rsquo;on veut \u00e9viter \u00e0 G\u00e9rardmer. Premi\u00e8re action d&rsquo;envergure pr\u00e9vue le 15 juin. Pour rejoindre le mouvement une adresse mail : hopital.gerardmer@gmail.com<\/p>\n<div id=\"attachment_147819\" style=\"width: 350px\" class=\"wp-caption alignleft\"><a href=\"\/2019\/06\/hopital-gerardmer-GERHO-r\u00e9union-2.jpg\"><img decoding=\"async\" aria-describedby=\"caption-attachment-147819\" class=\"wp-image-147819 size-medium\" src=\"\/2019\/06\/hopital-gerardmer-GERHO-r\u00e9union-2-340x255.jpg\" alt=\"hopital gerardmer GERHO r\u00e9union (2)\" width=\"340\" height=\"255\" \/><\/a><p id=\"caption-attachment-147819\" class=\"wp-caption-text\">Lydie Guillemain et Eric Defranould<\/p><\/div>\n<p>Face \u00e0 la r\u00e9cente annonce de l&rsquo;Agence R\u00e9gionale de Sant\u00e9 (ARS), il va \u00e0 nouveau falloir se battre, plus que jamais, et le faire de fa\u00e7on soud\u00e9e, unie, qu&rsquo;il s&rsquo;agisse du personnel de sant\u00e9, de la population, des \u00e9lus, des syndicats, des associations et des m\u00e9decins qui voudront bien se joindre au combat pour pr\u00e9server le service des soins non programm\u00e9s de G\u00e9rardmer ainsi que les \u00e9quipes qui le font fonctionner. Un combat qui va plus loin, car si le pire devait justement arriver, c&rsquo;est tout le CH Claudius Regaud qui serait menac\u00e9 de devenir ce que le Minist\u00e8re de la Sant\u00e9 appelle un <em>h\u00f4pital de proximit\u00e9&#8230; <\/em>Un terme s\u00e9duisant pour parler des h\u00f4pitaux de zones rurales qui ne sont plus habilit\u00e9s \u00e0 faire&#8230; grand chose !<\/p>\n<p>Rappelons rapidement que le projet de l&rsquo;ARS concernant l&rsquo;h\u00f4pital de G\u00e9rardmer ainsi que celui de Saint Di\u00e9, puisque les deux sont li\u00e9s, est de modifier le forfait de facturation pour l\u2019accueil et le traitement des Urgences ( ATU), ce qui entra\u00eenerait une baisse de 112 000 \u20ac. De plus, la modification entra\u00eenerait une disparition du Forfait Annuel d\u2019Urgence (FAU) soit une perte s\u00e8che de 465 000 \u20ac pour un total de 577 000 \u20ac\u2026 En ce qui concerne l\u2019h\u00f4pital de St-Di\u00e9, la perte est de 252 000 \u20ac\u00a0 uniquement pour le forfait Annuel Urgence. Pour le budget du CH g\u00e9r\u00f4mois, c&rsquo;est un uppercut de moins 5 \u00e0 moins 6% sur les produits annuels, ce qui ne serait pas sans cons\u00e9quences, que ce soit pour la sant\u00e9 des citoyens comme pour le personnel soignant : \u00ab\u00a0Avec une enveloppe r\u00e9duite de pr\u00e8s de 600 000\u20ac et d\u00e9j\u00e0 un d\u00e9ficit de fonctionnement estim\u00e9 \u00e0 environ 300 000\u20ac, on peut craindre que plus de 20 postes soient menac\u00e9s\u00a0\u00bb pr\u00e9cisait Lydie Guillemain.<\/p>\n<p>Le maire de G\u00e9rardmer et l&rsquo;ensemble de la municipalit\u00e9 sont bien entendu \u00e0 100% derri\u00e8re le mouvement qui s&rsquo;organise. Stessy Speismann, \u00e9galement pr\u00e9sident du conseil de surveillance de l&rsquo;h\u00f4pital, qui a rappel\u00e9 qu&rsquo;avec son homologue d\u00e9odatien David Valence, ils avaient sollicit\u00e9 une rencontre avec le d\u00e9l\u00e9gu\u00e9 territorial de l&rsquo;ARS. Une requ\u00eate par courrier rest\u00e9e sans r\u00e9ponse jusqu&rsquo;\u00e0 ce lundi o\u00f9 le d\u00e9l\u00e9gu\u00e9 en question s&rsquo;est engag\u00e9 oralement \u00e0 maintenir le forfait de facturation en place jusqu&rsquo;\u00e0 la fin de l&rsquo;ann\u00e9e 2019 ! Une bien maigre consolation, une plaisanterie, presque un camouflet pour certains d\u00e9fenseurs du CH g\u00e9r\u00f4mois qui ne satisfont pas de cette r\u00e9ponse. Et ce d&rsquo;autant plus que le comble, c&rsquo;est que l&rsquo;ARS semble soutenir le projet de clinique priv\u00e9e \u00e0 G\u00e9rardmer qui avance \u00e0 petits pas. Une ARS qui a financ\u00e9 \u00e0 hauteur de 100 000 \u20ac la r\u00e9fection du service de soins non programm\u00e9s dont les travaux s&rsquo;ach\u00e8vent. Travaux dont le principal partenaire n&rsquo;est autre que l&rsquo;association g\u00e9r\u00f4moise des sports d&rsquo;hiver (AGSH) dont les membres ne d\u00e9col\u00e8rent pas. Un service de soins non-programm\u00e9s que l&rsquo;ARS a renouvel\u00e9 pour 7 ans \u00e0 partir de Mars dernier ! \u00ab\u00a0On marche sur la t\u00eate !\u00a0\u00bb pouvait-on entendre dans une salle des Armes de l&rsquo;H\u00f4tel de Ville pleine comme un \u0153uf !<\/p>\n<p>La mobilisation \u00e9tait donc importante, et elle devra l&rsquo;\u00eatre encore plus, comme l&rsquo;ont pr\u00e9cis\u00e9 Eric Defranould et Lydie Guillemain qui ont lanc\u00e9 un appel afin de reformer le bureau de GERHO. Ils savent qu&rsquo;il faudra avancer group\u00e9 , et ils peuvent d\u00e9j\u00e0 compter sur le soutien de l&rsquo;ADEMAT (d\u00e9fense de la maternit\u00e9 de Remiremont) et son pr\u00e9sident Jean Pierrel, pr\u00e9sent lors de cette r\u00e9union publique. Ce dernier a pr\u00e9cis\u00e9 que des actions allaient \u00eatre men\u00e9es le 15 juin prochain, G\u00e9rardmer devrait en \u00eatre l&rsquo;\u00e9picentre, sans doute rejoint par l&rsquo;association de sauvegarde de l&rsquo;h\u00f4pital d\u00e9odatien. En tout cas le message est claire chez les d\u00e9fenseurs du CH Claudius Regaud :\u00a0 \u00ab\u00a0il y a urgence !\u00a0\u00bb<\/p>\n","protected":false},"excerpt":{"rendered":"<p>La question avait d\u00e9j\u00e0 \u00e9t\u00e9 \u00e9voqu\u00e9e lors du dernier conseil municipal de G\u00e9rardmer et la r\u00e9sistance commence d\u00e9j\u00e0 \u00e0 s&rsquo;organiser. [&hellip;]<\/p>\n","protected":false},"author":42,"featured_media":42007,"comment_status":"open","ping_status":"open","sticky":false,"template":"","format":"standard","meta":{"footnotes":""},"categories":[20,25,12,18],"tags":[3989,1567],"class_list":["post-42006","post","type-post","status-publish","format-standard","has-post-thumbnail","hentry","category-a-la-une","category-gerardmer","category-sante","category-vosges","tag-claudius-regaud","tag-hopital"],"acf":[],"yoast_head":"<!-- This site is optimized with the Yoast SEO plugin v22.5 - https:\/\/yoast.com\/wordpress\/plugins\/seo\/ -->\n<title>H\u00f4pital de G\u00e9rardmer : il y a urgence ! L&#039;association GERHO r\u00e9activ\u00e9e - Gerardmer Info<\/title>\n<meta name=\"robots\" content=\"index, follow, max-snippet:-1, max-image-preview:large, max-video-preview:-1\" \/>\n<link rel=\"canonical\" href=\"https:\/\/vosgesinfo.fr\/gerardmerinfo\/2019\/06\/hopital-de-gerardmer-y-a-urgence-lassociation-gerho-reactivee\/\" \/>\n<meta name=\"twitter:card\" content=\"summary_large_image\" \/>\n<meta name=\"twitter:title\" content=\"H\u00f4pital de G\u00e9rardmer : il y a urgence ! L&#039;association GERHO r\u00e9activ\u00e9e - Gerardmer Info\" \/>\n<meta name=\"twitter:description\" content=\"La question avait d\u00e9j\u00e0 \u00e9t\u00e9 \u00e9voqu\u00e9e lors du dernier conseil municipal de G\u00e9rardmer et la r\u00e9sistance commence d\u00e9j\u00e0 \u00e0 s&rsquo;organiser. [&hellip;]\" \/>\n<meta name=\"twitter:image\" content=\"https:\/\/vosgesinfo.fr\/app\/uploads\/sites\/6\/2024\/07\/201906hopital-gerardmer-gerho-reunion-1.jpg\" \/>\n<meta name=\"twitter:creator\" content=\"@VosgesInfo88\" \/>\n<meta name=\"twitter:site\" content=\"@VosgesInfo88\" \/>\n<meta name=\"twitter:label1\" content=\"\u00c9crit par\" \/>\n\t<meta name=\"twitter:data1\" content=\"QG\" \/>\n\t<meta name=\"twitter:label2\" content=\"Dur\u00e9e de lecture estim\u00e9e\" \/>\n\t<meta name=\"twitter:data2\" content=\"4 minutes\" \/>\n<script type=\"application\/ld+json\" class=\"yoast-schema-graph\">{\"@context\":\"https:\/\/schema.org\",\"@graph\":[{\"@type\":\"Article\",\"@id\":\"https:\/\/vosgesinfo.fr\/gerardmerinfo\/2019\/06\/hopital-de-gerardmer-y-a-urgence-lassociation-gerho-reactivee\/#article\",\"isPartOf\":{\"@id\":\"https:\/\/vosgesinfo.fr\/gerardmerinfo\/2019\/06\/hopital-de-gerardmer-y-a-urgence-lassociation-gerho-reactivee\/\"},\"author\":{\"name\":\"QG\",\"@id\":\"https:\/\/vosgesinfo.fr\/gerardmerinfo\/#\/schema\/person\/db5605779a843dad16b5368f3e7613a5\"},\"headline\":\"H\u00f4pital de G\u00e9rardmer : il y a urgence ! L&rsquo;association GERHO r\u00e9activ\u00e9e\",\"datePublished\":\"2019-06-03T18:48:09+00:00\",\"dateModified\":\"2019-06-03T18:48:09+00:00\",\"mainEntityOfPage\":{\"@id\":\"https:\/\/vosgesinfo.fr\/gerardmerinfo\/2019\/06\/hopital-de-gerardmer-y-a-urgence-lassociation-gerho-reactivee\/\"},\"wordCount\":820,\"commentCount\":0,\"publisher\":{\"@id\":\"https:\/\/vosgesinfo.fr\/gerardmerinfo\/#organization\"},\"image\":{\"@id\":\"https:\/\/vosgesinfo.fr\/gerardmerinfo\/2019\/06\/hopital-de-gerardmer-y-a-urgence-lassociation-gerho-reactivee\/#primaryimage\"},\"thumbnailUrl\":\"https:\/\/vosgesinfo.fr\/app\/uploads\/sites\/6\/2024\/07\/201906hopital-gerardmer-gerho-reunion-1.jpg\",\"keywords\":[\"claudius regaud\",\"hopital\"],\"articleSection\":[\"A la une\",\"G\u00e9rardmer\",\"Sant\u00e9\",\"Vosges\"],\"inLanguage\":\"fr-FR\",\"potentialAction\":[{\"@type\":\"CommentAction\",\"name\":\"Comment\",\"target\":[\"https:\/\/vosgesinfo.fr\/gerardmerinfo\/2019\/06\/hopital-de-gerardmer-y-a-urgence-lassociation-gerho-reactivee\/#respond\"]}]},{\"@type\":\"WebPage\",\"@id\":\"https:\/\/vosgesinfo.fr\/gerardmerinfo\/2019\/06\/hopital-de-gerardmer-y-a-urgence-lassociation-gerho-reactivee\/\",\"url\":\"https:\/\/vosgesinfo.fr\/gerardmerinfo\/2019\/06\/hopital-de-gerardmer-y-a-urgence-lassociation-gerho-reactivee\/\",\"name\":\"H\u00f4pital de G\u00e9rardmer : il y a urgence ! L'association GERHO r\u00e9activ\u00e9e - Gerardmer Info\",\"isPartOf\":{\"@id\":\"https:\/\/vosgesinfo.fr\/gerardmerinfo\/#website\"},\"primaryImageOfPage\":{\"@id\":\"https:\/\/vosgesinfo.fr\/gerardmerinfo\/2019\/06\/hopital-de-gerardmer-y-a-urgence-lassociation-gerho-reactivee\/#primaryimage\"},\"image\":{\"@id\":\"https:\/\/vosgesinfo.fr\/gerardmerinfo\/2019\/06\/hopital-de-gerardmer-y-a-urgence-lassociation-gerho-reactivee\/#primaryimage\"},\"thumbnailUrl\":\"https:\/\/vosgesinfo.fr\/app\/uploads\/sites\/6\/2024\/07\/201906hopital-gerardmer-gerho-reunion-1.jpg\",\"datePublished\":\"2019-06-03T18:48:09+00:00\",\"dateModified\":\"2019-06-03T18:48:09+00:00\",\"breadcrumb\":{\"@id\":\"https:\/\/vosgesinfo.fr\/gerardmerinfo\/2019\/06\/hopital-de-gerardmer-y-a-urgence-lassociation-gerho-reactivee\/#breadcrumb\"},\"inLanguage\":\"fr-FR\",\"potentialAction\":[{\"@type\":\"ReadAction\",\"target\":[\"https:\/\/vosgesinfo.fr\/gerardmerinfo\/2019\/06\/hopital-de-gerardmer-y-a-urgence-lassociation-gerho-reactivee\/\"]}]},{\"@type\":\"ImageObject\",\"inLanguage\":\"fr-FR\",\"@id\":\"https:\/\/vosgesinfo.fr\/gerardmerinfo\/2019\/06\/hopital-de-gerardmer-y-a-urgence-lassociation-gerho-reactivee\/#primaryimage\",\"url\":\"https:\/\/vosgesinfo.fr\/app\/uploads\/sites\/6\/2024\/07\/201906hopital-gerardmer-gerho-reunion-1.jpg\",\"contentUrl\":\"https:\/\/vosgesinfo.fr\/app\/uploads\/sites\/6\/2024\/07\/201906hopital-gerardmer-gerho-reunion-1.jpg\",\"width\":800,\"height\":600},{\"@type\":\"BreadcrumbList\",\"@id\":\"https:\/\/vosgesinfo.fr\/gerardmerinfo\/2019\/06\/hopital-de-gerardmer-y-a-urgence-lassociation-gerho-reactivee\/#breadcrumb\",\"itemListElement\":[{\"@type\":\"ListItem\",\"position\":1,\"name\":\"Home\",\"item\":\"https:\/\/vosgesinfo.fr\/gerardmerinfo\/\"},{\"@type\":\"ListItem\",\"position\":2,\"name\":\"H\u00f4pital de G\u00e9rardmer : il y a urgence ! L&rsquo;association GERHO r\u00e9activ\u00e9e\"}]},{\"@type\":\"WebSite\",\"@id\":\"https:\/\/vosgesinfo.fr\/gerardmerinfo\/#website\",\"url\":\"https:\/\/vosgesinfo.fr\/gerardmerinfo\/\",\"name\":\"Gerardmer Info\",\"description\":\"Toute l&#039;actualit\u00e9 de G\u00e9rardmer\",\"publisher\":{\"@id\":\"https:\/\/vosgesinfo.fr\/gerardmerinfo\/#organization\"},\"alternateName\":\"Toute l'actualit\u00e9 de G\u00e9rardmer\",\"potentialAction\":[{\"@type\":\"SearchAction\",\"target\":{\"@type\":\"EntryPoint\",\"urlTemplate\":\"https:\/\/vosgesinfo.fr\/gerardmerinfo\/?s={search_term_string}\"},\"query-input\":\"required name=search_term_string\"}],\"inLanguage\":\"fr-FR\"},{\"@type\":\"Organization\",\"@id\":\"https:\/\/vosgesinfo.fr\/gerardmerinfo\/#organization\",\"name\":\"Gerardmer Info\",\"url\":\"https:\/\/vosgesinfo.fr\/gerardmerinfo\/\",\"logo\":{\"@type\":\"ImageObject\",\"inLanguage\":\"fr-FR\",\"@id\":\"https:\/\/vosgesinfo.fr\/gerardmerinfo\/#\/schema\/logo\/image\/\",\"url\":\"https:\/\/vosgesinfo.fr\/app\/uploads\/sites\/6\/2023\/08\/favicon-gerardmerinfo.png\",\"contentUrl\":\"https:\/\/vosgesinfo.fr\/app\/uploads\/sites\/6\/2023\/08\/favicon-gerardmerinfo.png\",\"width\":512,\"height\":512,\"caption\":\"Gerardmer Info\"},\"image\":{\"@id\":\"https:\/\/vosgesinfo.fr\/gerardmerinfo\/#\/schema\/logo\/image\/\"},\"sameAs\":[\"https:\/\/www.facebook.com\/profile.php?id=100049475262660\",\"https:\/\/x.com\/VosgesInfo88\",\"https:\/\/www.youtube.com\/@vosgesinfo\"]},{\"@type\":\"Person\",\"@id\":\"https:\/\/vosgesinfo.fr\/gerardmerinfo\/#\/schema\/person\/db5605779a843dad16b5368f3e7613a5\",\"name\":\"QG\",\"image\":{\"@type\":\"ImageObject\",\"inLanguage\":\"fr-FR\",\"@id\":\"https:\/\/vosgesinfo.fr\/gerardmerinfo\/#\/schema\/person\/image\/\",\"url\":\"https:\/\/secure.gravatar.com\/avatar\/ea80c42c204b534408512832fde52504ecabb9706bcb6151cf6175e5b64e6793?s=96&d=mm&r=g\",\"contentUrl\":\"https:\/\/secure.gravatar.com\/avatar\/ea80c42c204b534408512832fde52504ecabb9706bcb6151cf6175e5b64e6793?s=96&d=mm&r=g\",\"caption\":\"QG\"},\"url\":\"https:\/\/vosgesinfo.fr\/gerardmerinfo\/author\/quentin88\/\"}]}<\/script>\n<!-- \/ Yoast SEO plugin. -->","yoast_head_json":{"title":"H\u00f4pital de G\u00e9rardmer : il y a urgence ! L'association GERHO r\u00e9activ\u00e9e - Gerardmer Info","robots":{"index":"index","follow":"follow","max-snippet":"max-snippet:-1","max-image-preview":"max-image-preview:large","max-video-preview":"max-video-preview:-1"},"canonical":"https:\/\/vosgesinfo.fr\/gerardmerinfo\/2019\/06\/hopital-de-gerardmer-y-a-urgence-lassociation-gerho-reactivee\/","twitter_card":"summary_large_image","twitter_title":"H\u00f4pital de G\u00e9rardmer : il y a urgence ! L'association GERHO r\u00e9activ\u00e9e - Gerardmer Info","twitter_description":"La question avait d\u00e9j\u00e0 \u00e9t\u00e9 \u00e9voqu\u00e9e lors du dernier conseil municipal de G\u00e9rardmer et la r\u00e9sistance commence d\u00e9j\u00e0 \u00e0 s&rsquo;organiser. [&hellip;]","twitter_image":"https:\/\/vosgesinfo.fr\/app\/uploads\/sites\/6\/2024\/07\/201906hopital-gerardmer-gerho-reunion-1.jpg","twitter_creator":"@VosgesInfo88","twitter_site":"@VosgesInfo88","twitter_misc":{"\u00c9crit par":"QG","Dur\u00e9e de lecture estim\u00e9e":"4 minutes"},"schema":{"@context":"https:\/\/schema.org","@graph":[{"@type":"Article","@id":"https:\/\/vosgesinfo.fr\/gerardmerinfo\/2019\/06\/hopital-de-gerardmer-y-a-urgence-lassociation-gerho-reactivee\/#article","isPartOf":{"@id":"https:\/\/vosgesinfo.fr\/gerardmerinfo\/2019\/06\/hopital-de-gerardmer-y-a-urgence-lassociation-gerho-reactivee\/"},"author":{"name":"QG","@id":"https:\/\/vosgesinfo.fr\/gerardmerinfo\/#\/schema\/person\/db5605779a843dad16b5368f3e7613a5"},"headline":"H\u00f4pital de G\u00e9rardmer : il y a urgence ! L&rsquo;association GERHO r\u00e9activ\u00e9e","datePublished":"2019-06-03T18:48:09+00:00","dateModified":"2019-06-03T18:48:09+00:00","mainEntityOfPage":{"@id":"https:\/\/vosgesinfo.fr\/gerardmerinfo\/2019\/06\/hopital-de-gerardmer-y-a-urgence-lassociation-gerho-reactivee\/"},"wordCount":820,"commentCount":0,"publisher":{"@id":"https:\/\/vosgesinfo.fr\/gerardmerinfo\/#organization"},"image":{"@id":"https:\/\/vosgesinfo.fr\/gerardmerinfo\/2019\/06\/hopital-de-gerardmer-y-a-urgence-lassociation-gerho-reactivee\/#primaryimage"},"thumbnailUrl":"https:\/\/vosgesinfo.fr\/app\/uploads\/sites\/6\/2024\/07\/201906hopital-gerardmer-gerho-reunion-1.jpg","keywords":["claudius regaud","hopital"],"articleSection":["A la une","G\u00e9rardmer","Sant\u00e9","Vosges"],"inLanguage":"fr-FR","potentialAction":[{"@type":"CommentAction","name":"Comment","target":["https:\/\/vosgesinfo.fr\/gerardmerinfo\/2019\/06\/hopital-de-gerardmer-y-a-urgence-lassociation-gerho-reactivee\/#respond"]}]},{"@type":"WebPage","@id":"https:\/\/vosgesinfo.fr\/gerardmerinfo\/2019\/06\/hopital-de-gerardmer-y-a-urgence-lassociation-gerho-reactivee\/","url":"https:\/\/vosgesinfo.fr\/gerardmerinfo\/2019\/06\/hopital-de-gerardmer-y-a-urgence-lassociation-gerho-reactivee\/","name":"H\u00f4pital de G\u00e9rardmer : il y a urgence ! L'association GERHO r\u00e9activ\u00e9e - Gerardmer Info","isPartOf":{"@id":"https:\/\/vosgesinfo.fr\/gerardmerinfo\/#website"},"primaryImageOfPage":{"@id":"https:\/\/vosgesinfo.fr\/gerardmerinfo\/2019\/06\/hopital-de-gerardmer-y-a-urgence-lassociation-gerho-reactivee\/#primaryimage"},"image":{"@id":"https:\/\/vosgesinfo.fr\/gerardmerinfo\/2019\/06\/hopital-de-gerardmer-y-a-urgence-lassociation-gerho-reactivee\/#primaryimage"},"thumbnailUrl":"https:\/\/vosgesinfo.fr\/app\/uploads\/sites\/6\/2024\/07\/201906hopital-gerardmer-gerho-reunion-1.jpg","datePublished":"2019-06-03T18:48:09+00:00","dateModified":"2019-06-03T18:48:09+00:00","breadcrumb":{"@id":"https:\/\/vosgesinfo.fr\/gerardmerinfo\/2019\/06\/hopital-de-gerardmer-y-a-urgence-lassociation-gerho-reactivee\/#breadcrumb"},"inLanguage":"fr-FR","potentialAction":[{"@type":"ReadAction","target":["https:\/\/vosgesinfo.fr\/gerardmerinfo\/2019\/06\/hopital-de-gerardmer-y-a-urgence-lassociation-gerho-reactivee\/"]}]},{"@type":"ImageObject","inLanguage":"fr-FR","@id":"https:\/\/vosgesinfo.fr\/gerardmerinfo\/2019\/06\/hopital-de-gerardmer-y-a-urgence-lassociation-gerho-reactivee\/#primaryimage","url":"https:\/\/vosgesinfo.fr\/app\/uploads\/sites\/6\/2024\/07\/201906hopital-gerardmer-gerho-reunion-1.jpg","contentUrl":"https:\/\/vosgesinfo.fr\/app\/uploads\/sites\/6\/2024\/07\/201906hopital-gerardmer-gerho-reunion-1.jpg","width":800,"height":600},{"@type":"BreadcrumbList","@id":"https:\/\/vosgesinfo.fr\/gerardmerinfo\/2019\/06\/hopital-de-gerardmer-y-a-urgence-lassociation-gerho-reactivee\/#breadcrumb","itemListElement":[{"@type":"ListItem","position":1,"name":"Home","item":"https:\/\/vosgesinfo.fr\/gerardmerinfo\/"},{"@type":"ListItem","position":2,"name":"H\u00f4pital de G\u00e9rardmer : il y a urgence ! L&rsquo;association GERHO r\u00e9activ\u00e9e"}]},{"@type":"WebSite","@id":"https:\/\/vosgesinfo.fr\/gerardmerinfo\/#website","url":"https:\/\/vosgesinfo.fr\/gerardmerinfo\/","name":"Gerardmer Info","description":"Toute l&#039;actualit\u00e9 de G\u00e9rardmer","publisher":{"@id":"https:\/\/vosgesinfo.fr\/gerardmerinfo\/#organization"},"alternateName":"Toute l'actualit\u00e9 de G\u00e9rardmer","potentialAction":[{"@type":"SearchAction","target":{"@type":"EntryPoint","urlTemplate":"https:\/\/vosgesinfo.fr\/gerardmerinfo\/?s={search_term_string}"},"query-input":"required name=search_term_string"}],"inLanguage":"fr-FR"},{"@type":"Organization","@id":"https:\/\/vosgesinfo.fr\/gerardmerinfo\/#organization","name":"Gerardmer Info","url":"https:\/\/vosgesinfo.fr\/gerardmerinfo\/","logo":{"@type":"ImageObject","inLanguage":"fr-FR","@id":"https:\/\/vosgesinfo.fr\/gerardmerinfo\/#\/schema\/logo\/image\/","url":"https:\/\/vosgesinfo.fr\/app\/uploads\/sites\/6\/2023\/08\/favicon-gerardmerinfo.png","contentUrl":"https:\/\/vosgesinfo.fr\/app\/uploads\/sites\/6\/2023\/08\/favicon-gerardmerinfo.png","width":512,"height":512,"caption":"Gerardmer Info"},"image":{"@id":"https:\/\/vosgesinfo.fr\/gerardmerinfo\/#\/schema\/logo\/image\/"},"sameAs":["https:\/\/www.facebook.com\/profile.php?id=100049475262660","https:\/\/x.com\/VosgesInfo88","https:\/\/www.youtube.com\/@vosgesinfo"]},{"@type":"Person","@id":"https:\/\/vosgesinfo.fr\/gerardmerinfo\/#\/schema\/person\/db5605779a843dad16b5368f3e7613a5","name":"QG","image":{"@type":"ImageObject","inLanguage":"fr-FR","@id":"https:\/\/vosgesinfo.fr\/gerardmerinfo\/#\/schema\/person\/image\/","url":"https:\/\/secure.gravatar.com\/avatar\/ea80c42c204b534408512832fde52504ecabb9706bcb6151cf6175e5b64e6793?s=96&d=mm&r=g","contentUrl":"https:\/\/secure.gravatar.com\/avatar\/ea80c42c204b534408512832fde52504ecabb9706bcb6151cf6175e5b64e6793?s=96&d=mm&r=g","caption":"QG"},"url":"https:\/\/vosgesinfo.fr\/gerardmerinfo\/author\/quentin88\/"}]}},"_links":{"self":[{"href":"https:\/\/vosgesinfo.fr\/gerardmerinfo\/wp-json\/wp\/v2\/posts\/42006","targetHints":{"allow":["GET"]}}],"collection":[{"href":"https:\/\/vosgesinfo.fr\/gerardmerinfo\/wp-json\/wp\/v2\/posts"}],"about":[{"href":"https:\/\/vosgesinfo.fr\/gerardmerinfo\/wp-json\/wp\/v2\/types\/post"}],"author":[{"embeddable":true,"href":"https:\/\/vosgesinfo.fr\/gerardmerinfo\/wp-json\/wp\/v2\/users\/42"}],"replies":[{"embeddable":true,"href":"https:\/\/vosgesinfo.fr\/gerardmerinfo\/wp-json\/wp\/v2\/comments?post=42006"}],"version-history":[{"count":0,"href":"https:\/\/vosgesinfo.fr\/gerardmerinfo\/wp-json\/wp\/v2\/posts\/42006\/revisions"}],"wp:featuredmedia":[{"embeddable":true,"href":"https:\/\/vosgesinfo.fr\/gerardmerinfo\/wp-json\/wp\/v2\/media\/42007"}],"wp:attachment":[{"href":"https:\/\/vosgesinfo.fr\/gerardmerinfo\/wp-json\/wp\/v2\/media?parent=42006"}],"wp:term":[{"taxonomy":"category","embeddable":true,"href":"https:\/\/vosgesinfo.fr\/gerardmerinfo\/wp-json\/wp\/v2\/categories?post=42006"},{"taxonomy":"post_tag","embeddable":true,"href":"https:\/\/vosgesinfo.fr\/gerardmerinfo\/wp-json\/wp\/v2\/tags?post=42006"}],"curies":[{"name":"wp","href":"https:\/\/api.w.org\/{rel}","templated":true}]}}