{"id":42019,"date":"2019-06-04T15:37:25","date_gmt":"2019-06-04T13:37:25","guid":{"rendered":"https:\/\/vosgesinfo.fr\/gerardmerinfo\/2019\/06\/eleves-de-haie-griselle-a-decouverte-de-leurope\/"},"modified":"2019-06-04T15:37:25","modified_gmt":"2019-06-04T13:37:25","slug":"eleves-de-haie-griselle-a-decouverte-de-leurope","status":"publish","type":"post","link":"https:\/\/vosgesinfo.fr\/gerardmerinfo\/2019\/06\/eleves-de-haie-griselle-a-decouverte-de-leurope\/","title":{"rendered":"Les \u00e9l\u00e8ves de la Haie Griselle \u00e0 la d\u00e9couverte de l\u2019Europe"},"content":{"rendered":"\n<h2><span style=\"font-size: 12pt;\">Pour clore une ann\u00e9e d\u2019engagement, les \u00e9lus des Conseils \u00e0 la Vie Coll\u00e9gienne et Lyc\u00e9enne (CVC et CVL) se sont rendus le 27 Mai dernier au Parlement Europ\u00e9en de Strasbourg accompagn\u00e9s de leurs conseill\u00e8res principales d\u2019\u00e9ducation.<\/span><\/h2>\n<p>Il est 9h30 \u00e0 la Halle des Sports de G\u00e9rardmer quand la d\u00e9l\u00e9gation d\u2019\u00e9lus lyc\u00e9ens et coll\u00e9giens prend le d\u00e9part en bus vers l\u2019une des capitales de l\u2019Europe, Strasbourg. C\u2019est seulement un jour apr\u00e8s les \u00e9lections europ\u00e9ennes que les \u00e9l\u00e8ves g\u00e9r\u00f4mois ont l\u2019opportunit\u00e9 de d\u00e9couvrir le parlement, son fonctionnement et son h\u00e9micycle fra\u00eechement renouvel\u00e9.<\/p>\n<p>Riche en enseignement, cette visite a \u00e9t\u00e9 l\u2019occasion pour lyc\u00e9ens et coll\u00e9giens de mieux comprendre l\u2019importance et le poids de l\u2019Europe dans le monde actuel. Une mani\u00e8re de former les jeunes \u00e9lus \u00e0 leur futur devoir de citoyen et de valoriser leur engagement au sein de la cit\u00e9 scolaire.<\/p>\n<p>La journ\u00e9e s\u2019est poursuivie par une pause d\u00e9jeuner au restaurant universitaire de l\u2019Esplanade, puis conclue par une sortie en bateau sur l\u2019Ill appr\u00e9ci\u00e9e de tous. Une belle mani\u00e8re de cl\u00f4turer l\u2019ann\u00e9e tout en promouvant l\u2019engagement des \u00e9l\u00e8ves.<\/p>\n<p>&nbsp;<\/p>\n<p>Paul Poirot<\/p>\n","protected":false},"excerpt":{"rendered":"<p>Pour clore une ann\u00e9e d\u2019engagement, les \u00e9lus des Conseils \u00e0 la Vie Coll\u00e9gienne et Lyc\u00e9enne (CVC et CVL) se sont [&hellip;]<\/p>\n","protected":false},"author":1,"featured_media":42020,"comment_status":"open","ping_status":"open","sticky":false,"template":"","format":"standard","meta":{"footnotes":""},"categories":[20,25],"tags":[386,951],"class_list":["post-42019","post","type-post","status-publish","format-standard","has-post-thumbnail","hentry","category-a-la-une","category-gerardmer","tag-college-la-haie-griselle","tag-parlement-europeen"],"acf":[],"yoast_head":"<!-- This site is optimized with the Yoast SEO plugin v22.5 - https:\/\/yoast.com\/wordpress\/plugins\/seo\/ -->\n<title>Les \u00e9l\u00e8ves de la Haie Griselle \u00e0 la d\u00e9couverte de l\u2019Europe - Gerardmer Info<\/title>\n<meta name=\"robots\" content=\"index, follow, max-snippet:-1, max-image-preview:large, max-video-preview:-1\" \/>\n<link rel=\"canonical\" href=\"https:\/\/vosgesinfo.fr\/gerardmerinfo\/2019\/06\/eleves-de-haie-griselle-a-decouverte-de-leurope\/\" \/>\n<meta name=\"twitter:card\" content=\"summary_large_image\" \/>\n<meta name=\"twitter:title\" content=\"Les \u00e9l\u00e8ves de la Haie Griselle \u00e0 la d\u00e9couverte de l\u2019Europe - Gerardmer Info\" \/>\n<meta name=\"twitter:description\" content=\"Pour clore une ann\u00e9e d\u2019engagement, les \u00e9lus des Conseils \u00e0 la Vie Coll\u00e9gienne et Lyc\u00e9enne (CVC et CVL) se sont [&hellip;]\" \/>\n<meta name=\"twitter:image\" content=\"https:\/\/vosgesinfo.fr\/app\/uploads\/sites\/6\/2024\/07\/201906cvc-cvl-la-haie-griselle-strasbourg-2.jpg\" \/>\n<meta name=\"twitter:creator\" content=\"@VosgesInfo88\" \/>\n<meta name=\"twitter:site\" content=\"@VosgesInfo88\" \/>\n<meta name=\"twitter:label1\" content=\"\u00c9crit par\" \/>\n\t<meta name=\"twitter:data1\" content=\"qs_admin\" \/>\n\t<meta name=\"twitter:label2\" content=\"Dur\u00e9e de lecture estim\u00e9e\" \/>\n\t<meta name=\"twitter:data2\" content=\"1 minute\" \/>\n<script type=\"application\/ld+json\" class=\"yoast-schema-graph\">{\"@context\":\"https:\/\/schema.org\",\"@graph\":[{\"@type\":\"Article\",\"@id\":\"https:\/\/vosgesinfo.fr\/gerardmerinfo\/2019\/06\/eleves-de-haie-griselle-a-decouverte-de-leurope\/#article\",\"isPartOf\":{\"@id\":\"https:\/\/vosgesinfo.fr\/gerardmerinfo\/2019\/06\/eleves-de-haie-griselle-a-decouverte-de-leurope\/\"},\"author\":{\"name\":\"qs_admin\",\"@id\":\"https:\/\/vosgesinfo.fr\/gerardmerinfo\/#\/schema\/person\/bc5d02d71e6932e81b6dadb7386667b1\"},\"headline\":\"Les \u00e9l\u00e8ves de la Haie Griselle \u00e0 la d\u00e9couverte de l\u2019Europe\",\"datePublished\":\"2019-06-04T13:37:25+00:00\",\"dateModified\":\"2019-06-04T13:37:25+00:00\",\"mainEntityOfPage\":{\"@id\":\"https:\/\/vosgesinfo.fr\/gerardmerinfo\/2019\/06\/eleves-de-haie-griselle-a-decouverte-de-leurope\/\"},\"wordCount\":244,\"commentCount\":0,\"publisher\":{\"@id\":\"https:\/\/vosgesinfo.fr\/gerardmerinfo\/#organization\"},\"image\":{\"@id\":\"https:\/\/vosgesinfo.fr\/gerardmerinfo\/2019\/06\/eleves-de-haie-griselle-a-decouverte-de-leurope\/#primaryimage\"},\"thumbnailUrl\":\"https:\/\/vosgesinfo.fr\/app\/uploads\/sites\/6\/2024\/07\/201906cvc-cvl-la-haie-griselle-strasbourg-2.jpg\",\"keywords\":[\"coll\u00e9ge la haie griselle\",\"parlement europ\u00e9en\"],\"articleSection\":[\"A la une\",\"G\u00e9rardmer\"],\"inLanguage\":\"fr-FR\",\"potentialAction\":[{\"@type\":\"CommentAction\",\"name\":\"Comment\",\"target\":[\"https:\/\/vosgesinfo.fr\/gerardmerinfo\/2019\/06\/eleves-de-haie-griselle-a-decouverte-de-leurope\/#respond\"]}]},{\"@type\":\"WebPage\",\"@id\":\"https:\/\/vosgesinfo.fr\/gerardmerinfo\/2019\/06\/eleves-de-haie-griselle-a-decouverte-de-leurope\/\",\"url\":\"https:\/\/vosgesinfo.fr\/gerardmerinfo\/2019\/06\/eleves-de-haie-griselle-a-decouverte-de-leurope\/\",\"name\":\"Les \u00e9l\u00e8ves de la Haie Griselle \u00e0 la d\u00e9couverte de l\u2019Europe - Gerardmer Info\",\"isPartOf\":{\"@id\":\"https:\/\/vosgesinfo.fr\/gerardmerinfo\/#website\"},\"primaryImageOfPage\":{\"@id\":\"https:\/\/vosgesinfo.fr\/gerardmerinfo\/2019\/06\/eleves-de-haie-griselle-a-decouverte-de-leurope\/#primaryimage\"},\"image\":{\"@id\":\"https:\/\/vosgesinfo.fr\/gerardmerinfo\/2019\/06\/eleves-de-haie-griselle-a-decouverte-de-leurope\/#primaryimage\"},\"thumbnailUrl\":\"https:\/\/vosgesinfo.fr\/app\/uploads\/sites\/6\/2024\/07\/201906cvc-cvl-la-haie-griselle-strasbourg-2.jpg\",\"datePublished\":\"2019-06-04T13:37:25+00:00\",\"dateModified\":\"2019-06-04T13:37:25+00:00\",\"breadcrumb\":{\"@id\":\"https:\/\/vosgesinfo.fr\/gerardmerinfo\/2019\/06\/eleves-de-haie-griselle-a-decouverte-de-leurope\/#breadcrumb\"},\"inLanguage\":\"fr-FR\",\"potentialAction\":[{\"@type\":\"ReadAction\",\"target\":[\"https:\/\/vosgesinfo.fr\/gerardmerinfo\/2019\/06\/eleves-de-haie-griselle-a-decouverte-de-leurope\/\"]}]},{\"@type\":\"ImageObject\",\"inLanguage\":\"fr-FR\",\"@id\":\"https:\/\/vosgesinfo.fr\/gerardmerinfo\/2019\/06\/eleves-de-haie-griselle-a-decouverte-de-leurope\/#primaryimage\",\"url\":\"https:\/\/vosgesinfo.fr\/app\/uploads\/sites\/6\/2024\/07\/201906cvc-cvl-la-haie-griselle-strasbourg-2.jpg\",\"contentUrl\":\"https:\/\/vosgesinfo.fr\/app\/uploads\/sites\/6\/2024\/07\/201906cvc-cvl-la-haie-griselle-strasbourg-2.jpg\",\"width\":640,\"height\":480},{\"@type\":\"BreadcrumbList\",\"@id\":\"https:\/\/vosgesinfo.fr\/gerardmerinfo\/2019\/06\/eleves-de-haie-griselle-a-decouverte-de-leurope\/#breadcrumb\",\"itemListElement\":[{\"@type\":\"ListItem\",\"position\":1,\"name\":\"Home\",\"item\":\"https:\/\/vosgesinfo.fr\/gerardmerinfo\/\"},{\"@type\":\"ListItem\",\"position\":2,\"name\":\"Les \u00e9l\u00e8ves de la Haie Griselle \u00e0 la d\u00e9couverte de l\u2019Europe\"}]},{\"@type\":\"WebSite\",\"@id\":\"https:\/\/vosgesinfo.fr\/gerardmerinfo\/#website\",\"url\":\"https:\/\/vosgesinfo.fr\/gerardmerinfo\/\",\"name\":\"Gerardmer Info\",\"description\":\"Toute l&#039;actualit\u00e9 de G\u00e9rardmer\",\"publisher\":{\"@id\":\"https:\/\/vosgesinfo.fr\/gerardmerinfo\/#organization\"},\"alternateName\":\"Toute l'actualit\u00e9 de G\u00e9rardmer\",\"potentialAction\":[{\"@type\":\"SearchAction\",\"target\":{\"@type\":\"EntryPoint\",\"urlTemplate\":\"https:\/\/vosgesinfo.fr\/gerardmerinfo\/?s={search_term_string}\"},\"query-input\":\"required name=search_term_string\"}],\"inLanguage\":\"fr-FR\"},{\"@type\":\"Organization\",\"@id\":\"https:\/\/vosgesinfo.fr\/gerardmerinfo\/#organization\",\"name\":\"Gerardmer Info\",\"url\":\"https:\/\/vosgesinfo.fr\/gerardmerinfo\/\",\"logo\":{\"@type\":\"ImageObject\",\"inLanguage\":\"fr-FR\",\"@id\":\"https:\/\/vosgesinfo.fr\/gerardmerinfo\/#\/schema\/logo\/image\/\",\"url\":\"https:\/\/vosgesinfo.fr\/app\/uploads\/sites\/6\/2023\/08\/favicon-gerardmerinfo.png\",\"contentUrl\":\"https:\/\/vosgesinfo.fr\/app\/uploads\/sites\/6\/2023\/08\/favicon-gerardmerinfo.png\",\"width\":512,\"height\":512,\"caption\":\"Gerardmer Info\"},\"image\":{\"@id\":\"https:\/\/vosgesinfo.fr\/gerardmerinfo\/#\/schema\/logo\/image\/\"},\"sameAs\":[\"https:\/\/www.facebook.com\/profile.php?id=100049475262660\",\"https:\/\/x.com\/VosgesInfo88\",\"https:\/\/www.youtube.com\/@vosgesinfo\"]},{\"@type\":\"Person\",\"@id\":\"https:\/\/vosgesinfo.fr\/gerardmerinfo\/#\/schema\/person\/bc5d02d71e6932e81b6dadb7386667b1\",\"name\":\"qs_admin\",\"image\":{\"@type\":\"ImageObject\",\"inLanguage\":\"fr-FR\",\"@id\":\"https:\/\/vosgesinfo.fr\/gerardmerinfo\/#\/schema\/person\/image\/\",\"url\":\"https:\/\/secure.gravatar.com\/avatar\/94b18ee0ed79e4a42ea2f2931277b6841a8999fc6fde214600c78057cf1fe1de?s=96&d=mm&r=g\",\"contentUrl\":\"https:\/\/secure.gravatar.com\/avatar\/94b18ee0ed79e4a42ea2f2931277b6841a8999fc6fde214600c78057cf1fe1de?s=96&d=mm&r=g\",\"caption\":\"qs_admin\"},\"sameAs\":[\"https:\/\/vosgesinfo.fr\/wp\"],\"url\":\"https:\/\/vosgesinfo.fr\/gerardmerinfo\/author\/qs_admin\/\"}]}<\/script>\n<!-- \/ Yoast SEO plugin. -->","yoast_head_json":{"title":"Les \u00e9l\u00e8ves de la Haie Griselle \u00e0 la d\u00e9couverte de l\u2019Europe - Gerardmer Info","robots":{"index":"index","follow":"follow","max-snippet":"max-snippet:-1","max-image-preview":"max-image-preview:large","max-video-preview":"max-video-preview:-1"},"canonical":"https:\/\/vosgesinfo.fr\/gerardmerinfo\/2019\/06\/eleves-de-haie-griselle-a-decouverte-de-leurope\/","twitter_card":"summary_large_image","twitter_title":"Les \u00e9l\u00e8ves de la Haie Griselle \u00e0 la d\u00e9couverte de l\u2019Europe - Gerardmer Info","twitter_description":"Pour clore une ann\u00e9e d\u2019engagement, les \u00e9lus des Conseils \u00e0 la Vie Coll\u00e9gienne et Lyc\u00e9enne (CVC et CVL) se sont [&hellip;]","twitter_image":"https:\/\/vosgesinfo.fr\/app\/uploads\/sites\/6\/2024\/07\/201906cvc-cvl-la-haie-griselle-strasbourg-2.jpg","twitter_creator":"@VosgesInfo88","twitter_site":"@VosgesInfo88","twitter_misc":{"\u00c9crit par":"qs_admin","Dur\u00e9e de lecture estim\u00e9e":"1 minute"},"schema":{"@context":"https:\/\/schema.org","@graph":[{"@type":"Article","@id":"https:\/\/vosgesinfo.fr\/gerardmerinfo\/2019\/06\/eleves-de-haie-griselle-a-decouverte-de-leurope\/#article","isPartOf":{"@id":"https:\/\/vosgesinfo.fr\/gerardmerinfo\/2019\/06\/eleves-de-haie-griselle-a-decouverte-de-leurope\/"},"author":{"name":"qs_admin","@id":"https:\/\/vosgesinfo.fr\/gerardmerinfo\/#\/schema\/person\/bc5d02d71e6932e81b6dadb7386667b1"},"headline":"Les \u00e9l\u00e8ves de la Haie Griselle \u00e0 la d\u00e9couverte de l\u2019Europe","datePublished":"2019-06-04T13:37:25+00:00","dateModified":"2019-06-04T13:37:25+00:00","mainEntityOfPage":{"@id":"https:\/\/vosgesinfo.fr\/gerardmerinfo\/2019\/06\/eleves-de-haie-griselle-a-decouverte-de-leurope\/"},"wordCount":244,"commentCount":0,"publisher":{"@id":"https:\/\/vosgesinfo.fr\/gerardmerinfo\/#organization"},"image":{"@id":"https:\/\/vosgesinfo.fr\/gerardmerinfo\/2019\/06\/eleves-de-haie-griselle-a-decouverte-de-leurope\/#primaryimage"},"thumbnailUrl":"https:\/\/vosgesinfo.fr\/app\/uploads\/sites\/6\/2024\/07\/201906cvc-cvl-la-haie-griselle-strasbourg-2.jpg","keywords":["coll\u00e9ge la haie griselle","parlement europ\u00e9en"],"articleSection":["A la une","G\u00e9rardmer"],"inLanguage":"fr-FR","potentialAction":[{"@type":"CommentAction","name":"Comment","target":["https:\/\/vosgesinfo.fr\/gerardmerinfo\/2019\/06\/eleves-de-haie-griselle-a-decouverte-de-leurope\/#respond"]}]},{"@type":"WebPage","@id":"https:\/\/vosgesinfo.fr\/gerardmerinfo\/2019\/06\/eleves-de-haie-griselle-a-decouverte-de-leurope\/","url":"https:\/\/vosgesinfo.fr\/gerardmerinfo\/2019\/06\/eleves-de-haie-griselle-a-decouverte-de-leurope\/","name":"Les \u00e9l\u00e8ves de la Haie Griselle \u00e0 la d\u00e9couverte de l\u2019Europe - Gerardmer Info","isPartOf":{"@id":"https:\/\/vosgesinfo.fr\/gerardmerinfo\/#website"},"primaryImageOfPage":{"@id":"https:\/\/vosgesinfo.fr\/gerardmerinfo\/2019\/06\/eleves-de-haie-griselle-a-decouverte-de-leurope\/#primaryimage"},"image":{"@id":"https:\/\/vosgesinfo.fr\/gerardmerinfo\/2019\/06\/eleves-de-haie-griselle-a-decouverte-de-leurope\/#primaryimage"},"thumbnailUrl":"https:\/\/vosgesinfo.fr\/app\/uploads\/sites\/6\/2024\/07\/201906cvc-cvl-la-haie-griselle-strasbourg-2.jpg","datePublished":"2019-06-04T13:37:25+00:00","dateModified":"2019-06-04T13:37:25+00:00","breadcrumb":{"@id":"https:\/\/vosgesinfo.fr\/gerardmerinfo\/2019\/06\/eleves-de-haie-griselle-a-decouverte-de-leurope\/#breadcrumb"},"inLanguage":"fr-FR","potentialAction":[{"@type":"ReadAction","target":["https:\/\/vosgesinfo.fr\/gerardmerinfo\/2019\/06\/eleves-de-haie-griselle-a-decouverte-de-leurope\/"]}]},{"@type":"ImageObject","inLanguage":"fr-FR","@id":"https:\/\/vosgesinfo.fr\/gerardmerinfo\/2019\/06\/eleves-de-haie-griselle-a-decouverte-de-leurope\/#primaryimage","url":"https:\/\/vosgesinfo.fr\/app\/uploads\/sites\/6\/2024\/07\/201906cvc-cvl-la-haie-griselle-strasbourg-2.jpg","contentUrl":"https:\/\/vosgesinfo.fr\/app\/uploads\/sites\/6\/2024\/07\/201906cvc-cvl-la-haie-griselle-strasbourg-2.jpg","width":640,"height":480},{"@type":"BreadcrumbList","@id":"https:\/\/vosgesinfo.fr\/gerardmerinfo\/2019\/06\/eleves-de-haie-griselle-a-decouverte-de-leurope\/#breadcrumb","itemListElement":[{"@type":"ListItem","position":1,"name":"Home","item":"https:\/\/vosgesinfo.fr\/gerardmerinfo\/"},{"@type":"ListItem","position":2,"name":"Les \u00e9l\u00e8ves de la Haie Griselle \u00e0 la d\u00e9couverte de l\u2019Europe"}]},{"@type":"WebSite","@id":"https:\/\/vosgesinfo.fr\/gerardmerinfo\/#website","url":"https:\/\/vosgesinfo.fr\/gerardmerinfo\/","name":"Gerardmer Info","description":"Toute l&#039;actualit\u00e9 de G\u00e9rardmer","publisher":{"@id":"https:\/\/vosgesinfo.fr\/gerardmerinfo\/#organization"},"alternateName":"Toute l'actualit\u00e9 de G\u00e9rardmer","potentialAction":[{"@type":"SearchAction","target":{"@type":"EntryPoint","urlTemplate":"https:\/\/vosgesinfo.fr\/gerardmerinfo\/?s={search_term_string}"},"query-input":"required name=search_term_string"}],"inLanguage":"fr-FR"},{"@type":"Organization","@id":"https:\/\/vosgesinfo.fr\/gerardmerinfo\/#organization","name":"Gerardmer Info","url":"https:\/\/vosgesinfo.fr\/gerardmerinfo\/","logo":{"@type":"ImageObject","inLanguage":"fr-FR","@id":"https:\/\/vosgesinfo.fr\/gerardmerinfo\/#\/schema\/logo\/image\/","url":"https:\/\/vosgesinfo.fr\/app\/uploads\/sites\/6\/2023\/08\/favicon-gerardmerinfo.png","contentUrl":"https:\/\/vosgesinfo.fr\/app\/uploads\/sites\/6\/2023\/08\/favicon-gerardmerinfo.png","width":512,"height":512,"caption":"Gerardmer Info"},"image":{"@id":"https:\/\/vosgesinfo.fr\/gerardmerinfo\/#\/schema\/logo\/image\/"},"sameAs":["https:\/\/www.facebook.com\/profile.php?id=100049475262660","https:\/\/x.com\/VosgesInfo88","https:\/\/www.youtube.com\/@vosgesinfo"]},{"@type":"Person","@id":"https:\/\/vosgesinfo.fr\/gerardmerinfo\/#\/schema\/person\/bc5d02d71e6932e81b6dadb7386667b1","name":"qs_admin","image":{"@type":"ImageObject","inLanguage":"fr-FR","@id":"https:\/\/vosgesinfo.fr\/gerardmerinfo\/#\/schema\/person\/image\/","url":"https:\/\/secure.gravatar.com\/avatar\/94b18ee0ed79e4a42ea2f2931277b6841a8999fc6fde214600c78057cf1fe1de?s=96&d=mm&r=g","contentUrl":"https:\/\/secure.gravatar.com\/avatar\/94b18ee0ed79e4a42ea2f2931277b6841a8999fc6fde214600c78057cf1fe1de?s=96&d=mm&r=g","caption":"qs_admin"},"sameAs":["https:\/\/vosgesinfo.fr\/wp"],"url":"https:\/\/vosgesinfo.fr\/gerardmerinfo\/author\/qs_admin\/"}]}},"_links":{"self":[{"href":"https:\/\/vosgesinfo.fr\/gerardmerinfo\/wp-json\/wp\/v2\/posts\/42019","targetHints":{"allow":["GET"]}}],"collection":[{"href":"https:\/\/vosgesinfo.fr\/gerardmerinfo\/wp-json\/wp\/v2\/posts"}],"about":[{"href":"https:\/\/vosgesinfo.fr\/gerardmerinfo\/wp-json\/wp\/v2\/types\/post"}],"author":[{"embeddable":true,"href":"https:\/\/vosgesinfo.fr\/gerardmerinfo\/wp-json\/wp\/v2\/users\/1"}],"replies":[{"embeddable":true,"href":"https:\/\/vosgesinfo.fr\/gerardmerinfo\/wp-json\/wp\/v2\/comments?post=42019"}],"version-history":[{"count":0,"href":"https:\/\/vosgesinfo.fr\/gerardmerinfo\/wp-json\/wp\/v2\/posts\/42019\/revisions"}],"wp:featuredmedia":[{"embeddable":true,"href":"https:\/\/vosgesinfo.fr\/gerardmerinfo\/wp-json\/wp\/v2\/media\/42020"}],"wp:attachment":[{"href":"https:\/\/vosgesinfo.fr\/gerardmerinfo\/wp-json\/wp\/v2\/media?parent=42019"}],"wp:term":[{"taxonomy":"category","embeddable":true,"href":"https:\/\/vosgesinfo.fr\/gerardmerinfo\/wp-json\/wp\/v2\/categories?post=42019"},{"taxonomy":"post_tag","embeddable":true,"href":"https:\/\/vosgesinfo.fr\/gerardmerinfo\/wp-json\/wp\/v2\/tags?post=42019"}],"curies":[{"name":"wp","href":"https:\/\/api.w.org\/{rel}","templated":true}]}}