{"id":42129,"date":"2019-06-08T14:14:25","date_gmt":"2019-06-08T12:14:25","guid":{"rendered":"https:\/\/vosgesinfo.fr\/gerardmerinfo\/2019\/06\/tennis-unss-collegiens-3eme-marche-podium-aux-championnats-de-france\/"},"modified":"2019-06-08T14:14:25","modified_gmt":"2019-06-08T12:14:25","slug":"tennis-unss-collegiens-3eme-marche-podium-aux-championnats-de-france","status":"publish","type":"post","link":"https:\/\/vosgesinfo.fr\/gerardmerinfo\/2019\/06\/tennis-unss-collegiens-3eme-marche-podium-aux-championnats-de-france\/","title":{"rendered":"Tennis &#8211; UNSS : les coll\u00e9giens sur la 3\u00e8me marche du podium aux championnats de France"},"content":{"rendered":"<div id=\"attachment_148097\" style=\"width: 610px\" class=\"wp-caption aligncenter\"><a href=\"\/2019\/06\/unss-TCG-2019-finale.jpg\"><img decoding=\"async\" aria-describedby=\"caption-attachment-148097\" class=\"wp-image-148097\" src=\"\/2019\/06\/unss-TCG-2019-finale.jpg\" alt=\"Les 4 mousquetaires en compagnie du pr\u00e9sident du TCG Yves Grossier.\" width=\"600\" height=\"450\" \/><\/a><p id=\"caption-attachment-148097\" class=\"wp-caption-text\">Les 4 mousquetaires en compagnie du pr\u00e9sident du TCG Yves Grossier.<\/p><\/div>\n<h3><span style=\"font-size: 12pt;\">Les 4 mousquetaires g\u00e9r\u00f4mois partis disputer le championnat de France UNSS de tennis sont revenus avec la m\u00e9daille de bronze. Le TCG o\u00f9 ils sont licenci\u00e9s tenait donc \u00e0 les r\u00e9compenser \u00e0 l&rsquo;occasion du traditionnel pot de fin de saison par \u00e9quipes du club qui avait lieu ce samedi.<\/span><\/h3>\n<p>Les g\u00e9r\u00f4mois avaient donc le redoutable honneur de repr\u00e9senter leur club, leur \u00e9tablissement scolaire, leur ville et leur r\u00e9gion lors de cette ultime rencontre de l&rsquo;ann\u00e9e scolaire en UNSS. Une responsabilit\u00e9 qui n&rsquo;a pas fait fl\u00e9chir leur ardeur puisqu&rsquo;ils sont parvenus \u00e0 se hisser sur la 3\u00e8me marche du podium. Cette finale nationale qui se d\u00e9roulait en d\u00e9but de semaine \u00e0 Aix-en-Provence avait bien d\u00e9but\u00e9 pour les prot\u00e9g\u00e9s de Nathalie Perrin et Guillaume Vanson qui se sont impos\u00e9s face \u00e0 Cannes lors de la premi\u00e8re journ\u00e9e. Et ce d&rsquo;autant plus que les Vosgiens se sont li\u00e9s d&rsquo;amiti\u00e9 avec les Cannois, ce qui leur a permis de partager quelques bons moments en leur compagnie durant leur s\u00e9jour.<\/p>\n<p>Les g\u00e9r\u00f4mois encha\u00eenaient ensuite avec une nouvelle victoire avant de c\u00e9der face \u00e0 Aubi\u00e8re (Auvergne-Rh\u00f4ne-Alpes). Ils finissaient enfin en beaut\u00e9 avec une nouvelle victoire lors de la petite finale en s&rsquo;imposant 3-0 face \u00e0 Saint-Nazaire. Coup de chapeau donc \u00e0 Lalie-Rose Blaise (class\u00e9e 30\/4), Marie Martinez (30\/3), Louis Parmentelat (30\/1) et Melvin Genelot (30\/3) mis \u00e0 l&rsquo;honneur par leur club qui avait quelques petits cadeaux \u00e0 leur remettre samedi, histoire de les r\u00e9compenser pour leur magnifique parcours !<\/p>\n\n","protected":false},"excerpt":{"rendered":"<p>Les 4 mousquetaires g\u00e9r\u00f4mois partis disputer le championnat de France UNSS de tennis sont revenus avec la m\u00e9daille de bronze. [&hellip;]<\/p>\n","protected":false},"author":42,"featured_media":42130,"comment_status":"open","ping_status":"open","sticky":false,"template":"","format":"standard","meta":{"footnotes":""},"categories":[20,25,14],"tags":[386,377,772],"class_list":["post-42129","post","type-post","status-publish","format-standard","has-post-thumbnail","hentry","category-a-la-une","category-gerardmer","category-sport","tag-college-la-haie-griselle","tag-tcg","tag-unss"],"acf":[],"yoast_head":"<!-- This site is optimized with the Yoast SEO plugin v22.5 - https:\/\/yoast.com\/wordpress\/plugins\/seo\/ -->\n<title>Tennis - UNSS : les coll\u00e9giens sur la 3\u00e8me marche du podium aux championnats de France - Gerardmer Info<\/title>\n<meta name=\"robots\" content=\"index, follow, max-snippet:-1, max-image-preview:large, max-video-preview:-1\" \/>\n<link rel=\"canonical\" href=\"https:\/\/vosgesinfo.fr\/gerardmerinfo\/2019\/06\/tennis-unss-collegiens-3eme-marche-podium-aux-championnats-de-france\/\" \/>\n<meta name=\"twitter:card\" content=\"summary_large_image\" \/>\n<meta name=\"twitter:title\" content=\"Tennis - UNSS : les coll\u00e9giens sur la 3\u00e8me marche du podium aux championnats de France - Gerardmer Info\" \/>\n<meta name=\"twitter:description\" content=\"Les 4 mousquetaires g\u00e9r\u00f4mois partis disputer le championnat de France UNSS de tennis sont revenus avec la m\u00e9daille de bronze. [&hellip;]\" \/>\n<meta name=\"twitter:image\" content=\"https:\/\/vosgesinfo.fr\/app\/uploads\/sites\/6\/2024\/07\/201906unss-tcg-2019-finale.jpg\" \/>\n<meta name=\"twitter:creator\" content=\"@VosgesInfo88\" \/>\n<meta name=\"twitter:site\" content=\"@VosgesInfo88\" \/>\n<meta name=\"twitter:label1\" content=\"\u00c9crit par\" \/>\n\t<meta name=\"twitter:data1\" content=\"QG\" \/>\n\t<meta name=\"twitter:label2\" content=\"Dur\u00e9e de lecture estim\u00e9e\" \/>\n\t<meta name=\"twitter:data2\" content=\"1 minute\" \/>\n<script type=\"application\/ld+json\" class=\"yoast-schema-graph\">{\"@context\":\"https:\/\/schema.org\",\"@graph\":[{\"@type\":\"Article\",\"@id\":\"https:\/\/vosgesinfo.fr\/gerardmerinfo\/2019\/06\/tennis-unss-collegiens-3eme-marche-podium-aux-championnats-de-france\/#article\",\"isPartOf\":{\"@id\":\"https:\/\/vosgesinfo.fr\/gerardmerinfo\/2019\/06\/tennis-unss-collegiens-3eme-marche-podium-aux-championnats-de-france\/\"},\"author\":{\"name\":\"QG\",\"@id\":\"https:\/\/vosgesinfo.fr\/gerardmerinfo\/#\/schema\/person\/db5605779a843dad16b5368f3e7613a5\"},\"headline\":\"Tennis &#8211; UNSS : les coll\u00e9giens sur la 3\u00e8me marche du podium aux championnats de France\",\"datePublished\":\"2019-06-08T12:14:25+00:00\",\"dateModified\":\"2019-06-08T12:14:25+00:00\",\"mainEntityOfPage\":{\"@id\":\"https:\/\/vosgesinfo.fr\/gerardmerinfo\/2019\/06\/tennis-unss-collegiens-3eme-marche-podium-aux-championnats-de-france\/\"},\"wordCount\":307,\"commentCount\":0,\"publisher\":{\"@id\":\"https:\/\/vosgesinfo.fr\/gerardmerinfo\/#organization\"},\"image\":{\"@id\":\"https:\/\/vosgesinfo.fr\/gerardmerinfo\/2019\/06\/tennis-unss-collegiens-3eme-marche-podium-aux-championnats-de-france\/#primaryimage\"},\"thumbnailUrl\":\"https:\/\/vosgesinfo.fr\/app\/uploads\/sites\/6\/2024\/07\/201906unss-tcg-2019-finale.jpg\",\"keywords\":[\"coll\u00e9ge la haie griselle\",\"TCG\",\"unss\"],\"articleSection\":[\"A la une\",\"G\u00e9rardmer\",\"Sport\"],\"inLanguage\":\"fr-FR\",\"potentialAction\":[{\"@type\":\"CommentAction\",\"name\":\"Comment\",\"target\":[\"https:\/\/vosgesinfo.fr\/gerardmerinfo\/2019\/06\/tennis-unss-collegiens-3eme-marche-podium-aux-championnats-de-france\/#respond\"]}]},{\"@type\":\"WebPage\",\"@id\":\"https:\/\/vosgesinfo.fr\/gerardmerinfo\/2019\/06\/tennis-unss-collegiens-3eme-marche-podium-aux-championnats-de-france\/\",\"url\":\"https:\/\/vosgesinfo.fr\/gerardmerinfo\/2019\/06\/tennis-unss-collegiens-3eme-marche-podium-aux-championnats-de-france\/\",\"name\":\"Tennis - UNSS : les coll\u00e9giens sur la 3\u00e8me marche du podium aux championnats de France - Gerardmer Info\",\"isPartOf\":{\"@id\":\"https:\/\/vosgesinfo.fr\/gerardmerinfo\/#website\"},\"primaryImageOfPage\":{\"@id\":\"https:\/\/vosgesinfo.fr\/gerardmerinfo\/2019\/06\/tennis-unss-collegiens-3eme-marche-podium-aux-championnats-de-france\/#primaryimage\"},\"image\":{\"@id\":\"https:\/\/vosgesinfo.fr\/gerardmerinfo\/2019\/06\/tennis-unss-collegiens-3eme-marche-podium-aux-championnats-de-france\/#primaryimage\"},\"thumbnailUrl\":\"https:\/\/vosgesinfo.fr\/app\/uploads\/sites\/6\/2024\/07\/201906unss-tcg-2019-finale.jpg\",\"datePublished\":\"2019-06-08T12:14:25+00:00\",\"dateModified\":\"2019-06-08T12:14:25+00:00\",\"breadcrumb\":{\"@id\":\"https:\/\/vosgesinfo.fr\/gerardmerinfo\/2019\/06\/tennis-unss-collegiens-3eme-marche-podium-aux-championnats-de-france\/#breadcrumb\"},\"inLanguage\":\"fr-FR\",\"potentialAction\":[{\"@type\":\"ReadAction\",\"target\":[\"https:\/\/vosgesinfo.fr\/gerardmerinfo\/2019\/06\/tennis-unss-collegiens-3eme-marche-podium-aux-championnats-de-france\/\"]}]},{\"@type\":\"ImageObject\",\"inLanguage\":\"fr-FR\",\"@id\":\"https:\/\/vosgesinfo.fr\/gerardmerinfo\/2019\/06\/tennis-unss-collegiens-3eme-marche-podium-aux-championnats-de-france\/#primaryimage\",\"url\":\"https:\/\/vosgesinfo.fr\/app\/uploads\/sites\/6\/2024\/07\/201906unss-tcg-2019-finale.jpg\",\"contentUrl\":\"https:\/\/vosgesinfo.fr\/app\/uploads\/sites\/6\/2024\/07\/201906unss-tcg-2019-finale.jpg\",\"width\":800,\"height\":600},{\"@type\":\"BreadcrumbList\",\"@id\":\"https:\/\/vosgesinfo.fr\/gerardmerinfo\/2019\/06\/tennis-unss-collegiens-3eme-marche-podium-aux-championnats-de-france\/#breadcrumb\",\"itemListElement\":[{\"@type\":\"ListItem\",\"position\":1,\"name\":\"Home\",\"item\":\"https:\/\/vosgesinfo.fr\/gerardmerinfo\/\"},{\"@type\":\"ListItem\",\"position\":2,\"name\":\"Tennis &#8211; UNSS : les coll\u00e9giens sur la 3\u00e8me marche du podium aux championnats de France\"}]},{\"@type\":\"WebSite\",\"@id\":\"https:\/\/vosgesinfo.fr\/gerardmerinfo\/#website\",\"url\":\"https:\/\/vosgesinfo.fr\/gerardmerinfo\/\",\"name\":\"Gerardmer Info\",\"description\":\"Toute l&#039;actualit\u00e9 de G\u00e9rardmer\",\"publisher\":{\"@id\":\"https:\/\/vosgesinfo.fr\/gerardmerinfo\/#organization\"},\"alternateName\":\"Toute l'actualit\u00e9 de G\u00e9rardmer\",\"potentialAction\":[{\"@type\":\"SearchAction\",\"target\":{\"@type\":\"EntryPoint\",\"urlTemplate\":\"https:\/\/vosgesinfo.fr\/gerardmerinfo\/?s={search_term_string}\"},\"query-input\":\"required name=search_term_string\"}],\"inLanguage\":\"fr-FR\"},{\"@type\":\"Organization\",\"@id\":\"https:\/\/vosgesinfo.fr\/gerardmerinfo\/#organization\",\"name\":\"Gerardmer Info\",\"url\":\"https:\/\/vosgesinfo.fr\/gerardmerinfo\/\",\"logo\":{\"@type\":\"ImageObject\",\"inLanguage\":\"fr-FR\",\"@id\":\"https:\/\/vosgesinfo.fr\/gerardmerinfo\/#\/schema\/logo\/image\/\",\"url\":\"https:\/\/vosgesinfo.fr\/app\/uploads\/sites\/6\/2023\/08\/favicon-gerardmerinfo.png\",\"contentUrl\":\"https:\/\/vosgesinfo.fr\/app\/uploads\/sites\/6\/2023\/08\/favicon-gerardmerinfo.png\",\"width\":512,\"height\":512,\"caption\":\"Gerardmer Info\"},\"image\":{\"@id\":\"https:\/\/vosgesinfo.fr\/gerardmerinfo\/#\/schema\/logo\/image\/\"},\"sameAs\":[\"https:\/\/www.facebook.com\/profile.php?id=100049475262660\",\"https:\/\/x.com\/VosgesInfo88\",\"https:\/\/www.youtube.com\/@vosgesinfo\"]},{\"@type\":\"Person\",\"@id\":\"https:\/\/vosgesinfo.fr\/gerardmerinfo\/#\/schema\/person\/db5605779a843dad16b5368f3e7613a5\",\"name\":\"QG\",\"image\":{\"@type\":\"ImageObject\",\"inLanguage\":\"fr-FR\",\"@id\":\"https:\/\/vosgesinfo.fr\/gerardmerinfo\/#\/schema\/person\/image\/\",\"url\":\"https:\/\/secure.gravatar.com\/avatar\/ea80c42c204b534408512832fde52504ecabb9706bcb6151cf6175e5b64e6793?s=96&d=mm&r=g\",\"contentUrl\":\"https:\/\/secure.gravatar.com\/avatar\/ea80c42c204b534408512832fde52504ecabb9706bcb6151cf6175e5b64e6793?s=96&d=mm&r=g\",\"caption\":\"QG\"},\"url\":\"https:\/\/vosgesinfo.fr\/gerardmerinfo\/author\/quentin88\/\"}]}<\/script>\n<!-- \/ Yoast SEO plugin. -->","yoast_head_json":{"title":"Tennis - UNSS : les coll\u00e9giens sur la 3\u00e8me marche du podium aux championnats de France - Gerardmer Info","robots":{"index":"index","follow":"follow","max-snippet":"max-snippet:-1","max-image-preview":"max-image-preview:large","max-video-preview":"max-video-preview:-1"},"canonical":"https:\/\/vosgesinfo.fr\/gerardmerinfo\/2019\/06\/tennis-unss-collegiens-3eme-marche-podium-aux-championnats-de-france\/","twitter_card":"summary_large_image","twitter_title":"Tennis - UNSS : les coll\u00e9giens sur la 3\u00e8me marche du podium aux championnats de France - Gerardmer Info","twitter_description":"Les 4 mousquetaires g\u00e9r\u00f4mois partis disputer le championnat de France UNSS de tennis sont revenus avec la m\u00e9daille de bronze. [&hellip;]","twitter_image":"https:\/\/vosgesinfo.fr\/app\/uploads\/sites\/6\/2024\/07\/201906unss-tcg-2019-finale.jpg","twitter_creator":"@VosgesInfo88","twitter_site":"@VosgesInfo88","twitter_misc":{"\u00c9crit par":"QG","Dur\u00e9e de lecture estim\u00e9e":"1 minute"},"schema":{"@context":"https:\/\/schema.org","@graph":[{"@type":"Article","@id":"https:\/\/vosgesinfo.fr\/gerardmerinfo\/2019\/06\/tennis-unss-collegiens-3eme-marche-podium-aux-championnats-de-france\/#article","isPartOf":{"@id":"https:\/\/vosgesinfo.fr\/gerardmerinfo\/2019\/06\/tennis-unss-collegiens-3eme-marche-podium-aux-championnats-de-france\/"},"author":{"name":"QG","@id":"https:\/\/vosgesinfo.fr\/gerardmerinfo\/#\/schema\/person\/db5605779a843dad16b5368f3e7613a5"},"headline":"Tennis &#8211; UNSS : les coll\u00e9giens sur la 3\u00e8me marche du podium aux championnats de France","datePublished":"2019-06-08T12:14:25+00:00","dateModified":"2019-06-08T12:14:25+00:00","mainEntityOfPage":{"@id":"https:\/\/vosgesinfo.fr\/gerardmerinfo\/2019\/06\/tennis-unss-collegiens-3eme-marche-podium-aux-championnats-de-france\/"},"wordCount":307,"commentCount":0,"publisher":{"@id":"https:\/\/vosgesinfo.fr\/gerardmerinfo\/#organization"},"image":{"@id":"https:\/\/vosgesinfo.fr\/gerardmerinfo\/2019\/06\/tennis-unss-collegiens-3eme-marche-podium-aux-championnats-de-france\/#primaryimage"},"thumbnailUrl":"https:\/\/vosgesinfo.fr\/app\/uploads\/sites\/6\/2024\/07\/201906unss-tcg-2019-finale.jpg","keywords":["coll\u00e9ge la haie griselle","TCG","unss"],"articleSection":["A la une","G\u00e9rardmer","Sport"],"inLanguage":"fr-FR","potentialAction":[{"@type":"CommentAction","name":"Comment","target":["https:\/\/vosgesinfo.fr\/gerardmerinfo\/2019\/06\/tennis-unss-collegiens-3eme-marche-podium-aux-championnats-de-france\/#respond"]}]},{"@type":"WebPage","@id":"https:\/\/vosgesinfo.fr\/gerardmerinfo\/2019\/06\/tennis-unss-collegiens-3eme-marche-podium-aux-championnats-de-france\/","url":"https:\/\/vosgesinfo.fr\/gerardmerinfo\/2019\/06\/tennis-unss-collegiens-3eme-marche-podium-aux-championnats-de-france\/","name":"Tennis - UNSS : les coll\u00e9giens sur la 3\u00e8me marche du podium aux championnats de France - Gerardmer Info","isPartOf":{"@id":"https:\/\/vosgesinfo.fr\/gerardmerinfo\/#website"},"primaryImageOfPage":{"@id":"https:\/\/vosgesinfo.fr\/gerardmerinfo\/2019\/06\/tennis-unss-collegiens-3eme-marche-podium-aux-championnats-de-france\/#primaryimage"},"image":{"@id":"https:\/\/vosgesinfo.fr\/gerardmerinfo\/2019\/06\/tennis-unss-collegiens-3eme-marche-podium-aux-championnats-de-france\/#primaryimage"},"thumbnailUrl":"https:\/\/vosgesinfo.fr\/app\/uploads\/sites\/6\/2024\/07\/201906unss-tcg-2019-finale.jpg","datePublished":"2019-06-08T12:14:25+00:00","dateModified":"2019-06-08T12:14:25+00:00","breadcrumb":{"@id":"https:\/\/vosgesinfo.fr\/gerardmerinfo\/2019\/06\/tennis-unss-collegiens-3eme-marche-podium-aux-championnats-de-france\/#breadcrumb"},"inLanguage":"fr-FR","potentialAction":[{"@type":"ReadAction","target":["https:\/\/vosgesinfo.fr\/gerardmerinfo\/2019\/06\/tennis-unss-collegiens-3eme-marche-podium-aux-championnats-de-france\/"]}]},{"@type":"ImageObject","inLanguage":"fr-FR","@id":"https:\/\/vosgesinfo.fr\/gerardmerinfo\/2019\/06\/tennis-unss-collegiens-3eme-marche-podium-aux-championnats-de-france\/#primaryimage","url":"https:\/\/vosgesinfo.fr\/app\/uploads\/sites\/6\/2024\/07\/201906unss-tcg-2019-finale.jpg","contentUrl":"https:\/\/vosgesinfo.fr\/app\/uploads\/sites\/6\/2024\/07\/201906unss-tcg-2019-finale.jpg","width":800,"height":600},{"@type":"BreadcrumbList","@id":"https:\/\/vosgesinfo.fr\/gerardmerinfo\/2019\/06\/tennis-unss-collegiens-3eme-marche-podium-aux-championnats-de-france\/#breadcrumb","itemListElement":[{"@type":"ListItem","position":1,"name":"Home","item":"https:\/\/vosgesinfo.fr\/gerardmerinfo\/"},{"@type":"ListItem","position":2,"name":"Tennis &#8211; UNSS : les coll\u00e9giens sur la 3\u00e8me marche du podium aux championnats de France"}]},{"@type":"WebSite","@id":"https:\/\/vosgesinfo.fr\/gerardmerinfo\/#website","url":"https:\/\/vosgesinfo.fr\/gerardmerinfo\/","name":"Gerardmer Info","description":"Toute l&#039;actualit\u00e9 de G\u00e9rardmer","publisher":{"@id":"https:\/\/vosgesinfo.fr\/gerardmerinfo\/#organization"},"alternateName":"Toute l'actualit\u00e9 de G\u00e9rardmer","potentialAction":[{"@type":"SearchAction","target":{"@type":"EntryPoint","urlTemplate":"https:\/\/vosgesinfo.fr\/gerardmerinfo\/?s={search_term_string}"},"query-input":"required name=search_term_string"}],"inLanguage":"fr-FR"},{"@type":"Organization","@id":"https:\/\/vosgesinfo.fr\/gerardmerinfo\/#organization","name":"Gerardmer Info","url":"https:\/\/vosgesinfo.fr\/gerardmerinfo\/","logo":{"@type":"ImageObject","inLanguage":"fr-FR","@id":"https:\/\/vosgesinfo.fr\/gerardmerinfo\/#\/schema\/logo\/image\/","url":"https:\/\/vosgesinfo.fr\/app\/uploads\/sites\/6\/2023\/08\/favicon-gerardmerinfo.png","contentUrl":"https:\/\/vosgesinfo.fr\/app\/uploads\/sites\/6\/2023\/08\/favicon-gerardmerinfo.png","width":512,"height":512,"caption":"Gerardmer Info"},"image":{"@id":"https:\/\/vosgesinfo.fr\/gerardmerinfo\/#\/schema\/logo\/image\/"},"sameAs":["https:\/\/www.facebook.com\/profile.php?id=100049475262660","https:\/\/x.com\/VosgesInfo88","https:\/\/www.youtube.com\/@vosgesinfo"]},{"@type":"Person","@id":"https:\/\/vosgesinfo.fr\/gerardmerinfo\/#\/schema\/person\/db5605779a843dad16b5368f3e7613a5","name":"QG","image":{"@type":"ImageObject","inLanguage":"fr-FR","@id":"https:\/\/vosgesinfo.fr\/gerardmerinfo\/#\/schema\/person\/image\/","url":"https:\/\/secure.gravatar.com\/avatar\/ea80c42c204b534408512832fde52504ecabb9706bcb6151cf6175e5b64e6793?s=96&d=mm&r=g","contentUrl":"https:\/\/secure.gravatar.com\/avatar\/ea80c42c204b534408512832fde52504ecabb9706bcb6151cf6175e5b64e6793?s=96&d=mm&r=g","caption":"QG"},"url":"https:\/\/vosgesinfo.fr\/gerardmerinfo\/author\/quentin88\/"}]}},"_links":{"self":[{"href":"https:\/\/vosgesinfo.fr\/gerardmerinfo\/wp-json\/wp\/v2\/posts\/42129","targetHints":{"allow":["GET"]}}],"collection":[{"href":"https:\/\/vosgesinfo.fr\/gerardmerinfo\/wp-json\/wp\/v2\/posts"}],"about":[{"href":"https:\/\/vosgesinfo.fr\/gerardmerinfo\/wp-json\/wp\/v2\/types\/post"}],"author":[{"embeddable":true,"href":"https:\/\/vosgesinfo.fr\/gerardmerinfo\/wp-json\/wp\/v2\/users\/42"}],"replies":[{"embeddable":true,"href":"https:\/\/vosgesinfo.fr\/gerardmerinfo\/wp-json\/wp\/v2\/comments?post=42129"}],"version-history":[{"count":0,"href":"https:\/\/vosgesinfo.fr\/gerardmerinfo\/wp-json\/wp\/v2\/posts\/42129\/revisions"}],"wp:featuredmedia":[{"embeddable":true,"href":"https:\/\/vosgesinfo.fr\/gerardmerinfo\/wp-json\/wp\/v2\/media\/42130"}],"wp:attachment":[{"href":"https:\/\/vosgesinfo.fr\/gerardmerinfo\/wp-json\/wp\/v2\/media?parent=42129"}],"wp:term":[{"taxonomy":"category","embeddable":true,"href":"https:\/\/vosgesinfo.fr\/gerardmerinfo\/wp-json\/wp\/v2\/categories?post=42129"},{"taxonomy":"post_tag","embeddable":true,"href":"https:\/\/vosgesinfo.fr\/gerardmerinfo\/wp-json\/wp\/v2\/tags?post=42129"}],"curies":[{"name":"wp","href":"https:\/\/api.w.org\/{rel}","templated":true}]}}