{"id":42163,"date":"2019-06-17T16:17:22","date_gmt":"2019-06-17T14:17:22","guid":{"rendered":"https:\/\/vosgesinfo.fr\/gerardmerinfo\/2019\/06\/reunion-publique-comite-local-logement-autonome-jeunes\/"},"modified":"2019-06-17T16:17:22","modified_gmt":"2019-06-17T14:17:22","slug":"reunion-publique-comite-local-logement-autonome-jeunes","status":"publish","type":"post","link":"https:\/\/vosgesinfo.fr\/gerardmerinfo\/2019\/06\/reunion-publique-comite-local-logement-autonome-jeunes\/","title":{"rendered":"R\u00e9union publique &#8211; Comit\u00e9 Local pour le Logement Autonome des Jeunes"},"content":{"rendered":"<h3><span class=\"\">Le Centre Communal d\u2019Action Sociale de la Commune organise une r\u00e9union publique anim\u00e9e par le Comit\u00e9 Local pour le Logement Autonome des Jeunes (CLLAJ). <\/span><\/h3>\n<div class=\"\"><span class=\"\">\u00a0<\/span><\/div>\n<div class=\"\"><b class=\"\"><span class=\"\">Le rendez-vous est donn\u00e9<\/span><\/b><\/div>\n<div class=\"\"><b class=\"\"><span class=\"\">le mardi 18 juin 2019 \u00e0 17h30<\/span><\/b><\/div>\n<div class=\"\"><b class=\"\"><span class=\"\">\u00e0 l\u2019H\u00f4tel de Ville, salle des Armes.<\/span><\/b><\/div>\n<div class=\"\"><span class=\"\">\u00a0<\/span><\/div>\n<div class=\"\"><span class=\"\">\u00a0<\/span><\/div>\n<div class=\"\"><span class=\"\">Le CLLAJ s\u2019adresse aux personnes poss\u00e9dant une chambre libre et qui souhaitent donner un coup de pouce \u00e0 un jeune en formation. Il concerne \u00e9galement les familles qui souhaiteraient accueillir quelques semaines ou quelques mois un jeune \u00e0 leur domicile pour l\u2019aider \u00e0 suivre son cursus de formation. \u00a0<\/span><\/div>\n<div class=\"\"><span class=\"\">\u00a0<\/span><\/div>\n<div class=\"\"><span class=\"\">Le Comit\u00e9 Local pour le Logement Autonome des Jeunes recherche des familles sur le secteur de G\u00e9rardmer, alors n\u2019h\u00e9sitez pas \u00e0 venir \u00e0 cette pr\u00e9sentation pour obtenir des informations et avoir la possibilit\u00e9 d\u2019\u00e9changer avec des accueillants avant de vous lancer dans l\u2019aventure.<\/span><\/div>\n","protected":false},"excerpt":{"rendered":"<p>Le Centre Communal d\u2019Action Sociale de la Commune organise une r\u00e9union publique anim\u00e9e par le Comit\u00e9 Local pour le Logement [&hellip;]<\/p>\n","protected":false},"author":1,"featured_media":330,"comment_status":"open","ping_status":"open","sticky":false,"template":"","format":"standard","meta":{"footnotes":""},"categories":[20,25,13],"tags":[166,4140],"class_list":["post-42163","post","type-post","status-publish","format-standard","has-post-thumbnail","hentry","category-a-la-une","category-gerardmer","category-societe","tag-ccas","tag-comite-local-pour-le-logement-autonome-des-jeunes"],"acf":[],"yoast_head":"<!-- This site is optimized with the Yoast SEO plugin v22.5 - https:\/\/yoast.com\/wordpress\/plugins\/seo\/ -->\n<title>R\u00e9union publique - Comit\u00e9 Local pour le Logement Autonome des Jeunes - Gerardmer Info<\/title>\n<meta name=\"robots\" content=\"index, follow, max-snippet:-1, max-image-preview:large, max-video-preview:-1\" \/>\n<link rel=\"canonical\" href=\"https:\/\/vosgesinfo.fr\/gerardmerinfo\/2019\/06\/reunion-publique-comite-local-logement-autonome-jeunes\/\" \/>\n<meta name=\"twitter:card\" content=\"summary_large_image\" \/>\n<meta name=\"twitter:title\" content=\"R\u00e9union publique - Comit\u00e9 Local pour le Logement Autonome des Jeunes - Gerardmer Info\" \/>\n<meta name=\"twitter:description\" content=\"Le Centre Communal d\u2019Action Sociale de la Commune organise une r\u00e9union publique anim\u00e9e par le Comit\u00e9 Local pour le Logement [&hellip;]\" \/>\n<meta name=\"twitter:image\" content=\"https:\/\/vosgesinfo.fr\/app\/uploads\/sites\/6\/2015\/12\/logo-de-gerardmer.gif\" \/>\n<meta name=\"twitter:creator\" content=\"@VosgesInfo88\" \/>\n<meta name=\"twitter:site\" content=\"@VosgesInfo88\" \/>\n<meta name=\"twitter:label1\" content=\"\u00c9crit par\" \/>\n\t<meta name=\"twitter:data1\" content=\"qs_admin\" \/>\n\t<meta name=\"twitter:label2\" content=\"Dur\u00e9e de lecture estim\u00e9e\" \/>\n\t<meta name=\"twitter:data2\" content=\"1 minute\" \/>\n<script type=\"application\/ld+json\" class=\"yoast-schema-graph\">{\"@context\":\"https:\/\/schema.org\",\"@graph\":[{\"@type\":\"Article\",\"@id\":\"https:\/\/vosgesinfo.fr\/gerardmerinfo\/2019\/06\/reunion-publique-comite-local-logement-autonome-jeunes\/#article\",\"isPartOf\":{\"@id\":\"https:\/\/vosgesinfo.fr\/gerardmerinfo\/2019\/06\/reunion-publique-comite-local-logement-autonome-jeunes\/\"},\"author\":{\"name\":\"qs_admin\",\"@id\":\"https:\/\/vosgesinfo.fr\/gerardmerinfo\/#\/schema\/person\/bc5d02d71e6932e81b6dadb7386667b1\"},\"headline\":\"R\u00e9union publique &#8211; Comit\u00e9 Local pour le Logement Autonome des Jeunes\",\"datePublished\":\"2019-06-17T14:17:22+00:00\",\"dateModified\":\"2019-06-17T14:17:22+00:00\",\"mainEntityOfPage\":{\"@id\":\"https:\/\/vosgesinfo.fr\/gerardmerinfo\/2019\/06\/reunion-publique-comite-local-logement-autonome-jeunes\/\"},\"wordCount\":150,\"commentCount\":0,\"publisher\":{\"@id\":\"https:\/\/vosgesinfo.fr\/gerardmerinfo\/#organization\"},\"image\":{\"@id\":\"https:\/\/vosgesinfo.fr\/gerardmerinfo\/2019\/06\/reunion-publique-comite-local-logement-autonome-jeunes\/#primaryimage\"},\"thumbnailUrl\":\"https:\/\/vosgesinfo.fr\/app\/uploads\/sites\/6\/2015\/12\/logo-de-gerardmer.gif\",\"keywords\":[\"CCAS\",\"Comit\u00e9 Local pour le Logement Autonome des Jeunes\"],\"articleSection\":[\"A la une\",\"G\u00e9rardmer\",\"Soci\u00e9t\u00e9\"],\"inLanguage\":\"fr-FR\",\"potentialAction\":[{\"@type\":\"CommentAction\",\"name\":\"Comment\",\"target\":[\"https:\/\/vosgesinfo.fr\/gerardmerinfo\/2019\/06\/reunion-publique-comite-local-logement-autonome-jeunes\/#respond\"]}]},{\"@type\":\"WebPage\",\"@id\":\"https:\/\/vosgesinfo.fr\/gerardmerinfo\/2019\/06\/reunion-publique-comite-local-logement-autonome-jeunes\/\",\"url\":\"https:\/\/vosgesinfo.fr\/gerardmerinfo\/2019\/06\/reunion-publique-comite-local-logement-autonome-jeunes\/\",\"name\":\"R\u00e9union publique - Comit\u00e9 Local pour le Logement Autonome des Jeunes - Gerardmer Info\",\"isPartOf\":{\"@id\":\"https:\/\/vosgesinfo.fr\/gerardmerinfo\/#website\"},\"primaryImageOfPage\":{\"@id\":\"https:\/\/vosgesinfo.fr\/gerardmerinfo\/2019\/06\/reunion-publique-comite-local-logement-autonome-jeunes\/#primaryimage\"},\"image\":{\"@id\":\"https:\/\/vosgesinfo.fr\/gerardmerinfo\/2019\/06\/reunion-publique-comite-local-logement-autonome-jeunes\/#primaryimage\"},\"thumbnailUrl\":\"https:\/\/vosgesinfo.fr\/app\/uploads\/sites\/6\/2015\/12\/logo-de-gerardmer.gif\",\"datePublished\":\"2019-06-17T14:17:22+00:00\",\"dateModified\":\"2019-06-17T14:17:22+00:00\",\"breadcrumb\":{\"@id\":\"https:\/\/vosgesinfo.fr\/gerardmerinfo\/2019\/06\/reunion-publique-comite-local-logement-autonome-jeunes\/#breadcrumb\"},\"inLanguage\":\"fr-FR\",\"potentialAction\":[{\"@type\":\"ReadAction\",\"target\":[\"https:\/\/vosgesinfo.fr\/gerardmerinfo\/2019\/06\/reunion-publique-comite-local-logement-autonome-jeunes\/\"]}]},{\"@type\":\"ImageObject\",\"inLanguage\":\"fr-FR\",\"@id\":\"https:\/\/vosgesinfo.fr\/gerardmerinfo\/2019\/06\/reunion-publique-comite-local-logement-autonome-jeunes\/#primaryimage\",\"url\":\"https:\/\/vosgesinfo.fr\/app\/uploads\/sites\/6\/2015\/12\/logo-de-gerardmer.gif\",\"contentUrl\":\"https:\/\/vosgesinfo.fr\/app\/uploads\/sites\/6\/2015\/12\/logo-de-gerardmer.gif\",\"width\":450,\"height\":459},{\"@type\":\"BreadcrumbList\",\"@id\":\"https:\/\/vosgesinfo.fr\/gerardmerinfo\/2019\/06\/reunion-publique-comite-local-logement-autonome-jeunes\/#breadcrumb\",\"itemListElement\":[{\"@type\":\"ListItem\",\"position\":1,\"name\":\"Home\",\"item\":\"https:\/\/vosgesinfo.fr\/gerardmerinfo\/\"},{\"@type\":\"ListItem\",\"position\":2,\"name\":\"R\u00e9union publique &#8211; Comit\u00e9 Local pour le Logement Autonome des Jeunes\"}]},{\"@type\":\"WebSite\",\"@id\":\"https:\/\/vosgesinfo.fr\/gerardmerinfo\/#website\",\"url\":\"https:\/\/vosgesinfo.fr\/gerardmerinfo\/\",\"name\":\"Gerardmer Info\",\"description\":\"Toute l&#039;actualit\u00e9 de G\u00e9rardmer\",\"publisher\":{\"@id\":\"https:\/\/vosgesinfo.fr\/gerardmerinfo\/#organization\"},\"alternateName\":\"Toute l'actualit\u00e9 de G\u00e9rardmer\",\"potentialAction\":[{\"@type\":\"SearchAction\",\"target\":{\"@type\":\"EntryPoint\",\"urlTemplate\":\"https:\/\/vosgesinfo.fr\/gerardmerinfo\/?s={search_term_string}\"},\"query-input\":\"required name=search_term_string\"}],\"inLanguage\":\"fr-FR\"},{\"@type\":\"Organization\",\"@id\":\"https:\/\/vosgesinfo.fr\/gerardmerinfo\/#organization\",\"name\":\"Gerardmer Info\",\"url\":\"https:\/\/vosgesinfo.fr\/gerardmerinfo\/\",\"logo\":{\"@type\":\"ImageObject\",\"inLanguage\":\"fr-FR\",\"@id\":\"https:\/\/vosgesinfo.fr\/gerardmerinfo\/#\/schema\/logo\/image\/\",\"url\":\"https:\/\/vosgesinfo.fr\/app\/uploads\/sites\/6\/2023\/08\/favicon-gerardmerinfo.png\",\"contentUrl\":\"https:\/\/vosgesinfo.fr\/app\/uploads\/sites\/6\/2023\/08\/favicon-gerardmerinfo.png\",\"width\":512,\"height\":512,\"caption\":\"Gerardmer Info\"},\"image\":{\"@id\":\"https:\/\/vosgesinfo.fr\/gerardmerinfo\/#\/schema\/logo\/image\/\"},\"sameAs\":[\"https:\/\/www.facebook.com\/profile.php?id=100049475262660\",\"https:\/\/x.com\/VosgesInfo88\",\"https:\/\/www.youtube.com\/@vosgesinfo\"]},{\"@type\":\"Person\",\"@id\":\"https:\/\/vosgesinfo.fr\/gerardmerinfo\/#\/schema\/person\/bc5d02d71e6932e81b6dadb7386667b1\",\"name\":\"qs_admin\",\"image\":{\"@type\":\"ImageObject\",\"inLanguage\":\"fr-FR\",\"@id\":\"https:\/\/vosgesinfo.fr\/gerardmerinfo\/#\/schema\/person\/image\/\",\"url\":\"https:\/\/secure.gravatar.com\/avatar\/94b18ee0ed79e4a42ea2f2931277b6841a8999fc6fde214600c78057cf1fe1de?s=96&d=mm&r=g\",\"contentUrl\":\"https:\/\/secure.gravatar.com\/avatar\/94b18ee0ed79e4a42ea2f2931277b6841a8999fc6fde214600c78057cf1fe1de?s=96&d=mm&r=g\",\"caption\":\"qs_admin\"},\"sameAs\":[\"https:\/\/vosgesinfo.fr\/wp\"],\"url\":\"https:\/\/vosgesinfo.fr\/gerardmerinfo\/author\/qs_admin\/\"}]}<\/script>\n<!-- \/ Yoast SEO plugin. -->","yoast_head_json":{"title":"R\u00e9union publique - Comit\u00e9 Local pour le Logement Autonome des Jeunes - Gerardmer Info","robots":{"index":"index","follow":"follow","max-snippet":"max-snippet:-1","max-image-preview":"max-image-preview:large","max-video-preview":"max-video-preview:-1"},"canonical":"https:\/\/vosgesinfo.fr\/gerardmerinfo\/2019\/06\/reunion-publique-comite-local-logement-autonome-jeunes\/","twitter_card":"summary_large_image","twitter_title":"R\u00e9union publique - Comit\u00e9 Local pour le Logement Autonome des Jeunes - Gerardmer Info","twitter_description":"Le Centre Communal d\u2019Action Sociale de la Commune organise une r\u00e9union publique anim\u00e9e par le Comit\u00e9 Local pour le Logement [&hellip;]","twitter_image":"https:\/\/vosgesinfo.fr\/app\/uploads\/sites\/6\/2015\/12\/logo-de-gerardmer.gif","twitter_creator":"@VosgesInfo88","twitter_site":"@VosgesInfo88","twitter_misc":{"\u00c9crit par":"qs_admin","Dur\u00e9e de lecture estim\u00e9e":"1 minute"},"schema":{"@context":"https:\/\/schema.org","@graph":[{"@type":"Article","@id":"https:\/\/vosgesinfo.fr\/gerardmerinfo\/2019\/06\/reunion-publique-comite-local-logement-autonome-jeunes\/#article","isPartOf":{"@id":"https:\/\/vosgesinfo.fr\/gerardmerinfo\/2019\/06\/reunion-publique-comite-local-logement-autonome-jeunes\/"},"author":{"name":"qs_admin","@id":"https:\/\/vosgesinfo.fr\/gerardmerinfo\/#\/schema\/person\/bc5d02d71e6932e81b6dadb7386667b1"},"headline":"R\u00e9union publique &#8211; Comit\u00e9 Local pour le Logement Autonome des Jeunes","datePublished":"2019-06-17T14:17:22+00:00","dateModified":"2019-06-17T14:17:22+00:00","mainEntityOfPage":{"@id":"https:\/\/vosgesinfo.fr\/gerardmerinfo\/2019\/06\/reunion-publique-comite-local-logement-autonome-jeunes\/"},"wordCount":150,"commentCount":0,"publisher":{"@id":"https:\/\/vosgesinfo.fr\/gerardmerinfo\/#organization"},"image":{"@id":"https:\/\/vosgesinfo.fr\/gerardmerinfo\/2019\/06\/reunion-publique-comite-local-logement-autonome-jeunes\/#primaryimage"},"thumbnailUrl":"https:\/\/vosgesinfo.fr\/app\/uploads\/sites\/6\/2015\/12\/logo-de-gerardmer.gif","keywords":["CCAS","Comit\u00e9 Local pour le Logement Autonome des Jeunes"],"articleSection":["A la une","G\u00e9rardmer","Soci\u00e9t\u00e9"],"inLanguage":"fr-FR","potentialAction":[{"@type":"CommentAction","name":"Comment","target":["https:\/\/vosgesinfo.fr\/gerardmerinfo\/2019\/06\/reunion-publique-comite-local-logement-autonome-jeunes\/#respond"]}]},{"@type":"WebPage","@id":"https:\/\/vosgesinfo.fr\/gerardmerinfo\/2019\/06\/reunion-publique-comite-local-logement-autonome-jeunes\/","url":"https:\/\/vosgesinfo.fr\/gerardmerinfo\/2019\/06\/reunion-publique-comite-local-logement-autonome-jeunes\/","name":"R\u00e9union publique - Comit\u00e9 Local pour le Logement Autonome des Jeunes - Gerardmer Info","isPartOf":{"@id":"https:\/\/vosgesinfo.fr\/gerardmerinfo\/#website"},"primaryImageOfPage":{"@id":"https:\/\/vosgesinfo.fr\/gerardmerinfo\/2019\/06\/reunion-publique-comite-local-logement-autonome-jeunes\/#primaryimage"},"image":{"@id":"https:\/\/vosgesinfo.fr\/gerardmerinfo\/2019\/06\/reunion-publique-comite-local-logement-autonome-jeunes\/#primaryimage"},"thumbnailUrl":"https:\/\/vosgesinfo.fr\/app\/uploads\/sites\/6\/2015\/12\/logo-de-gerardmer.gif","datePublished":"2019-06-17T14:17:22+00:00","dateModified":"2019-06-17T14:17:22+00:00","breadcrumb":{"@id":"https:\/\/vosgesinfo.fr\/gerardmerinfo\/2019\/06\/reunion-publique-comite-local-logement-autonome-jeunes\/#breadcrumb"},"inLanguage":"fr-FR","potentialAction":[{"@type":"ReadAction","target":["https:\/\/vosgesinfo.fr\/gerardmerinfo\/2019\/06\/reunion-publique-comite-local-logement-autonome-jeunes\/"]}]},{"@type":"ImageObject","inLanguage":"fr-FR","@id":"https:\/\/vosgesinfo.fr\/gerardmerinfo\/2019\/06\/reunion-publique-comite-local-logement-autonome-jeunes\/#primaryimage","url":"https:\/\/vosgesinfo.fr\/app\/uploads\/sites\/6\/2015\/12\/logo-de-gerardmer.gif","contentUrl":"https:\/\/vosgesinfo.fr\/app\/uploads\/sites\/6\/2015\/12\/logo-de-gerardmer.gif","width":450,"height":459},{"@type":"BreadcrumbList","@id":"https:\/\/vosgesinfo.fr\/gerardmerinfo\/2019\/06\/reunion-publique-comite-local-logement-autonome-jeunes\/#breadcrumb","itemListElement":[{"@type":"ListItem","position":1,"name":"Home","item":"https:\/\/vosgesinfo.fr\/gerardmerinfo\/"},{"@type":"ListItem","position":2,"name":"R\u00e9union publique &#8211; Comit\u00e9 Local pour le Logement Autonome des Jeunes"}]},{"@type":"WebSite","@id":"https:\/\/vosgesinfo.fr\/gerardmerinfo\/#website","url":"https:\/\/vosgesinfo.fr\/gerardmerinfo\/","name":"Gerardmer Info","description":"Toute l&#039;actualit\u00e9 de G\u00e9rardmer","publisher":{"@id":"https:\/\/vosgesinfo.fr\/gerardmerinfo\/#organization"},"alternateName":"Toute l'actualit\u00e9 de G\u00e9rardmer","potentialAction":[{"@type":"SearchAction","target":{"@type":"EntryPoint","urlTemplate":"https:\/\/vosgesinfo.fr\/gerardmerinfo\/?s={search_term_string}"},"query-input":"required name=search_term_string"}],"inLanguage":"fr-FR"},{"@type":"Organization","@id":"https:\/\/vosgesinfo.fr\/gerardmerinfo\/#organization","name":"Gerardmer Info","url":"https:\/\/vosgesinfo.fr\/gerardmerinfo\/","logo":{"@type":"ImageObject","inLanguage":"fr-FR","@id":"https:\/\/vosgesinfo.fr\/gerardmerinfo\/#\/schema\/logo\/image\/","url":"https:\/\/vosgesinfo.fr\/app\/uploads\/sites\/6\/2023\/08\/favicon-gerardmerinfo.png","contentUrl":"https:\/\/vosgesinfo.fr\/app\/uploads\/sites\/6\/2023\/08\/favicon-gerardmerinfo.png","width":512,"height":512,"caption":"Gerardmer Info"},"image":{"@id":"https:\/\/vosgesinfo.fr\/gerardmerinfo\/#\/schema\/logo\/image\/"},"sameAs":["https:\/\/www.facebook.com\/profile.php?id=100049475262660","https:\/\/x.com\/VosgesInfo88","https:\/\/www.youtube.com\/@vosgesinfo"]},{"@type":"Person","@id":"https:\/\/vosgesinfo.fr\/gerardmerinfo\/#\/schema\/person\/bc5d02d71e6932e81b6dadb7386667b1","name":"qs_admin","image":{"@type":"ImageObject","inLanguage":"fr-FR","@id":"https:\/\/vosgesinfo.fr\/gerardmerinfo\/#\/schema\/person\/image\/","url":"https:\/\/secure.gravatar.com\/avatar\/94b18ee0ed79e4a42ea2f2931277b6841a8999fc6fde214600c78057cf1fe1de?s=96&d=mm&r=g","contentUrl":"https:\/\/secure.gravatar.com\/avatar\/94b18ee0ed79e4a42ea2f2931277b6841a8999fc6fde214600c78057cf1fe1de?s=96&d=mm&r=g","caption":"qs_admin"},"sameAs":["https:\/\/vosgesinfo.fr\/wp"],"url":"https:\/\/vosgesinfo.fr\/gerardmerinfo\/author\/qs_admin\/"}]}},"_links":{"self":[{"href":"https:\/\/vosgesinfo.fr\/gerardmerinfo\/wp-json\/wp\/v2\/posts\/42163","targetHints":{"allow":["GET"]}}],"collection":[{"href":"https:\/\/vosgesinfo.fr\/gerardmerinfo\/wp-json\/wp\/v2\/posts"}],"about":[{"href":"https:\/\/vosgesinfo.fr\/gerardmerinfo\/wp-json\/wp\/v2\/types\/post"}],"author":[{"embeddable":true,"href":"https:\/\/vosgesinfo.fr\/gerardmerinfo\/wp-json\/wp\/v2\/users\/1"}],"replies":[{"embeddable":true,"href":"https:\/\/vosgesinfo.fr\/gerardmerinfo\/wp-json\/wp\/v2\/comments?post=42163"}],"version-history":[{"count":0,"href":"https:\/\/vosgesinfo.fr\/gerardmerinfo\/wp-json\/wp\/v2\/posts\/42163\/revisions"}],"wp:featuredmedia":[{"embeddable":true,"href":"https:\/\/vosgesinfo.fr\/gerardmerinfo\/wp-json\/wp\/v2\/media\/330"}],"wp:attachment":[{"href":"https:\/\/vosgesinfo.fr\/gerardmerinfo\/wp-json\/wp\/v2\/media?parent=42163"}],"wp:term":[{"taxonomy":"category","embeddable":true,"href":"https:\/\/vosgesinfo.fr\/gerardmerinfo\/wp-json\/wp\/v2\/categories?post=42163"},{"taxonomy":"post_tag","embeddable":true,"href":"https:\/\/vosgesinfo.fr\/gerardmerinfo\/wp-json\/wp\/v2\/tags?post=42163"}],"curies":[{"name":"wp","href":"https:\/\/api.w.org\/{rel}","templated":true}]}}