{"id":42205,"date":"2019-07-15T22:58:28","date_gmt":"2019-07-15T20:58:28","guid":{"rendered":"https:\/\/vosgesinfo.fr\/gerardmerinfo\/2019\/07\/premiere-film-perdrix-presence-de-lequipe-film-21-juillet-a-mcl\/"},"modified":"2019-07-15T22:58:28","modified_gmt":"2019-07-15T20:58:28","slug":"premiere-film-perdrix-presence-de-lequipe-film-21-juillet-a-mcl","status":"publish","type":"post","link":"https:\/\/vosgesinfo.fr\/gerardmerinfo\/2019\/07\/premiere-film-perdrix-presence-de-lequipe-film-21-juillet-a-mcl\/","title":{"rendered":"Avant-premi\u00e8re du film PERDRIX en pr\u00e9sence de l\u2019\u00e9quipe du film le 21 juillet \u00e0 la MCL"},"content":{"rendered":"<p><span style=\"color: #333333;\"><span style=\"font-family: Arial, sans-serif;\"><span style=\"font-size: medium;\"><b>Avant-premi\u00e8re du film PERDRIX en pr\u00e9sence de l\u2019\u00e9quipe du film l<\/b><\/span><\/span><span style=\"font-family: Arial, sans-serif;\"><span style=\"font-size: medium;\"><b>e dimanche 21 juillet \u00e0 20h30 <\/b><\/span><\/span><span style=\"font-family: Arial, sans-serif;\"><span style=\"font-size: medium;\"><b>\u00e0 la <\/b><\/span><\/span><span style=\"font-family: Arial, sans-serif;\"><span style=\"font-size: medium;\"><b>MCL <\/b><\/span><\/span><span style=\"font-family: Arial, sans-serif;\"><span style=\"font-size: medium;\"><b>de G\u00e9rardmer<\/b><\/span><\/span><span style=\"font-family: Arial, sans-serif;\"><span style=\"font-size: small;\"><b>.<br \/>\n<\/b><\/span><\/span><span style=\"font-family: Arial, sans-serif;\"><span style=\"font-size: small;\"><br \/>\n<a href=\"\/2019\/06\/AP_Perdrix_210719.jpg\"><img decoding=\"async\" class=\"alignright size-medium wp-image-148286\" src=\"\/2019\/06\/AP_Perdrix_210719-180x255.jpg\" alt=\"Perdrix_210719\" width=\"180\" height=\"255\" \/><\/a><\/span><\/span><span style=\"font-size: 12pt;\"><span style=\"font-family: Arial, sans-serif;\">Le film Perdrix, tourn\u00e9 dans les Vosges \u00e0 l\u2019automne dernier <\/span><span style=\"font-family: Arial, sans-serif;\">sera projet\u00e9 <\/span><span style=\"font-family: Arial, sans-serif;\">\u00e0 la MCL <\/span><span style=\"font-family: Arial, sans-serif;\">lors<\/span> <span style=\"font-family: Arial, sans-serif;\">d\u2019<\/span><span style=\"font-family: Arial, sans-serif;\">une avant-premi\u00e8re exceptionnelle en pr\u00e9sence de Erwan Le Duc, r\u00e9alisateur accompagn\u00e9 de Maud Wyler <\/span><span style=\"font-family: Arial, sans-serif;\">et de <\/span><span style=\"font-family: Arial, sans-serif;\">Swann Arlaud (c\u00e9sar du meilleur acteur en 2018 pour Petit paysan)<br \/>\n<\/span><span style=\"font-family: Arial, sans-serif;\"><br \/>\nPierre Perdrix vit des jours agit\u00e9s depuis l&rsquo;irruption dans son existence de l&rsquo;insaisissable Juliette Webb. Comme une tornade, elle va semer le d\u00e9sir et le d\u00e9sordre dans son univers et celui de sa famille, obligeant chacun \u00e0 red\u00e9finir ses fronti\u00e8res, et \u00e0 se mettre enfin \u00e0 vivre.<\/span><\/span><\/span><\/p>\n<p><span style=\"font-family: Arial, sans-serif; font-size: 12pt;\"><span style=\"color: #333333;\"><span style=\"font-family: Arial, sans-serif;\"><br \/>\n<\/span><\/span><span style=\"color: #333333;\"><span style=\"font-family: Arial, sans-serif;\"><i>Tarif Plein &#8211; 6.5\u20ac \/ Adh. MCL 5.70\u20ac \/ Moins de 16 ans : 4\u20ac<br \/>\nAchat des places en pr\u00e9vente conseill\u00e9 \u00e0 la MCL d\u00e8s maintenant\u00a0!<\/i><\/span><\/span><\/span><\/p>\n","protected":false},"excerpt":{"rendered":"<p>Avant-premi\u00e8re du film PERDRIX en pr\u00e9sence de l\u2019\u00e9quipe du film le dimanche 21 juillet \u00e0 20h30 \u00e0 la MCL de [&hellip;]<\/p>\n","protected":false},"author":1,"featured_media":42206,"comment_status":"open","ping_status":"open","sticky":false,"template":"","format":"standard","meta":{"footnotes":""},"categories":[20,4,25],"tags":[103,3800],"class_list":["post-42205","post","type-post","status-publish","format-standard","has-post-thumbnail","hentry","category-a-la-une","category-culture","category-gerardmer","tag-mcl-gerardmer","tag-perdrix"],"acf":[],"yoast_head":"<!-- This site is optimized with the Yoast SEO plugin v22.5 - https:\/\/yoast.com\/wordpress\/plugins\/seo\/ -->\n<title>Avant-premi\u00e8re du film PERDRIX en pr\u00e9sence de l\u2019\u00e9quipe du film le 21 juillet \u00e0 la MCL - Gerardmer Info<\/title>\n<meta name=\"robots\" content=\"index, follow, max-snippet:-1, max-image-preview:large, max-video-preview:-1\" \/>\n<link rel=\"canonical\" href=\"https:\/\/vosgesinfo.fr\/gerardmerinfo\/2019\/07\/premiere-film-perdrix-presence-de-lequipe-film-21-juillet-a-mcl\/\" \/>\n<meta name=\"twitter:card\" content=\"summary_large_image\" \/>\n<meta name=\"twitter:title\" content=\"Avant-premi\u00e8re du film PERDRIX en pr\u00e9sence de l\u2019\u00e9quipe du film le 21 juillet \u00e0 la MCL - Gerardmer Info\" \/>\n<meta name=\"twitter:description\" content=\"Avant-premi\u00e8re du film PERDRIX en pr\u00e9sence de l\u2019\u00e9quipe du film le dimanche 21 juillet \u00e0 20h30 \u00e0 la MCL de [&hellip;]\" \/>\n<meta name=\"twitter:image\" content=\"https:\/\/vosgesinfo.fr\/app\/uploads\/sites\/6\/2024\/07\/201906ap-perdrix-210719.jpg\" \/>\n<meta name=\"twitter:creator\" content=\"@VosgesInfo88\" \/>\n<meta name=\"twitter:site\" content=\"@VosgesInfo88\" \/>\n<meta name=\"twitter:label1\" content=\"\u00c9crit par\" \/>\n\t<meta name=\"twitter:data1\" content=\"qs_admin\" \/>\n\t<meta name=\"twitter:label2\" content=\"Dur\u00e9e de lecture estim\u00e9e\" \/>\n\t<meta name=\"twitter:data2\" content=\"1 minute\" \/>\n<script type=\"application\/ld+json\" class=\"yoast-schema-graph\">{\"@context\":\"https:\/\/schema.org\",\"@graph\":[{\"@type\":\"Article\",\"@id\":\"https:\/\/vosgesinfo.fr\/gerardmerinfo\/2019\/07\/premiere-film-perdrix-presence-de-lequipe-film-21-juillet-a-mcl\/#article\",\"isPartOf\":{\"@id\":\"https:\/\/vosgesinfo.fr\/gerardmerinfo\/2019\/07\/premiere-film-perdrix-presence-de-lequipe-film-21-juillet-a-mcl\/\"},\"author\":{\"name\":\"qs_admin\",\"@id\":\"https:\/\/vosgesinfo.fr\/gerardmerinfo\/#\/schema\/person\/bc5d02d71e6932e81b6dadb7386667b1\"},\"headline\":\"Avant-premi\u00e8re du film PERDRIX en pr\u00e9sence de l\u2019\u00e9quipe du film le 21 juillet \u00e0 la MCL\",\"datePublished\":\"2019-07-15T20:58:28+00:00\",\"dateModified\":\"2019-07-15T20:58:28+00:00\",\"mainEntityOfPage\":{\"@id\":\"https:\/\/vosgesinfo.fr\/gerardmerinfo\/2019\/07\/premiere-film-perdrix-presence-de-lequipe-film-21-juillet-a-mcl\/\"},\"wordCount\":157,\"commentCount\":0,\"publisher\":{\"@id\":\"https:\/\/vosgesinfo.fr\/gerardmerinfo\/#organization\"},\"image\":{\"@id\":\"https:\/\/vosgesinfo.fr\/gerardmerinfo\/2019\/07\/premiere-film-perdrix-presence-de-lequipe-film-21-juillet-a-mcl\/#primaryimage\"},\"thumbnailUrl\":\"https:\/\/vosgesinfo.fr\/app\/uploads\/sites\/6\/2024\/07\/201906ap-perdrix-210719.jpg\",\"keywords\":[\"MCL G\u00e9rardmer\",\"Perdrix\"],\"articleSection\":[\"A la une\",\"Culture\",\"G\u00e9rardmer\"],\"inLanguage\":\"fr-FR\",\"potentialAction\":[{\"@type\":\"CommentAction\",\"name\":\"Comment\",\"target\":[\"https:\/\/vosgesinfo.fr\/gerardmerinfo\/2019\/07\/premiere-film-perdrix-presence-de-lequipe-film-21-juillet-a-mcl\/#respond\"]}]},{\"@type\":\"WebPage\",\"@id\":\"https:\/\/vosgesinfo.fr\/gerardmerinfo\/2019\/07\/premiere-film-perdrix-presence-de-lequipe-film-21-juillet-a-mcl\/\",\"url\":\"https:\/\/vosgesinfo.fr\/gerardmerinfo\/2019\/07\/premiere-film-perdrix-presence-de-lequipe-film-21-juillet-a-mcl\/\",\"name\":\"Avant-premi\u00e8re du film PERDRIX en pr\u00e9sence de l\u2019\u00e9quipe du film le 21 juillet \u00e0 la MCL - Gerardmer Info\",\"isPartOf\":{\"@id\":\"https:\/\/vosgesinfo.fr\/gerardmerinfo\/#website\"},\"primaryImageOfPage\":{\"@id\":\"https:\/\/vosgesinfo.fr\/gerardmerinfo\/2019\/07\/premiere-film-perdrix-presence-de-lequipe-film-21-juillet-a-mcl\/#primaryimage\"},\"image\":{\"@id\":\"https:\/\/vosgesinfo.fr\/gerardmerinfo\/2019\/07\/premiere-film-perdrix-presence-de-lequipe-film-21-juillet-a-mcl\/#primaryimage\"},\"thumbnailUrl\":\"https:\/\/vosgesinfo.fr\/app\/uploads\/sites\/6\/2024\/07\/201906ap-perdrix-210719.jpg\",\"datePublished\":\"2019-07-15T20:58:28+00:00\",\"dateModified\":\"2019-07-15T20:58:28+00:00\",\"breadcrumb\":{\"@id\":\"https:\/\/vosgesinfo.fr\/gerardmerinfo\/2019\/07\/premiere-film-perdrix-presence-de-lequipe-film-21-juillet-a-mcl\/#breadcrumb\"},\"inLanguage\":\"fr-FR\",\"potentialAction\":[{\"@type\":\"ReadAction\",\"target\":[\"https:\/\/vosgesinfo.fr\/gerardmerinfo\/2019\/07\/premiere-film-perdrix-presence-de-lequipe-film-21-juillet-a-mcl\/\"]}]},{\"@type\":\"ImageObject\",\"inLanguage\":\"fr-FR\",\"@id\":\"https:\/\/vosgesinfo.fr\/gerardmerinfo\/2019\/07\/premiere-film-perdrix-presence-de-lequipe-film-21-juillet-a-mcl\/#primaryimage\",\"url\":\"https:\/\/vosgesinfo.fr\/app\/uploads\/sites\/6\/2024\/07\/201906ap-perdrix-210719.jpg\",\"contentUrl\":\"https:\/\/vosgesinfo.fr\/app\/uploads\/sites\/6\/2024\/07\/201906ap-perdrix-210719.jpg\",\"width\":566,\"height\":800},{\"@type\":\"BreadcrumbList\",\"@id\":\"https:\/\/vosgesinfo.fr\/gerardmerinfo\/2019\/07\/premiere-film-perdrix-presence-de-lequipe-film-21-juillet-a-mcl\/#breadcrumb\",\"itemListElement\":[{\"@type\":\"ListItem\",\"position\":1,\"name\":\"Home\",\"item\":\"https:\/\/vosgesinfo.fr\/gerardmerinfo\/\"},{\"@type\":\"ListItem\",\"position\":2,\"name\":\"Avant-premi\u00e8re du film PERDRIX en pr\u00e9sence de l\u2019\u00e9quipe du film le 21 juillet \u00e0 la MCL\"}]},{\"@type\":\"WebSite\",\"@id\":\"https:\/\/vosgesinfo.fr\/gerardmerinfo\/#website\",\"url\":\"https:\/\/vosgesinfo.fr\/gerardmerinfo\/\",\"name\":\"Gerardmer Info\",\"description\":\"Toute l&#039;actualit\u00e9 de G\u00e9rardmer\",\"publisher\":{\"@id\":\"https:\/\/vosgesinfo.fr\/gerardmerinfo\/#organization\"},\"alternateName\":\"Toute l'actualit\u00e9 de G\u00e9rardmer\",\"potentialAction\":[{\"@type\":\"SearchAction\",\"target\":{\"@type\":\"EntryPoint\",\"urlTemplate\":\"https:\/\/vosgesinfo.fr\/gerardmerinfo\/?s={search_term_string}\"},\"query-input\":\"required name=search_term_string\"}],\"inLanguage\":\"fr-FR\"},{\"@type\":\"Organization\",\"@id\":\"https:\/\/vosgesinfo.fr\/gerardmerinfo\/#organization\",\"name\":\"Gerardmer Info\",\"url\":\"https:\/\/vosgesinfo.fr\/gerardmerinfo\/\",\"logo\":{\"@type\":\"ImageObject\",\"inLanguage\":\"fr-FR\",\"@id\":\"https:\/\/vosgesinfo.fr\/gerardmerinfo\/#\/schema\/logo\/image\/\",\"url\":\"https:\/\/vosgesinfo.fr\/app\/uploads\/sites\/6\/2023\/08\/favicon-gerardmerinfo.png\",\"contentUrl\":\"https:\/\/vosgesinfo.fr\/app\/uploads\/sites\/6\/2023\/08\/favicon-gerardmerinfo.png\",\"width\":512,\"height\":512,\"caption\":\"Gerardmer Info\"},\"image\":{\"@id\":\"https:\/\/vosgesinfo.fr\/gerardmerinfo\/#\/schema\/logo\/image\/\"},\"sameAs\":[\"https:\/\/www.facebook.com\/profile.php?id=100049475262660\",\"https:\/\/x.com\/VosgesInfo88\",\"https:\/\/www.youtube.com\/@vosgesinfo\"]},{\"@type\":\"Person\",\"@id\":\"https:\/\/vosgesinfo.fr\/gerardmerinfo\/#\/schema\/person\/bc5d02d71e6932e81b6dadb7386667b1\",\"name\":\"qs_admin\",\"image\":{\"@type\":\"ImageObject\",\"inLanguage\":\"fr-FR\",\"@id\":\"https:\/\/vosgesinfo.fr\/gerardmerinfo\/#\/schema\/person\/image\/\",\"url\":\"https:\/\/secure.gravatar.com\/avatar\/94b18ee0ed79e4a42ea2f2931277b6841a8999fc6fde214600c78057cf1fe1de?s=96&d=mm&r=g\",\"contentUrl\":\"https:\/\/secure.gravatar.com\/avatar\/94b18ee0ed79e4a42ea2f2931277b6841a8999fc6fde214600c78057cf1fe1de?s=96&d=mm&r=g\",\"caption\":\"qs_admin\"},\"sameAs\":[\"https:\/\/vosgesinfo.fr\/wp\"],\"url\":\"https:\/\/vosgesinfo.fr\/gerardmerinfo\/author\/qs_admin\/\"}]}<\/script>\n<!-- \/ Yoast SEO plugin. -->","yoast_head_json":{"title":"Avant-premi\u00e8re du film PERDRIX en pr\u00e9sence de l\u2019\u00e9quipe du film le 21 juillet \u00e0 la MCL - Gerardmer Info","robots":{"index":"index","follow":"follow","max-snippet":"max-snippet:-1","max-image-preview":"max-image-preview:large","max-video-preview":"max-video-preview:-1"},"canonical":"https:\/\/vosgesinfo.fr\/gerardmerinfo\/2019\/07\/premiere-film-perdrix-presence-de-lequipe-film-21-juillet-a-mcl\/","twitter_card":"summary_large_image","twitter_title":"Avant-premi\u00e8re du film PERDRIX en pr\u00e9sence de l\u2019\u00e9quipe du film le 21 juillet \u00e0 la MCL - Gerardmer Info","twitter_description":"Avant-premi\u00e8re du film PERDRIX en pr\u00e9sence de l\u2019\u00e9quipe du film le dimanche 21 juillet \u00e0 20h30 \u00e0 la MCL de [&hellip;]","twitter_image":"https:\/\/vosgesinfo.fr\/app\/uploads\/sites\/6\/2024\/07\/201906ap-perdrix-210719.jpg","twitter_creator":"@VosgesInfo88","twitter_site":"@VosgesInfo88","twitter_misc":{"\u00c9crit par":"qs_admin","Dur\u00e9e de lecture estim\u00e9e":"1 minute"},"schema":{"@context":"https:\/\/schema.org","@graph":[{"@type":"Article","@id":"https:\/\/vosgesinfo.fr\/gerardmerinfo\/2019\/07\/premiere-film-perdrix-presence-de-lequipe-film-21-juillet-a-mcl\/#article","isPartOf":{"@id":"https:\/\/vosgesinfo.fr\/gerardmerinfo\/2019\/07\/premiere-film-perdrix-presence-de-lequipe-film-21-juillet-a-mcl\/"},"author":{"name":"qs_admin","@id":"https:\/\/vosgesinfo.fr\/gerardmerinfo\/#\/schema\/person\/bc5d02d71e6932e81b6dadb7386667b1"},"headline":"Avant-premi\u00e8re du film PERDRIX en pr\u00e9sence de l\u2019\u00e9quipe du film le 21 juillet \u00e0 la MCL","datePublished":"2019-07-15T20:58:28+00:00","dateModified":"2019-07-15T20:58:28+00:00","mainEntityOfPage":{"@id":"https:\/\/vosgesinfo.fr\/gerardmerinfo\/2019\/07\/premiere-film-perdrix-presence-de-lequipe-film-21-juillet-a-mcl\/"},"wordCount":157,"commentCount":0,"publisher":{"@id":"https:\/\/vosgesinfo.fr\/gerardmerinfo\/#organization"},"image":{"@id":"https:\/\/vosgesinfo.fr\/gerardmerinfo\/2019\/07\/premiere-film-perdrix-presence-de-lequipe-film-21-juillet-a-mcl\/#primaryimage"},"thumbnailUrl":"https:\/\/vosgesinfo.fr\/app\/uploads\/sites\/6\/2024\/07\/201906ap-perdrix-210719.jpg","keywords":["MCL G\u00e9rardmer","Perdrix"],"articleSection":["A la une","Culture","G\u00e9rardmer"],"inLanguage":"fr-FR","potentialAction":[{"@type":"CommentAction","name":"Comment","target":["https:\/\/vosgesinfo.fr\/gerardmerinfo\/2019\/07\/premiere-film-perdrix-presence-de-lequipe-film-21-juillet-a-mcl\/#respond"]}]},{"@type":"WebPage","@id":"https:\/\/vosgesinfo.fr\/gerardmerinfo\/2019\/07\/premiere-film-perdrix-presence-de-lequipe-film-21-juillet-a-mcl\/","url":"https:\/\/vosgesinfo.fr\/gerardmerinfo\/2019\/07\/premiere-film-perdrix-presence-de-lequipe-film-21-juillet-a-mcl\/","name":"Avant-premi\u00e8re du film PERDRIX en pr\u00e9sence de l\u2019\u00e9quipe du film le 21 juillet \u00e0 la MCL - Gerardmer Info","isPartOf":{"@id":"https:\/\/vosgesinfo.fr\/gerardmerinfo\/#website"},"primaryImageOfPage":{"@id":"https:\/\/vosgesinfo.fr\/gerardmerinfo\/2019\/07\/premiere-film-perdrix-presence-de-lequipe-film-21-juillet-a-mcl\/#primaryimage"},"image":{"@id":"https:\/\/vosgesinfo.fr\/gerardmerinfo\/2019\/07\/premiere-film-perdrix-presence-de-lequipe-film-21-juillet-a-mcl\/#primaryimage"},"thumbnailUrl":"https:\/\/vosgesinfo.fr\/app\/uploads\/sites\/6\/2024\/07\/201906ap-perdrix-210719.jpg","datePublished":"2019-07-15T20:58:28+00:00","dateModified":"2019-07-15T20:58:28+00:00","breadcrumb":{"@id":"https:\/\/vosgesinfo.fr\/gerardmerinfo\/2019\/07\/premiere-film-perdrix-presence-de-lequipe-film-21-juillet-a-mcl\/#breadcrumb"},"inLanguage":"fr-FR","potentialAction":[{"@type":"ReadAction","target":["https:\/\/vosgesinfo.fr\/gerardmerinfo\/2019\/07\/premiere-film-perdrix-presence-de-lequipe-film-21-juillet-a-mcl\/"]}]},{"@type":"ImageObject","inLanguage":"fr-FR","@id":"https:\/\/vosgesinfo.fr\/gerardmerinfo\/2019\/07\/premiere-film-perdrix-presence-de-lequipe-film-21-juillet-a-mcl\/#primaryimage","url":"https:\/\/vosgesinfo.fr\/app\/uploads\/sites\/6\/2024\/07\/201906ap-perdrix-210719.jpg","contentUrl":"https:\/\/vosgesinfo.fr\/app\/uploads\/sites\/6\/2024\/07\/201906ap-perdrix-210719.jpg","width":566,"height":800},{"@type":"BreadcrumbList","@id":"https:\/\/vosgesinfo.fr\/gerardmerinfo\/2019\/07\/premiere-film-perdrix-presence-de-lequipe-film-21-juillet-a-mcl\/#breadcrumb","itemListElement":[{"@type":"ListItem","position":1,"name":"Home","item":"https:\/\/vosgesinfo.fr\/gerardmerinfo\/"},{"@type":"ListItem","position":2,"name":"Avant-premi\u00e8re du film PERDRIX en pr\u00e9sence de l\u2019\u00e9quipe du film le 21 juillet \u00e0 la MCL"}]},{"@type":"WebSite","@id":"https:\/\/vosgesinfo.fr\/gerardmerinfo\/#website","url":"https:\/\/vosgesinfo.fr\/gerardmerinfo\/","name":"Gerardmer Info","description":"Toute l&#039;actualit\u00e9 de G\u00e9rardmer","publisher":{"@id":"https:\/\/vosgesinfo.fr\/gerardmerinfo\/#organization"},"alternateName":"Toute l'actualit\u00e9 de G\u00e9rardmer","potentialAction":[{"@type":"SearchAction","target":{"@type":"EntryPoint","urlTemplate":"https:\/\/vosgesinfo.fr\/gerardmerinfo\/?s={search_term_string}"},"query-input":"required name=search_term_string"}],"inLanguage":"fr-FR"},{"@type":"Organization","@id":"https:\/\/vosgesinfo.fr\/gerardmerinfo\/#organization","name":"Gerardmer Info","url":"https:\/\/vosgesinfo.fr\/gerardmerinfo\/","logo":{"@type":"ImageObject","inLanguage":"fr-FR","@id":"https:\/\/vosgesinfo.fr\/gerardmerinfo\/#\/schema\/logo\/image\/","url":"https:\/\/vosgesinfo.fr\/app\/uploads\/sites\/6\/2023\/08\/favicon-gerardmerinfo.png","contentUrl":"https:\/\/vosgesinfo.fr\/app\/uploads\/sites\/6\/2023\/08\/favicon-gerardmerinfo.png","width":512,"height":512,"caption":"Gerardmer Info"},"image":{"@id":"https:\/\/vosgesinfo.fr\/gerardmerinfo\/#\/schema\/logo\/image\/"},"sameAs":["https:\/\/www.facebook.com\/profile.php?id=100049475262660","https:\/\/x.com\/VosgesInfo88","https:\/\/www.youtube.com\/@vosgesinfo"]},{"@type":"Person","@id":"https:\/\/vosgesinfo.fr\/gerardmerinfo\/#\/schema\/person\/bc5d02d71e6932e81b6dadb7386667b1","name":"qs_admin","image":{"@type":"ImageObject","inLanguage":"fr-FR","@id":"https:\/\/vosgesinfo.fr\/gerardmerinfo\/#\/schema\/person\/image\/","url":"https:\/\/secure.gravatar.com\/avatar\/94b18ee0ed79e4a42ea2f2931277b6841a8999fc6fde214600c78057cf1fe1de?s=96&d=mm&r=g","contentUrl":"https:\/\/secure.gravatar.com\/avatar\/94b18ee0ed79e4a42ea2f2931277b6841a8999fc6fde214600c78057cf1fe1de?s=96&d=mm&r=g","caption":"qs_admin"},"sameAs":["https:\/\/vosgesinfo.fr\/wp"],"url":"https:\/\/vosgesinfo.fr\/gerardmerinfo\/author\/qs_admin\/"}]}},"_links":{"self":[{"href":"https:\/\/vosgesinfo.fr\/gerardmerinfo\/wp-json\/wp\/v2\/posts\/42205","targetHints":{"allow":["GET"]}}],"collection":[{"href":"https:\/\/vosgesinfo.fr\/gerardmerinfo\/wp-json\/wp\/v2\/posts"}],"about":[{"href":"https:\/\/vosgesinfo.fr\/gerardmerinfo\/wp-json\/wp\/v2\/types\/post"}],"author":[{"embeddable":true,"href":"https:\/\/vosgesinfo.fr\/gerardmerinfo\/wp-json\/wp\/v2\/users\/1"}],"replies":[{"embeddable":true,"href":"https:\/\/vosgesinfo.fr\/gerardmerinfo\/wp-json\/wp\/v2\/comments?post=42205"}],"version-history":[{"count":0,"href":"https:\/\/vosgesinfo.fr\/gerardmerinfo\/wp-json\/wp\/v2\/posts\/42205\/revisions"}],"wp:featuredmedia":[{"embeddable":true,"href":"https:\/\/vosgesinfo.fr\/gerardmerinfo\/wp-json\/wp\/v2\/media\/42206"}],"wp:attachment":[{"href":"https:\/\/vosgesinfo.fr\/gerardmerinfo\/wp-json\/wp\/v2\/media?parent=42205"}],"wp:term":[{"taxonomy":"category","embeddable":true,"href":"https:\/\/vosgesinfo.fr\/gerardmerinfo\/wp-json\/wp\/v2\/categories?post=42205"},{"taxonomy":"post_tag","embeddable":true,"href":"https:\/\/vosgesinfo.fr\/gerardmerinfo\/wp-json\/wp\/v2\/tags?post=42205"}],"curies":[{"name":"wp","href":"https:\/\/api.w.org\/{rel}","templated":true}]}}