{"id":42301,"date":"2019-06-16T21:23:39","date_gmt":"2019-06-16T19:23:39","guid":{"rendered":"https:\/\/vosgesinfo.fr\/gerardmerinfo\/2019\/06\/350-km-a-pieds-ca-use-les-souliers\/"},"modified":"2019-06-16T21:23:39","modified_gmt":"2019-06-16T19:23:39","slug":"350-km-a-pieds-ca-use-les-souliers","status":"publish","type":"post","link":"https:\/\/vosgesinfo.fr\/gerardmerinfo\/2019\/06\/350-km-a-pieds-ca-use-les-souliers\/","title":{"rendered":"350 km \u00e0 pieds, \u00e7a use les souliers !"},"content":{"rendered":"<div id=\"attachment_148503\" style=\"width: 810px\" class=\"wp-caption aligncenter\"><a href=\"\/2019\/06\/belges-marche-coccinelle-1.jpg\"><img decoding=\"async\" aria-describedby=\"caption-attachment-148503\" class=\"wp-image-148503 size-full\" src=\"\/2019\/06\/belges-marche-coccinelle-1.jpg\" alt=\"belges marche coccinelle (1)\" width=\"800\" height=\"600\" \/><\/a><p id=\"caption-attachment-148503\" class=\"wp-caption-text\">Alain &amp; Michel Accueillis par Isabelle et sa s\u0153ur au bord du lac de G\u00e9rardmer.<\/p><\/div>\n<h3>Partir \u00e0 pieds jusqu&rsquo;\u00e0 G\u00e9rardmer, cela faisait d\u00e9j\u00e0 plusieurs ann\u00e9es que l&rsquo;id\u00e9e trottait dans la t\u00eate de Michel Durlet, il \u00e9tait donc temps de passer \u00e0 l&rsquo;action !<\/h3>\n<p>En effet, habitu\u00e9s \u00e0 venir passer du bon temps \u00e0 G\u00e9rardmer, Michel et son \u00e9pouse Isabelle qui r\u00e9sident \u00e0 Chimay ont d\u00e9j\u00e0 fait le trajet en voiture, en moto ou encore en v\u00e9lo. Il ne manquait plus que la marche au palmar\u00e8s comme on dit ! Mais pour cette nouvelle aventure, Michel (65 ans) a d\u00e9cid\u00e9 d\u2019entra\u00eener avec lui son vieux pote Alain Thiry (62 ans), un petit peu moins habitu\u00e9 aux aussi longues distances ou m\u00eame aux triathlons comme son comp\u00e8re a pu l&rsquo;\u00eatre. Qu&rsquo;importe, le tandem a commenc\u00e9 \u00e0 s&rsquo;entra\u00eener en septembre dernier et apr\u00e8s avoir \u00e9tudi\u00e9 puis d\u00e9termin\u00e9 le parcours le plus judicieux, place au grand d\u00e9part le jeudi 6 juin.<\/p>\n<p><a href=\"\/2019\/06\/belges-marche-coccinelle-2.jpg\"><img decoding=\"async\" class=\"alignright size-medium wp-image-148502\" src=\"\/2019\/06\/belges-marche-coccinelle-2-340x255.jpg\" alt=\"belges marche coccinelle (2)\" width=\"340\" height=\"255\" \/><\/a>Parti en totale autonomie, le duo envisageait de faire pr\u00e8s de 45 km par jour, sachant que la distance totale du p\u00e9riple \u00e9tait estim\u00e9e \u00e0 environ 340-350 km, le tout agr\u00e9ment\u00e9 de 5000m de d\u00e9nivel\u00e9. Mais la m\u00e9t\u00e9o particuli\u00e8rement fluctuante les a contraint \u00e0 revoir leurs ambitions l\u00e9g\u00e8rement \u00e0 la baisse, sans oublier l&rsquo;absence de chemins de halage le long de la Meuse qui les a oblig\u00e9 \u00e0 rebrousser chemin \u00e0 un moment de leur p\u00e9riple. De plus, certains repas avaient quelque chose de frugal dirons-nous, l&rsquo;absence de tout commerce dans certains villages travers\u00e9s contraignant les deux marcheurs \u00e0 se contenter de barres \u00e9nerg\u00e9tiques&#8230; Heureusement, ils ont fait quelques belles rencontres et ont \u00e9t\u00e9 plut\u00f4t bien accueillis par les autochtones chez qui ils ont \u00e9t\u00e9 chercher de l&rsquo;eau, partageant parfois avec eux un petit casse-cro\u00fbte !<\/p>\n<p>Par ailleurs, cette marche rev\u00eatait un caract\u00e8re solidaire : Michel et Alain avaient \u00e9galement pour objectif de r\u00e9colter des fonds via une page Facebook et un compte bancaire en faveur d&rsquo;une institution sociale de Chimay qui accueille et accompagne des enfants handicap\u00e9s. Des marcheurs au grand c\u0153ur en somme, qui \u00e9taient heureux de retrouver leurs amis G\u00e9r\u00f4mois (et pour Michel son \u00e9pouse) en arrivant au bord du lac samedi apr\u00e8s-midi vers 15 h 30, en plein trail et en plein rallye. Et apr\u00e8s l&rsquo;effort, le r\u00e9confort, parce qu&rsquo;il faut pr\u00e9ciser que, depuis jeudi, pas de Chimay pour Alain et Michel qui ont donc probablement bien savour\u00e9 leur premi\u00e8re bi\u00e8re !<\/p>\n","protected":false},"excerpt":{"rendered":"<p>Partir \u00e0 pieds jusqu&rsquo;\u00e0 G\u00e9rardmer, cela faisait d\u00e9j\u00e0 plusieurs ann\u00e9es que l&rsquo;id\u00e9e trottait dans la t\u00eate de Michel Durlet, il [&hellip;]<\/p>\n","protected":false},"author":42,"featured_media":42302,"comment_status":"open","ping_status":"open","sticky":false,"template":"","format":"standard","meta":{"footnotes":""},"categories":[20,25,18],"tags":[4153],"class_list":["post-42301","post","type-post","status-publish","format-standard","has-post-thumbnail","hentry","category-a-la-une","category-gerardmer","category-vosges","tag-chimay"],"acf":[],"yoast_head":"<!-- This site is optimized with the Yoast SEO plugin v22.5 - https:\/\/yoast.com\/wordpress\/plugins\/seo\/ -->\n<title>350 km \u00e0 pieds, \u00e7a use les souliers ! - Gerardmer Info<\/title>\n<meta name=\"robots\" content=\"index, follow, max-snippet:-1, max-image-preview:large, max-video-preview:-1\" \/>\n<link rel=\"canonical\" href=\"https:\/\/vosgesinfo.fr\/gerardmerinfo\/2019\/06\/350-km-a-pieds-ca-use-les-souliers\/\" \/>\n<meta name=\"twitter:card\" content=\"summary_large_image\" \/>\n<meta name=\"twitter:title\" content=\"350 km \u00e0 pieds, \u00e7a use les souliers ! - Gerardmer Info\" \/>\n<meta name=\"twitter:description\" content=\"Partir \u00e0 pieds jusqu&rsquo;\u00e0 G\u00e9rardmer, cela faisait d\u00e9j\u00e0 plusieurs ann\u00e9es que l&rsquo;id\u00e9e trottait dans la t\u00eate de Michel Durlet, il [&hellip;]\" \/>\n<meta name=\"twitter:image\" content=\"https:\/\/vosgesinfo.fr\/app\/uploads\/sites\/6\/2024\/07\/201906belges-marche-coccinelle-1.jpg\" \/>\n<meta name=\"twitter:creator\" content=\"@VosgesInfo88\" \/>\n<meta name=\"twitter:site\" content=\"@VosgesInfo88\" \/>\n<meta name=\"twitter:label1\" content=\"\u00c9crit par\" \/>\n\t<meta name=\"twitter:data1\" content=\"QG\" \/>\n\t<meta name=\"twitter:label2\" content=\"Dur\u00e9e de lecture estim\u00e9e\" \/>\n\t<meta name=\"twitter:data2\" content=\"2 minutes\" \/>\n<script type=\"application\/ld+json\" class=\"yoast-schema-graph\">{\"@context\":\"https:\/\/schema.org\",\"@graph\":[{\"@type\":\"Article\",\"@id\":\"https:\/\/vosgesinfo.fr\/gerardmerinfo\/2019\/06\/350-km-a-pieds-ca-use-les-souliers\/#article\",\"isPartOf\":{\"@id\":\"https:\/\/vosgesinfo.fr\/gerardmerinfo\/2019\/06\/350-km-a-pieds-ca-use-les-souliers\/\"},\"author\":{\"name\":\"QG\",\"@id\":\"https:\/\/vosgesinfo.fr\/gerardmerinfo\/#\/schema\/person\/db5605779a843dad16b5368f3e7613a5\"},\"headline\":\"350 km \u00e0 pieds, \u00e7a use les souliers !\",\"datePublished\":\"2019-06-16T19:23:39+00:00\",\"dateModified\":\"2019-06-16T19:23:39+00:00\",\"mainEntityOfPage\":{\"@id\":\"https:\/\/vosgesinfo.fr\/gerardmerinfo\/2019\/06\/350-km-a-pieds-ca-use-les-souliers\/\"},\"wordCount\":454,\"commentCount\":0,\"publisher\":{\"@id\":\"https:\/\/vosgesinfo.fr\/gerardmerinfo\/#organization\"},\"image\":{\"@id\":\"https:\/\/vosgesinfo.fr\/gerardmerinfo\/2019\/06\/350-km-a-pieds-ca-use-les-souliers\/#primaryimage\"},\"thumbnailUrl\":\"https:\/\/vosgesinfo.fr\/app\/uploads\/sites\/6\/2024\/07\/201906belges-marche-coccinelle-1.jpg\",\"keywords\":[\"Chimay\"],\"articleSection\":[\"A la une\",\"G\u00e9rardmer\",\"Vosges\"],\"inLanguage\":\"fr-FR\",\"potentialAction\":[{\"@type\":\"CommentAction\",\"name\":\"Comment\",\"target\":[\"https:\/\/vosgesinfo.fr\/gerardmerinfo\/2019\/06\/350-km-a-pieds-ca-use-les-souliers\/#respond\"]}]},{\"@type\":\"WebPage\",\"@id\":\"https:\/\/vosgesinfo.fr\/gerardmerinfo\/2019\/06\/350-km-a-pieds-ca-use-les-souliers\/\",\"url\":\"https:\/\/vosgesinfo.fr\/gerardmerinfo\/2019\/06\/350-km-a-pieds-ca-use-les-souliers\/\",\"name\":\"350 km \u00e0 pieds, \u00e7a use les souliers ! - Gerardmer Info\",\"isPartOf\":{\"@id\":\"https:\/\/vosgesinfo.fr\/gerardmerinfo\/#website\"},\"primaryImageOfPage\":{\"@id\":\"https:\/\/vosgesinfo.fr\/gerardmerinfo\/2019\/06\/350-km-a-pieds-ca-use-les-souliers\/#primaryimage\"},\"image\":{\"@id\":\"https:\/\/vosgesinfo.fr\/gerardmerinfo\/2019\/06\/350-km-a-pieds-ca-use-les-souliers\/#primaryimage\"},\"thumbnailUrl\":\"https:\/\/vosgesinfo.fr\/app\/uploads\/sites\/6\/2024\/07\/201906belges-marche-coccinelle-1.jpg\",\"datePublished\":\"2019-06-16T19:23:39+00:00\",\"dateModified\":\"2019-06-16T19:23:39+00:00\",\"breadcrumb\":{\"@id\":\"https:\/\/vosgesinfo.fr\/gerardmerinfo\/2019\/06\/350-km-a-pieds-ca-use-les-souliers\/#breadcrumb\"},\"inLanguage\":\"fr-FR\",\"potentialAction\":[{\"@type\":\"ReadAction\",\"target\":[\"https:\/\/vosgesinfo.fr\/gerardmerinfo\/2019\/06\/350-km-a-pieds-ca-use-les-souliers\/\"]}]},{\"@type\":\"ImageObject\",\"inLanguage\":\"fr-FR\",\"@id\":\"https:\/\/vosgesinfo.fr\/gerardmerinfo\/2019\/06\/350-km-a-pieds-ca-use-les-souliers\/#primaryimage\",\"url\":\"https:\/\/vosgesinfo.fr\/app\/uploads\/sites\/6\/2024\/07\/201906belges-marche-coccinelle-1.jpg\",\"contentUrl\":\"https:\/\/vosgesinfo.fr\/app\/uploads\/sites\/6\/2024\/07\/201906belges-marche-coccinelle-1.jpg\",\"width\":800,\"height\":600},{\"@type\":\"BreadcrumbList\",\"@id\":\"https:\/\/vosgesinfo.fr\/gerardmerinfo\/2019\/06\/350-km-a-pieds-ca-use-les-souliers\/#breadcrumb\",\"itemListElement\":[{\"@type\":\"ListItem\",\"position\":1,\"name\":\"Home\",\"item\":\"https:\/\/vosgesinfo.fr\/gerardmerinfo\/\"},{\"@type\":\"ListItem\",\"position\":2,\"name\":\"350 km \u00e0 pieds, \u00e7a use les souliers !\"}]},{\"@type\":\"WebSite\",\"@id\":\"https:\/\/vosgesinfo.fr\/gerardmerinfo\/#website\",\"url\":\"https:\/\/vosgesinfo.fr\/gerardmerinfo\/\",\"name\":\"Gerardmer Info\",\"description\":\"Toute l&#039;actualit\u00e9 de G\u00e9rardmer\",\"publisher\":{\"@id\":\"https:\/\/vosgesinfo.fr\/gerardmerinfo\/#organization\"},\"alternateName\":\"Toute l'actualit\u00e9 de G\u00e9rardmer\",\"potentialAction\":[{\"@type\":\"SearchAction\",\"target\":{\"@type\":\"EntryPoint\",\"urlTemplate\":\"https:\/\/vosgesinfo.fr\/gerardmerinfo\/?s={search_term_string}\"},\"query-input\":\"required name=search_term_string\"}],\"inLanguage\":\"fr-FR\"},{\"@type\":\"Organization\",\"@id\":\"https:\/\/vosgesinfo.fr\/gerardmerinfo\/#organization\",\"name\":\"Gerardmer Info\",\"url\":\"https:\/\/vosgesinfo.fr\/gerardmerinfo\/\",\"logo\":{\"@type\":\"ImageObject\",\"inLanguage\":\"fr-FR\",\"@id\":\"https:\/\/vosgesinfo.fr\/gerardmerinfo\/#\/schema\/logo\/image\/\",\"url\":\"https:\/\/vosgesinfo.fr\/app\/uploads\/sites\/6\/2023\/08\/favicon-gerardmerinfo.png\",\"contentUrl\":\"https:\/\/vosgesinfo.fr\/app\/uploads\/sites\/6\/2023\/08\/favicon-gerardmerinfo.png\",\"width\":512,\"height\":512,\"caption\":\"Gerardmer Info\"},\"image\":{\"@id\":\"https:\/\/vosgesinfo.fr\/gerardmerinfo\/#\/schema\/logo\/image\/\"},\"sameAs\":[\"https:\/\/www.facebook.com\/profile.php?id=100049475262660\",\"https:\/\/x.com\/VosgesInfo88\",\"https:\/\/www.youtube.com\/@vosgesinfo\"]},{\"@type\":\"Person\",\"@id\":\"https:\/\/vosgesinfo.fr\/gerardmerinfo\/#\/schema\/person\/db5605779a843dad16b5368f3e7613a5\",\"name\":\"QG\",\"image\":{\"@type\":\"ImageObject\",\"inLanguage\":\"fr-FR\",\"@id\":\"https:\/\/vosgesinfo.fr\/gerardmerinfo\/#\/schema\/person\/image\/\",\"url\":\"https:\/\/secure.gravatar.com\/avatar\/ea80c42c204b534408512832fde52504ecabb9706bcb6151cf6175e5b64e6793?s=96&d=mm&r=g\",\"contentUrl\":\"https:\/\/secure.gravatar.com\/avatar\/ea80c42c204b534408512832fde52504ecabb9706bcb6151cf6175e5b64e6793?s=96&d=mm&r=g\",\"caption\":\"QG\"},\"url\":\"https:\/\/vosgesinfo.fr\/gerardmerinfo\/author\/quentin88\/\"}]}<\/script>\n<!-- \/ Yoast SEO plugin. -->","yoast_head_json":{"title":"350 km \u00e0 pieds, \u00e7a use les souliers ! - Gerardmer Info","robots":{"index":"index","follow":"follow","max-snippet":"max-snippet:-1","max-image-preview":"max-image-preview:large","max-video-preview":"max-video-preview:-1"},"canonical":"https:\/\/vosgesinfo.fr\/gerardmerinfo\/2019\/06\/350-km-a-pieds-ca-use-les-souliers\/","twitter_card":"summary_large_image","twitter_title":"350 km \u00e0 pieds, \u00e7a use les souliers ! - Gerardmer Info","twitter_description":"Partir \u00e0 pieds jusqu&rsquo;\u00e0 G\u00e9rardmer, cela faisait d\u00e9j\u00e0 plusieurs ann\u00e9es que l&rsquo;id\u00e9e trottait dans la t\u00eate de Michel Durlet, il [&hellip;]","twitter_image":"https:\/\/vosgesinfo.fr\/app\/uploads\/sites\/6\/2024\/07\/201906belges-marche-coccinelle-1.jpg","twitter_creator":"@VosgesInfo88","twitter_site":"@VosgesInfo88","twitter_misc":{"\u00c9crit par":"QG","Dur\u00e9e de lecture estim\u00e9e":"2 minutes"},"schema":{"@context":"https:\/\/schema.org","@graph":[{"@type":"Article","@id":"https:\/\/vosgesinfo.fr\/gerardmerinfo\/2019\/06\/350-km-a-pieds-ca-use-les-souliers\/#article","isPartOf":{"@id":"https:\/\/vosgesinfo.fr\/gerardmerinfo\/2019\/06\/350-km-a-pieds-ca-use-les-souliers\/"},"author":{"name":"QG","@id":"https:\/\/vosgesinfo.fr\/gerardmerinfo\/#\/schema\/person\/db5605779a843dad16b5368f3e7613a5"},"headline":"350 km \u00e0 pieds, \u00e7a use les souliers !","datePublished":"2019-06-16T19:23:39+00:00","dateModified":"2019-06-16T19:23:39+00:00","mainEntityOfPage":{"@id":"https:\/\/vosgesinfo.fr\/gerardmerinfo\/2019\/06\/350-km-a-pieds-ca-use-les-souliers\/"},"wordCount":454,"commentCount":0,"publisher":{"@id":"https:\/\/vosgesinfo.fr\/gerardmerinfo\/#organization"},"image":{"@id":"https:\/\/vosgesinfo.fr\/gerardmerinfo\/2019\/06\/350-km-a-pieds-ca-use-les-souliers\/#primaryimage"},"thumbnailUrl":"https:\/\/vosgesinfo.fr\/app\/uploads\/sites\/6\/2024\/07\/201906belges-marche-coccinelle-1.jpg","keywords":["Chimay"],"articleSection":["A la une","G\u00e9rardmer","Vosges"],"inLanguage":"fr-FR","potentialAction":[{"@type":"CommentAction","name":"Comment","target":["https:\/\/vosgesinfo.fr\/gerardmerinfo\/2019\/06\/350-km-a-pieds-ca-use-les-souliers\/#respond"]}]},{"@type":"WebPage","@id":"https:\/\/vosgesinfo.fr\/gerardmerinfo\/2019\/06\/350-km-a-pieds-ca-use-les-souliers\/","url":"https:\/\/vosgesinfo.fr\/gerardmerinfo\/2019\/06\/350-km-a-pieds-ca-use-les-souliers\/","name":"350 km \u00e0 pieds, \u00e7a use les souliers ! - Gerardmer Info","isPartOf":{"@id":"https:\/\/vosgesinfo.fr\/gerardmerinfo\/#website"},"primaryImageOfPage":{"@id":"https:\/\/vosgesinfo.fr\/gerardmerinfo\/2019\/06\/350-km-a-pieds-ca-use-les-souliers\/#primaryimage"},"image":{"@id":"https:\/\/vosgesinfo.fr\/gerardmerinfo\/2019\/06\/350-km-a-pieds-ca-use-les-souliers\/#primaryimage"},"thumbnailUrl":"https:\/\/vosgesinfo.fr\/app\/uploads\/sites\/6\/2024\/07\/201906belges-marche-coccinelle-1.jpg","datePublished":"2019-06-16T19:23:39+00:00","dateModified":"2019-06-16T19:23:39+00:00","breadcrumb":{"@id":"https:\/\/vosgesinfo.fr\/gerardmerinfo\/2019\/06\/350-km-a-pieds-ca-use-les-souliers\/#breadcrumb"},"inLanguage":"fr-FR","potentialAction":[{"@type":"ReadAction","target":["https:\/\/vosgesinfo.fr\/gerardmerinfo\/2019\/06\/350-km-a-pieds-ca-use-les-souliers\/"]}]},{"@type":"ImageObject","inLanguage":"fr-FR","@id":"https:\/\/vosgesinfo.fr\/gerardmerinfo\/2019\/06\/350-km-a-pieds-ca-use-les-souliers\/#primaryimage","url":"https:\/\/vosgesinfo.fr\/app\/uploads\/sites\/6\/2024\/07\/201906belges-marche-coccinelle-1.jpg","contentUrl":"https:\/\/vosgesinfo.fr\/app\/uploads\/sites\/6\/2024\/07\/201906belges-marche-coccinelle-1.jpg","width":800,"height":600},{"@type":"BreadcrumbList","@id":"https:\/\/vosgesinfo.fr\/gerardmerinfo\/2019\/06\/350-km-a-pieds-ca-use-les-souliers\/#breadcrumb","itemListElement":[{"@type":"ListItem","position":1,"name":"Home","item":"https:\/\/vosgesinfo.fr\/gerardmerinfo\/"},{"@type":"ListItem","position":2,"name":"350 km \u00e0 pieds, \u00e7a use les souliers !"}]},{"@type":"WebSite","@id":"https:\/\/vosgesinfo.fr\/gerardmerinfo\/#website","url":"https:\/\/vosgesinfo.fr\/gerardmerinfo\/","name":"Gerardmer Info","description":"Toute l&#039;actualit\u00e9 de G\u00e9rardmer","publisher":{"@id":"https:\/\/vosgesinfo.fr\/gerardmerinfo\/#organization"},"alternateName":"Toute l'actualit\u00e9 de G\u00e9rardmer","potentialAction":[{"@type":"SearchAction","target":{"@type":"EntryPoint","urlTemplate":"https:\/\/vosgesinfo.fr\/gerardmerinfo\/?s={search_term_string}"},"query-input":"required name=search_term_string"}],"inLanguage":"fr-FR"},{"@type":"Organization","@id":"https:\/\/vosgesinfo.fr\/gerardmerinfo\/#organization","name":"Gerardmer Info","url":"https:\/\/vosgesinfo.fr\/gerardmerinfo\/","logo":{"@type":"ImageObject","inLanguage":"fr-FR","@id":"https:\/\/vosgesinfo.fr\/gerardmerinfo\/#\/schema\/logo\/image\/","url":"https:\/\/vosgesinfo.fr\/app\/uploads\/sites\/6\/2023\/08\/favicon-gerardmerinfo.png","contentUrl":"https:\/\/vosgesinfo.fr\/app\/uploads\/sites\/6\/2023\/08\/favicon-gerardmerinfo.png","width":512,"height":512,"caption":"Gerardmer Info"},"image":{"@id":"https:\/\/vosgesinfo.fr\/gerardmerinfo\/#\/schema\/logo\/image\/"},"sameAs":["https:\/\/www.facebook.com\/profile.php?id=100049475262660","https:\/\/x.com\/VosgesInfo88","https:\/\/www.youtube.com\/@vosgesinfo"]},{"@type":"Person","@id":"https:\/\/vosgesinfo.fr\/gerardmerinfo\/#\/schema\/person\/db5605779a843dad16b5368f3e7613a5","name":"QG","image":{"@type":"ImageObject","inLanguage":"fr-FR","@id":"https:\/\/vosgesinfo.fr\/gerardmerinfo\/#\/schema\/person\/image\/","url":"https:\/\/secure.gravatar.com\/avatar\/ea80c42c204b534408512832fde52504ecabb9706bcb6151cf6175e5b64e6793?s=96&d=mm&r=g","contentUrl":"https:\/\/secure.gravatar.com\/avatar\/ea80c42c204b534408512832fde52504ecabb9706bcb6151cf6175e5b64e6793?s=96&d=mm&r=g","caption":"QG"},"url":"https:\/\/vosgesinfo.fr\/gerardmerinfo\/author\/quentin88\/"}]}},"_links":{"self":[{"href":"https:\/\/vosgesinfo.fr\/gerardmerinfo\/wp-json\/wp\/v2\/posts\/42301","targetHints":{"allow":["GET"]}}],"collection":[{"href":"https:\/\/vosgesinfo.fr\/gerardmerinfo\/wp-json\/wp\/v2\/posts"}],"about":[{"href":"https:\/\/vosgesinfo.fr\/gerardmerinfo\/wp-json\/wp\/v2\/types\/post"}],"author":[{"embeddable":true,"href":"https:\/\/vosgesinfo.fr\/gerardmerinfo\/wp-json\/wp\/v2\/users\/42"}],"replies":[{"embeddable":true,"href":"https:\/\/vosgesinfo.fr\/gerardmerinfo\/wp-json\/wp\/v2\/comments?post=42301"}],"version-history":[{"count":0,"href":"https:\/\/vosgesinfo.fr\/gerardmerinfo\/wp-json\/wp\/v2\/posts\/42301\/revisions"}],"wp:featuredmedia":[{"embeddable":true,"href":"https:\/\/vosgesinfo.fr\/gerardmerinfo\/wp-json\/wp\/v2\/media\/42302"}],"wp:attachment":[{"href":"https:\/\/vosgesinfo.fr\/gerardmerinfo\/wp-json\/wp\/v2\/media?parent=42301"}],"wp:term":[{"taxonomy":"category","embeddable":true,"href":"https:\/\/vosgesinfo.fr\/gerardmerinfo\/wp-json\/wp\/v2\/categories?post=42301"},{"taxonomy":"post_tag","embeddable":true,"href":"https:\/\/vosgesinfo.fr\/gerardmerinfo\/wp-json\/wp\/v2\/tags?post=42301"}],"curies":[{"name":"wp","href":"https:\/\/api.w.org\/{rel}","templated":true}]}}