{"id":42318,"date":"2019-06-16T16:12:06","date_gmt":"2019-06-16T14:12:06","guid":{"rendered":"https:\/\/vosgesinfo.fr\/gerardmerinfo\/2019\/06\/trail-de-vallee-lacs-on-finit-beaute\/"},"modified":"2019-06-16T16:12:06","modified_gmt":"2019-06-16T14:12:06","slug":"trail-de-vallee-lacs-on-finit-beaute","status":"publish","type":"post","link":"https:\/\/vosgesinfo.fr\/gerardmerinfo\/2019\/06\/trail-de-vallee-lacs-on-finit-beaute\/","title":{"rendered":"Trail de la Vall\u00e9e des Lacs : on finit en beaut\u00e9 !"},"content":{"rendered":"<div id=\"attachment_148542\" style=\"width: 810px\" class=\"wp-caption aligncenter\"><a href=\"\/2019\/06\/Guillaume-Dussard-2.jpg\"><img decoding=\"async\" aria-describedby=\"caption-attachment-148542\" class=\"size-full wp-image-148542\" src=\"\/2019\/06\/Guillaume-Dussard-2.jpg\" alt=\"Guillaume Dussard \" width=\"800\" height=\"600\" \/><\/a><p id=\"caption-attachment-148542\" class=\"wp-caption-text\">Guillaume Dussard<\/p><\/div>\n<h3>Cette nouvelle \u00e9dition du Trail de la Vall\u00e9e des Lacs sera presque pass\u00e9e au travers des gouttes et surtout elle s&rsquo;est finie en beaut\u00e9 ce dimanche matin avec l&rsquo;\u00e9preuve nationale accompagn\u00e9e des courses loisirs ouvertes \u00e0 toutes et \u00e0 tous !<\/h3>\n<div id=\"attachment_148546\" style=\"width: 350px\" class=\"wp-caption alignright\"><a href=\"\/2019\/06\/Maxime-Avenel-Trail-30-km.jpg\"><img decoding=\"async\" aria-describedby=\"caption-attachment-148546\" class=\"size-medium wp-image-148546\" src=\"\/2019\/06\/Maxime-Avenel-Trail-30-km-340x255.jpg\" alt=\"Maxime Avenel \" width=\"340\" height=\"255\" \/><\/a><p id=\"caption-attachment-148546\" class=\"wp-caption-text\">Maxime Avenel<\/p><\/div>\n<p>Pour le Trail Court 30 km, peu de suspense pour la premi\u00e8re place avec la course en solitaire du Vosgien, ex-cycliste reconverti, en la personne de Guillaume Dussard qui boucle l&rsquo;\u00e9preuve en 2 h 48 minutes. Ce dernier s&rsquo;est \u00e9chapp\u00e9 d\u00e8s les premiers m\u00e8tres de la mont\u00e9e initiale de Grouvelin et a continu\u00e9 \u00e0 creuser tranquillement l&rsquo;\u00e9cart jusqu&rsquo;\u00e0 la ligne d&rsquo;arriv\u00e9e qu&rsquo;il franchira avec quasiment 11 minutes d&rsquo;avance sur ses poursuivants, 2 potes de Villeneuve d&rsquo;Ascq. Maxime Avenel et Bastien Catoire ont en effet bien g\u00e9r\u00e9 leur course face \u00e0 certains adversaires qui, un peu comme la veille sur le 90 km, sont sans doute partis un peu vite et n&rsquo;ont pas r\u00e9ussi \u00e0 maintenir la cadence, \u00e0 l&rsquo;exception de l&rsquo;homme de t\u00eate. Ils finissent respectivement \u00e0 la 2\u00e8me et 3\u00e8me place du 30 km \u00e0 10 secondes d&rsquo;\u00e9cart l&rsquo;un de l&rsquo;autre, et manifestement ravis de leur performance du jour. Pour Dussard, on pourra presque parler de promenade de sant\u00e9, lui qui confiait avoir profit\u00e9 de la course \u00e0 fond, jusqu&rsquo;au bout : \u00ab\u00a0J&rsquo;ai pu discuter un peu avec des copains du 18 km, c&rsquo;\u00e9tait vraiment un super circuit, avec des tr\u00e8s bonnes conditions, ni trop chaud ni trop froid m\u00eame si c&rsquo;\u00e9tait un peu humide, \u00e7a me convenait parfaitement, c&rsquo;\u00e9tait parfait pour un trail vosgien !\u00a0\u00bb<\/p>\n<p><strong>C\u00f4me en solitaire sur le 18 km<\/strong><\/p>\n<div id=\"attachment_148543\" style=\"width: 350px\" class=\"wp-caption alignleft\"><a href=\"\/2019\/06\/Mathieu-P\u00e9ch\u00e9-Alexis-C\u00f4me-trail-vall\u00e9e-des-lacs-18-km.jpg\"><img decoding=\"async\" aria-describedby=\"caption-attachment-148543\" class=\"size-medium wp-image-148543\" src=\"\/2019\/06\/Mathieu-P\u00e9ch\u00e9-Alexis-C\u00f4me-trail-vall\u00e9e-des-lacs-18-km-340x255.jpg\" alt=\"Mathieu P\u00e9ch\u00e9 &amp; Alexis C\u00f4me en compagnie de Michel Lavest d'Athl\u00e9 Vosges.\" width=\"340\" height=\"255\" \/><\/a><p id=\"caption-attachment-148543\" class=\"wp-caption-text\">Mathieu P\u00e9ch\u00e9 &amp; Alexis C\u00f4me en compagnie de Michel Lavest d&rsquo;Athl\u00e9 Vosges.<\/p><\/div>\n<p>Sur le 18 km, on aura \u00e9galement assist\u00e9 \u00e0 un cavalier seul de la part d&rsquo;Alexis C\u00f4me qui r\u00e9alise un chrono de 1:38:33. Pas mal pour son premier trail de l&rsquo;ann\u00e9e qu&rsquo;il a choisi de faire \u00e0 son rythme, comme il l&rsquo;a dit lui m\u00eame. Rythme que n&rsquo;ont pu soutenir ses adversaires, m\u00eame si l&rsquo;ancien kayakiste Mathieu P\u00e9ch\u00e9 n&rsquo;a pas \u00e0 rougir de sa performance, lui qui finit \u00e0 3 minutes du leader. Enfin, coup de chapeau au r\u00e9gional de l&rsquo;\u00e9tape, le G\u00e9r\u00f4mois Jean-Marc Denys qui compl\u00e8te le podium chez les hommes et devance le jeune Antoine Thiriat, auteur d&rsquo;une tr\u00e8s belle course lui aussi. On notera \u00e9galement que la premi\u00e8re f\u00e9minine du 18 km se hisse \u00e0 la 10\u00e8me place au scratch, une belle perf&rsquo; l\u00e0 encore. Il s&rsquo;agit\u00a0 d&rsquo;Alix Muller de Colmar qui devance une G\u00e9r\u00f4moise en la personne d&rsquo;Alice Ribaud. Les locaux ont donc mouill\u00e9 le maillot ce dimanche ! Que dire de plus, si ce n&rsquo;est que les coureurs et coureuses qui se sont exprim\u00e9s sur la ligne d&rsquo;arriv\u00e9e sont unanimes : l&rsquo;organisation \u00e9tait une nouvelle fois au top, avec des parcours magnifiques, des b\u00e9n\u00e9voles supers, bref, la totale et ce sont eux qui le disent ! Les sourires en disaient long \u00e0 l&rsquo;arriv\u00e9e des diff\u00e9rentes \u00e9preuves, et c&rsquo;est sans doute la plus belle des r\u00e9compenses pour toute l&rsquo;\u00e9quipe d&rsquo;Athl\u00e9 Vosges Vall\u00e9e des Lacs et de la Cleurie !<\/p>\n<p>Tout les r\u00e9sultats ici : <a href=\"http:\/\/prod.chronorace.be\/angular\/results.html#\/quickresults\/1190023768614383\/group\/22239\/liveligne\/19496\" target=\"_blank\" rel=\"noopener\">Chronorace<\/a><\/p>\n\n<p>&nbsp;<\/p>\n","protected":false},"excerpt":{"rendered":"<p>Cette nouvelle \u00e9dition du Trail de la Vall\u00e9e des Lacs sera presque pass\u00e9e au travers des gouttes et surtout elle [&hellip;]<\/p>\n","protected":false},"author":42,"featured_media":42319,"comment_status":"open","ping_status":"open","sticky":false,"template":"","format":"standard","meta":{"footnotes":""},"categories":[20,25,14,18],"tags":[1124],"class_list":["post-42318","post","type-post","status-publish","format-standard","has-post-thumbnail","hentry","category-a-la-une","category-gerardmer","category-sport","category-vosges","tag-trail-de-la-vallee-des-lacs"],"acf":[],"yoast_head":"<!-- This site is optimized with the Yoast SEO plugin v22.5 - https:\/\/yoast.com\/wordpress\/plugins\/seo\/ -->\n<title>Trail de la Vall\u00e9e des Lacs : on finit en beaut\u00e9 ! - Gerardmer Info<\/title>\n<meta name=\"robots\" content=\"index, follow, max-snippet:-1, max-image-preview:large, max-video-preview:-1\" \/>\n<link rel=\"canonical\" href=\"https:\/\/vosgesinfo.fr\/gerardmerinfo\/2019\/06\/trail-de-vallee-lacs-on-finit-beaute\/\" \/>\n<meta name=\"twitter:card\" content=\"summary_large_image\" \/>\n<meta name=\"twitter:title\" content=\"Trail de la Vall\u00e9e des Lacs : on finit en beaut\u00e9 ! - Gerardmer Info\" \/>\n<meta name=\"twitter:description\" content=\"Cette nouvelle \u00e9dition du Trail de la Vall\u00e9e des Lacs sera presque pass\u00e9e au travers des gouttes et surtout elle [&hellip;]\" \/>\n<meta name=\"twitter:image\" content=\"https:\/\/vosgesinfo.fr\/app\/uploads\/sites\/6\/2024\/07\/201906maxime-avenel-trail-30-km.jpg\" \/>\n<meta name=\"twitter:creator\" content=\"@VosgesInfo88\" \/>\n<meta name=\"twitter:site\" content=\"@VosgesInfo88\" \/>\n<meta name=\"twitter:label1\" content=\"\u00c9crit par\" \/>\n\t<meta name=\"twitter:data1\" content=\"QG\" \/>\n\t<meta name=\"twitter:label2\" content=\"Dur\u00e9e de lecture estim\u00e9e\" \/>\n\t<meta name=\"twitter:data2\" content=\"3 minutes\" \/>\n<script type=\"application\/ld+json\" class=\"yoast-schema-graph\">{\"@context\":\"https:\/\/schema.org\",\"@graph\":[{\"@type\":\"Article\",\"@id\":\"https:\/\/vosgesinfo.fr\/gerardmerinfo\/2019\/06\/trail-de-vallee-lacs-on-finit-beaute\/#article\",\"isPartOf\":{\"@id\":\"https:\/\/vosgesinfo.fr\/gerardmerinfo\/2019\/06\/trail-de-vallee-lacs-on-finit-beaute\/\"},\"author\":{\"name\":\"QG\",\"@id\":\"https:\/\/vosgesinfo.fr\/gerardmerinfo\/#\/schema\/person\/db5605779a843dad16b5368f3e7613a5\"},\"headline\":\"Trail de la Vall\u00e9e des Lacs : on finit en beaut\u00e9 !\",\"datePublished\":\"2019-06-16T14:12:06+00:00\",\"dateModified\":\"2019-06-16T14:12:06+00:00\",\"mainEntityOfPage\":{\"@id\":\"https:\/\/vosgesinfo.fr\/gerardmerinfo\/2019\/06\/trail-de-vallee-lacs-on-finit-beaute\/\"},\"wordCount\":604,\"commentCount\":0,\"publisher\":{\"@id\":\"https:\/\/vosgesinfo.fr\/gerardmerinfo\/#organization\"},\"image\":{\"@id\":\"https:\/\/vosgesinfo.fr\/gerardmerinfo\/2019\/06\/trail-de-vallee-lacs-on-finit-beaute\/#primaryimage\"},\"thumbnailUrl\":\"https:\/\/vosgesinfo.fr\/app\/uploads\/sites\/6\/2024\/07\/201906maxime-avenel-trail-30-km.jpg\",\"keywords\":[\"Trail de la Vall\u00e9e des Lacs\"],\"articleSection\":[\"A la une\",\"G\u00e9rardmer\",\"Sport\",\"Vosges\"],\"inLanguage\":\"fr-FR\",\"potentialAction\":[{\"@type\":\"CommentAction\",\"name\":\"Comment\",\"target\":[\"https:\/\/vosgesinfo.fr\/gerardmerinfo\/2019\/06\/trail-de-vallee-lacs-on-finit-beaute\/#respond\"]}]},{\"@type\":\"WebPage\",\"@id\":\"https:\/\/vosgesinfo.fr\/gerardmerinfo\/2019\/06\/trail-de-vallee-lacs-on-finit-beaute\/\",\"url\":\"https:\/\/vosgesinfo.fr\/gerardmerinfo\/2019\/06\/trail-de-vallee-lacs-on-finit-beaute\/\",\"name\":\"Trail de la Vall\u00e9e des Lacs : on finit en beaut\u00e9 ! - Gerardmer Info\",\"isPartOf\":{\"@id\":\"https:\/\/vosgesinfo.fr\/gerardmerinfo\/#website\"},\"primaryImageOfPage\":{\"@id\":\"https:\/\/vosgesinfo.fr\/gerardmerinfo\/2019\/06\/trail-de-vallee-lacs-on-finit-beaute\/#primaryimage\"},\"image\":{\"@id\":\"https:\/\/vosgesinfo.fr\/gerardmerinfo\/2019\/06\/trail-de-vallee-lacs-on-finit-beaute\/#primaryimage\"},\"thumbnailUrl\":\"https:\/\/vosgesinfo.fr\/app\/uploads\/sites\/6\/2024\/07\/201906maxime-avenel-trail-30-km.jpg\",\"datePublished\":\"2019-06-16T14:12:06+00:00\",\"dateModified\":\"2019-06-16T14:12:06+00:00\",\"breadcrumb\":{\"@id\":\"https:\/\/vosgesinfo.fr\/gerardmerinfo\/2019\/06\/trail-de-vallee-lacs-on-finit-beaute\/#breadcrumb\"},\"inLanguage\":\"fr-FR\",\"potentialAction\":[{\"@type\":\"ReadAction\",\"target\":[\"https:\/\/vosgesinfo.fr\/gerardmerinfo\/2019\/06\/trail-de-vallee-lacs-on-finit-beaute\/\"]}]},{\"@type\":\"ImageObject\",\"inLanguage\":\"fr-FR\",\"@id\":\"https:\/\/vosgesinfo.fr\/gerardmerinfo\/2019\/06\/trail-de-vallee-lacs-on-finit-beaute\/#primaryimage\",\"url\":\"https:\/\/vosgesinfo.fr\/app\/uploads\/sites\/6\/2024\/07\/201906maxime-avenel-trail-30-km.jpg\",\"contentUrl\":\"https:\/\/vosgesinfo.fr\/app\/uploads\/sites\/6\/2024\/07\/201906maxime-avenel-trail-30-km.jpg\",\"width\":800,\"height\":600},{\"@type\":\"BreadcrumbList\",\"@id\":\"https:\/\/vosgesinfo.fr\/gerardmerinfo\/2019\/06\/trail-de-vallee-lacs-on-finit-beaute\/#breadcrumb\",\"itemListElement\":[{\"@type\":\"ListItem\",\"position\":1,\"name\":\"Home\",\"item\":\"https:\/\/vosgesinfo.fr\/gerardmerinfo\/\"},{\"@type\":\"ListItem\",\"position\":2,\"name\":\"Trail de la Vall\u00e9e des Lacs : on finit en beaut\u00e9 !\"}]},{\"@type\":\"WebSite\",\"@id\":\"https:\/\/vosgesinfo.fr\/gerardmerinfo\/#website\",\"url\":\"https:\/\/vosgesinfo.fr\/gerardmerinfo\/\",\"name\":\"Gerardmer Info\",\"description\":\"Toute l&#039;actualit\u00e9 de G\u00e9rardmer\",\"publisher\":{\"@id\":\"https:\/\/vosgesinfo.fr\/gerardmerinfo\/#organization\"},\"alternateName\":\"Toute l'actualit\u00e9 de G\u00e9rardmer\",\"potentialAction\":[{\"@type\":\"SearchAction\",\"target\":{\"@type\":\"EntryPoint\",\"urlTemplate\":\"https:\/\/vosgesinfo.fr\/gerardmerinfo\/?s={search_term_string}\"},\"query-input\":\"required name=search_term_string\"}],\"inLanguage\":\"fr-FR\"},{\"@type\":\"Organization\",\"@id\":\"https:\/\/vosgesinfo.fr\/gerardmerinfo\/#organization\",\"name\":\"Gerardmer Info\",\"url\":\"https:\/\/vosgesinfo.fr\/gerardmerinfo\/\",\"logo\":{\"@type\":\"ImageObject\",\"inLanguage\":\"fr-FR\",\"@id\":\"https:\/\/vosgesinfo.fr\/gerardmerinfo\/#\/schema\/logo\/image\/\",\"url\":\"https:\/\/vosgesinfo.fr\/app\/uploads\/sites\/6\/2023\/08\/favicon-gerardmerinfo.png\",\"contentUrl\":\"https:\/\/vosgesinfo.fr\/app\/uploads\/sites\/6\/2023\/08\/favicon-gerardmerinfo.png\",\"width\":512,\"height\":512,\"caption\":\"Gerardmer Info\"},\"image\":{\"@id\":\"https:\/\/vosgesinfo.fr\/gerardmerinfo\/#\/schema\/logo\/image\/\"},\"sameAs\":[\"https:\/\/www.facebook.com\/profile.php?id=100049475262660\",\"https:\/\/x.com\/VosgesInfo88\",\"https:\/\/www.youtube.com\/@vosgesinfo\"]},{\"@type\":\"Person\",\"@id\":\"https:\/\/vosgesinfo.fr\/gerardmerinfo\/#\/schema\/person\/db5605779a843dad16b5368f3e7613a5\",\"name\":\"QG\",\"image\":{\"@type\":\"ImageObject\",\"inLanguage\":\"fr-FR\",\"@id\":\"https:\/\/vosgesinfo.fr\/gerardmerinfo\/#\/schema\/person\/image\/\",\"url\":\"https:\/\/secure.gravatar.com\/avatar\/ea80c42c204b534408512832fde52504ecabb9706bcb6151cf6175e5b64e6793?s=96&d=mm&r=g\",\"contentUrl\":\"https:\/\/secure.gravatar.com\/avatar\/ea80c42c204b534408512832fde52504ecabb9706bcb6151cf6175e5b64e6793?s=96&d=mm&r=g\",\"caption\":\"QG\"},\"url\":\"https:\/\/vosgesinfo.fr\/gerardmerinfo\/author\/quentin88\/\"}]}<\/script>\n<!-- \/ Yoast SEO plugin. -->","yoast_head_json":{"title":"Trail de la Vall\u00e9e des Lacs : on finit en beaut\u00e9 ! - Gerardmer Info","robots":{"index":"index","follow":"follow","max-snippet":"max-snippet:-1","max-image-preview":"max-image-preview:large","max-video-preview":"max-video-preview:-1"},"canonical":"https:\/\/vosgesinfo.fr\/gerardmerinfo\/2019\/06\/trail-de-vallee-lacs-on-finit-beaute\/","twitter_card":"summary_large_image","twitter_title":"Trail de la Vall\u00e9e des Lacs : on finit en beaut\u00e9 ! - Gerardmer Info","twitter_description":"Cette nouvelle \u00e9dition du Trail de la Vall\u00e9e des Lacs sera presque pass\u00e9e au travers des gouttes et surtout elle [&hellip;]","twitter_image":"https:\/\/vosgesinfo.fr\/app\/uploads\/sites\/6\/2024\/07\/201906maxime-avenel-trail-30-km.jpg","twitter_creator":"@VosgesInfo88","twitter_site":"@VosgesInfo88","twitter_misc":{"\u00c9crit par":"QG","Dur\u00e9e de lecture estim\u00e9e":"3 minutes"},"schema":{"@context":"https:\/\/schema.org","@graph":[{"@type":"Article","@id":"https:\/\/vosgesinfo.fr\/gerardmerinfo\/2019\/06\/trail-de-vallee-lacs-on-finit-beaute\/#article","isPartOf":{"@id":"https:\/\/vosgesinfo.fr\/gerardmerinfo\/2019\/06\/trail-de-vallee-lacs-on-finit-beaute\/"},"author":{"name":"QG","@id":"https:\/\/vosgesinfo.fr\/gerardmerinfo\/#\/schema\/person\/db5605779a843dad16b5368f3e7613a5"},"headline":"Trail de la Vall\u00e9e des Lacs : on finit en beaut\u00e9 !","datePublished":"2019-06-16T14:12:06+00:00","dateModified":"2019-06-16T14:12:06+00:00","mainEntityOfPage":{"@id":"https:\/\/vosgesinfo.fr\/gerardmerinfo\/2019\/06\/trail-de-vallee-lacs-on-finit-beaute\/"},"wordCount":604,"commentCount":0,"publisher":{"@id":"https:\/\/vosgesinfo.fr\/gerardmerinfo\/#organization"},"image":{"@id":"https:\/\/vosgesinfo.fr\/gerardmerinfo\/2019\/06\/trail-de-vallee-lacs-on-finit-beaute\/#primaryimage"},"thumbnailUrl":"https:\/\/vosgesinfo.fr\/app\/uploads\/sites\/6\/2024\/07\/201906maxime-avenel-trail-30-km.jpg","keywords":["Trail de la Vall\u00e9e des Lacs"],"articleSection":["A la une","G\u00e9rardmer","Sport","Vosges"],"inLanguage":"fr-FR","potentialAction":[{"@type":"CommentAction","name":"Comment","target":["https:\/\/vosgesinfo.fr\/gerardmerinfo\/2019\/06\/trail-de-vallee-lacs-on-finit-beaute\/#respond"]}]},{"@type":"WebPage","@id":"https:\/\/vosgesinfo.fr\/gerardmerinfo\/2019\/06\/trail-de-vallee-lacs-on-finit-beaute\/","url":"https:\/\/vosgesinfo.fr\/gerardmerinfo\/2019\/06\/trail-de-vallee-lacs-on-finit-beaute\/","name":"Trail de la Vall\u00e9e des Lacs : on finit en beaut\u00e9 ! - Gerardmer Info","isPartOf":{"@id":"https:\/\/vosgesinfo.fr\/gerardmerinfo\/#website"},"primaryImageOfPage":{"@id":"https:\/\/vosgesinfo.fr\/gerardmerinfo\/2019\/06\/trail-de-vallee-lacs-on-finit-beaute\/#primaryimage"},"image":{"@id":"https:\/\/vosgesinfo.fr\/gerardmerinfo\/2019\/06\/trail-de-vallee-lacs-on-finit-beaute\/#primaryimage"},"thumbnailUrl":"https:\/\/vosgesinfo.fr\/app\/uploads\/sites\/6\/2024\/07\/201906maxime-avenel-trail-30-km.jpg","datePublished":"2019-06-16T14:12:06+00:00","dateModified":"2019-06-16T14:12:06+00:00","breadcrumb":{"@id":"https:\/\/vosgesinfo.fr\/gerardmerinfo\/2019\/06\/trail-de-vallee-lacs-on-finit-beaute\/#breadcrumb"},"inLanguage":"fr-FR","potentialAction":[{"@type":"ReadAction","target":["https:\/\/vosgesinfo.fr\/gerardmerinfo\/2019\/06\/trail-de-vallee-lacs-on-finit-beaute\/"]}]},{"@type":"ImageObject","inLanguage":"fr-FR","@id":"https:\/\/vosgesinfo.fr\/gerardmerinfo\/2019\/06\/trail-de-vallee-lacs-on-finit-beaute\/#primaryimage","url":"https:\/\/vosgesinfo.fr\/app\/uploads\/sites\/6\/2024\/07\/201906maxime-avenel-trail-30-km.jpg","contentUrl":"https:\/\/vosgesinfo.fr\/app\/uploads\/sites\/6\/2024\/07\/201906maxime-avenel-trail-30-km.jpg","width":800,"height":600},{"@type":"BreadcrumbList","@id":"https:\/\/vosgesinfo.fr\/gerardmerinfo\/2019\/06\/trail-de-vallee-lacs-on-finit-beaute\/#breadcrumb","itemListElement":[{"@type":"ListItem","position":1,"name":"Home","item":"https:\/\/vosgesinfo.fr\/gerardmerinfo\/"},{"@type":"ListItem","position":2,"name":"Trail de la Vall\u00e9e des Lacs : on finit en beaut\u00e9 !"}]},{"@type":"WebSite","@id":"https:\/\/vosgesinfo.fr\/gerardmerinfo\/#website","url":"https:\/\/vosgesinfo.fr\/gerardmerinfo\/","name":"Gerardmer Info","description":"Toute l&#039;actualit\u00e9 de G\u00e9rardmer","publisher":{"@id":"https:\/\/vosgesinfo.fr\/gerardmerinfo\/#organization"},"alternateName":"Toute l'actualit\u00e9 de G\u00e9rardmer","potentialAction":[{"@type":"SearchAction","target":{"@type":"EntryPoint","urlTemplate":"https:\/\/vosgesinfo.fr\/gerardmerinfo\/?s={search_term_string}"},"query-input":"required name=search_term_string"}],"inLanguage":"fr-FR"},{"@type":"Organization","@id":"https:\/\/vosgesinfo.fr\/gerardmerinfo\/#organization","name":"Gerardmer Info","url":"https:\/\/vosgesinfo.fr\/gerardmerinfo\/","logo":{"@type":"ImageObject","inLanguage":"fr-FR","@id":"https:\/\/vosgesinfo.fr\/gerardmerinfo\/#\/schema\/logo\/image\/","url":"https:\/\/vosgesinfo.fr\/app\/uploads\/sites\/6\/2023\/08\/favicon-gerardmerinfo.png","contentUrl":"https:\/\/vosgesinfo.fr\/app\/uploads\/sites\/6\/2023\/08\/favicon-gerardmerinfo.png","width":512,"height":512,"caption":"Gerardmer Info"},"image":{"@id":"https:\/\/vosgesinfo.fr\/gerardmerinfo\/#\/schema\/logo\/image\/"},"sameAs":["https:\/\/www.facebook.com\/profile.php?id=100049475262660","https:\/\/x.com\/VosgesInfo88","https:\/\/www.youtube.com\/@vosgesinfo"]},{"@type":"Person","@id":"https:\/\/vosgesinfo.fr\/gerardmerinfo\/#\/schema\/person\/db5605779a843dad16b5368f3e7613a5","name":"QG","image":{"@type":"ImageObject","inLanguage":"fr-FR","@id":"https:\/\/vosgesinfo.fr\/gerardmerinfo\/#\/schema\/person\/image\/","url":"https:\/\/secure.gravatar.com\/avatar\/ea80c42c204b534408512832fde52504ecabb9706bcb6151cf6175e5b64e6793?s=96&d=mm&r=g","contentUrl":"https:\/\/secure.gravatar.com\/avatar\/ea80c42c204b534408512832fde52504ecabb9706bcb6151cf6175e5b64e6793?s=96&d=mm&r=g","caption":"QG"},"url":"https:\/\/vosgesinfo.fr\/gerardmerinfo\/author\/quentin88\/"}]}},"_links":{"self":[{"href":"https:\/\/vosgesinfo.fr\/gerardmerinfo\/wp-json\/wp\/v2\/posts\/42318","targetHints":{"allow":["GET"]}}],"collection":[{"href":"https:\/\/vosgesinfo.fr\/gerardmerinfo\/wp-json\/wp\/v2\/posts"}],"about":[{"href":"https:\/\/vosgesinfo.fr\/gerardmerinfo\/wp-json\/wp\/v2\/types\/post"}],"author":[{"embeddable":true,"href":"https:\/\/vosgesinfo.fr\/gerardmerinfo\/wp-json\/wp\/v2\/users\/42"}],"replies":[{"embeddable":true,"href":"https:\/\/vosgesinfo.fr\/gerardmerinfo\/wp-json\/wp\/v2\/comments?post=42318"}],"version-history":[{"count":0,"href":"https:\/\/vosgesinfo.fr\/gerardmerinfo\/wp-json\/wp\/v2\/posts\/42318\/revisions"}],"wp:featuredmedia":[{"embeddable":true,"href":"https:\/\/vosgesinfo.fr\/gerardmerinfo\/wp-json\/wp\/v2\/media\/42319"}],"wp:attachment":[{"href":"https:\/\/vosgesinfo.fr\/gerardmerinfo\/wp-json\/wp\/v2\/media?parent=42318"}],"wp:term":[{"taxonomy":"category","embeddable":true,"href":"https:\/\/vosgesinfo.fr\/gerardmerinfo\/wp-json\/wp\/v2\/categories?post=42318"},{"taxonomy":"post_tag","embeddable":true,"href":"https:\/\/vosgesinfo.fr\/gerardmerinfo\/wp-json\/wp\/v2\/tags?post=42318"}],"curies":[{"name":"wp","href":"https:\/\/api.w.org\/{rel}","templated":true}]}}