{"id":42339,"date":"2019-06-16T14:39:04","date_gmt":"2019-06-16T12:39:04","guid":{"rendered":"https:\/\/vosgesinfo.fr\/gerardmerinfo\/2019\/06\/boule-lyonnaise-2-jeunes-geromois-sacres-champions-interregional\/"},"modified":"2019-06-16T14:39:04","modified_gmt":"2019-06-16T12:39:04","slug":"boule-lyonnaise-2-jeunes-geromois-sacres-champions-interregional","status":"publish","type":"post","link":"https:\/\/vosgesinfo.fr\/gerardmerinfo\/2019\/06\/boule-lyonnaise-2-jeunes-geromois-sacres-champions-interregional\/","title":{"rendered":"Boule Lyonnaise : 2 jeunes G\u00e9r\u00f4mois sacr\u00e9s Champions Interr\u00e9gional"},"content":{"rendered":"<p><a href=\"\/2019\/06\/boule-lyonnaise-G\u00e9rardmer-esteban-et-Kylian.jpg\"><img decoding=\"async\" class=\"aligncenter wp-image-148558 size-full\" src=\"\/2019\/06\/boule-lyonnaise-G\u00e9rardmer-esteban-et-Kylian.jpg\" alt=\"boule lyonnaise G\u00e9rardmer esteban et Kylian\" width=\"800\" height=\"389\" \/><\/a><\/p>\n<p>Les deux jeunes licenci\u00e9s de la Boule Lyonnaise G\u00e9r\u00f4moise Esteban Peixoto et Kylian Simon ont r\u00e9cemment \u00e9t\u00e9 sacr\u00e9s champions interr\u00e9gional de leur cat\u00e9gorie. Le championnat se d\u00e9roulait \u00e0 Cluny (71) ou il y avait une dizaine d&rsquo;\u00e9quipes engag\u00e9es qui venaient de Champagne, Bourgogne,Grand-est et Franche-Comt\u00e9. Ce titre qualifie la doublette pour le Championnat de France qui se d\u00e9roulera les 6 et 7 juillet \u00e0 Compi\u00e8gne. Bravo et bonne chance les p&rsquo;tits gars !!<\/p>\n","protected":false},"excerpt":{"rendered":"<p>Les deux jeunes licenci\u00e9s de la Boule Lyonnaise G\u00e9r\u00f4moise Esteban Peixoto et Kylian Simon ont r\u00e9cemment \u00e9t\u00e9 sacr\u00e9s champions interr\u00e9gional [&hellip;]<\/p>\n","protected":false},"author":1,"featured_media":42340,"comment_status":"open","ping_status":"open","sticky":false,"template":"","format":"standard","meta":{"footnotes":""},"categories":[20,14],"tags":[2307],"class_list":["post-42339","post","type-post","status-publish","format-standard","has-post-thumbnail","hentry","category-a-la-une","category-sport","tag-boule-lyonnaise"],"acf":[],"yoast_head":"<!-- This site is optimized with the Yoast SEO plugin v22.5 - https:\/\/yoast.com\/wordpress\/plugins\/seo\/ -->\n<title>Boule Lyonnaise : 2 jeunes G\u00e9r\u00f4mois sacr\u00e9s Champions Interr\u00e9gional - Gerardmer Info<\/title>\n<meta name=\"robots\" content=\"index, follow, max-snippet:-1, max-image-preview:large, max-video-preview:-1\" \/>\n<link rel=\"canonical\" href=\"https:\/\/vosgesinfo.fr\/gerardmerinfo\/2019\/06\/boule-lyonnaise-2-jeunes-geromois-sacres-champions-interregional\/\" \/>\n<meta name=\"twitter:card\" content=\"summary_large_image\" \/>\n<meta name=\"twitter:title\" content=\"Boule Lyonnaise : 2 jeunes G\u00e9r\u00f4mois sacr\u00e9s Champions Interr\u00e9gional - Gerardmer Info\" \/>\n<meta name=\"twitter:description\" content=\"Les deux jeunes licenci\u00e9s de la Boule Lyonnaise G\u00e9r\u00f4moise Esteban Peixoto et Kylian Simon ont r\u00e9cemment \u00e9t\u00e9 sacr\u00e9s champions interr\u00e9gional [&hellip;]\" \/>\n<meta name=\"twitter:image\" content=\"https:\/\/vosgesinfo.fr\/app\/uploads\/sites\/6\/2024\/07\/201906boule-lyonnaise-gerardmer-esteban-et-kylian.jpg\" \/>\n<meta name=\"twitter:creator\" content=\"@VosgesInfo88\" \/>\n<meta name=\"twitter:site\" content=\"@VosgesInfo88\" \/>\n<meta name=\"twitter:label1\" content=\"\u00c9crit par\" \/>\n\t<meta name=\"twitter:data1\" content=\"qs_admin\" \/>\n<script type=\"application\/ld+json\" class=\"yoast-schema-graph\">{\"@context\":\"https:\/\/schema.org\",\"@graph\":[{\"@type\":\"Article\",\"@id\":\"https:\/\/vosgesinfo.fr\/gerardmerinfo\/2019\/06\/boule-lyonnaise-2-jeunes-geromois-sacres-champions-interregional\/#article\",\"isPartOf\":{\"@id\":\"https:\/\/vosgesinfo.fr\/gerardmerinfo\/2019\/06\/boule-lyonnaise-2-jeunes-geromois-sacres-champions-interregional\/\"},\"author\":{\"name\":\"qs_admin\",\"@id\":\"https:\/\/vosgesinfo.fr\/gerardmerinfo\/#\/schema\/person\/bc5d02d71e6932e81b6dadb7386667b1\"},\"headline\":\"Boule Lyonnaise : 2 jeunes G\u00e9r\u00f4mois sacr\u00e9s Champions Interr\u00e9gional\",\"datePublished\":\"2019-06-16T12:39:04+00:00\",\"dateModified\":\"2019-06-16T12:39:04+00:00\",\"mainEntityOfPage\":{\"@id\":\"https:\/\/vosgesinfo.fr\/gerardmerinfo\/2019\/06\/boule-lyonnaise-2-jeunes-geromois-sacres-champions-interregional\/\"},\"wordCount\":92,\"commentCount\":0,\"publisher\":{\"@id\":\"https:\/\/vosgesinfo.fr\/gerardmerinfo\/#organization\"},\"image\":{\"@id\":\"https:\/\/vosgesinfo.fr\/gerardmerinfo\/2019\/06\/boule-lyonnaise-2-jeunes-geromois-sacres-champions-interregional\/#primaryimage\"},\"thumbnailUrl\":\"https:\/\/vosgesinfo.fr\/app\/uploads\/sites\/6\/2024\/07\/201906boule-lyonnaise-gerardmer-esteban-et-kylian.jpg\",\"keywords\":[\"boule lyonnaise\"],\"articleSection\":[\"A la une\",\"Sport\"],\"inLanguage\":\"fr-FR\",\"potentialAction\":[{\"@type\":\"CommentAction\",\"name\":\"Comment\",\"target\":[\"https:\/\/vosgesinfo.fr\/gerardmerinfo\/2019\/06\/boule-lyonnaise-2-jeunes-geromois-sacres-champions-interregional\/#respond\"]}]},{\"@type\":\"WebPage\",\"@id\":\"https:\/\/vosgesinfo.fr\/gerardmerinfo\/2019\/06\/boule-lyonnaise-2-jeunes-geromois-sacres-champions-interregional\/\",\"url\":\"https:\/\/vosgesinfo.fr\/gerardmerinfo\/2019\/06\/boule-lyonnaise-2-jeunes-geromois-sacres-champions-interregional\/\",\"name\":\"Boule Lyonnaise : 2 jeunes G\u00e9r\u00f4mois sacr\u00e9s Champions Interr\u00e9gional - Gerardmer Info\",\"isPartOf\":{\"@id\":\"https:\/\/vosgesinfo.fr\/gerardmerinfo\/#website\"},\"primaryImageOfPage\":{\"@id\":\"https:\/\/vosgesinfo.fr\/gerardmerinfo\/2019\/06\/boule-lyonnaise-2-jeunes-geromois-sacres-champions-interregional\/#primaryimage\"},\"image\":{\"@id\":\"https:\/\/vosgesinfo.fr\/gerardmerinfo\/2019\/06\/boule-lyonnaise-2-jeunes-geromois-sacres-champions-interregional\/#primaryimage\"},\"thumbnailUrl\":\"https:\/\/vosgesinfo.fr\/app\/uploads\/sites\/6\/2024\/07\/201906boule-lyonnaise-gerardmer-esteban-et-kylian.jpg\",\"datePublished\":\"2019-06-16T12:39:04+00:00\",\"dateModified\":\"2019-06-16T12:39:04+00:00\",\"breadcrumb\":{\"@id\":\"https:\/\/vosgesinfo.fr\/gerardmerinfo\/2019\/06\/boule-lyonnaise-2-jeunes-geromois-sacres-champions-interregional\/#breadcrumb\"},\"inLanguage\":\"fr-FR\",\"potentialAction\":[{\"@type\":\"ReadAction\",\"target\":[\"https:\/\/vosgesinfo.fr\/gerardmerinfo\/2019\/06\/boule-lyonnaise-2-jeunes-geromois-sacres-champions-interregional\/\"]}]},{\"@type\":\"ImageObject\",\"inLanguage\":\"fr-FR\",\"@id\":\"https:\/\/vosgesinfo.fr\/gerardmerinfo\/2019\/06\/boule-lyonnaise-2-jeunes-geromois-sacres-champions-interregional\/#primaryimage\",\"url\":\"https:\/\/vosgesinfo.fr\/app\/uploads\/sites\/6\/2024\/07\/201906boule-lyonnaise-gerardmer-esteban-et-kylian.jpg\",\"contentUrl\":\"https:\/\/vosgesinfo.fr\/app\/uploads\/sites\/6\/2024\/07\/201906boule-lyonnaise-gerardmer-esteban-et-kylian.jpg\",\"width\":800,\"height\":389},{\"@type\":\"BreadcrumbList\",\"@id\":\"https:\/\/vosgesinfo.fr\/gerardmerinfo\/2019\/06\/boule-lyonnaise-2-jeunes-geromois-sacres-champions-interregional\/#breadcrumb\",\"itemListElement\":[{\"@type\":\"ListItem\",\"position\":1,\"name\":\"Home\",\"item\":\"https:\/\/vosgesinfo.fr\/gerardmerinfo\/\"},{\"@type\":\"ListItem\",\"position\":2,\"name\":\"Boule Lyonnaise : 2 jeunes G\u00e9r\u00f4mois sacr\u00e9s Champions Interr\u00e9gional\"}]},{\"@type\":\"WebSite\",\"@id\":\"https:\/\/vosgesinfo.fr\/gerardmerinfo\/#website\",\"url\":\"https:\/\/vosgesinfo.fr\/gerardmerinfo\/\",\"name\":\"Gerardmer Info\",\"description\":\"Toute l&#039;actualit\u00e9 de G\u00e9rardmer\",\"publisher\":{\"@id\":\"https:\/\/vosgesinfo.fr\/gerardmerinfo\/#organization\"},\"alternateName\":\"Toute l'actualit\u00e9 de G\u00e9rardmer\",\"potentialAction\":[{\"@type\":\"SearchAction\",\"target\":{\"@type\":\"EntryPoint\",\"urlTemplate\":\"https:\/\/vosgesinfo.fr\/gerardmerinfo\/?s={search_term_string}\"},\"query-input\":\"required name=search_term_string\"}],\"inLanguage\":\"fr-FR\"},{\"@type\":\"Organization\",\"@id\":\"https:\/\/vosgesinfo.fr\/gerardmerinfo\/#organization\",\"name\":\"Gerardmer Info\",\"url\":\"https:\/\/vosgesinfo.fr\/gerardmerinfo\/\",\"logo\":{\"@type\":\"ImageObject\",\"inLanguage\":\"fr-FR\",\"@id\":\"https:\/\/vosgesinfo.fr\/gerardmerinfo\/#\/schema\/logo\/image\/\",\"url\":\"https:\/\/vosgesinfo.fr\/app\/uploads\/sites\/6\/2023\/08\/favicon-gerardmerinfo.png\",\"contentUrl\":\"https:\/\/vosgesinfo.fr\/app\/uploads\/sites\/6\/2023\/08\/favicon-gerardmerinfo.png\",\"width\":512,\"height\":512,\"caption\":\"Gerardmer Info\"},\"image\":{\"@id\":\"https:\/\/vosgesinfo.fr\/gerardmerinfo\/#\/schema\/logo\/image\/\"},\"sameAs\":[\"https:\/\/www.facebook.com\/profile.php?id=100049475262660\",\"https:\/\/x.com\/VosgesInfo88\",\"https:\/\/www.youtube.com\/@vosgesinfo\"]},{\"@type\":\"Person\",\"@id\":\"https:\/\/vosgesinfo.fr\/gerardmerinfo\/#\/schema\/person\/bc5d02d71e6932e81b6dadb7386667b1\",\"name\":\"qs_admin\",\"image\":{\"@type\":\"ImageObject\",\"inLanguage\":\"fr-FR\",\"@id\":\"https:\/\/vosgesinfo.fr\/gerardmerinfo\/#\/schema\/person\/image\/\",\"url\":\"https:\/\/secure.gravatar.com\/avatar\/94b18ee0ed79e4a42ea2f2931277b6841a8999fc6fde214600c78057cf1fe1de?s=96&d=mm&r=g\",\"contentUrl\":\"https:\/\/secure.gravatar.com\/avatar\/94b18ee0ed79e4a42ea2f2931277b6841a8999fc6fde214600c78057cf1fe1de?s=96&d=mm&r=g\",\"caption\":\"qs_admin\"},\"sameAs\":[\"https:\/\/vosgesinfo.fr\/wp\"],\"url\":\"https:\/\/vosgesinfo.fr\/gerardmerinfo\/author\/qs_admin\/\"}]}<\/script>\n<!-- \/ Yoast SEO plugin. -->","yoast_head_json":{"title":"Boule Lyonnaise : 2 jeunes G\u00e9r\u00f4mois sacr\u00e9s Champions Interr\u00e9gional - Gerardmer Info","robots":{"index":"index","follow":"follow","max-snippet":"max-snippet:-1","max-image-preview":"max-image-preview:large","max-video-preview":"max-video-preview:-1"},"canonical":"https:\/\/vosgesinfo.fr\/gerardmerinfo\/2019\/06\/boule-lyonnaise-2-jeunes-geromois-sacres-champions-interregional\/","twitter_card":"summary_large_image","twitter_title":"Boule Lyonnaise : 2 jeunes G\u00e9r\u00f4mois sacr\u00e9s Champions Interr\u00e9gional - Gerardmer Info","twitter_description":"Les deux jeunes licenci\u00e9s de la Boule Lyonnaise G\u00e9r\u00f4moise Esteban Peixoto et Kylian Simon ont r\u00e9cemment \u00e9t\u00e9 sacr\u00e9s champions interr\u00e9gional [&hellip;]","twitter_image":"https:\/\/vosgesinfo.fr\/app\/uploads\/sites\/6\/2024\/07\/201906boule-lyonnaise-gerardmer-esteban-et-kylian.jpg","twitter_creator":"@VosgesInfo88","twitter_site":"@VosgesInfo88","twitter_misc":{"\u00c9crit par":"qs_admin"},"schema":{"@context":"https:\/\/schema.org","@graph":[{"@type":"Article","@id":"https:\/\/vosgesinfo.fr\/gerardmerinfo\/2019\/06\/boule-lyonnaise-2-jeunes-geromois-sacres-champions-interregional\/#article","isPartOf":{"@id":"https:\/\/vosgesinfo.fr\/gerardmerinfo\/2019\/06\/boule-lyonnaise-2-jeunes-geromois-sacres-champions-interregional\/"},"author":{"name":"qs_admin","@id":"https:\/\/vosgesinfo.fr\/gerardmerinfo\/#\/schema\/person\/bc5d02d71e6932e81b6dadb7386667b1"},"headline":"Boule Lyonnaise : 2 jeunes G\u00e9r\u00f4mois sacr\u00e9s Champions Interr\u00e9gional","datePublished":"2019-06-16T12:39:04+00:00","dateModified":"2019-06-16T12:39:04+00:00","mainEntityOfPage":{"@id":"https:\/\/vosgesinfo.fr\/gerardmerinfo\/2019\/06\/boule-lyonnaise-2-jeunes-geromois-sacres-champions-interregional\/"},"wordCount":92,"commentCount":0,"publisher":{"@id":"https:\/\/vosgesinfo.fr\/gerardmerinfo\/#organization"},"image":{"@id":"https:\/\/vosgesinfo.fr\/gerardmerinfo\/2019\/06\/boule-lyonnaise-2-jeunes-geromois-sacres-champions-interregional\/#primaryimage"},"thumbnailUrl":"https:\/\/vosgesinfo.fr\/app\/uploads\/sites\/6\/2024\/07\/201906boule-lyonnaise-gerardmer-esteban-et-kylian.jpg","keywords":["boule lyonnaise"],"articleSection":["A la une","Sport"],"inLanguage":"fr-FR","potentialAction":[{"@type":"CommentAction","name":"Comment","target":["https:\/\/vosgesinfo.fr\/gerardmerinfo\/2019\/06\/boule-lyonnaise-2-jeunes-geromois-sacres-champions-interregional\/#respond"]}]},{"@type":"WebPage","@id":"https:\/\/vosgesinfo.fr\/gerardmerinfo\/2019\/06\/boule-lyonnaise-2-jeunes-geromois-sacres-champions-interregional\/","url":"https:\/\/vosgesinfo.fr\/gerardmerinfo\/2019\/06\/boule-lyonnaise-2-jeunes-geromois-sacres-champions-interregional\/","name":"Boule Lyonnaise : 2 jeunes G\u00e9r\u00f4mois sacr\u00e9s Champions Interr\u00e9gional - Gerardmer Info","isPartOf":{"@id":"https:\/\/vosgesinfo.fr\/gerardmerinfo\/#website"},"primaryImageOfPage":{"@id":"https:\/\/vosgesinfo.fr\/gerardmerinfo\/2019\/06\/boule-lyonnaise-2-jeunes-geromois-sacres-champions-interregional\/#primaryimage"},"image":{"@id":"https:\/\/vosgesinfo.fr\/gerardmerinfo\/2019\/06\/boule-lyonnaise-2-jeunes-geromois-sacres-champions-interregional\/#primaryimage"},"thumbnailUrl":"https:\/\/vosgesinfo.fr\/app\/uploads\/sites\/6\/2024\/07\/201906boule-lyonnaise-gerardmer-esteban-et-kylian.jpg","datePublished":"2019-06-16T12:39:04+00:00","dateModified":"2019-06-16T12:39:04+00:00","breadcrumb":{"@id":"https:\/\/vosgesinfo.fr\/gerardmerinfo\/2019\/06\/boule-lyonnaise-2-jeunes-geromois-sacres-champions-interregional\/#breadcrumb"},"inLanguage":"fr-FR","potentialAction":[{"@type":"ReadAction","target":["https:\/\/vosgesinfo.fr\/gerardmerinfo\/2019\/06\/boule-lyonnaise-2-jeunes-geromois-sacres-champions-interregional\/"]}]},{"@type":"ImageObject","inLanguage":"fr-FR","@id":"https:\/\/vosgesinfo.fr\/gerardmerinfo\/2019\/06\/boule-lyonnaise-2-jeunes-geromois-sacres-champions-interregional\/#primaryimage","url":"https:\/\/vosgesinfo.fr\/app\/uploads\/sites\/6\/2024\/07\/201906boule-lyonnaise-gerardmer-esteban-et-kylian.jpg","contentUrl":"https:\/\/vosgesinfo.fr\/app\/uploads\/sites\/6\/2024\/07\/201906boule-lyonnaise-gerardmer-esteban-et-kylian.jpg","width":800,"height":389},{"@type":"BreadcrumbList","@id":"https:\/\/vosgesinfo.fr\/gerardmerinfo\/2019\/06\/boule-lyonnaise-2-jeunes-geromois-sacres-champions-interregional\/#breadcrumb","itemListElement":[{"@type":"ListItem","position":1,"name":"Home","item":"https:\/\/vosgesinfo.fr\/gerardmerinfo\/"},{"@type":"ListItem","position":2,"name":"Boule Lyonnaise : 2 jeunes G\u00e9r\u00f4mois sacr\u00e9s Champions Interr\u00e9gional"}]},{"@type":"WebSite","@id":"https:\/\/vosgesinfo.fr\/gerardmerinfo\/#website","url":"https:\/\/vosgesinfo.fr\/gerardmerinfo\/","name":"Gerardmer Info","description":"Toute l&#039;actualit\u00e9 de G\u00e9rardmer","publisher":{"@id":"https:\/\/vosgesinfo.fr\/gerardmerinfo\/#organization"},"alternateName":"Toute l'actualit\u00e9 de G\u00e9rardmer","potentialAction":[{"@type":"SearchAction","target":{"@type":"EntryPoint","urlTemplate":"https:\/\/vosgesinfo.fr\/gerardmerinfo\/?s={search_term_string}"},"query-input":"required name=search_term_string"}],"inLanguage":"fr-FR"},{"@type":"Organization","@id":"https:\/\/vosgesinfo.fr\/gerardmerinfo\/#organization","name":"Gerardmer Info","url":"https:\/\/vosgesinfo.fr\/gerardmerinfo\/","logo":{"@type":"ImageObject","inLanguage":"fr-FR","@id":"https:\/\/vosgesinfo.fr\/gerardmerinfo\/#\/schema\/logo\/image\/","url":"https:\/\/vosgesinfo.fr\/app\/uploads\/sites\/6\/2023\/08\/favicon-gerardmerinfo.png","contentUrl":"https:\/\/vosgesinfo.fr\/app\/uploads\/sites\/6\/2023\/08\/favicon-gerardmerinfo.png","width":512,"height":512,"caption":"Gerardmer Info"},"image":{"@id":"https:\/\/vosgesinfo.fr\/gerardmerinfo\/#\/schema\/logo\/image\/"},"sameAs":["https:\/\/www.facebook.com\/profile.php?id=100049475262660","https:\/\/x.com\/VosgesInfo88","https:\/\/www.youtube.com\/@vosgesinfo"]},{"@type":"Person","@id":"https:\/\/vosgesinfo.fr\/gerardmerinfo\/#\/schema\/person\/bc5d02d71e6932e81b6dadb7386667b1","name":"qs_admin","image":{"@type":"ImageObject","inLanguage":"fr-FR","@id":"https:\/\/vosgesinfo.fr\/gerardmerinfo\/#\/schema\/person\/image\/","url":"https:\/\/secure.gravatar.com\/avatar\/94b18ee0ed79e4a42ea2f2931277b6841a8999fc6fde214600c78057cf1fe1de?s=96&d=mm&r=g","contentUrl":"https:\/\/secure.gravatar.com\/avatar\/94b18ee0ed79e4a42ea2f2931277b6841a8999fc6fde214600c78057cf1fe1de?s=96&d=mm&r=g","caption":"qs_admin"},"sameAs":["https:\/\/vosgesinfo.fr\/wp"],"url":"https:\/\/vosgesinfo.fr\/gerardmerinfo\/author\/qs_admin\/"}]}},"_links":{"self":[{"href":"https:\/\/vosgesinfo.fr\/gerardmerinfo\/wp-json\/wp\/v2\/posts\/42339","targetHints":{"allow":["GET"]}}],"collection":[{"href":"https:\/\/vosgesinfo.fr\/gerardmerinfo\/wp-json\/wp\/v2\/posts"}],"about":[{"href":"https:\/\/vosgesinfo.fr\/gerardmerinfo\/wp-json\/wp\/v2\/types\/post"}],"author":[{"embeddable":true,"href":"https:\/\/vosgesinfo.fr\/gerardmerinfo\/wp-json\/wp\/v2\/users\/1"}],"replies":[{"embeddable":true,"href":"https:\/\/vosgesinfo.fr\/gerardmerinfo\/wp-json\/wp\/v2\/comments?post=42339"}],"version-history":[{"count":0,"href":"https:\/\/vosgesinfo.fr\/gerardmerinfo\/wp-json\/wp\/v2\/posts\/42339\/revisions"}],"wp:featuredmedia":[{"embeddable":true,"href":"https:\/\/vosgesinfo.fr\/gerardmerinfo\/wp-json\/wp\/v2\/media\/42340"}],"wp:attachment":[{"href":"https:\/\/vosgesinfo.fr\/gerardmerinfo\/wp-json\/wp\/v2\/media?parent=42339"}],"wp:term":[{"taxonomy":"category","embeddable":true,"href":"https:\/\/vosgesinfo.fr\/gerardmerinfo\/wp-json\/wp\/v2\/categories?post=42339"},{"taxonomy":"post_tag","embeddable":true,"href":"https:\/\/vosgesinfo.fr\/gerardmerinfo\/wp-json\/wp\/v2\/tags?post=42339"}],"curies":[{"name":"wp","href":"https:\/\/api.w.org\/{rel}","templated":true}]}}