{"id":42341,"date":"2019-06-17T16:17:38","date_gmt":"2019-06-17T14:17:38","guid":{"rendered":"https:\/\/vosgesinfo.fr\/gerardmerinfo\/2019\/06\/societe-fetes-deja-tournee-vers-cinquantenaire-de-fete-jonquilles\/"},"modified":"2019-06-17T16:17:38","modified_gmt":"2019-06-17T14:17:38","slug":"societe-fetes-deja-tournee-vers-cinquantenaire-de-fete-jonquilles","status":"publish","type":"post","link":"https:\/\/vosgesinfo.fr\/gerardmerinfo\/2019\/06\/societe-fetes-deja-tournee-vers-cinquantenaire-de-fete-jonquilles\/","title":{"rendered":"La Soci\u00e9t\u00e9 des F\u00eates d\u00e9j\u00e0 tourn\u00e9e vers le cinquantenaire de la F\u00eate des Jonquilles"},"content":{"rendered":"<p><a href=\"\/2019\/06\/AG-SDF-2019-juin-1.jpg\"><img decoding=\"async\" class=\"aligncenter wp-image-148565 size-full\" src=\"\/2019\/06\/AG-SDF-2019-juin-1.jpg\" alt=\"AG SDF 2019 juin (1)\" width=\"800\" height=\"600\" \/><\/a><\/p>\n<h3>Les assises annuelles de la Soci\u00e9t\u00e9 des F\u00eates de G\u00e9rardmer se sont d\u00e9roul\u00e9es samedi apr\u00e8s-midi \u00e0 la salle des Armes en pr\u00e9sence du maire Stessy Speissmann, du d\u00e9put\u00e9 Christophe Naegelen et du pr\u00e9sident de la Ronde des F\u00eates Roland Simon.<\/h3>\n<p>Une F\u00eate des Jonquilles en pousse une autre : la pr\u00e9sidente de la SDF Nicole Curtit a souhait\u00e9 rentrer rapidement dans le vif du sujet \u00e0 l&rsquo;occasion de son rapport moral o\u00f9, apr\u00e8s les remerciements d&rsquo;usage, elle a souhait\u00e9 \u00e9voquer le cinquantenaire de 2021. \u00ab\u00a0Et je souhaite en profiter pour interpeller les institutions qui accordent des aides financi\u00e8res \u00e0 la F\u00eate, et je renouvelle au passage mes remerciements \u00e0 la Ville de G\u00e9rardmer pour sa pr\u00e9cieuse aide technique. Elles sont trois : la R\u00e9gion qui nous aide \u00e0 hauteur de 5 000 \u20ac, le D\u00e9partement pour la m\u00eame somme et un partenaire priv\u00e9 qui nous donne 4 500 \u20ac. Le Budget de la F\u00eate s&rsquo;\u00e9l\u00e8ve \u00e0 700 000 \u20ac, vous faites le calcul, nous sommes financ\u00e9s \u00e0 hauteur de 2%&#8230; La conseill\u00e8re r\u00e9gionale Sylvie d&rsquo;Alguerre a d\u00e9j\u00e0 pris contact avec moi \u00e0 ce sujet m\u00eame si elle n&rsquo;a pas pu \u00eatre pr\u00e9sente parmi nous aujourd&rsquo;hui. Nous pouvons avoir bon espoir. Concernant le D\u00e9partement, les aides ont souvent fluctu\u00e9, \u00e0 une \u00e9poque on avait plus rien, puis 1 500\u20ac, et maintenant elles viennent d&rsquo;\u00eatre remont\u00e9es \u00e0 5 000 \u20ac. (&#8230;) Mais quand je vois que certaines manifestations locales re\u00e7oivent un soutien financier de 40 000 \u20ac alors qu&rsquo;\u00e0 priori, la F\u00eate des Jonquilles est l&rsquo;\u00e9v\u00e9nement qui a le plus d&rsquo;impact sur l&rsquo;\u00e9conomie du tourisme dans le secteur de G\u00e9rardmer, vous comprenez notre d\u00e9ception et nos interrogations&#8230;\u00a0\u00bb<\/p>\n<p><a href=\"\/2019\/06\/AG-SDF-2019-juin-2.jpg\"><img decoding=\"async\" class=\"alignright size-medium wp-image-148566\" src=\"\/2019\/06\/AG-SDF-2019-juin-2-340x255.jpg\" alt=\"AG SDF 2019 juin (2)\" width=\"340\" height=\"255\" \/><\/a>Et ce d&rsquo;autant plus que, comme l&rsquo;a pr\u00e9cis\u00e9 la pr\u00e9sidente de la SDF, les charges auxquelles doit faire face la F\u00eate des Jonquilles n&rsquo;en finissent pas d&rsquo;augmenter, notamment dans le secteur de la s\u00e9curit\u00e9. \u00ab\u00a0Si cela continue, la SDF ne pourra plus assumer toutes ces charges. Nous voulons pourtant continuer d&rsquo;octroyer la gratuit\u00e9 aux habitants de G\u00e9rardmer, nous voulons continuer \u00e0 r\u00e9compenser les \u00e9coliers et les enfants qui participent \u00e0 la cueillette, les constructeurs bien s\u00fbr, sans oublier un budget publicitaire que nous supportons seuls, car on ne nous fait pas de cadeau ! Et je voulais aussi parler de cet \u00e9tat d&rsquo;esprit, de marchandage, de chantage m\u00eame parfois, ou pour un trombone que nous empruntons, on nous demande de rendre une bo\u00eete, ou pour le moindre service qu&rsquo;on sollicite, on nous demande des dizaines de gratuit\u00e9. Je tiens \u00e0 rappeler que le comit\u00e9 de la SDF est compos\u00e9 de b\u00e9n\u00e9voles, des vrais, et qu&rsquo;\u00e0 force de tirer sur la corde, elle risque de finir par se rompre. Et alors il sera trop tard pour se dire : \u00ab\u00a0Ah, si j&rsquo;avais su&#8230;\u00a0\u00bb Je voulais donc tirer la sonnette d&rsquo;alarme pour la cinquanti\u00e8me F\u00eate des Jonquilles, car nous nous posons la question : aurons-nous vraiment les moyens de le c\u00e9l\u00e9brer dignement ?!\u00a0\u00bb<\/p>\n<p>Le message a le m\u00e9rite d&rsquo;\u00eatre clair et, \u00e0 priori, l\u00e9gitime. Nicole Curtit et son \u00e9quipe attendront donc que les lignes bougent du c\u00f4t\u00e9 de la R\u00e9gion et du D\u00e9partement dont la SDF s&rsquo;estime en droit d&rsquo;attendre plus. Mais il n&rsquo;y a pas que la F\u00eate des Jonquilles \u00e0 l&rsquo;agenda pour les b\u00e9n\u00e9voles g\u00e9r\u00f4mois. Comme l&rsquo;a \u00e9voqu\u00e9 Jean-Claude Ruer, l&rsquo;ann\u00e9e 2018 a \u00e9t\u00e9 bien charg\u00e9e le Grand prix Cycliste de la SDF, la participation au corso la f\u00eate de Mittlach avec un char intitul\u00e9 \u00ab\u00a0Trop cool ma nounou\u00a0\u00bb et un accord\u00e9on tr\u00e8s appr\u00e9ci\u00e9 du public. Sans \u00eatre exhaustif, on retiendra \u00e9galement la traditionnelle St Nicolas, un concours annuel de belote avec 119 joueurs, un record depuis la premi\u00e8re \u00e9dition en 2002. \u00c9voquons aussi le voyage de la reine des Jonquilles 2017 et ses dauphines \u00e0 Disneyland, ou encore la participation au march\u00e9 de No\u00ebl. Avec ce petit mot pour cl\u00f4turer ce rapport d&rsquo;activit\u00e9 et, du coup, cet article : \u00ab\u00a0Je renouvelle un message \u00e0 notre jeunesse en lui demandant implication, engagement et d\u00e9vouement dans les nombreuses associations g\u00e9r\u00f4moises afin que perdurer cette belle et grande famille que l&rsquo;on appelle le B\u00e9n\u00e9volat.\u00a0\u00bb A bon entendeur&#8230;<\/p>\n","protected":false},"excerpt":{"rendered":"<p>Les assises annuelles de la Soci\u00e9t\u00e9 des F\u00eates de G\u00e9rardmer se sont d\u00e9roul\u00e9es samedi apr\u00e8s-midi \u00e0 la salle des Armes [&hellip;]<\/p>\n","protected":false},"author":42,"featured_media":42342,"comment_status":"open","ping_status":"open","sticky":false,"template":"","format":"standard","meta":{"footnotes":""},"categories":[20,17],"tags":[1281,141],"class_list":["post-42341","post","type-post","status-publish","format-standard","has-post-thumbnail","hentry","category-a-la-une","category-vie-associative","tag-fete-des-jonquilles","tag-sdf"],"acf":[],"yoast_head":"<!-- This site is optimized with the Yoast SEO plugin v22.5 - https:\/\/yoast.com\/wordpress\/plugins\/seo\/ -->\n<title>La Soci\u00e9t\u00e9 des F\u00eates d\u00e9j\u00e0 tourn\u00e9e vers le cinquantenaire de la F\u00eate des Jonquilles - Gerardmer Info<\/title>\n<meta name=\"robots\" content=\"index, follow, max-snippet:-1, max-image-preview:large, max-video-preview:-1\" \/>\n<link rel=\"canonical\" href=\"https:\/\/vosgesinfo.fr\/gerardmerinfo\/2019\/06\/societe-fetes-deja-tournee-vers-cinquantenaire-de-fete-jonquilles\/\" \/>\n<meta name=\"twitter:card\" content=\"summary_large_image\" \/>\n<meta name=\"twitter:title\" content=\"La Soci\u00e9t\u00e9 des F\u00eates d\u00e9j\u00e0 tourn\u00e9e vers le cinquantenaire de la F\u00eate des Jonquilles - Gerardmer Info\" \/>\n<meta name=\"twitter:description\" content=\"Les assises annuelles de la Soci\u00e9t\u00e9 des F\u00eates de G\u00e9rardmer se sont d\u00e9roul\u00e9es samedi apr\u00e8s-midi \u00e0 la salle des Armes [&hellip;]\" \/>\n<meta name=\"twitter:image\" content=\"https:\/\/vosgesinfo.fr\/app\/uploads\/sites\/6\/2024\/07\/201906ag-sdf-2019-juin-1.jpg\" \/>\n<meta name=\"twitter:creator\" content=\"@VosgesInfo88\" \/>\n<meta name=\"twitter:site\" content=\"@VosgesInfo88\" \/>\n<meta name=\"twitter:label1\" content=\"\u00c9crit par\" \/>\n\t<meta name=\"twitter:data1\" content=\"QG\" \/>\n\t<meta name=\"twitter:label2\" content=\"Dur\u00e9e de lecture estim\u00e9e\" \/>\n\t<meta name=\"twitter:data2\" content=\"4 minutes\" \/>\n<script type=\"application\/ld+json\" class=\"yoast-schema-graph\">{\"@context\":\"https:\/\/schema.org\",\"@graph\":[{\"@type\":\"Article\",\"@id\":\"https:\/\/vosgesinfo.fr\/gerardmerinfo\/2019\/06\/societe-fetes-deja-tournee-vers-cinquantenaire-de-fete-jonquilles\/#article\",\"isPartOf\":{\"@id\":\"https:\/\/vosgesinfo.fr\/gerardmerinfo\/2019\/06\/societe-fetes-deja-tournee-vers-cinquantenaire-de-fete-jonquilles\/\"},\"author\":{\"name\":\"QG\",\"@id\":\"https:\/\/vosgesinfo.fr\/gerardmerinfo\/#\/schema\/person\/db5605779a843dad16b5368f3e7613a5\"},\"headline\":\"La Soci\u00e9t\u00e9 des F\u00eates d\u00e9j\u00e0 tourn\u00e9e vers le cinquantenaire de la F\u00eate des Jonquilles\",\"datePublished\":\"2019-06-17T14:17:38+00:00\",\"dateModified\":\"2019-06-17T14:17:38+00:00\",\"mainEntityOfPage\":{\"@id\":\"https:\/\/vosgesinfo.fr\/gerardmerinfo\/2019\/06\/societe-fetes-deja-tournee-vers-cinquantenaire-de-fete-jonquilles\/\"},\"wordCount\":753,\"commentCount\":0,\"publisher\":{\"@id\":\"https:\/\/vosgesinfo.fr\/gerardmerinfo\/#organization\"},\"image\":{\"@id\":\"https:\/\/vosgesinfo.fr\/gerardmerinfo\/2019\/06\/societe-fetes-deja-tournee-vers-cinquantenaire-de-fete-jonquilles\/#primaryimage\"},\"thumbnailUrl\":\"https:\/\/vosgesinfo.fr\/app\/uploads\/sites\/6\/2024\/07\/201906ag-sdf-2019-juin-1.jpg\",\"keywords\":[\"f\u00eate des jonquilles\",\"sdf\"],\"articleSection\":[\"A la une\",\"Vie Associative\"],\"inLanguage\":\"fr-FR\",\"potentialAction\":[{\"@type\":\"CommentAction\",\"name\":\"Comment\",\"target\":[\"https:\/\/vosgesinfo.fr\/gerardmerinfo\/2019\/06\/societe-fetes-deja-tournee-vers-cinquantenaire-de-fete-jonquilles\/#respond\"]}]},{\"@type\":\"WebPage\",\"@id\":\"https:\/\/vosgesinfo.fr\/gerardmerinfo\/2019\/06\/societe-fetes-deja-tournee-vers-cinquantenaire-de-fete-jonquilles\/\",\"url\":\"https:\/\/vosgesinfo.fr\/gerardmerinfo\/2019\/06\/societe-fetes-deja-tournee-vers-cinquantenaire-de-fete-jonquilles\/\",\"name\":\"La Soci\u00e9t\u00e9 des F\u00eates d\u00e9j\u00e0 tourn\u00e9e vers le cinquantenaire de la F\u00eate des Jonquilles - Gerardmer Info\",\"isPartOf\":{\"@id\":\"https:\/\/vosgesinfo.fr\/gerardmerinfo\/#website\"},\"primaryImageOfPage\":{\"@id\":\"https:\/\/vosgesinfo.fr\/gerardmerinfo\/2019\/06\/societe-fetes-deja-tournee-vers-cinquantenaire-de-fete-jonquilles\/#primaryimage\"},\"image\":{\"@id\":\"https:\/\/vosgesinfo.fr\/gerardmerinfo\/2019\/06\/societe-fetes-deja-tournee-vers-cinquantenaire-de-fete-jonquilles\/#primaryimage\"},\"thumbnailUrl\":\"https:\/\/vosgesinfo.fr\/app\/uploads\/sites\/6\/2024\/07\/201906ag-sdf-2019-juin-1.jpg\",\"datePublished\":\"2019-06-17T14:17:38+00:00\",\"dateModified\":\"2019-06-17T14:17:38+00:00\",\"breadcrumb\":{\"@id\":\"https:\/\/vosgesinfo.fr\/gerardmerinfo\/2019\/06\/societe-fetes-deja-tournee-vers-cinquantenaire-de-fete-jonquilles\/#breadcrumb\"},\"inLanguage\":\"fr-FR\",\"potentialAction\":[{\"@type\":\"ReadAction\",\"target\":[\"https:\/\/vosgesinfo.fr\/gerardmerinfo\/2019\/06\/societe-fetes-deja-tournee-vers-cinquantenaire-de-fete-jonquilles\/\"]}]},{\"@type\":\"ImageObject\",\"inLanguage\":\"fr-FR\",\"@id\":\"https:\/\/vosgesinfo.fr\/gerardmerinfo\/2019\/06\/societe-fetes-deja-tournee-vers-cinquantenaire-de-fete-jonquilles\/#primaryimage\",\"url\":\"https:\/\/vosgesinfo.fr\/app\/uploads\/sites\/6\/2024\/07\/201906ag-sdf-2019-juin-1.jpg\",\"contentUrl\":\"https:\/\/vosgesinfo.fr\/app\/uploads\/sites\/6\/2024\/07\/201906ag-sdf-2019-juin-1.jpg\",\"width\":800,\"height\":600},{\"@type\":\"BreadcrumbList\",\"@id\":\"https:\/\/vosgesinfo.fr\/gerardmerinfo\/2019\/06\/societe-fetes-deja-tournee-vers-cinquantenaire-de-fete-jonquilles\/#breadcrumb\",\"itemListElement\":[{\"@type\":\"ListItem\",\"position\":1,\"name\":\"Home\",\"item\":\"https:\/\/vosgesinfo.fr\/gerardmerinfo\/\"},{\"@type\":\"ListItem\",\"position\":2,\"name\":\"La Soci\u00e9t\u00e9 des F\u00eates d\u00e9j\u00e0 tourn\u00e9e vers le cinquantenaire de la F\u00eate des Jonquilles\"}]},{\"@type\":\"WebSite\",\"@id\":\"https:\/\/vosgesinfo.fr\/gerardmerinfo\/#website\",\"url\":\"https:\/\/vosgesinfo.fr\/gerardmerinfo\/\",\"name\":\"Gerardmer Info\",\"description\":\"Toute l&#039;actualit\u00e9 de G\u00e9rardmer\",\"publisher\":{\"@id\":\"https:\/\/vosgesinfo.fr\/gerardmerinfo\/#organization\"},\"alternateName\":\"Toute l'actualit\u00e9 de G\u00e9rardmer\",\"potentialAction\":[{\"@type\":\"SearchAction\",\"target\":{\"@type\":\"EntryPoint\",\"urlTemplate\":\"https:\/\/vosgesinfo.fr\/gerardmerinfo\/?s={search_term_string}\"},\"query-input\":\"required name=search_term_string\"}],\"inLanguage\":\"fr-FR\"},{\"@type\":\"Organization\",\"@id\":\"https:\/\/vosgesinfo.fr\/gerardmerinfo\/#organization\",\"name\":\"Gerardmer Info\",\"url\":\"https:\/\/vosgesinfo.fr\/gerardmerinfo\/\",\"logo\":{\"@type\":\"ImageObject\",\"inLanguage\":\"fr-FR\",\"@id\":\"https:\/\/vosgesinfo.fr\/gerardmerinfo\/#\/schema\/logo\/image\/\",\"url\":\"https:\/\/vosgesinfo.fr\/app\/uploads\/sites\/6\/2023\/08\/favicon-gerardmerinfo.png\",\"contentUrl\":\"https:\/\/vosgesinfo.fr\/app\/uploads\/sites\/6\/2023\/08\/favicon-gerardmerinfo.png\",\"width\":512,\"height\":512,\"caption\":\"Gerardmer Info\"},\"image\":{\"@id\":\"https:\/\/vosgesinfo.fr\/gerardmerinfo\/#\/schema\/logo\/image\/\"},\"sameAs\":[\"https:\/\/www.facebook.com\/profile.php?id=100049475262660\",\"https:\/\/x.com\/VosgesInfo88\",\"https:\/\/www.youtube.com\/@vosgesinfo\"]},{\"@type\":\"Person\",\"@id\":\"https:\/\/vosgesinfo.fr\/gerardmerinfo\/#\/schema\/person\/db5605779a843dad16b5368f3e7613a5\",\"name\":\"QG\",\"image\":{\"@type\":\"ImageObject\",\"inLanguage\":\"fr-FR\",\"@id\":\"https:\/\/vosgesinfo.fr\/gerardmerinfo\/#\/schema\/person\/image\/\",\"url\":\"https:\/\/secure.gravatar.com\/avatar\/ea80c42c204b534408512832fde52504ecabb9706bcb6151cf6175e5b64e6793?s=96&d=mm&r=g\",\"contentUrl\":\"https:\/\/secure.gravatar.com\/avatar\/ea80c42c204b534408512832fde52504ecabb9706bcb6151cf6175e5b64e6793?s=96&d=mm&r=g\",\"caption\":\"QG\"},\"url\":\"https:\/\/vosgesinfo.fr\/gerardmerinfo\/author\/quentin88\/\"}]}<\/script>\n<!-- \/ Yoast SEO plugin. -->","yoast_head_json":{"title":"La Soci\u00e9t\u00e9 des F\u00eates d\u00e9j\u00e0 tourn\u00e9e vers le cinquantenaire de la F\u00eate des Jonquilles - Gerardmer Info","robots":{"index":"index","follow":"follow","max-snippet":"max-snippet:-1","max-image-preview":"max-image-preview:large","max-video-preview":"max-video-preview:-1"},"canonical":"https:\/\/vosgesinfo.fr\/gerardmerinfo\/2019\/06\/societe-fetes-deja-tournee-vers-cinquantenaire-de-fete-jonquilles\/","twitter_card":"summary_large_image","twitter_title":"La Soci\u00e9t\u00e9 des F\u00eates d\u00e9j\u00e0 tourn\u00e9e vers le cinquantenaire de la F\u00eate des Jonquilles - Gerardmer Info","twitter_description":"Les assises annuelles de la Soci\u00e9t\u00e9 des F\u00eates de G\u00e9rardmer se sont d\u00e9roul\u00e9es samedi apr\u00e8s-midi \u00e0 la salle des Armes [&hellip;]","twitter_image":"https:\/\/vosgesinfo.fr\/app\/uploads\/sites\/6\/2024\/07\/201906ag-sdf-2019-juin-1.jpg","twitter_creator":"@VosgesInfo88","twitter_site":"@VosgesInfo88","twitter_misc":{"\u00c9crit par":"QG","Dur\u00e9e de lecture estim\u00e9e":"4 minutes"},"schema":{"@context":"https:\/\/schema.org","@graph":[{"@type":"Article","@id":"https:\/\/vosgesinfo.fr\/gerardmerinfo\/2019\/06\/societe-fetes-deja-tournee-vers-cinquantenaire-de-fete-jonquilles\/#article","isPartOf":{"@id":"https:\/\/vosgesinfo.fr\/gerardmerinfo\/2019\/06\/societe-fetes-deja-tournee-vers-cinquantenaire-de-fete-jonquilles\/"},"author":{"name":"QG","@id":"https:\/\/vosgesinfo.fr\/gerardmerinfo\/#\/schema\/person\/db5605779a843dad16b5368f3e7613a5"},"headline":"La Soci\u00e9t\u00e9 des F\u00eates d\u00e9j\u00e0 tourn\u00e9e vers le cinquantenaire de la F\u00eate des Jonquilles","datePublished":"2019-06-17T14:17:38+00:00","dateModified":"2019-06-17T14:17:38+00:00","mainEntityOfPage":{"@id":"https:\/\/vosgesinfo.fr\/gerardmerinfo\/2019\/06\/societe-fetes-deja-tournee-vers-cinquantenaire-de-fete-jonquilles\/"},"wordCount":753,"commentCount":0,"publisher":{"@id":"https:\/\/vosgesinfo.fr\/gerardmerinfo\/#organization"},"image":{"@id":"https:\/\/vosgesinfo.fr\/gerardmerinfo\/2019\/06\/societe-fetes-deja-tournee-vers-cinquantenaire-de-fete-jonquilles\/#primaryimage"},"thumbnailUrl":"https:\/\/vosgesinfo.fr\/app\/uploads\/sites\/6\/2024\/07\/201906ag-sdf-2019-juin-1.jpg","keywords":["f\u00eate des jonquilles","sdf"],"articleSection":["A la une","Vie Associative"],"inLanguage":"fr-FR","potentialAction":[{"@type":"CommentAction","name":"Comment","target":["https:\/\/vosgesinfo.fr\/gerardmerinfo\/2019\/06\/societe-fetes-deja-tournee-vers-cinquantenaire-de-fete-jonquilles\/#respond"]}]},{"@type":"WebPage","@id":"https:\/\/vosgesinfo.fr\/gerardmerinfo\/2019\/06\/societe-fetes-deja-tournee-vers-cinquantenaire-de-fete-jonquilles\/","url":"https:\/\/vosgesinfo.fr\/gerardmerinfo\/2019\/06\/societe-fetes-deja-tournee-vers-cinquantenaire-de-fete-jonquilles\/","name":"La Soci\u00e9t\u00e9 des F\u00eates d\u00e9j\u00e0 tourn\u00e9e vers le cinquantenaire de la F\u00eate des Jonquilles - Gerardmer Info","isPartOf":{"@id":"https:\/\/vosgesinfo.fr\/gerardmerinfo\/#website"},"primaryImageOfPage":{"@id":"https:\/\/vosgesinfo.fr\/gerardmerinfo\/2019\/06\/societe-fetes-deja-tournee-vers-cinquantenaire-de-fete-jonquilles\/#primaryimage"},"image":{"@id":"https:\/\/vosgesinfo.fr\/gerardmerinfo\/2019\/06\/societe-fetes-deja-tournee-vers-cinquantenaire-de-fete-jonquilles\/#primaryimage"},"thumbnailUrl":"https:\/\/vosgesinfo.fr\/app\/uploads\/sites\/6\/2024\/07\/201906ag-sdf-2019-juin-1.jpg","datePublished":"2019-06-17T14:17:38+00:00","dateModified":"2019-06-17T14:17:38+00:00","breadcrumb":{"@id":"https:\/\/vosgesinfo.fr\/gerardmerinfo\/2019\/06\/societe-fetes-deja-tournee-vers-cinquantenaire-de-fete-jonquilles\/#breadcrumb"},"inLanguage":"fr-FR","potentialAction":[{"@type":"ReadAction","target":["https:\/\/vosgesinfo.fr\/gerardmerinfo\/2019\/06\/societe-fetes-deja-tournee-vers-cinquantenaire-de-fete-jonquilles\/"]}]},{"@type":"ImageObject","inLanguage":"fr-FR","@id":"https:\/\/vosgesinfo.fr\/gerardmerinfo\/2019\/06\/societe-fetes-deja-tournee-vers-cinquantenaire-de-fete-jonquilles\/#primaryimage","url":"https:\/\/vosgesinfo.fr\/app\/uploads\/sites\/6\/2024\/07\/201906ag-sdf-2019-juin-1.jpg","contentUrl":"https:\/\/vosgesinfo.fr\/app\/uploads\/sites\/6\/2024\/07\/201906ag-sdf-2019-juin-1.jpg","width":800,"height":600},{"@type":"BreadcrumbList","@id":"https:\/\/vosgesinfo.fr\/gerardmerinfo\/2019\/06\/societe-fetes-deja-tournee-vers-cinquantenaire-de-fete-jonquilles\/#breadcrumb","itemListElement":[{"@type":"ListItem","position":1,"name":"Home","item":"https:\/\/vosgesinfo.fr\/gerardmerinfo\/"},{"@type":"ListItem","position":2,"name":"La Soci\u00e9t\u00e9 des F\u00eates d\u00e9j\u00e0 tourn\u00e9e vers le cinquantenaire de la F\u00eate des Jonquilles"}]},{"@type":"WebSite","@id":"https:\/\/vosgesinfo.fr\/gerardmerinfo\/#website","url":"https:\/\/vosgesinfo.fr\/gerardmerinfo\/","name":"Gerardmer Info","description":"Toute l&#039;actualit\u00e9 de G\u00e9rardmer","publisher":{"@id":"https:\/\/vosgesinfo.fr\/gerardmerinfo\/#organization"},"alternateName":"Toute l'actualit\u00e9 de G\u00e9rardmer","potentialAction":[{"@type":"SearchAction","target":{"@type":"EntryPoint","urlTemplate":"https:\/\/vosgesinfo.fr\/gerardmerinfo\/?s={search_term_string}"},"query-input":"required name=search_term_string"}],"inLanguage":"fr-FR"},{"@type":"Organization","@id":"https:\/\/vosgesinfo.fr\/gerardmerinfo\/#organization","name":"Gerardmer Info","url":"https:\/\/vosgesinfo.fr\/gerardmerinfo\/","logo":{"@type":"ImageObject","inLanguage":"fr-FR","@id":"https:\/\/vosgesinfo.fr\/gerardmerinfo\/#\/schema\/logo\/image\/","url":"https:\/\/vosgesinfo.fr\/app\/uploads\/sites\/6\/2023\/08\/favicon-gerardmerinfo.png","contentUrl":"https:\/\/vosgesinfo.fr\/app\/uploads\/sites\/6\/2023\/08\/favicon-gerardmerinfo.png","width":512,"height":512,"caption":"Gerardmer Info"},"image":{"@id":"https:\/\/vosgesinfo.fr\/gerardmerinfo\/#\/schema\/logo\/image\/"},"sameAs":["https:\/\/www.facebook.com\/profile.php?id=100049475262660","https:\/\/x.com\/VosgesInfo88","https:\/\/www.youtube.com\/@vosgesinfo"]},{"@type":"Person","@id":"https:\/\/vosgesinfo.fr\/gerardmerinfo\/#\/schema\/person\/db5605779a843dad16b5368f3e7613a5","name":"QG","image":{"@type":"ImageObject","inLanguage":"fr-FR","@id":"https:\/\/vosgesinfo.fr\/gerardmerinfo\/#\/schema\/person\/image\/","url":"https:\/\/secure.gravatar.com\/avatar\/ea80c42c204b534408512832fde52504ecabb9706bcb6151cf6175e5b64e6793?s=96&d=mm&r=g","contentUrl":"https:\/\/secure.gravatar.com\/avatar\/ea80c42c204b534408512832fde52504ecabb9706bcb6151cf6175e5b64e6793?s=96&d=mm&r=g","caption":"QG"},"url":"https:\/\/vosgesinfo.fr\/gerardmerinfo\/author\/quentin88\/"}]}},"_links":{"self":[{"href":"https:\/\/vosgesinfo.fr\/gerardmerinfo\/wp-json\/wp\/v2\/posts\/42341","targetHints":{"allow":["GET"]}}],"collection":[{"href":"https:\/\/vosgesinfo.fr\/gerardmerinfo\/wp-json\/wp\/v2\/posts"}],"about":[{"href":"https:\/\/vosgesinfo.fr\/gerardmerinfo\/wp-json\/wp\/v2\/types\/post"}],"author":[{"embeddable":true,"href":"https:\/\/vosgesinfo.fr\/gerardmerinfo\/wp-json\/wp\/v2\/users\/42"}],"replies":[{"embeddable":true,"href":"https:\/\/vosgesinfo.fr\/gerardmerinfo\/wp-json\/wp\/v2\/comments?post=42341"}],"version-history":[{"count":0,"href":"https:\/\/vosgesinfo.fr\/gerardmerinfo\/wp-json\/wp\/v2\/posts\/42341\/revisions"}],"wp:featuredmedia":[{"embeddable":true,"href":"https:\/\/vosgesinfo.fr\/gerardmerinfo\/wp-json\/wp\/v2\/media\/42342"}],"wp:attachment":[{"href":"https:\/\/vosgesinfo.fr\/gerardmerinfo\/wp-json\/wp\/v2\/media?parent=42341"}],"wp:term":[{"taxonomy":"category","embeddable":true,"href":"https:\/\/vosgesinfo.fr\/gerardmerinfo\/wp-json\/wp\/v2\/categories?post=42341"},{"taxonomy":"post_tag","embeddable":true,"href":"https:\/\/vosgesinfo.fr\/gerardmerinfo\/wp-json\/wp\/v2\/tags?post=42341"}],"curies":[{"name":"wp","href":"https:\/\/api.w.org\/{rel}","templated":true}]}}