{"id":42469,"date":"2019-06-24T14:52:57","date_gmt":"2019-06-24T12:52:57","guid":{"rendered":"https:\/\/vosgesinfo.fr\/gerardmerinfo\/2019\/06\/chouetinfo-association-attentive-altruiste\/"},"modified":"2019-06-24T14:52:57","modified_gmt":"2019-06-24T12:52:57","slug":"chouetinfo-association-attentive-altruiste","status":"publish","type":"post","link":"https:\/\/vosgesinfo.fr\/gerardmerinfo\/2019\/06\/chouetinfo-association-attentive-altruiste\/","title":{"rendered":"Chouet\u2019info&#8230;une association attentive et altruiste"},"content":{"rendered":"<div id=\"attachment_148867\" style=\"width: 580px\" class=\"wp-caption aligncenter\"><a href=\"https:\/\/gerardmerinfo.fr\/2019\/06\/chouetinfo-association-attentive-altruiste\/roche-2\/\" rel=\"attachment wp-att-148867\"><img decoding=\"async\" aria-describedby=\"caption-attachment-148867\" class=\"wp-image-148867 size-full\" src=\"\/2019\/06\/roche.png\" alt=\"roche\" width=\"570\" height=\"422\" \/><\/a><p id=\"caption-attachment-148867\" class=\"wp-caption-text\"><strong>Document Chouet&rsquo;Info<\/strong><\/p><\/div>\n<p>L\u2019association Chouet\u2019info est cr\u00e9\u00e9e depuis septembre 2012 \u00e0 Rochesson. Son but est de vulgariser\u00a0 l\u2019utilisation des outils mis \u00e0 notre disposition par le monde num\u00e9rique (ordinateurs, tablettes,\u00a0 t\u00e9l\u00e9phone,\u2026).<\/p>\n<p>Cet enseignement est dispens\u00e9 par des animateurs ayant chacun un domaine de comp\u00e9tence reconnu et ma\u00eetris\u00e9. Les cours ont lieu le mardi soir de 20 \u00e0 22 heures. Le nombre d\u2019adh\u00e9rents oscille entre 30 et 40 personnes suivant les programmes propos\u00e9s.<\/p>\n<p>En plus de cette activit\u00e9, Chouet\u2019info organise, seule ou en partenariat avec d\u2019autres associations Rochenates, des manifestations comme le march\u00e9 de No\u00ebl, la soir\u00e9e \u00ab\u00a0Beaujolais nouveau, la f\u00eate du village,\u2026)\u00a0Ces actions lucratives donnant ainsi la possibilit\u00e9 de redistribuer autour de nous les b\u00e9n\u00e9fices ainsi r\u00e9alis\u00e9s.<\/p>\n<p>C\u2019est pourquoi, depuis plusieurs ann\u00e9es Chouet\u2019info \u00a0a inclus dans son fonctionnement l\u2019habitude de faire un ou plusieurs dons lors de son assembl\u00e9e g\u00e9n\u00e9rale annuelle. Les b\u00e9n\u00e9ficiaires sont propos\u00e9s par nos adh\u00e9rents et le choix final est ent\u00e9rin\u00e9 \u00a0par les membres le Bureau.<\/p>\n<p>Cette ann\u00e9e encore, nos r\u00e9sultats financiers nous permettent de renouveler ce geste si important pour nous.<\/p>\n<p>Le premier de nos choix s\u2019est port\u00e9 sur l\u2019Association \u00ab\u00a0G\u00e9n\u00e9ration 22\u00a0\u00bb , seule association nationale qui lutte contre une maladie g\u00e9n\u00e9tique rare appel\u00e9e la microd\u00e9l\u00e9tion22q11. Son but est de sensibiliser et convaincre les diff\u00e9rents intervenants du monde m\u00e9dical de l\u2019importance des maladies orphelines\u00a0 dont souvent l\u2019un de leurs est atteint. C\u2019est le combat de cette association. F\u00e9d\u00e9rer toutes les\u00a0 familles de malades afin qu\u2019ils sont mieux entendus, reconnus et accompagn\u00e9s. Ce n\u2019est encore pas enti\u00e8rement satisfaisant aujourd\u2019hui\u2026. Le chemin semble encore tr\u00e8s long et sem\u00e9 d\u2019embuches.<\/p>\n<p>Le second choix est plus local puisqu\u2019il s\u2019agit de la caisse des \u00c9coles de Rochesson.<\/p>\n<p>Ce don servira, sans doute, \u00e0 am\u00e9liorer le quotidien des enfants, pr\u00e9parer un voyage ou\u00a0 initier une activit\u00e9 pour laquelle, en dehors des \u00e9ventuelles subventions, un apport financier est souvent utile\u2026<\/p>\n","protected":false},"excerpt":{"rendered":"<p>L\u2019association Chouet\u2019info est cr\u00e9\u00e9e depuis septembre 2012 \u00e0 Rochesson. Son but est de vulgariser\u00a0 l\u2019utilisation des outils mis \u00e0 notre [&hellip;]<\/p>\n","protected":false},"author":1,"featured_media":42470,"comment_status":"open","ping_status":"open","sticky":false,"template":"","format":"standard","meta":{"footnotes":""},"categories":[20,17],"tags":[],"class_list":["post-42469","post","type-post","status-publish","format-standard","has-post-thumbnail","hentry","category-a-la-une","category-vie-associative"],"acf":[],"yoast_head":"<!-- This site is optimized with the Yoast SEO plugin v22.5 - https:\/\/yoast.com\/wordpress\/plugins\/seo\/ -->\n<title>Chouet\u2019info...une association attentive et altruiste - Gerardmer Info<\/title>\n<meta name=\"robots\" content=\"index, follow, max-snippet:-1, max-image-preview:large, max-video-preview:-1\" \/>\n<link rel=\"canonical\" href=\"https:\/\/vosgesinfo.fr\/gerardmerinfo\/2019\/06\/chouetinfo-association-attentive-altruiste\/\" \/>\n<meta name=\"twitter:card\" content=\"summary_large_image\" \/>\n<meta name=\"twitter:title\" content=\"Chouet\u2019info...une association attentive et altruiste - Gerardmer Info\" \/>\n<meta name=\"twitter:description\" content=\"L\u2019association Chouet\u2019info est cr\u00e9\u00e9e depuis septembre 2012 \u00e0 Rochesson. Son but est de vulgariser\u00a0 l\u2019utilisation des outils mis \u00e0 notre [&hellip;]\" \/>\n<meta name=\"twitter:image\" content=\"https:\/\/vosgesinfo.fr\/app\/uploads\/sites\/6\/2024\/07\/201906roche.png\" \/>\n<meta name=\"twitter:creator\" content=\"@VosgesInfo88\" \/>\n<meta name=\"twitter:site\" content=\"@VosgesInfo88\" \/>\n<meta name=\"twitter:label1\" content=\"\u00c9crit par\" \/>\n\t<meta name=\"twitter:data1\" content=\"qs_admin\" \/>\n\t<meta name=\"twitter:label2\" content=\"Dur\u00e9e de lecture estim\u00e9e\" \/>\n\t<meta name=\"twitter:data2\" content=\"2 minutes\" \/>\n<script type=\"application\/ld+json\" class=\"yoast-schema-graph\">{\"@context\":\"https:\/\/schema.org\",\"@graph\":[{\"@type\":\"Article\",\"@id\":\"https:\/\/vosgesinfo.fr\/gerardmerinfo\/2019\/06\/chouetinfo-association-attentive-altruiste\/#article\",\"isPartOf\":{\"@id\":\"https:\/\/vosgesinfo.fr\/gerardmerinfo\/2019\/06\/chouetinfo-association-attentive-altruiste\/\"},\"author\":{\"name\":\"qs_admin\",\"@id\":\"https:\/\/vosgesinfo.fr\/gerardmerinfo\/#\/schema\/person\/bc5d02d71e6932e81b6dadb7386667b1\"},\"headline\":\"Chouet\u2019info&#8230;une association attentive et altruiste\",\"datePublished\":\"2019-06-24T12:52:57+00:00\",\"dateModified\":\"2019-06-24T12:52:57+00:00\",\"mainEntityOfPage\":{\"@id\":\"https:\/\/vosgesinfo.fr\/gerardmerinfo\/2019\/06\/chouetinfo-association-attentive-altruiste\/\"},\"wordCount\":374,\"commentCount\":0,\"publisher\":{\"@id\":\"https:\/\/vosgesinfo.fr\/gerardmerinfo\/#organization\"},\"image\":{\"@id\":\"https:\/\/vosgesinfo.fr\/gerardmerinfo\/2019\/06\/chouetinfo-association-attentive-altruiste\/#primaryimage\"},\"thumbnailUrl\":\"https:\/\/vosgesinfo.fr\/app\/uploads\/sites\/6\/2024\/07\/201906roche.png\",\"articleSection\":[\"A la une\",\"Vie Associative\"],\"inLanguage\":\"fr-FR\",\"potentialAction\":[{\"@type\":\"CommentAction\",\"name\":\"Comment\",\"target\":[\"https:\/\/vosgesinfo.fr\/gerardmerinfo\/2019\/06\/chouetinfo-association-attentive-altruiste\/#respond\"]}]},{\"@type\":\"WebPage\",\"@id\":\"https:\/\/vosgesinfo.fr\/gerardmerinfo\/2019\/06\/chouetinfo-association-attentive-altruiste\/\",\"url\":\"https:\/\/vosgesinfo.fr\/gerardmerinfo\/2019\/06\/chouetinfo-association-attentive-altruiste\/\",\"name\":\"Chouet\u2019info...une association attentive et altruiste - Gerardmer Info\",\"isPartOf\":{\"@id\":\"https:\/\/vosgesinfo.fr\/gerardmerinfo\/#website\"},\"primaryImageOfPage\":{\"@id\":\"https:\/\/vosgesinfo.fr\/gerardmerinfo\/2019\/06\/chouetinfo-association-attentive-altruiste\/#primaryimage\"},\"image\":{\"@id\":\"https:\/\/vosgesinfo.fr\/gerardmerinfo\/2019\/06\/chouetinfo-association-attentive-altruiste\/#primaryimage\"},\"thumbnailUrl\":\"https:\/\/vosgesinfo.fr\/app\/uploads\/sites\/6\/2024\/07\/201906roche.png\",\"datePublished\":\"2019-06-24T12:52:57+00:00\",\"dateModified\":\"2019-06-24T12:52:57+00:00\",\"breadcrumb\":{\"@id\":\"https:\/\/vosgesinfo.fr\/gerardmerinfo\/2019\/06\/chouetinfo-association-attentive-altruiste\/#breadcrumb\"},\"inLanguage\":\"fr-FR\",\"potentialAction\":[{\"@type\":\"ReadAction\",\"target\":[\"https:\/\/vosgesinfo.fr\/gerardmerinfo\/2019\/06\/chouetinfo-association-attentive-altruiste\/\"]}]},{\"@type\":\"ImageObject\",\"inLanguage\":\"fr-FR\",\"@id\":\"https:\/\/vosgesinfo.fr\/gerardmerinfo\/2019\/06\/chouetinfo-association-attentive-altruiste\/#primaryimage\",\"url\":\"https:\/\/vosgesinfo.fr\/app\/uploads\/sites\/6\/2024\/07\/201906roche.png\",\"contentUrl\":\"https:\/\/vosgesinfo.fr\/app\/uploads\/sites\/6\/2024\/07\/201906roche.png\",\"width\":570,\"height\":422},{\"@type\":\"BreadcrumbList\",\"@id\":\"https:\/\/vosgesinfo.fr\/gerardmerinfo\/2019\/06\/chouetinfo-association-attentive-altruiste\/#breadcrumb\",\"itemListElement\":[{\"@type\":\"ListItem\",\"position\":1,\"name\":\"Home\",\"item\":\"https:\/\/vosgesinfo.fr\/gerardmerinfo\/\"},{\"@type\":\"ListItem\",\"position\":2,\"name\":\"Chouet\u2019info&#8230;une association attentive et altruiste\"}]},{\"@type\":\"WebSite\",\"@id\":\"https:\/\/vosgesinfo.fr\/gerardmerinfo\/#website\",\"url\":\"https:\/\/vosgesinfo.fr\/gerardmerinfo\/\",\"name\":\"Gerardmer Info\",\"description\":\"Toute l&#039;actualit\u00e9 de G\u00e9rardmer\",\"publisher\":{\"@id\":\"https:\/\/vosgesinfo.fr\/gerardmerinfo\/#organization\"},\"alternateName\":\"Toute l'actualit\u00e9 de G\u00e9rardmer\",\"potentialAction\":[{\"@type\":\"SearchAction\",\"target\":{\"@type\":\"EntryPoint\",\"urlTemplate\":\"https:\/\/vosgesinfo.fr\/gerardmerinfo\/?s={search_term_string}\"},\"query-input\":\"required name=search_term_string\"}],\"inLanguage\":\"fr-FR\"},{\"@type\":\"Organization\",\"@id\":\"https:\/\/vosgesinfo.fr\/gerardmerinfo\/#organization\",\"name\":\"Gerardmer Info\",\"url\":\"https:\/\/vosgesinfo.fr\/gerardmerinfo\/\",\"logo\":{\"@type\":\"ImageObject\",\"inLanguage\":\"fr-FR\",\"@id\":\"https:\/\/vosgesinfo.fr\/gerardmerinfo\/#\/schema\/logo\/image\/\",\"url\":\"https:\/\/vosgesinfo.fr\/app\/uploads\/sites\/6\/2023\/08\/favicon-gerardmerinfo.png\",\"contentUrl\":\"https:\/\/vosgesinfo.fr\/app\/uploads\/sites\/6\/2023\/08\/favicon-gerardmerinfo.png\",\"width\":512,\"height\":512,\"caption\":\"Gerardmer Info\"},\"image\":{\"@id\":\"https:\/\/vosgesinfo.fr\/gerardmerinfo\/#\/schema\/logo\/image\/\"},\"sameAs\":[\"https:\/\/www.facebook.com\/profile.php?id=100049475262660\",\"https:\/\/x.com\/VosgesInfo88\",\"https:\/\/www.youtube.com\/@vosgesinfo\"]},{\"@type\":\"Person\",\"@id\":\"https:\/\/vosgesinfo.fr\/gerardmerinfo\/#\/schema\/person\/bc5d02d71e6932e81b6dadb7386667b1\",\"name\":\"qs_admin\",\"image\":{\"@type\":\"ImageObject\",\"inLanguage\":\"fr-FR\",\"@id\":\"https:\/\/vosgesinfo.fr\/gerardmerinfo\/#\/schema\/person\/image\/\",\"url\":\"https:\/\/secure.gravatar.com\/avatar\/94b18ee0ed79e4a42ea2f2931277b6841a8999fc6fde214600c78057cf1fe1de?s=96&d=mm&r=g\",\"contentUrl\":\"https:\/\/secure.gravatar.com\/avatar\/94b18ee0ed79e4a42ea2f2931277b6841a8999fc6fde214600c78057cf1fe1de?s=96&d=mm&r=g\",\"caption\":\"qs_admin\"},\"sameAs\":[\"https:\/\/vosgesinfo.fr\/wp\"],\"url\":\"https:\/\/vosgesinfo.fr\/gerardmerinfo\/author\/qs_admin\/\"}]}<\/script>\n<!-- \/ Yoast SEO plugin. -->","yoast_head_json":{"title":"Chouet\u2019info...une association attentive et altruiste - Gerardmer Info","robots":{"index":"index","follow":"follow","max-snippet":"max-snippet:-1","max-image-preview":"max-image-preview:large","max-video-preview":"max-video-preview:-1"},"canonical":"https:\/\/vosgesinfo.fr\/gerardmerinfo\/2019\/06\/chouetinfo-association-attentive-altruiste\/","twitter_card":"summary_large_image","twitter_title":"Chouet\u2019info...une association attentive et altruiste - Gerardmer Info","twitter_description":"L\u2019association Chouet\u2019info est cr\u00e9\u00e9e depuis septembre 2012 \u00e0 Rochesson. Son but est de vulgariser\u00a0 l\u2019utilisation des outils mis \u00e0 notre [&hellip;]","twitter_image":"https:\/\/vosgesinfo.fr\/app\/uploads\/sites\/6\/2024\/07\/201906roche.png","twitter_creator":"@VosgesInfo88","twitter_site":"@VosgesInfo88","twitter_misc":{"\u00c9crit par":"qs_admin","Dur\u00e9e de lecture estim\u00e9e":"2 minutes"},"schema":{"@context":"https:\/\/schema.org","@graph":[{"@type":"Article","@id":"https:\/\/vosgesinfo.fr\/gerardmerinfo\/2019\/06\/chouetinfo-association-attentive-altruiste\/#article","isPartOf":{"@id":"https:\/\/vosgesinfo.fr\/gerardmerinfo\/2019\/06\/chouetinfo-association-attentive-altruiste\/"},"author":{"name":"qs_admin","@id":"https:\/\/vosgesinfo.fr\/gerardmerinfo\/#\/schema\/person\/bc5d02d71e6932e81b6dadb7386667b1"},"headline":"Chouet\u2019info&#8230;une association attentive et altruiste","datePublished":"2019-06-24T12:52:57+00:00","dateModified":"2019-06-24T12:52:57+00:00","mainEntityOfPage":{"@id":"https:\/\/vosgesinfo.fr\/gerardmerinfo\/2019\/06\/chouetinfo-association-attentive-altruiste\/"},"wordCount":374,"commentCount":0,"publisher":{"@id":"https:\/\/vosgesinfo.fr\/gerardmerinfo\/#organization"},"image":{"@id":"https:\/\/vosgesinfo.fr\/gerardmerinfo\/2019\/06\/chouetinfo-association-attentive-altruiste\/#primaryimage"},"thumbnailUrl":"https:\/\/vosgesinfo.fr\/app\/uploads\/sites\/6\/2024\/07\/201906roche.png","articleSection":["A la une","Vie Associative"],"inLanguage":"fr-FR","potentialAction":[{"@type":"CommentAction","name":"Comment","target":["https:\/\/vosgesinfo.fr\/gerardmerinfo\/2019\/06\/chouetinfo-association-attentive-altruiste\/#respond"]}]},{"@type":"WebPage","@id":"https:\/\/vosgesinfo.fr\/gerardmerinfo\/2019\/06\/chouetinfo-association-attentive-altruiste\/","url":"https:\/\/vosgesinfo.fr\/gerardmerinfo\/2019\/06\/chouetinfo-association-attentive-altruiste\/","name":"Chouet\u2019info...une association attentive et altruiste - Gerardmer Info","isPartOf":{"@id":"https:\/\/vosgesinfo.fr\/gerardmerinfo\/#website"},"primaryImageOfPage":{"@id":"https:\/\/vosgesinfo.fr\/gerardmerinfo\/2019\/06\/chouetinfo-association-attentive-altruiste\/#primaryimage"},"image":{"@id":"https:\/\/vosgesinfo.fr\/gerardmerinfo\/2019\/06\/chouetinfo-association-attentive-altruiste\/#primaryimage"},"thumbnailUrl":"https:\/\/vosgesinfo.fr\/app\/uploads\/sites\/6\/2024\/07\/201906roche.png","datePublished":"2019-06-24T12:52:57+00:00","dateModified":"2019-06-24T12:52:57+00:00","breadcrumb":{"@id":"https:\/\/vosgesinfo.fr\/gerardmerinfo\/2019\/06\/chouetinfo-association-attentive-altruiste\/#breadcrumb"},"inLanguage":"fr-FR","potentialAction":[{"@type":"ReadAction","target":["https:\/\/vosgesinfo.fr\/gerardmerinfo\/2019\/06\/chouetinfo-association-attentive-altruiste\/"]}]},{"@type":"ImageObject","inLanguage":"fr-FR","@id":"https:\/\/vosgesinfo.fr\/gerardmerinfo\/2019\/06\/chouetinfo-association-attentive-altruiste\/#primaryimage","url":"https:\/\/vosgesinfo.fr\/app\/uploads\/sites\/6\/2024\/07\/201906roche.png","contentUrl":"https:\/\/vosgesinfo.fr\/app\/uploads\/sites\/6\/2024\/07\/201906roche.png","width":570,"height":422},{"@type":"BreadcrumbList","@id":"https:\/\/vosgesinfo.fr\/gerardmerinfo\/2019\/06\/chouetinfo-association-attentive-altruiste\/#breadcrumb","itemListElement":[{"@type":"ListItem","position":1,"name":"Home","item":"https:\/\/vosgesinfo.fr\/gerardmerinfo\/"},{"@type":"ListItem","position":2,"name":"Chouet\u2019info&#8230;une association attentive et altruiste"}]},{"@type":"WebSite","@id":"https:\/\/vosgesinfo.fr\/gerardmerinfo\/#website","url":"https:\/\/vosgesinfo.fr\/gerardmerinfo\/","name":"Gerardmer Info","description":"Toute l&#039;actualit\u00e9 de G\u00e9rardmer","publisher":{"@id":"https:\/\/vosgesinfo.fr\/gerardmerinfo\/#organization"},"alternateName":"Toute l'actualit\u00e9 de G\u00e9rardmer","potentialAction":[{"@type":"SearchAction","target":{"@type":"EntryPoint","urlTemplate":"https:\/\/vosgesinfo.fr\/gerardmerinfo\/?s={search_term_string}"},"query-input":"required name=search_term_string"}],"inLanguage":"fr-FR"},{"@type":"Organization","@id":"https:\/\/vosgesinfo.fr\/gerardmerinfo\/#organization","name":"Gerardmer Info","url":"https:\/\/vosgesinfo.fr\/gerardmerinfo\/","logo":{"@type":"ImageObject","inLanguage":"fr-FR","@id":"https:\/\/vosgesinfo.fr\/gerardmerinfo\/#\/schema\/logo\/image\/","url":"https:\/\/vosgesinfo.fr\/app\/uploads\/sites\/6\/2023\/08\/favicon-gerardmerinfo.png","contentUrl":"https:\/\/vosgesinfo.fr\/app\/uploads\/sites\/6\/2023\/08\/favicon-gerardmerinfo.png","width":512,"height":512,"caption":"Gerardmer Info"},"image":{"@id":"https:\/\/vosgesinfo.fr\/gerardmerinfo\/#\/schema\/logo\/image\/"},"sameAs":["https:\/\/www.facebook.com\/profile.php?id=100049475262660","https:\/\/x.com\/VosgesInfo88","https:\/\/www.youtube.com\/@vosgesinfo"]},{"@type":"Person","@id":"https:\/\/vosgesinfo.fr\/gerardmerinfo\/#\/schema\/person\/bc5d02d71e6932e81b6dadb7386667b1","name":"qs_admin","image":{"@type":"ImageObject","inLanguage":"fr-FR","@id":"https:\/\/vosgesinfo.fr\/gerardmerinfo\/#\/schema\/person\/image\/","url":"https:\/\/secure.gravatar.com\/avatar\/94b18ee0ed79e4a42ea2f2931277b6841a8999fc6fde214600c78057cf1fe1de?s=96&d=mm&r=g","contentUrl":"https:\/\/secure.gravatar.com\/avatar\/94b18ee0ed79e4a42ea2f2931277b6841a8999fc6fde214600c78057cf1fe1de?s=96&d=mm&r=g","caption":"qs_admin"},"sameAs":["https:\/\/vosgesinfo.fr\/wp"],"url":"https:\/\/vosgesinfo.fr\/gerardmerinfo\/author\/qs_admin\/"}]}},"_links":{"self":[{"href":"https:\/\/vosgesinfo.fr\/gerardmerinfo\/wp-json\/wp\/v2\/posts\/42469","targetHints":{"allow":["GET"]}}],"collection":[{"href":"https:\/\/vosgesinfo.fr\/gerardmerinfo\/wp-json\/wp\/v2\/posts"}],"about":[{"href":"https:\/\/vosgesinfo.fr\/gerardmerinfo\/wp-json\/wp\/v2\/types\/post"}],"author":[{"embeddable":true,"href":"https:\/\/vosgesinfo.fr\/gerardmerinfo\/wp-json\/wp\/v2\/users\/1"}],"replies":[{"embeddable":true,"href":"https:\/\/vosgesinfo.fr\/gerardmerinfo\/wp-json\/wp\/v2\/comments?post=42469"}],"version-history":[{"count":0,"href":"https:\/\/vosgesinfo.fr\/gerardmerinfo\/wp-json\/wp\/v2\/posts\/42469\/revisions"}],"wp:featuredmedia":[{"embeddable":true,"href":"https:\/\/vosgesinfo.fr\/gerardmerinfo\/wp-json\/wp\/v2\/media\/42470"}],"wp:attachment":[{"href":"https:\/\/vosgesinfo.fr\/gerardmerinfo\/wp-json\/wp\/v2\/media?parent=42469"}],"wp:term":[{"taxonomy":"category","embeddable":true,"href":"https:\/\/vosgesinfo.fr\/gerardmerinfo\/wp-json\/wp\/v2\/categories?post=42469"},{"taxonomy":"post_tag","embeddable":true,"href":"https:\/\/vosgesinfo.fr\/gerardmerinfo\/wp-json\/wp\/v2\/tags?post=42469"}],"curies":[{"name":"wp","href":"https:\/\/api.w.org\/{rel}","templated":true}]}}