{"id":42582,"date":"2019-06-27T12:08:57","date_gmt":"2019-06-27T10:08:57","guid":{"rendered":"https:\/\/vosgesinfo.fr\/gerardmerinfo\/2019\/06\/vosges-tableau-vole-nazis-rendu-a-proprietaire\/"},"modified":"2019-06-27T12:08:57","modified_gmt":"2019-06-27T10:08:57","slug":"vosges-tableau-vole-nazis-rendu-a-proprietaire","status":"publish","type":"post","link":"https:\/\/vosgesinfo.fr\/gerardmerinfo\/2019\/06\/vosges-tableau-vole-nazis-rendu-a-proprietaire\/","title":{"rendered":"Vosges  : un tableau vol\u00e9 par les nazis rendu \u00e0 son propri\u00e9taire"},"content":{"rendered":"<h2><strong>C\u2019est un \u00e9v\u00e9nement tr\u00e8s rare\u00a0! Un tableau class\u00e9 MNR (Mus\u00e9es Nationaux de R\u00e9cup\u00e9ration) va partir du mus\u00e9e Charles-de-Bruy\u00e8res vendredi 28 juin \u00e0 10h. C\u2019est donc la derni\u00e8re chance pour la population romarimontaine d\u2019aller voir l\u2019<i>Int\u00e9rieur d\u2019\u00e9curie<\/i>, une\u00a0huile sur toile de Cornelis Belt (1640 \u2013 1702), pour lui dire au-revoir. <\/strong><\/h2>\n<p>La mission des MNR est de retrouver et r\u00e9parer les spoliations d\u2019\u0153uvres d\u2019arts perp\u00e9tr\u00e9es par les Nazis durant la Seconde Guerre Mondiale. Cette \u0153uvre a \u00e9t\u00e9 confi\u00e9e par les Mus\u00e9es Nationaux au mus\u00e9e Charles-<a href=\"https:\/\/remiremontinfo.fr\/wp-content\/uploads\/2019\/06\/Himmler-hitler-538x372.png\" data-featherlight=\"image\"><img decoding=\"async\" class=\" wp-image-262659 alignright\" src=\"https:\/\/vosgesinfo.fr\/app\/uploads\/sites\/6\/2019\/06\/himmler-hitler-538x372-369x255-1.png\" alt=\"Himmler-hitler-538x372\" width=\"293\" height=\"202\" \/><\/a>de-Bruy\u00e8res depuis 1997, dans l\u2019attente de retrouver son l\u00e9gitime propri\u00e9taire. Ce jour \u00e9tant arriv\u00e9 pour cette \u0153uvre, celle-ci va \u00eatre remise par le Ministre de la Culture \u00e0 son propri\u00e9taire, issu d\u2019une famille juive, lors d\u2019une c\u00e9r\u00e9monie \u00e0 Paris. R\u00e9paration est ainsi faite.<\/p>\n","protected":false},"excerpt":{"rendered":"<p>C\u2019est un \u00e9v\u00e9nement tr\u00e8s rare\u00a0! Un tableau class\u00e9 MNR (Mus\u00e9es Nationaux de R\u00e9cup\u00e9ration) va partir du mus\u00e9e Charles-de-Bruy\u00e8res vendredi 28 [&hellip;]<\/p>\n","protected":false},"author":1,"featured_media":42583,"comment_status":"open","ping_status":"open","sticky":false,"template":"","format":"standard","meta":{"footnotes":""},"categories":[20,4,18],"tags":[],"class_list":["post-42582","post","type-post","status-publish","format-standard","has-post-thumbnail","hentry","category-a-la-une","category-culture","category-vosges"],"acf":[],"yoast_head":"<!-- This site is optimized with the Yoast SEO plugin v22.5 - https:\/\/yoast.com\/wordpress\/plugins\/seo\/ -->\n<title>Vosges : un tableau vol\u00e9 par les nazis rendu \u00e0 son propri\u00e9taire - Gerardmer Info<\/title>\n<meta name=\"robots\" content=\"index, follow, max-snippet:-1, max-image-preview:large, max-video-preview:-1\" \/>\n<link rel=\"canonical\" href=\"https:\/\/vosgesinfo.fr\/gerardmerinfo\/2019\/06\/vosges-tableau-vole-nazis-rendu-a-proprietaire\/\" \/>\n<meta name=\"twitter:card\" content=\"summary_large_image\" \/>\n<meta name=\"twitter:title\" content=\"Vosges : un tableau vol\u00e9 par les nazis rendu \u00e0 son propri\u00e9taire - Gerardmer Info\" \/>\n<meta name=\"twitter:description\" content=\"C\u2019est un \u00e9v\u00e9nement tr\u00e8s rare\u00a0! Un tableau class\u00e9 MNR (Mus\u00e9es Nationaux de R\u00e9cup\u00e9ration) va partir du mus\u00e9e Charles-de-Bruy\u00e8res vendredi 28 [&hellip;]\" \/>\n<meta name=\"twitter:image\" content=\"https:\/\/vosgesinfo.fr\/app\/uploads\/sites\/6\/2024\/07\/2019061280px-remiremont-musee-charles-de-bruyeres-1.jpg\" \/>\n<meta name=\"twitter:creator\" content=\"@VosgesInfo88\" \/>\n<meta name=\"twitter:site\" content=\"@VosgesInfo88\" \/>\n<meta name=\"twitter:label1\" content=\"\u00c9crit par\" \/>\n\t<meta name=\"twitter:data1\" content=\"qs_admin\" \/>\n\t<meta name=\"twitter:label2\" content=\"Dur\u00e9e de lecture estim\u00e9e\" \/>\n\t<meta name=\"twitter:data2\" content=\"1 minute\" \/>\n<script type=\"application\/ld+json\" class=\"yoast-schema-graph\">{\"@context\":\"https:\/\/schema.org\",\"@graph\":[{\"@type\":\"Article\",\"@id\":\"https:\/\/vosgesinfo.fr\/gerardmerinfo\/2019\/06\/vosges-tableau-vole-nazis-rendu-a-proprietaire\/#article\",\"isPartOf\":{\"@id\":\"https:\/\/vosgesinfo.fr\/gerardmerinfo\/2019\/06\/vosges-tableau-vole-nazis-rendu-a-proprietaire\/\"},\"author\":{\"name\":\"qs_admin\",\"@id\":\"https:\/\/vosgesinfo.fr\/gerardmerinfo\/#\/schema\/person\/bc5d02d71e6932e81b6dadb7386667b1\"},\"headline\":\"Vosges : un tableau vol\u00e9 par les nazis rendu \u00e0 son propri\u00e9taire\",\"datePublished\":\"2019-06-27T10:08:57+00:00\",\"dateModified\":\"2019-06-27T10:08:57+00:00\",\"mainEntityOfPage\":{\"@id\":\"https:\/\/vosgesinfo.fr\/gerardmerinfo\/2019\/06\/vosges-tableau-vole-nazis-rendu-a-proprietaire\/\"},\"wordCount\":162,\"commentCount\":0,\"publisher\":{\"@id\":\"https:\/\/vosgesinfo.fr\/gerardmerinfo\/#organization\"},\"image\":{\"@id\":\"https:\/\/vosgesinfo.fr\/gerardmerinfo\/2019\/06\/vosges-tableau-vole-nazis-rendu-a-proprietaire\/#primaryimage\"},\"thumbnailUrl\":\"https:\/\/vosgesinfo.fr\/app\/uploads\/sites\/6\/2024\/07\/2019061280px-remiremont-musee-charles-de-bruyeres-1.jpg\",\"articleSection\":[\"A la une\",\"Culture\",\"Vosges\"],\"inLanguage\":\"fr-FR\",\"potentialAction\":[{\"@type\":\"CommentAction\",\"name\":\"Comment\",\"target\":[\"https:\/\/vosgesinfo.fr\/gerardmerinfo\/2019\/06\/vosges-tableau-vole-nazis-rendu-a-proprietaire\/#respond\"]}]},{\"@type\":\"WebPage\",\"@id\":\"https:\/\/vosgesinfo.fr\/gerardmerinfo\/2019\/06\/vosges-tableau-vole-nazis-rendu-a-proprietaire\/\",\"url\":\"https:\/\/vosgesinfo.fr\/gerardmerinfo\/2019\/06\/vosges-tableau-vole-nazis-rendu-a-proprietaire\/\",\"name\":\"Vosges : un tableau vol\u00e9 par les nazis rendu \u00e0 son propri\u00e9taire - Gerardmer Info\",\"isPartOf\":{\"@id\":\"https:\/\/vosgesinfo.fr\/gerardmerinfo\/#website\"},\"primaryImageOfPage\":{\"@id\":\"https:\/\/vosgesinfo.fr\/gerardmerinfo\/2019\/06\/vosges-tableau-vole-nazis-rendu-a-proprietaire\/#primaryimage\"},\"image\":{\"@id\":\"https:\/\/vosgesinfo.fr\/gerardmerinfo\/2019\/06\/vosges-tableau-vole-nazis-rendu-a-proprietaire\/#primaryimage\"},\"thumbnailUrl\":\"https:\/\/vosgesinfo.fr\/app\/uploads\/sites\/6\/2024\/07\/2019061280px-remiremont-musee-charles-de-bruyeres-1.jpg\",\"datePublished\":\"2019-06-27T10:08:57+00:00\",\"dateModified\":\"2019-06-27T10:08:57+00:00\",\"breadcrumb\":{\"@id\":\"https:\/\/vosgesinfo.fr\/gerardmerinfo\/2019\/06\/vosges-tableau-vole-nazis-rendu-a-proprietaire\/#breadcrumb\"},\"inLanguage\":\"fr-FR\",\"potentialAction\":[{\"@type\":\"ReadAction\",\"target\":[\"https:\/\/vosgesinfo.fr\/gerardmerinfo\/2019\/06\/vosges-tableau-vole-nazis-rendu-a-proprietaire\/\"]}]},{\"@type\":\"ImageObject\",\"inLanguage\":\"fr-FR\",\"@id\":\"https:\/\/vosgesinfo.fr\/gerardmerinfo\/2019\/06\/vosges-tableau-vole-nazis-rendu-a-proprietaire\/#primaryimage\",\"url\":\"https:\/\/vosgesinfo.fr\/app\/uploads\/sites\/6\/2024\/07\/2019061280px-remiremont-musee-charles-de-bruyeres-1.jpg\",\"contentUrl\":\"https:\/\/vosgesinfo.fr\/app\/uploads\/sites\/6\/2024\/07\/2019061280px-remiremont-musee-charles-de-bruyeres-1.jpg\",\"width\":800,\"height\":600},{\"@type\":\"BreadcrumbList\",\"@id\":\"https:\/\/vosgesinfo.fr\/gerardmerinfo\/2019\/06\/vosges-tableau-vole-nazis-rendu-a-proprietaire\/#breadcrumb\",\"itemListElement\":[{\"@type\":\"ListItem\",\"position\":1,\"name\":\"Home\",\"item\":\"https:\/\/vosgesinfo.fr\/gerardmerinfo\/\"},{\"@type\":\"ListItem\",\"position\":2,\"name\":\"Vosges : un tableau vol\u00e9 par les nazis rendu \u00e0 son propri\u00e9taire\"}]},{\"@type\":\"WebSite\",\"@id\":\"https:\/\/vosgesinfo.fr\/gerardmerinfo\/#website\",\"url\":\"https:\/\/vosgesinfo.fr\/gerardmerinfo\/\",\"name\":\"Gerardmer Info\",\"description\":\"Toute l&#039;actualit\u00e9 de G\u00e9rardmer\",\"publisher\":{\"@id\":\"https:\/\/vosgesinfo.fr\/gerardmerinfo\/#organization\"},\"alternateName\":\"Toute l'actualit\u00e9 de G\u00e9rardmer\",\"potentialAction\":[{\"@type\":\"SearchAction\",\"target\":{\"@type\":\"EntryPoint\",\"urlTemplate\":\"https:\/\/vosgesinfo.fr\/gerardmerinfo\/?s={search_term_string}\"},\"query-input\":\"required name=search_term_string\"}],\"inLanguage\":\"fr-FR\"},{\"@type\":\"Organization\",\"@id\":\"https:\/\/vosgesinfo.fr\/gerardmerinfo\/#organization\",\"name\":\"Gerardmer Info\",\"url\":\"https:\/\/vosgesinfo.fr\/gerardmerinfo\/\",\"logo\":{\"@type\":\"ImageObject\",\"inLanguage\":\"fr-FR\",\"@id\":\"https:\/\/vosgesinfo.fr\/gerardmerinfo\/#\/schema\/logo\/image\/\",\"url\":\"https:\/\/vosgesinfo.fr\/app\/uploads\/sites\/6\/2023\/08\/favicon-gerardmerinfo.png\",\"contentUrl\":\"https:\/\/vosgesinfo.fr\/app\/uploads\/sites\/6\/2023\/08\/favicon-gerardmerinfo.png\",\"width\":512,\"height\":512,\"caption\":\"Gerardmer Info\"},\"image\":{\"@id\":\"https:\/\/vosgesinfo.fr\/gerardmerinfo\/#\/schema\/logo\/image\/\"},\"sameAs\":[\"https:\/\/www.facebook.com\/profile.php?id=100049475262660\",\"https:\/\/x.com\/VosgesInfo88\",\"https:\/\/www.youtube.com\/@vosgesinfo\"]},{\"@type\":\"Person\",\"@id\":\"https:\/\/vosgesinfo.fr\/gerardmerinfo\/#\/schema\/person\/bc5d02d71e6932e81b6dadb7386667b1\",\"name\":\"qs_admin\",\"image\":{\"@type\":\"ImageObject\",\"inLanguage\":\"fr-FR\",\"@id\":\"https:\/\/vosgesinfo.fr\/gerardmerinfo\/#\/schema\/person\/image\/\",\"url\":\"https:\/\/secure.gravatar.com\/avatar\/94b18ee0ed79e4a42ea2f2931277b6841a8999fc6fde214600c78057cf1fe1de?s=96&d=mm&r=g\",\"contentUrl\":\"https:\/\/secure.gravatar.com\/avatar\/94b18ee0ed79e4a42ea2f2931277b6841a8999fc6fde214600c78057cf1fe1de?s=96&d=mm&r=g\",\"caption\":\"qs_admin\"},\"sameAs\":[\"https:\/\/vosgesinfo.fr\/wp\"],\"url\":\"https:\/\/vosgesinfo.fr\/gerardmerinfo\/author\/qs_admin\/\"}]}<\/script>\n<!-- \/ Yoast SEO plugin. -->","yoast_head_json":{"title":"Vosges : un tableau vol\u00e9 par les nazis rendu \u00e0 son propri\u00e9taire - Gerardmer Info","robots":{"index":"index","follow":"follow","max-snippet":"max-snippet:-1","max-image-preview":"max-image-preview:large","max-video-preview":"max-video-preview:-1"},"canonical":"https:\/\/vosgesinfo.fr\/gerardmerinfo\/2019\/06\/vosges-tableau-vole-nazis-rendu-a-proprietaire\/","twitter_card":"summary_large_image","twitter_title":"Vosges : un tableau vol\u00e9 par les nazis rendu \u00e0 son propri\u00e9taire - Gerardmer Info","twitter_description":"C\u2019est un \u00e9v\u00e9nement tr\u00e8s rare\u00a0! Un tableau class\u00e9 MNR (Mus\u00e9es Nationaux de R\u00e9cup\u00e9ration) va partir du mus\u00e9e Charles-de-Bruy\u00e8res vendredi 28 [&hellip;]","twitter_image":"https:\/\/vosgesinfo.fr\/app\/uploads\/sites\/6\/2024\/07\/2019061280px-remiremont-musee-charles-de-bruyeres-1.jpg","twitter_creator":"@VosgesInfo88","twitter_site":"@VosgesInfo88","twitter_misc":{"\u00c9crit par":"qs_admin","Dur\u00e9e de lecture estim\u00e9e":"1 minute"},"schema":{"@context":"https:\/\/schema.org","@graph":[{"@type":"Article","@id":"https:\/\/vosgesinfo.fr\/gerardmerinfo\/2019\/06\/vosges-tableau-vole-nazis-rendu-a-proprietaire\/#article","isPartOf":{"@id":"https:\/\/vosgesinfo.fr\/gerardmerinfo\/2019\/06\/vosges-tableau-vole-nazis-rendu-a-proprietaire\/"},"author":{"name":"qs_admin","@id":"https:\/\/vosgesinfo.fr\/gerardmerinfo\/#\/schema\/person\/bc5d02d71e6932e81b6dadb7386667b1"},"headline":"Vosges : un tableau vol\u00e9 par les nazis rendu \u00e0 son propri\u00e9taire","datePublished":"2019-06-27T10:08:57+00:00","dateModified":"2019-06-27T10:08:57+00:00","mainEntityOfPage":{"@id":"https:\/\/vosgesinfo.fr\/gerardmerinfo\/2019\/06\/vosges-tableau-vole-nazis-rendu-a-proprietaire\/"},"wordCount":162,"commentCount":0,"publisher":{"@id":"https:\/\/vosgesinfo.fr\/gerardmerinfo\/#organization"},"image":{"@id":"https:\/\/vosgesinfo.fr\/gerardmerinfo\/2019\/06\/vosges-tableau-vole-nazis-rendu-a-proprietaire\/#primaryimage"},"thumbnailUrl":"https:\/\/vosgesinfo.fr\/app\/uploads\/sites\/6\/2024\/07\/2019061280px-remiremont-musee-charles-de-bruyeres-1.jpg","articleSection":["A la une","Culture","Vosges"],"inLanguage":"fr-FR","potentialAction":[{"@type":"CommentAction","name":"Comment","target":["https:\/\/vosgesinfo.fr\/gerardmerinfo\/2019\/06\/vosges-tableau-vole-nazis-rendu-a-proprietaire\/#respond"]}]},{"@type":"WebPage","@id":"https:\/\/vosgesinfo.fr\/gerardmerinfo\/2019\/06\/vosges-tableau-vole-nazis-rendu-a-proprietaire\/","url":"https:\/\/vosgesinfo.fr\/gerardmerinfo\/2019\/06\/vosges-tableau-vole-nazis-rendu-a-proprietaire\/","name":"Vosges : un tableau vol\u00e9 par les nazis rendu \u00e0 son propri\u00e9taire - Gerardmer Info","isPartOf":{"@id":"https:\/\/vosgesinfo.fr\/gerardmerinfo\/#website"},"primaryImageOfPage":{"@id":"https:\/\/vosgesinfo.fr\/gerardmerinfo\/2019\/06\/vosges-tableau-vole-nazis-rendu-a-proprietaire\/#primaryimage"},"image":{"@id":"https:\/\/vosgesinfo.fr\/gerardmerinfo\/2019\/06\/vosges-tableau-vole-nazis-rendu-a-proprietaire\/#primaryimage"},"thumbnailUrl":"https:\/\/vosgesinfo.fr\/app\/uploads\/sites\/6\/2024\/07\/2019061280px-remiremont-musee-charles-de-bruyeres-1.jpg","datePublished":"2019-06-27T10:08:57+00:00","dateModified":"2019-06-27T10:08:57+00:00","breadcrumb":{"@id":"https:\/\/vosgesinfo.fr\/gerardmerinfo\/2019\/06\/vosges-tableau-vole-nazis-rendu-a-proprietaire\/#breadcrumb"},"inLanguage":"fr-FR","potentialAction":[{"@type":"ReadAction","target":["https:\/\/vosgesinfo.fr\/gerardmerinfo\/2019\/06\/vosges-tableau-vole-nazis-rendu-a-proprietaire\/"]}]},{"@type":"ImageObject","inLanguage":"fr-FR","@id":"https:\/\/vosgesinfo.fr\/gerardmerinfo\/2019\/06\/vosges-tableau-vole-nazis-rendu-a-proprietaire\/#primaryimage","url":"https:\/\/vosgesinfo.fr\/app\/uploads\/sites\/6\/2024\/07\/2019061280px-remiremont-musee-charles-de-bruyeres-1.jpg","contentUrl":"https:\/\/vosgesinfo.fr\/app\/uploads\/sites\/6\/2024\/07\/2019061280px-remiremont-musee-charles-de-bruyeres-1.jpg","width":800,"height":600},{"@type":"BreadcrumbList","@id":"https:\/\/vosgesinfo.fr\/gerardmerinfo\/2019\/06\/vosges-tableau-vole-nazis-rendu-a-proprietaire\/#breadcrumb","itemListElement":[{"@type":"ListItem","position":1,"name":"Home","item":"https:\/\/vosgesinfo.fr\/gerardmerinfo\/"},{"@type":"ListItem","position":2,"name":"Vosges : un tableau vol\u00e9 par les nazis rendu \u00e0 son propri\u00e9taire"}]},{"@type":"WebSite","@id":"https:\/\/vosgesinfo.fr\/gerardmerinfo\/#website","url":"https:\/\/vosgesinfo.fr\/gerardmerinfo\/","name":"Gerardmer Info","description":"Toute l&#039;actualit\u00e9 de G\u00e9rardmer","publisher":{"@id":"https:\/\/vosgesinfo.fr\/gerardmerinfo\/#organization"},"alternateName":"Toute l'actualit\u00e9 de G\u00e9rardmer","potentialAction":[{"@type":"SearchAction","target":{"@type":"EntryPoint","urlTemplate":"https:\/\/vosgesinfo.fr\/gerardmerinfo\/?s={search_term_string}"},"query-input":"required name=search_term_string"}],"inLanguage":"fr-FR"},{"@type":"Organization","@id":"https:\/\/vosgesinfo.fr\/gerardmerinfo\/#organization","name":"Gerardmer Info","url":"https:\/\/vosgesinfo.fr\/gerardmerinfo\/","logo":{"@type":"ImageObject","inLanguage":"fr-FR","@id":"https:\/\/vosgesinfo.fr\/gerardmerinfo\/#\/schema\/logo\/image\/","url":"https:\/\/vosgesinfo.fr\/app\/uploads\/sites\/6\/2023\/08\/favicon-gerardmerinfo.png","contentUrl":"https:\/\/vosgesinfo.fr\/app\/uploads\/sites\/6\/2023\/08\/favicon-gerardmerinfo.png","width":512,"height":512,"caption":"Gerardmer Info"},"image":{"@id":"https:\/\/vosgesinfo.fr\/gerardmerinfo\/#\/schema\/logo\/image\/"},"sameAs":["https:\/\/www.facebook.com\/profile.php?id=100049475262660","https:\/\/x.com\/VosgesInfo88","https:\/\/www.youtube.com\/@vosgesinfo"]},{"@type":"Person","@id":"https:\/\/vosgesinfo.fr\/gerardmerinfo\/#\/schema\/person\/bc5d02d71e6932e81b6dadb7386667b1","name":"qs_admin","image":{"@type":"ImageObject","inLanguage":"fr-FR","@id":"https:\/\/vosgesinfo.fr\/gerardmerinfo\/#\/schema\/person\/image\/","url":"https:\/\/secure.gravatar.com\/avatar\/94b18ee0ed79e4a42ea2f2931277b6841a8999fc6fde214600c78057cf1fe1de?s=96&d=mm&r=g","contentUrl":"https:\/\/secure.gravatar.com\/avatar\/94b18ee0ed79e4a42ea2f2931277b6841a8999fc6fde214600c78057cf1fe1de?s=96&d=mm&r=g","caption":"qs_admin"},"sameAs":["https:\/\/vosgesinfo.fr\/wp"],"url":"https:\/\/vosgesinfo.fr\/gerardmerinfo\/author\/qs_admin\/"}]}},"_links":{"self":[{"href":"https:\/\/vosgesinfo.fr\/gerardmerinfo\/wp-json\/wp\/v2\/posts\/42582","targetHints":{"allow":["GET"]}}],"collection":[{"href":"https:\/\/vosgesinfo.fr\/gerardmerinfo\/wp-json\/wp\/v2\/posts"}],"about":[{"href":"https:\/\/vosgesinfo.fr\/gerardmerinfo\/wp-json\/wp\/v2\/types\/post"}],"author":[{"embeddable":true,"href":"https:\/\/vosgesinfo.fr\/gerardmerinfo\/wp-json\/wp\/v2\/users\/1"}],"replies":[{"embeddable":true,"href":"https:\/\/vosgesinfo.fr\/gerardmerinfo\/wp-json\/wp\/v2\/comments?post=42582"}],"version-history":[{"count":0,"href":"https:\/\/vosgesinfo.fr\/gerardmerinfo\/wp-json\/wp\/v2\/posts\/42582\/revisions"}],"wp:featuredmedia":[{"embeddable":true,"href":"https:\/\/vosgesinfo.fr\/gerardmerinfo\/wp-json\/wp\/v2\/media\/42583"}],"wp:attachment":[{"href":"https:\/\/vosgesinfo.fr\/gerardmerinfo\/wp-json\/wp\/v2\/media?parent=42582"}],"wp:term":[{"taxonomy":"category","embeddable":true,"href":"https:\/\/vosgesinfo.fr\/gerardmerinfo\/wp-json\/wp\/v2\/categories?post=42582"},{"taxonomy":"post_tag","embeddable":true,"href":"https:\/\/vosgesinfo.fr\/gerardmerinfo\/wp-json\/wp\/v2\/tags?post=42582"}],"curies":[{"name":"wp","href":"https:\/\/api.w.org\/{rel}","templated":true}]}}