{"id":42589,"date":"2019-06-27T16:11:52","date_gmt":"2019-06-27T14:11:52","guid":{"rendered":"https:\/\/vosgesinfo.fr\/gerardmerinfo\/2019\/06\/pic-de-pollution-a-lozone-vitesse-reduite-de-20-kmh-vosges\/"},"modified":"2019-06-27T16:11:52","modified_gmt":"2019-06-27T14:11:52","slug":"pic-de-pollution-a-lozone-vitesse-reduite-de-20-kmh-vosges","status":"publish","type":"post","link":"https:\/\/vosgesinfo.fr\/gerardmerinfo\/2019\/06\/pic-de-pollution-a-lozone-vitesse-reduite-de-20-kmh-vosges\/","title":{"rendered":"Pic de pollution \u00e0 l\u2019ozone : la vitesse r\u00e9duite de 20 km\/h dans les Vosges"},"content":{"rendered":"<h2><span style=\"font-size: 14pt;\"><a href=\"https:\/\/gerardmerinfo.fr\/2019\/06\/pic-de-pollution-a-lozone-vitesse-reduite-de-20-kmh-vosges\/route-voitures-pollution-2\/\" rel=\"attachment wp-att-149173\"><img decoding=\"async\" class=\"aligncenter size-full wp-image-149173\" src=\"\/2019\/06\/route-voitures-pollution.jpg\" alt=\"route-voitures-pollution\" width=\"800\" height=\"533\" \/><\/a>Le d\u00e9partement des Vosges conna\u00eet un pic de pollution atmosph\u00e9rique de type \u00ab\u00a0estival\u00a0\u00bb li\u00e9 \u00e0 l\u2019ensoleillement et aux fortes chaleurs actuels. Ce pic de pollution\u00a0entra\u00eene le d\u00e9clenchement des mesures d\u2019urgence comme la r\u00e9duction de la vitesse de 20 km\/h sur les routes vosgiennes \u00e0 partir de ce jeudi soir minuit. Les contr\u00f4les de vitesse et anti-pollution sur route seront r\u00e9alis\u00e9s.<\/span><\/h2>\n<p>Le 25 juin 2019, l\u2019association agr\u00e9\u00e9e de surveillance de la qualit\u00e9 de l\u2019air en r\u00e9gion Grand Est, ATMO Grand Est, a d\u00e9clench\u00e9 la proc\u00e9dure d\u2019alerte \u00e0 la pollution atmosph\u00e9rique sur le d\u00e9partement des Vosges.<\/p>\n<p>\u00c9tant donn\u00e9 que les impacts sanitaires de la pollution atmosph\u00e9rique sont av\u00e9r\u00e9s et qu\u2019il existe dans le m\u00eame temps des moyens pour r\u00e9duire les \u00e9missions de polluants, le pr\u00e9fet des Vosges a pris un arr\u00eat\u00e9 afin de d\u00e9clencher les mesures d\u2019urgence pr\u00e9vues par la proc\u00e9dure d\u2019alerte sur l\u2019ensemble du d\u00e9partement.<\/p>\n<h3>Les mesures prises par le pr\u00e9fet sont les suivantes :<\/h3>\n<p>\u2022 Les sites responsables localement des \u00e9missions les plus importantes mettent en \u0153uvre les dispositions pr\u00e9vues dans leur arr\u00eat\u00e9 d\u2019autorisation ICPE en cas d\u2019alerte \u00e0 la pollution de niveau 1 ;<\/p>\n<p>\u2022 Sur le r\u00e9seau autoroutier et les routes \u00e0 chauss\u00e9es s\u00e9par\u00e9es, la vitesse maximale autoris\u00e9e pour tous les v\u00e9hicules est abaiss\u00e9e de 20km\/h sans descendre en dessous de 70km\/h. Pour les autocars et poids lourds (&gt;3.5t) cette baisse de 20 km\/h de la vitesse maximale autoris\u00e9e ne s\u2019applique pas sur les tron\u00e7ons limit\u00e9s \u00e0 130km\/h ;<\/p>\n<p>\u2022 Les contr\u00f4les de vitesse et anti-pollution sur route sont r\u00e9alis\u00e9s sur les axes concern\u00e9s ;<\/p>\n<p>\u2022 Les collectivit\u00e9s ayant d\u00e9fini des plans d\u2019urgence mettent en \u0153uvre les actions les plus adapt\u00e9es.<\/p>\n<p>Si l\u2019\u00e9pisode de pollution se prolonge, les mesures \u00e9nonc\u00e9es seront maintenues et renforc\u00e9es d\u00e8s le Jeudi 27 juin \u2013 00h par les mesures suivantes :<\/p>\n<p>\u2022 La vitesse maximale autoris\u00e9e pour les v\u00e9hicules est abaiss\u00e9e de 20km\/h sans descendre en dessous de 70km\/h sur l\u2019ensemble du r\u00e9seau routier du d\u00e9partement ;<\/p>\n<p>\u2022 Les sites industriels responsables localement des \u00e9missions les plus importantes mettent en \u0153uvre les dispositions pr\u00e9vues dans leur arr\u00eat\u00e9 d\u2019autorisation ICPE en cas d\u2019alerte \u00e0 la pollution de niveau 2.<\/p>\n<p>A noter que les cat\u00e9gories de v\u00e9hicules suivantes ne sont pas soumises \u00e0 la r\u00e9duction de vitesse :<\/p>\n<p>\u2022 les v\u00e9hicules des forces de l\u2019ordre et de s\u00e9curit\u00e9 civile ;<\/p>\n<p>\u2022 les v\u00e9hicules des services d\u2019incendie et de secours ;<\/p>\n<p>\u2022 les v\u00e9hicules d\u2019urgence m\u00e9dicale (SMUR-ATSU).<\/p>\n<p>Les mesures prises par le pr\u00e9fet seront lev\u00e9es d\u00e8s que la proc\u00e9dure d\u2019alerte sera lev\u00e9e.<\/p>\n<p>Pour conna\u00eetre des informations compl\u00e9mentaires sur la qualit\u00e9 de l\u2019air et sur l\u2019\u00e9volution de la proc\u00e9dure d\u2019alerte, veuillez consulter le site internet d\u2019ATMO Grand Est :<\/p>\n<p>http:\/\/www.atmo-grandest.eu\/<\/p>\n","protected":false},"excerpt":{"rendered":"<p>Le d\u00e9partement des Vosges conna\u00eet un pic de pollution atmosph\u00e9rique de type \u00ab\u00a0estival\u00a0\u00bb li\u00e9 \u00e0 l\u2019ensoleillement et aux fortes chaleurs [&hellip;]<\/p>\n","protected":false},"author":1,"featured_media":42590,"comment_status":"open","ping_status":"open","sticky":false,"template":"","format":"standard","meta":{"footnotes":""},"categories":[20,18],"tags":[],"class_list":["post-42589","post","type-post","status-publish","format-standard","has-post-thumbnail","hentry","category-a-la-une","category-vosges"],"acf":[],"yoast_head":"<!-- This site is optimized with the Yoast SEO plugin v22.5 - https:\/\/yoast.com\/wordpress\/plugins\/seo\/ -->\n<title>Pic de pollution \u00e0 l\u2019ozone : la vitesse r\u00e9duite de 20 km\/h dans les Vosges - Gerardmer Info<\/title>\n<meta name=\"robots\" content=\"index, follow, max-snippet:-1, max-image-preview:large, max-video-preview:-1\" \/>\n<link rel=\"canonical\" href=\"https:\/\/vosgesinfo.fr\/gerardmerinfo\/2019\/06\/pic-de-pollution-a-lozone-vitesse-reduite-de-20-kmh-vosges\/\" \/>\n<meta name=\"twitter:card\" content=\"summary_large_image\" \/>\n<meta name=\"twitter:title\" content=\"Pic de pollution \u00e0 l\u2019ozone : la vitesse r\u00e9duite de 20 km\/h dans les Vosges - Gerardmer Info\" \/>\n<meta name=\"twitter:description\" content=\"Le d\u00e9partement des Vosges conna\u00eet un pic de pollution atmosph\u00e9rique de type \u00ab\u00a0estival\u00a0\u00bb li\u00e9 \u00e0 l\u2019ensoleillement et aux fortes chaleurs [&hellip;]\" \/>\n<meta name=\"twitter:image\" content=\"https:\/\/vosgesinfo.fr\/app\/uploads\/sites\/6\/2024\/07\/201906route-voitures-pollution.jpg\" \/>\n<meta name=\"twitter:creator\" content=\"@VosgesInfo88\" \/>\n<meta name=\"twitter:site\" content=\"@VosgesInfo88\" \/>\n<meta name=\"twitter:label1\" content=\"\u00c9crit par\" \/>\n\t<meta name=\"twitter:data1\" content=\"qs_admin\" \/>\n\t<meta name=\"twitter:label2\" content=\"Dur\u00e9e de lecture estim\u00e9e\" \/>\n\t<meta name=\"twitter:data2\" content=\"3 minutes\" \/>\n<script type=\"application\/ld+json\" class=\"yoast-schema-graph\">{\"@context\":\"https:\/\/schema.org\",\"@graph\":[{\"@type\":\"Article\",\"@id\":\"https:\/\/vosgesinfo.fr\/gerardmerinfo\/2019\/06\/pic-de-pollution-a-lozone-vitesse-reduite-de-20-kmh-vosges\/#article\",\"isPartOf\":{\"@id\":\"https:\/\/vosgesinfo.fr\/gerardmerinfo\/2019\/06\/pic-de-pollution-a-lozone-vitesse-reduite-de-20-kmh-vosges\/\"},\"author\":{\"name\":\"qs_admin\",\"@id\":\"https:\/\/vosgesinfo.fr\/gerardmerinfo\/#\/schema\/person\/bc5d02d71e6932e81b6dadb7386667b1\"},\"headline\":\"Pic de pollution \u00e0 l\u2019ozone : la vitesse r\u00e9duite de 20 km\/h dans les Vosges\",\"datePublished\":\"2019-06-27T14:11:52+00:00\",\"dateModified\":\"2019-06-27T14:11:52+00:00\",\"mainEntityOfPage\":{\"@id\":\"https:\/\/vosgesinfo.fr\/gerardmerinfo\/2019\/06\/pic-de-pollution-a-lozone-vitesse-reduite-de-20-kmh-vosges\/\"},\"wordCount\":532,\"commentCount\":0,\"publisher\":{\"@id\":\"https:\/\/vosgesinfo.fr\/gerardmerinfo\/#organization\"},\"image\":{\"@id\":\"https:\/\/vosgesinfo.fr\/gerardmerinfo\/2019\/06\/pic-de-pollution-a-lozone-vitesse-reduite-de-20-kmh-vosges\/#primaryimage\"},\"thumbnailUrl\":\"https:\/\/vosgesinfo.fr\/app\/uploads\/sites\/6\/2024\/07\/201906route-voitures-pollution.jpg\",\"articleSection\":[\"A la une\",\"Vosges\"],\"inLanguage\":\"fr-FR\",\"potentialAction\":[{\"@type\":\"CommentAction\",\"name\":\"Comment\",\"target\":[\"https:\/\/vosgesinfo.fr\/gerardmerinfo\/2019\/06\/pic-de-pollution-a-lozone-vitesse-reduite-de-20-kmh-vosges\/#respond\"]}]},{\"@type\":\"WebPage\",\"@id\":\"https:\/\/vosgesinfo.fr\/gerardmerinfo\/2019\/06\/pic-de-pollution-a-lozone-vitesse-reduite-de-20-kmh-vosges\/\",\"url\":\"https:\/\/vosgesinfo.fr\/gerardmerinfo\/2019\/06\/pic-de-pollution-a-lozone-vitesse-reduite-de-20-kmh-vosges\/\",\"name\":\"Pic de pollution \u00e0 l\u2019ozone : la vitesse r\u00e9duite de 20 km\/h dans les Vosges - Gerardmer Info\",\"isPartOf\":{\"@id\":\"https:\/\/vosgesinfo.fr\/gerardmerinfo\/#website\"},\"primaryImageOfPage\":{\"@id\":\"https:\/\/vosgesinfo.fr\/gerardmerinfo\/2019\/06\/pic-de-pollution-a-lozone-vitesse-reduite-de-20-kmh-vosges\/#primaryimage\"},\"image\":{\"@id\":\"https:\/\/vosgesinfo.fr\/gerardmerinfo\/2019\/06\/pic-de-pollution-a-lozone-vitesse-reduite-de-20-kmh-vosges\/#primaryimage\"},\"thumbnailUrl\":\"https:\/\/vosgesinfo.fr\/app\/uploads\/sites\/6\/2024\/07\/201906route-voitures-pollution.jpg\",\"datePublished\":\"2019-06-27T14:11:52+00:00\",\"dateModified\":\"2019-06-27T14:11:52+00:00\",\"breadcrumb\":{\"@id\":\"https:\/\/vosgesinfo.fr\/gerardmerinfo\/2019\/06\/pic-de-pollution-a-lozone-vitesse-reduite-de-20-kmh-vosges\/#breadcrumb\"},\"inLanguage\":\"fr-FR\",\"potentialAction\":[{\"@type\":\"ReadAction\",\"target\":[\"https:\/\/vosgesinfo.fr\/gerardmerinfo\/2019\/06\/pic-de-pollution-a-lozone-vitesse-reduite-de-20-kmh-vosges\/\"]}]},{\"@type\":\"ImageObject\",\"inLanguage\":\"fr-FR\",\"@id\":\"https:\/\/vosgesinfo.fr\/gerardmerinfo\/2019\/06\/pic-de-pollution-a-lozone-vitesse-reduite-de-20-kmh-vosges\/#primaryimage\",\"url\":\"https:\/\/vosgesinfo.fr\/app\/uploads\/sites\/6\/2024\/07\/201906route-voitures-pollution.jpg\",\"contentUrl\":\"https:\/\/vosgesinfo.fr\/app\/uploads\/sites\/6\/2024\/07\/201906route-voitures-pollution.jpg\",\"width\":800,\"height\":533},{\"@type\":\"BreadcrumbList\",\"@id\":\"https:\/\/vosgesinfo.fr\/gerardmerinfo\/2019\/06\/pic-de-pollution-a-lozone-vitesse-reduite-de-20-kmh-vosges\/#breadcrumb\",\"itemListElement\":[{\"@type\":\"ListItem\",\"position\":1,\"name\":\"Home\",\"item\":\"https:\/\/vosgesinfo.fr\/gerardmerinfo\/\"},{\"@type\":\"ListItem\",\"position\":2,\"name\":\"Pic de pollution \u00e0 l\u2019ozone : la vitesse r\u00e9duite de 20 km\/h dans les Vosges\"}]},{\"@type\":\"WebSite\",\"@id\":\"https:\/\/vosgesinfo.fr\/gerardmerinfo\/#website\",\"url\":\"https:\/\/vosgesinfo.fr\/gerardmerinfo\/\",\"name\":\"Gerardmer Info\",\"description\":\"Toute l&#039;actualit\u00e9 de G\u00e9rardmer\",\"publisher\":{\"@id\":\"https:\/\/vosgesinfo.fr\/gerardmerinfo\/#organization\"},\"alternateName\":\"Toute l'actualit\u00e9 de G\u00e9rardmer\",\"potentialAction\":[{\"@type\":\"SearchAction\",\"target\":{\"@type\":\"EntryPoint\",\"urlTemplate\":\"https:\/\/vosgesinfo.fr\/gerardmerinfo\/?s={search_term_string}\"},\"query-input\":\"required name=search_term_string\"}],\"inLanguage\":\"fr-FR\"},{\"@type\":\"Organization\",\"@id\":\"https:\/\/vosgesinfo.fr\/gerardmerinfo\/#organization\",\"name\":\"Gerardmer Info\",\"url\":\"https:\/\/vosgesinfo.fr\/gerardmerinfo\/\",\"logo\":{\"@type\":\"ImageObject\",\"inLanguage\":\"fr-FR\",\"@id\":\"https:\/\/vosgesinfo.fr\/gerardmerinfo\/#\/schema\/logo\/image\/\",\"url\":\"https:\/\/vosgesinfo.fr\/app\/uploads\/sites\/6\/2023\/08\/favicon-gerardmerinfo.png\",\"contentUrl\":\"https:\/\/vosgesinfo.fr\/app\/uploads\/sites\/6\/2023\/08\/favicon-gerardmerinfo.png\",\"width\":512,\"height\":512,\"caption\":\"Gerardmer Info\"},\"image\":{\"@id\":\"https:\/\/vosgesinfo.fr\/gerardmerinfo\/#\/schema\/logo\/image\/\"},\"sameAs\":[\"https:\/\/www.facebook.com\/profile.php?id=100049475262660\",\"https:\/\/x.com\/VosgesInfo88\",\"https:\/\/www.youtube.com\/@vosgesinfo\"]},{\"@type\":\"Person\",\"@id\":\"https:\/\/vosgesinfo.fr\/gerardmerinfo\/#\/schema\/person\/bc5d02d71e6932e81b6dadb7386667b1\",\"name\":\"qs_admin\",\"image\":{\"@type\":\"ImageObject\",\"inLanguage\":\"fr-FR\",\"@id\":\"https:\/\/vosgesinfo.fr\/gerardmerinfo\/#\/schema\/person\/image\/\",\"url\":\"https:\/\/secure.gravatar.com\/avatar\/94b18ee0ed79e4a42ea2f2931277b6841a8999fc6fde214600c78057cf1fe1de?s=96&d=mm&r=g\",\"contentUrl\":\"https:\/\/secure.gravatar.com\/avatar\/94b18ee0ed79e4a42ea2f2931277b6841a8999fc6fde214600c78057cf1fe1de?s=96&d=mm&r=g\",\"caption\":\"qs_admin\"},\"sameAs\":[\"https:\/\/vosgesinfo.fr\/wp\"],\"url\":\"https:\/\/vosgesinfo.fr\/gerardmerinfo\/author\/qs_admin\/\"}]}<\/script>\n<!-- \/ Yoast SEO plugin. -->","yoast_head_json":{"title":"Pic de pollution \u00e0 l\u2019ozone : la vitesse r\u00e9duite de 20 km\/h dans les Vosges - Gerardmer Info","robots":{"index":"index","follow":"follow","max-snippet":"max-snippet:-1","max-image-preview":"max-image-preview:large","max-video-preview":"max-video-preview:-1"},"canonical":"https:\/\/vosgesinfo.fr\/gerardmerinfo\/2019\/06\/pic-de-pollution-a-lozone-vitesse-reduite-de-20-kmh-vosges\/","twitter_card":"summary_large_image","twitter_title":"Pic de pollution \u00e0 l\u2019ozone : la vitesse r\u00e9duite de 20 km\/h dans les Vosges - Gerardmer Info","twitter_description":"Le d\u00e9partement des Vosges conna\u00eet un pic de pollution atmosph\u00e9rique de type \u00ab\u00a0estival\u00a0\u00bb li\u00e9 \u00e0 l\u2019ensoleillement et aux fortes chaleurs [&hellip;]","twitter_image":"https:\/\/vosgesinfo.fr\/app\/uploads\/sites\/6\/2024\/07\/201906route-voitures-pollution.jpg","twitter_creator":"@VosgesInfo88","twitter_site":"@VosgesInfo88","twitter_misc":{"\u00c9crit par":"qs_admin","Dur\u00e9e de lecture estim\u00e9e":"3 minutes"},"schema":{"@context":"https:\/\/schema.org","@graph":[{"@type":"Article","@id":"https:\/\/vosgesinfo.fr\/gerardmerinfo\/2019\/06\/pic-de-pollution-a-lozone-vitesse-reduite-de-20-kmh-vosges\/#article","isPartOf":{"@id":"https:\/\/vosgesinfo.fr\/gerardmerinfo\/2019\/06\/pic-de-pollution-a-lozone-vitesse-reduite-de-20-kmh-vosges\/"},"author":{"name":"qs_admin","@id":"https:\/\/vosgesinfo.fr\/gerardmerinfo\/#\/schema\/person\/bc5d02d71e6932e81b6dadb7386667b1"},"headline":"Pic de pollution \u00e0 l\u2019ozone : la vitesse r\u00e9duite de 20 km\/h dans les Vosges","datePublished":"2019-06-27T14:11:52+00:00","dateModified":"2019-06-27T14:11:52+00:00","mainEntityOfPage":{"@id":"https:\/\/vosgesinfo.fr\/gerardmerinfo\/2019\/06\/pic-de-pollution-a-lozone-vitesse-reduite-de-20-kmh-vosges\/"},"wordCount":532,"commentCount":0,"publisher":{"@id":"https:\/\/vosgesinfo.fr\/gerardmerinfo\/#organization"},"image":{"@id":"https:\/\/vosgesinfo.fr\/gerardmerinfo\/2019\/06\/pic-de-pollution-a-lozone-vitesse-reduite-de-20-kmh-vosges\/#primaryimage"},"thumbnailUrl":"https:\/\/vosgesinfo.fr\/app\/uploads\/sites\/6\/2024\/07\/201906route-voitures-pollution.jpg","articleSection":["A la une","Vosges"],"inLanguage":"fr-FR","potentialAction":[{"@type":"CommentAction","name":"Comment","target":["https:\/\/vosgesinfo.fr\/gerardmerinfo\/2019\/06\/pic-de-pollution-a-lozone-vitesse-reduite-de-20-kmh-vosges\/#respond"]}]},{"@type":"WebPage","@id":"https:\/\/vosgesinfo.fr\/gerardmerinfo\/2019\/06\/pic-de-pollution-a-lozone-vitesse-reduite-de-20-kmh-vosges\/","url":"https:\/\/vosgesinfo.fr\/gerardmerinfo\/2019\/06\/pic-de-pollution-a-lozone-vitesse-reduite-de-20-kmh-vosges\/","name":"Pic de pollution \u00e0 l\u2019ozone : la vitesse r\u00e9duite de 20 km\/h dans les Vosges - Gerardmer Info","isPartOf":{"@id":"https:\/\/vosgesinfo.fr\/gerardmerinfo\/#website"},"primaryImageOfPage":{"@id":"https:\/\/vosgesinfo.fr\/gerardmerinfo\/2019\/06\/pic-de-pollution-a-lozone-vitesse-reduite-de-20-kmh-vosges\/#primaryimage"},"image":{"@id":"https:\/\/vosgesinfo.fr\/gerardmerinfo\/2019\/06\/pic-de-pollution-a-lozone-vitesse-reduite-de-20-kmh-vosges\/#primaryimage"},"thumbnailUrl":"https:\/\/vosgesinfo.fr\/app\/uploads\/sites\/6\/2024\/07\/201906route-voitures-pollution.jpg","datePublished":"2019-06-27T14:11:52+00:00","dateModified":"2019-06-27T14:11:52+00:00","breadcrumb":{"@id":"https:\/\/vosgesinfo.fr\/gerardmerinfo\/2019\/06\/pic-de-pollution-a-lozone-vitesse-reduite-de-20-kmh-vosges\/#breadcrumb"},"inLanguage":"fr-FR","potentialAction":[{"@type":"ReadAction","target":["https:\/\/vosgesinfo.fr\/gerardmerinfo\/2019\/06\/pic-de-pollution-a-lozone-vitesse-reduite-de-20-kmh-vosges\/"]}]},{"@type":"ImageObject","inLanguage":"fr-FR","@id":"https:\/\/vosgesinfo.fr\/gerardmerinfo\/2019\/06\/pic-de-pollution-a-lozone-vitesse-reduite-de-20-kmh-vosges\/#primaryimage","url":"https:\/\/vosgesinfo.fr\/app\/uploads\/sites\/6\/2024\/07\/201906route-voitures-pollution.jpg","contentUrl":"https:\/\/vosgesinfo.fr\/app\/uploads\/sites\/6\/2024\/07\/201906route-voitures-pollution.jpg","width":800,"height":533},{"@type":"BreadcrumbList","@id":"https:\/\/vosgesinfo.fr\/gerardmerinfo\/2019\/06\/pic-de-pollution-a-lozone-vitesse-reduite-de-20-kmh-vosges\/#breadcrumb","itemListElement":[{"@type":"ListItem","position":1,"name":"Home","item":"https:\/\/vosgesinfo.fr\/gerardmerinfo\/"},{"@type":"ListItem","position":2,"name":"Pic de pollution \u00e0 l\u2019ozone : la vitesse r\u00e9duite de 20 km\/h dans les Vosges"}]},{"@type":"WebSite","@id":"https:\/\/vosgesinfo.fr\/gerardmerinfo\/#website","url":"https:\/\/vosgesinfo.fr\/gerardmerinfo\/","name":"Gerardmer Info","description":"Toute l&#039;actualit\u00e9 de G\u00e9rardmer","publisher":{"@id":"https:\/\/vosgesinfo.fr\/gerardmerinfo\/#organization"},"alternateName":"Toute l'actualit\u00e9 de G\u00e9rardmer","potentialAction":[{"@type":"SearchAction","target":{"@type":"EntryPoint","urlTemplate":"https:\/\/vosgesinfo.fr\/gerardmerinfo\/?s={search_term_string}"},"query-input":"required name=search_term_string"}],"inLanguage":"fr-FR"},{"@type":"Organization","@id":"https:\/\/vosgesinfo.fr\/gerardmerinfo\/#organization","name":"Gerardmer Info","url":"https:\/\/vosgesinfo.fr\/gerardmerinfo\/","logo":{"@type":"ImageObject","inLanguage":"fr-FR","@id":"https:\/\/vosgesinfo.fr\/gerardmerinfo\/#\/schema\/logo\/image\/","url":"https:\/\/vosgesinfo.fr\/app\/uploads\/sites\/6\/2023\/08\/favicon-gerardmerinfo.png","contentUrl":"https:\/\/vosgesinfo.fr\/app\/uploads\/sites\/6\/2023\/08\/favicon-gerardmerinfo.png","width":512,"height":512,"caption":"Gerardmer Info"},"image":{"@id":"https:\/\/vosgesinfo.fr\/gerardmerinfo\/#\/schema\/logo\/image\/"},"sameAs":["https:\/\/www.facebook.com\/profile.php?id=100049475262660","https:\/\/x.com\/VosgesInfo88","https:\/\/www.youtube.com\/@vosgesinfo"]},{"@type":"Person","@id":"https:\/\/vosgesinfo.fr\/gerardmerinfo\/#\/schema\/person\/bc5d02d71e6932e81b6dadb7386667b1","name":"qs_admin","image":{"@type":"ImageObject","inLanguage":"fr-FR","@id":"https:\/\/vosgesinfo.fr\/gerardmerinfo\/#\/schema\/person\/image\/","url":"https:\/\/secure.gravatar.com\/avatar\/94b18ee0ed79e4a42ea2f2931277b6841a8999fc6fde214600c78057cf1fe1de?s=96&d=mm&r=g","contentUrl":"https:\/\/secure.gravatar.com\/avatar\/94b18ee0ed79e4a42ea2f2931277b6841a8999fc6fde214600c78057cf1fe1de?s=96&d=mm&r=g","caption":"qs_admin"},"sameAs":["https:\/\/vosgesinfo.fr\/wp"],"url":"https:\/\/vosgesinfo.fr\/gerardmerinfo\/author\/qs_admin\/"}]}},"_links":{"self":[{"href":"https:\/\/vosgesinfo.fr\/gerardmerinfo\/wp-json\/wp\/v2\/posts\/42589","targetHints":{"allow":["GET"]}}],"collection":[{"href":"https:\/\/vosgesinfo.fr\/gerardmerinfo\/wp-json\/wp\/v2\/posts"}],"about":[{"href":"https:\/\/vosgesinfo.fr\/gerardmerinfo\/wp-json\/wp\/v2\/types\/post"}],"author":[{"embeddable":true,"href":"https:\/\/vosgesinfo.fr\/gerardmerinfo\/wp-json\/wp\/v2\/users\/1"}],"replies":[{"embeddable":true,"href":"https:\/\/vosgesinfo.fr\/gerardmerinfo\/wp-json\/wp\/v2\/comments?post=42589"}],"version-history":[{"count":0,"href":"https:\/\/vosgesinfo.fr\/gerardmerinfo\/wp-json\/wp\/v2\/posts\/42589\/revisions"}],"wp:featuredmedia":[{"embeddable":true,"href":"https:\/\/vosgesinfo.fr\/gerardmerinfo\/wp-json\/wp\/v2\/media\/42590"}],"wp:attachment":[{"href":"https:\/\/vosgesinfo.fr\/gerardmerinfo\/wp-json\/wp\/v2\/media?parent=42589"}],"wp:term":[{"taxonomy":"category","embeddable":true,"href":"https:\/\/vosgesinfo.fr\/gerardmerinfo\/wp-json\/wp\/v2\/categories?post=42589"},{"taxonomy":"post_tag","embeddable":true,"href":"https:\/\/vosgesinfo.fr\/gerardmerinfo\/wp-json\/wp\/v2\/tags?post=42589"}],"curies":[{"name":"wp","href":"https:\/\/api.w.org\/{rel}","templated":true}]}}