{"id":42684,"date":"2019-07-03T16:12:00","date_gmt":"2019-07-03T14:12:00","guid":{"rendered":"https:\/\/vosgesinfo.fr\/gerardmerinfo\/2019\/07\/sport-cest-sante\/"},"modified":"2019-07-03T16:12:00","modified_gmt":"2019-07-03T14:12:00","slug":"sport-cest-sante","status":"publish","type":"post","link":"https:\/\/vosgesinfo.fr\/gerardmerinfo\/2019\/07\/sport-cest-sante\/","title":{"rendered":"Le sport, c&rsquo;est la sant\u00e9 !"},"content":{"rendered":"\n<h3><\/h3>\n<h3>Le dispositif r\u00e9gional de sport-sant\u00e9 Prescri&rsquo;Mouv commence \u00e0 se d\u00e9ployer sur le secteur de G\u00e9rardmer avec d\u00e9j\u00e0 un groupe de 5 adultes qui participe aux s\u00e9ances du lundi apr\u00e8s-midi encadr\u00e9 par Charline Vaxelaire.<\/h3>\n<p class=\"x_MsoNormal\">D\u00e9j\u00e0 bien implant\u00e9 sur les secteurs de Remiremont, ce dispositif est donc d\u00e9ploy\u00e9 par l&rsquo;association \u00e0 but non lucratif baptis\u00e9e Activit\u00e9 Physique Sant\u00e9 Vosges (APS). Cette association bas\u00e9e \u00e0 l&rsquo;espace sant\u00e9 de Remiremont et dont fait partie Charline Vaxelaire, enseignante en activit\u00e9s physiques adapt\u00e9es (domaine dans lequel elle d\u00e9tient un master), a \u00e9t\u00e9 cr\u00e9\u00e9e en 2017 par 3 m\u00e9decins. Rappelons bri\u00e8vement que Prescri&rsquo;Mouv s\u2019adresse \u00e0 des personnes adultes (et donc \u00e2g\u00e9es de plus de 18 ans) ayant une affection de longue dur\u00e9e (diab\u00e8te, cancer, maladie coronaire stabilis\u00e9e, art\u00e9rite des membres inf\u00e9rieurs, BPCO) ou \u00e9tant ob\u00e8se, avec indice de masse corporel entre 30 et 40. Une prescription m\u00e9dicale de leur m\u00e9decin traitant est n\u00e9cessaire, et ce dernier est associ\u00e9 au suivi de son patient tout au long de a prise en charge. C&rsquo;est pourquoi les membres d&rsquo;APS souhaitent continuer \u00e0 rencontrer les m\u00e9decins du secteur pour leur pr\u00e9senter le dispositif qui se d\u00e9cline en 3 parcours.<\/p>\n<p class=\"x_MsoNormal\">\u00ab\u00a0Apr\u00e8s prescription du m\u00e9decin, on effectue un bilan m\u00e9dico-sportif suivi de s\u00e9ances de reprise d&rsquo;activit\u00e9 physique \u00e0 la Halle des Sports de G\u00e9rardmer o\u00f9 la Commune nous met gracieusement \u00e0 disposition une salle. Ce sont des s\u00e9ances adapt\u00e9es aux pathologies et aux capacit\u00e9s de chacun, pour des personnes qui d\u00e9butent. C&rsquo;est ce qu&rsquo;on appelle le Parcours 3 qui se compose donc de 8 s\u00e9ances d&rsquo;une heure enti\u00e8rement prises en charge par le dispositif\u00a0\u00bb pr\u00e9cise Charline Vaxelaire. Ce Parcours multi-activit\u00e9s se base principalement sur le travail de l&rsquo;\u00e9quilibre et la coordination de mani\u00e8re ludique et dynamique et a pour objectif de permettre aux pratiquants d&rsquo;int\u00e9grer un Parcours 2. Ce dernier se concr\u00e9tise par la pratique d&rsquo;une activit\u00e9 physique encadr\u00e9e par un professionnel qualifi\u00e9 dans des cr\u00e9neaux sport sant\u00e9 ayant re\u00e7u le label Prescri&rsquo;Mouv.<\/p>\n<p class=\"x_MsoNormal\">\u00ab\u00a0Pour cela, nous travaillons en partenariat avec des associations sportives du d\u00e9partement pour d\u00e9velopper ces cr\u00e9neaux sp\u00e9cifiques qui permettront une autonomisation p\u00e9renne des personnes qui passeront par le dispositif\u00a0\u00bb ajoute Charline Vaxelaire. Le Parcours 1 (le dernier des trois) consiste en effet \u00e0 l&rsquo;apport de conseils en vue d&rsquo;une pratique\u00a0 en autonomie ou d&rsquo;une inscription dans un club ou une association sportive apr\u00e8s r\u00e9alisation d&rsquo;un bilan m\u00e9dico-sportif final. Pour conclure, sachez que vous pouvez faire un bilan initial gratuitement sur rendez-vous les lundis de 13 h 30 \u00e0 17 h 00 \u00e0 la Halle des Sports de G\u00e9rardmer. Il vous suffit d&rsquo;appeler le 03 29 23 40 00. Les s\u00e9ances ont quant \u00e0 elle lieu de 17 h 00 \u00e0 18 h 00.<\/p>\n<p class=\"x_MsoNormal\">En savoir plus \u2013 t\u00e9l\u00e9charger le d\u00e9pliant ici : <a href=\"\/2019\/05\/DEPLIANT-3-VOLETS-INSTITUTIONNEL-PRESCRIMOUV-.pdf\">DEPLIANT 3 VOLETS INSTITUTIONNEL PRESCRIMOUV-<\/a><\/p>\n","protected":false},"excerpt":{"rendered":"<p>Le dispositif r\u00e9gional de sport-sant\u00e9 Prescri&rsquo;Mouv commence \u00e0 se d\u00e9ployer sur le secteur de G\u00e9rardmer avec d\u00e9j\u00e0 un groupe de [&hellip;]<\/p>\n","protected":false},"author":42,"featured_media":42685,"comment_status":"open","ping_status":"open","sticky":false,"template":"","format":"standard","meta":{"footnotes":""},"categories":[20,12,14],"tags":[4127],"class_list":["post-42684","post","type-post","status-publish","format-standard","has-post-thumbnail","hentry","category-a-la-une","category-sante","category-sport","tag-prescrimouv"],"acf":[],"yoast_head":"<!-- This site is optimized with the Yoast SEO plugin v22.5 - https:\/\/yoast.com\/wordpress\/plugins\/seo\/ -->\n<title>Le sport, c&#039;est la sant\u00e9 ! - Gerardmer Info<\/title>\n<meta name=\"robots\" content=\"index, follow, max-snippet:-1, max-image-preview:large, max-video-preview:-1\" \/>\n<link rel=\"canonical\" href=\"https:\/\/vosgesinfo.fr\/gerardmerinfo\/2019\/07\/sport-cest-sante\/\" \/>\n<meta name=\"twitter:card\" content=\"summary_large_image\" \/>\n<meta name=\"twitter:title\" content=\"Le sport, c&#039;est la sant\u00e9 ! - Gerardmer Info\" \/>\n<meta name=\"twitter:description\" content=\"Le dispositif r\u00e9gional de sport-sant\u00e9 Prescri&rsquo;Mouv commence \u00e0 se d\u00e9ployer sur le secteur de G\u00e9rardmer avec d\u00e9j\u00e0 un groupe de [&hellip;]\" \/>\n<meta name=\"twitter:image\" content=\"https:\/\/vosgesinfo.fr\/app\/uploads\/sites\/6\/2024\/07\/201907prescrimouv-gerardmer-aps-vosges-2.jpg\" \/>\n<meta name=\"twitter:creator\" content=\"@VosgesInfo88\" \/>\n<meta name=\"twitter:site\" content=\"@VosgesInfo88\" \/>\n<meta name=\"twitter:label1\" content=\"\u00c9crit par\" \/>\n\t<meta name=\"twitter:data1\" content=\"QG\" \/>\n\t<meta name=\"twitter:label2\" content=\"Dur\u00e9e de lecture estim\u00e9e\" \/>\n\t<meta name=\"twitter:data2\" content=\"2 minutes\" \/>\n<script type=\"application\/ld+json\" class=\"yoast-schema-graph\">{\"@context\":\"https:\/\/schema.org\",\"@graph\":[{\"@type\":\"Article\",\"@id\":\"https:\/\/vosgesinfo.fr\/gerardmerinfo\/2019\/07\/sport-cest-sante\/#article\",\"isPartOf\":{\"@id\":\"https:\/\/vosgesinfo.fr\/gerardmerinfo\/2019\/07\/sport-cest-sante\/\"},\"author\":{\"name\":\"QG\",\"@id\":\"https:\/\/vosgesinfo.fr\/gerardmerinfo\/#\/schema\/person\/db5605779a843dad16b5368f3e7613a5\"},\"headline\":\"Le sport, c&rsquo;est la sant\u00e9 !\",\"datePublished\":\"2019-07-03T14:12:00+00:00\",\"dateModified\":\"2019-07-03T14:12:00+00:00\",\"mainEntityOfPage\":{\"@id\":\"https:\/\/vosgesinfo.fr\/gerardmerinfo\/2019\/07\/sport-cest-sante\/\"},\"wordCount\":513,\"commentCount\":0,\"publisher\":{\"@id\":\"https:\/\/vosgesinfo.fr\/gerardmerinfo\/#organization\"},\"image\":{\"@id\":\"https:\/\/vosgesinfo.fr\/gerardmerinfo\/2019\/07\/sport-cest-sante\/#primaryimage\"},\"thumbnailUrl\":\"https:\/\/vosgesinfo.fr\/app\/uploads\/sites\/6\/2024\/07\/201907prescrimouv-gerardmer-aps-vosges-2.jpg\",\"keywords\":[\"Prescri'mouv\"],\"articleSection\":[\"A la une\",\"Sant\u00e9\",\"Sport\"],\"inLanguage\":\"fr-FR\",\"potentialAction\":[{\"@type\":\"CommentAction\",\"name\":\"Comment\",\"target\":[\"https:\/\/vosgesinfo.fr\/gerardmerinfo\/2019\/07\/sport-cest-sante\/#respond\"]}]},{\"@type\":\"WebPage\",\"@id\":\"https:\/\/vosgesinfo.fr\/gerardmerinfo\/2019\/07\/sport-cest-sante\/\",\"url\":\"https:\/\/vosgesinfo.fr\/gerardmerinfo\/2019\/07\/sport-cest-sante\/\",\"name\":\"Le sport, c'est la sant\u00e9 ! - Gerardmer Info\",\"isPartOf\":{\"@id\":\"https:\/\/vosgesinfo.fr\/gerardmerinfo\/#website\"},\"primaryImageOfPage\":{\"@id\":\"https:\/\/vosgesinfo.fr\/gerardmerinfo\/2019\/07\/sport-cest-sante\/#primaryimage\"},\"image\":{\"@id\":\"https:\/\/vosgesinfo.fr\/gerardmerinfo\/2019\/07\/sport-cest-sante\/#primaryimage\"},\"thumbnailUrl\":\"https:\/\/vosgesinfo.fr\/app\/uploads\/sites\/6\/2024\/07\/201907prescrimouv-gerardmer-aps-vosges-2.jpg\",\"datePublished\":\"2019-07-03T14:12:00+00:00\",\"dateModified\":\"2019-07-03T14:12:00+00:00\",\"breadcrumb\":{\"@id\":\"https:\/\/vosgesinfo.fr\/gerardmerinfo\/2019\/07\/sport-cest-sante\/#breadcrumb\"},\"inLanguage\":\"fr-FR\",\"potentialAction\":[{\"@type\":\"ReadAction\",\"target\":[\"https:\/\/vosgesinfo.fr\/gerardmerinfo\/2019\/07\/sport-cest-sante\/\"]}]},{\"@type\":\"ImageObject\",\"inLanguage\":\"fr-FR\",\"@id\":\"https:\/\/vosgesinfo.fr\/gerardmerinfo\/2019\/07\/sport-cest-sante\/#primaryimage\",\"url\":\"https:\/\/vosgesinfo.fr\/app\/uploads\/sites\/6\/2024\/07\/201907prescrimouv-gerardmer-aps-vosges-2.jpg\",\"contentUrl\":\"https:\/\/vosgesinfo.fr\/app\/uploads\/sites\/6\/2024\/07\/201907prescrimouv-gerardmer-aps-vosges-2.jpg\",\"width\":800,\"height\":600},{\"@type\":\"BreadcrumbList\",\"@id\":\"https:\/\/vosgesinfo.fr\/gerardmerinfo\/2019\/07\/sport-cest-sante\/#breadcrumb\",\"itemListElement\":[{\"@type\":\"ListItem\",\"position\":1,\"name\":\"Home\",\"item\":\"https:\/\/vosgesinfo.fr\/gerardmerinfo\/\"},{\"@type\":\"ListItem\",\"position\":2,\"name\":\"Le sport, c&rsquo;est la sant\u00e9 !\"}]},{\"@type\":\"WebSite\",\"@id\":\"https:\/\/vosgesinfo.fr\/gerardmerinfo\/#website\",\"url\":\"https:\/\/vosgesinfo.fr\/gerardmerinfo\/\",\"name\":\"Gerardmer Info\",\"description\":\"Toute l&#039;actualit\u00e9 de G\u00e9rardmer\",\"publisher\":{\"@id\":\"https:\/\/vosgesinfo.fr\/gerardmerinfo\/#organization\"},\"alternateName\":\"Toute l'actualit\u00e9 de G\u00e9rardmer\",\"potentialAction\":[{\"@type\":\"SearchAction\",\"target\":{\"@type\":\"EntryPoint\",\"urlTemplate\":\"https:\/\/vosgesinfo.fr\/gerardmerinfo\/?s={search_term_string}\"},\"query-input\":\"required name=search_term_string\"}],\"inLanguage\":\"fr-FR\"},{\"@type\":\"Organization\",\"@id\":\"https:\/\/vosgesinfo.fr\/gerardmerinfo\/#organization\",\"name\":\"Gerardmer Info\",\"url\":\"https:\/\/vosgesinfo.fr\/gerardmerinfo\/\",\"logo\":{\"@type\":\"ImageObject\",\"inLanguage\":\"fr-FR\",\"@id\":\"https:\/\/vosgesinfo.fr\/gerardmerinfo\/#\/schema\/logo\/image\/\",\"url\":\"https:\/\/vosgesinfo.fr\/app\/uploads\/sites\/6\/2023\/08\/favicon-gerardmerinfo.png\",\"contentUrl\":\"https:\/\/vosgesinfo.fr\/app\/uploads\/sites\/6\/2023\/08\/favicon-gerardmerinfo.png\",\"width\":512,\"height\":512,\"caption\":\"Gerardmer Info\"},\"image\":{\"@id\":\"https:\/\/vosgesinfo.fr\/gerardmerinfo\/#\/schema\/logo\/image\/\"},\"sameAs\":[\"https:\/\/www.facebook.com\/profile.php?id=100049475262660\",\"https:\/\/x.com\/VosgesInfo88\",\"https:\/\/www.youtube.com\/@vosgesinfo\"]},{\"@type\":\"Person\",\"@id\":\"https:\/\/vosgesinfo.fr\/gerardmerinfo\/#\/schema\/person\/db5605779a843dad16b5368f3e7613a5\",\"name\":\"QG\",\"image\":{\"@type\":\"ImageObject\",\"inLanguage\":\"fr-FR\",\"@id\":\"https:\/\/vosgesinfo.fr\/gerardmerinfo\/#\/schema\/person\/image\/\",\"url\":\"https:\/\/secure.gravatar.com\/avatar\/ea80c42c204b534408512832fde52504ecabb9706bcb6151cf6175e5b64e6793?s=96&d=mm&r=g\",\"contentUrl\":\"https:\/\/secure.gravatar.com\/avatar\/ea80c42c204b534408512832fde52504ecabb9706bcb6151cf6175e5b64e6793?s=96&d=mm&r=g\",\"caption\":\"QG\"},\"url\":\"https:\/\/vosgesinfo.fr\/gerardmerinfo\/author\/quentin88\/\"}]}<\/script>\n<!-- \/ Yoast SEO plugin. -->","yoast_head_json":{"title":"Le sport, c'est la sant\u00e9 ! - Gerardmer Info","robots":{"index":"index","follow":"follow","max-snippet":"max-snippet:-1","max-image-preview":"max-image-preview:large","max-video-preview":"max-video-preview:-1"},"canonical":"https:\/\/vosgesinfo.fr\/gerardmerinfo\/2019\/07\/sport-cest-sante\/","twitter_card":"summary_large_image","twitter_title":"Le sport, c'est la sant\u00e9 ! - Gerardmer Info","twitter_description":"Le dispositif r\u00e9gional de sport-sant\u00e9 Prescri&rsquo;Mouv commence \u00e0 se d\u00e9ployer sur le secteur de G\u00e9rardmer avec d\u00e9j\u00e0 un groupe de [&hellip;]","twitter_image":"https:\/\/vosgesinfo.fr\/app\/uploads\/sites\/6\/2024\/07\/201907prescrimouv-gerardmer-aps-vosges-2.jpg","twitter_creator":"@VosgesInfo88","twitter_site":"@VosgesInfo88","twitter_misc":{"\u00c9crit par":"QG","Dur\u00e9e de lecture estim\u00e9e":"2 minutes"},"schema":{"@context":"https:\/\/schema.org","@graph":[{"@type":"Article","@id":"https:\/\/vosgesinfo.fr\/gerardmerinfo\/2019\/07\/sport-cest-sante\/#article","isPartOf":{"@id":"https:\/\/vosgesinfo.fr\/gerardmerinfo\/2019\/07\/sport-cest-sante\/"},"author":{"name":"QG","@id":"https:\/\/vosgesinfo.fr\/gerardmerinfo\/#\/schema\/person\/db5605779a843dad16b5368f3e7613a5"},"headline":"Le sport, c&rsquo;est la sant\u00e9 !","datePublished":"2019-07-03T14:12:00+00:00","dateModified":"2019-07-03T14:12:00+00:00","mainEntityOfPage":{"@id":"https:\/\/vosgesinfo.fr\/gerardmerinfo\/2019\/07\/sport-cest-sante\/"},"wordCount":513,"commentCount":0,"publisher":{"@id":"https:\/\/vosgesinfo.fr\/gerardmerinfo\/#organization"},"image":{"@id":"https:\/\/vosgesinfo.fr\/gerardmerinfo\/2019\/07\/sport-cest-sante\/#primaryimage"},"thumbnailUrl":"https:\/\/vosgesinfo.fr\/app\/uploads\/sites\/6\/2024\/07\/201907prescrimouv-gerardmer-aps-vosges-2.jpg","keywords":["Prescri'mouv"],"articleSection":["A la une","Sant\u00e9","Sport"],"inLanguage":"fr-FR","potentialAction":[{"@type":"CommentAction","name":"Comment","target":["https:\/\/vosgesinfo.fr\/gerardmerinfo\/2019\/07\/sport-cest-sante\/#respond"]}]},{"@type":"WebPage","@id":"https:\/\/vosgesinfo.fr\/gerardmerinfo\/2019\/07\/sport-cest-sante\/","url":"https:\/\/vosgesinfo.fr\/gerardmerinfo\/2019\/07\/sport-cest-sante\/","name":"Le sport, c'est la sant\u00e9 ! - Gerardmer Info","isPartOf":{"@id":"https:\/\/vosgesinfo.fr\/gerardmerinfo\/#website"},"primaryImageOfPage":{"@id":"https:\/\/vosgesinfo.fr\/gerardmerinfo\/2019\/07\/sport-cest-sante\/#primaryimage"},"image":{"@id":"https:\/\/vosgesinfo.fr\/gerardmerinfo\/2019\/07\/sport-cest-sante\/#primaryimage"},"thumbnailUrl":"https:\/\/vosgesinfo.fr\/app\/uploads\/sites\/6\/2024\/07\/201907prescrimouv-gerardmer-aps-vosges-2.jpg","datePublished":"2019-07-03T14:12:00+00:00","dateModified":"2019-07-03T14:12:00+00:00","breadcrumb":{"@id":"https:\/\/vosgesinfo.fr\/gerardmerinfo\/2019\/07\/sport-cest-sante\/#breadcrumb"},"inLanguage":"fr-FR","potentialAction":[{"@type":"ReadAction","target":["https:\/\/vosgesinfo.fr\/gerardmerinfo\/2019\/07\/sport-cest-sante\/"]}]},{"@type":"ImageObject","inLanguage":"fr-FR","@id":"https:\/\/vosgesinfo.fr\/gerardmerinfo\/2019\/07\/sport-cest-sante\/#primaryimage","url":"https:\/\/vosgesinfo.fr\/app\/uploads\/sites\/6\/2024\/07\/201907prescrimouv-gerardmer-aps-vosges-2.jpg","contentUrl":"https:\/\/vosgesinfo.fr\/app\/uploads\/sites\/6\/2024\/07\/201907prescrimouv-gerardmer-aps-vosges-2.jpg","width":800,"height":600},{"@type":"BreadcrumbList","@id":"https:\/\/vosgesinfo.fr\/gerardmerinfo\/2019\/07\/sport-cest-sante\/#breadcrumb","itemListElement":[{"@type":"ListItem","position":1,"name":"Home","item":"https:\/\/vosgesinfo.fr\/gerardmerinfo\/"},{"@type":"ListItem","position":2,"name":"Le sport, c&rsquo;est la sant\u00e9 !"}]},{"@type":"WebSite","@id":"https:\/\/vosgesinfo.fr\/gerardmerinfo\/#website","url":"https:\/\/vosgesinfo.fr\/gerardmerinfo\/","name":"Gerardmer Info","description":"Toute l&#039;actualit\u00e9 de G\u00e9rardmer","publisher":{"@id":"https:\/\/vosgesinfo.fr\/gerardmerinfo\/#organization"},"alternateName":"Toute l'actualit\u00e9 de G\u00e9rardmer","potentialAction":[{"@type":"SearchAction","target":{"@type":"EntryPoint","urlTemplate":"https:\/\/vosgesinfo.fr\/gerardmerinfo\/?s={search_term_string}"},"query-input":"required name=search_term_string"}],"inLanguage":"fr-FR"},{"@type":"Organization","@id":"https:\/\/vosgesinfo.fr\/gerardmerinfo\/#organization","name":"Gerardmer Info","url":"https:\/\/vosgesinfo.fr\/gerardmerinfo\/","logo":{"@type":"ImageObject","inLanguage":"fr-FR","@id":"https:\/\/vosgesinfo.fr\/gerardmerinfo\/#\/schema\/logo\/image\/","url":"https:\/\/vosgesinfo.fr\/app\/uploads\/sites\/6\/2023\/08\/favicon-gerardmerinfo.png","contentUrl":"https:\/\/vosgesinfo.fr\/app\/uploads\/sites\/6\/2023\/08\/favicon-gerardmerinfo.png","width":512,"height":512,"caption":"Gerardmer Info"},"image":{"@id":"https:\/\/vosgesinfo.fr\/gerardmerinfo\/#\/schema\/logo\/image\/"},"sameAs":["https:\/\/www.facebook.com\/profile.php?id=100049475262660","https:\/\/x.com\/VosgesInfo88","https:\/\/www.youtube.com\/@vosgesinfo"]},{"@type":"Person","@id":"https:\/\/vosgesinfo.fr\/gerardmerinfo\/#\/schema\/person\/db5605779a843dad16b5368f3e7613a5","name":"QG","image":{"@type":"ImageObject","inLanguage":"fr-FR","@id":"https:\/\/vosgesinfo.fr\/gerardmerinfo\/#\/schema\/person\/image\/","url":"https:\/\/secure.gravatar.com\/avatar\/ea80c42c204b534408512832fde52504ecabb9706bcb6151cf6175e5b64e6793?s=96&d=mm&r=g","contentUrl":"https:\/\/secure.gravatar.com\/avatar\/ea80c42c204b534408512832fde52504ecabb9706bcb6151cf6175e5b64e6793?s=96&d=mm&r=g","caption":"QG"},"url":"https:\/\/vosgesinfo.fr\/gerardmerinfo\/author\/quentin88\/"}]}},"_links":{"self":[{"href":"https:\/\/vosgesinfo.fr\/gerardmerinfo\/wp-json\/wp\/v2\/posts\/42684","targetHints":{"allow":["GET"]}}],"collection":[{"href":"https:\/\/vosgesinfo.fr\/gerardmerinfo\/wp-json\/wp\/v2\/posts"}],"about":[{"href":"https:\/\/vosgesinfo.fr\/gerardmerinfo\/wp-json\/wp\/v2\/types\/post"}],"author":[{"embeddable":true,"href":"https:\/\/vosgesinfo.fr\/gerardmerinfo\/wp-json\/wp\/v2\/users\/42"}],"replies":[{"embeddable":true,"href":"https:\/\/vosgesinfo.fr\/gerardmerinfo\/wp-json\/wp\/v2\/comments?post=42684"}],"version-history":[{"count":0,"href":"https:\/\/vosgesinfo.fr\/gerardmerinfo\/wp-json\/wp\/v2\/posts\/42684\/revisions"}],"wp:featuredmedia":[{"embeddable":true,"href":"https:\/\/vosgesinfo.fr\/gerardmerinfo\/wp-json\/wp\/v2\/media\/42685"}],"wp:attachment":[{"href":"https:\/\/vosgesinfo.fr\/gerardmerinfo\/wp-json\/wp\/v2\/media?parent=42684"}],"wp:term":[{"taxonomy":"category","embeddable":true,"href":"https:\/\/vosgesinfo.fr\/gerardmerinfo\/wp-json\/wp\/v2\/categories?post=42684"},{"taxonomy":"post_tag","embeddable":true,"href":"https:\/\/vosgesinfo.fr\/gerardmerinfo\/wp-json\/wp\/v2\/tags?post=42684"}],"curies":[{"name":"wp","href":"https:\/\/api.w.org\/{rel}","templated":true}]}}