{"id":42693,"date":"2019-07-02T15:44:25","date_gmt":"2019-07-02T13:44:25","guid":{"rendered":"https:\/\/vosgesinfo.fr\/gerardmerinfo\/2019\/07\/kiwanis-perle-dhugo-fidele-a-devise-internationale-servir-enfants-monde\/"},"modified":"2019-07-02T15:44:25","modified_gmt":"2019-07-02T13:44:25","slug":"kiwanis-perle-dhugo-fidele-a-devise-internationale-servir-enfants-monde","status":"publish","type":"post","link":"https:\/\/vosgesinfo.fr\/gerardmerinfo\/2019\/07\/kiwanis-perle-dhugo-fidele-a-devise-internationale-servir-enfants-monde\/","title":{"rendered":"Le Kiwanis Perle d&rsquo;Hugo fid\u00e8le \u00e0 la devise internationale \u00ab\u00a0Servir les enfants du monde\u00a0\u00bb"},"content":{"rendered":"<h3><a href=\"\/2019\/07\/IMG_20190701_180526.jpg\"><img decoding=\"async\" class=\"aligncenter size-full wp-image-149408\" src=\"\/2019\/07\/IMG_20190701_180526.jpg\" alt=\"Kiwanis perle d'hugo Emile\" width=\"800\" height=\"600\" \/><\/a><\/h3>\n<h3><span style=\"font-size: 12pt;\">Fid\u00e8le \u00e0 la devise du Kiwanis <em>Servir les enfants du monde<\/em>, le club f\u00e9minin \u00ab\u00a0Perle d&rsquo;Hugo\u00a0\u00bb a r\u00e9cemment eu le plaisir de remettre un ch\u00e8que \u00e0 l&rsquo;association \u00ab\u00a0A travers le regard d\u2019\u00c9mile\u00a0\u00bb qui a pour objectif de venir en aide \u00e0 un jeune gar\u00e7on atteint d&rsquo;autisme.<\/span><\/h3>\n<p>Rappelons bri\u00e8vement qu\u2019\u00c9mile, \u00e2g\u00e9 de 3 ans et demi, a \u00e9t\u00e9 diagnostiqu\u00e9 assez rapidement et que ses parents ont choisi une m\u00e9thode d\u00e9veloppementale bas\u00e9e notamment sur le jeu et l\u2019imitation pour am\u00e9liorer son quotidien et pouvoir envisager qu\u2019il devienne autonome lorsqu\u2019il grandira. Les r\u00e9sultats sont positifs et \u00c9mile en constante progression depuis le d\u00e9but de l&rsquo;application de la m\u00e9thode, ce qui confortent ses parents dans leur choix : \u00ab\u00a0Il y a une \u00e9volution constante, on sent qu&rsquo;il s&rsquo;ouvre progressivement au monde, il r\u00e9pond quand on l&rsquo;appelle maintenant, il est aussi plus sollicitant, mais c&rsquo;est de la sollicitation positive. Et il y a d\u00e9sormais de l\u2019interaction et m\u00eame un peu de chamaillerie avec sa petite s\u0153ur Anouk (\u00e2g\u00e9e de 15 mois NDLR).\u00a0\u00bb<\/p>\n<p>Des signes forc\u00e9ment encourageants, mais la m\u00e9thode est pour l\u2019heure non reconnue par les hautes instances m\u00e9dicales. Les parents d\u2019\u00c9mile ne re\u00e7oivent donc aucun soutien financier et doivent trouver leurs propres solutions pour pouvoir continuer dans cette voie salvatrice pour leur enfant. Les frais engag\u00e9s s&rsquo;\u00e9l\u00e8vent \u00e0 environ 650 \u20ac par mois, principalement r\u00e9partis entre le suivi de la m\u00e9thode par un psychologue ainsi que l&rsquo;achat de mat\u00e9riel et jeux adapt\u00e9s qu&rsquo;il faut renouveler r\u00e9guli\u00e8rement en fonction de l&rsquo;\u00e9volution de l&rsquo;enfant. \u00ab\u00a0Pour r\u00e9sumer, il faut rentrer dans son univers afin qu&rsquo;il accepte, qu&rsquo;il ait envie de rentrer dans le n\u00f4tre\u00a0\u00bb ajoute ses parents.<\/p>\n<p>Repr\u00e9sent\u00e9 par Christiane, Jacqueline et Catherine, le Kiwanis Perle d&rsquo;Hugo \u00e9tait donc ravi de pouvoir mettre sa pierre \u00e0 l&rsquo;\u00e9difice de l&rsquo;\u00e9panouissement d\u2019\u00c9mile en soutenant financi\u00e8rement l&rsquo;association cr\u00e9\u00e9e \u00e0 cet effet. Une fois de plus, c&rsquo;est gr\u00e2ce aux fonds r\u00e9colt\u00e9s \u00e0 travers ses actions phares que sont le Coin des Bouquinistes et la soir\u00e9e cabaret que le club peut apporter son pr\u00e9cieux soutien. Enfin, rappelons que rien ne serait possible sans les quelques 70 b\u00e9n\u00e9voles qui sont d\u00e9j\u00e0 mobilis\u00e9s pour faire jouer \u00c9mile toute l\u2019ann\u00e9e, 4 fois par jour (pour un total de 6 h 00 environ), 7 jours sur 7, le tout pour un total de plus de 2 000 heures de jeu par an. Des b\u00e9n\u00e9voles qui suivent une r\u00e9union avec le psychologue toutes les 6 semaines afin de se mettre \u00e0 jour dans le suivi de la m\u00e9thode et dans l&rsquo;\u00e9volution d\u2019\u00c9mile. Cela m\u00e9ritait bien un petit coup de chapeau \u00e9galement.<\/p>\n<p>En savoir plus : <a href=\"https:\/\/www.facebook.com\/AtraversleregarddEmile\/\" target=\"_blank\" rel=\"noopener\">https:\/\/www.facebook.com\/AtraversleregarddEmile\/<\/a><\/p>\n","protected":false},"excerpt":{"rendered":"<p>Fid\u00e8le \u00e0 la devise du Kiwanis Servir les enfants du monde, le club f\u00e9minin \u00ab\u00a0Perle d&rsquo;Hugo\u00a0\u00bb a r\u00e9cemment eu le [&hellip;]<\/p>\n","protected":false},"author":42,"featured_media":42694,"comment_status":"open","ping_status":"open","sticky":false,"template":"","format":"standard","meta":{"footnotes":""},"categories":[20,25,12,17],"tags":[192],"class_list":["post-42693","post","type-post","status-publish","format-standard","has-post-thumbnail","hentry","category-a-la-une","category-gerardmer","category-sante","category-vie-associative","tag-kiwanis-perle-dhugo"],"acf":[],"yoast_head":"<!-- This site is optimized with the Yoast SEO plugin v22.5 - https:\/\/yoast.com\/wordpress\/plugins\/seo\/ -->\n<title>Le Kiwanis Perle d&#039;Hugo fid\u00e8le \u00e0 la devise internationale &quot;Servir les enfants du monde&quot; - Gerardmer Info<\/title>\n<meta name=\"robots\" content=\"index, follow, max-snippet:-1, max-image-preview:large, max-video-preview:-1\" \/>\n<link rel=\"canonical\" href=\"https:\/\/vosgesinfo.fr\/gerardmerinfo\/2019\/07\/kiwanis-perle-dhugo-fidele-a-devise-internationale-servir-enfants-monde\/\" \/>\n<meta name=\"twitter:card\" content=\"summary_large_image\" \/>\n<meta name=\"twitter:title\" content=\"Le Kiwanis Perle d&#039;Hugo fid\u00e8le \u00e0 la devise internationale &quot;Servir les enfants du monde&quot; - Gerardmer Info\" \/>\n<meta name=\"twitter:description\" content=\"Fid\u00e8le \u00e0 la devise du Kiwanis Servir les enfants du monde, le club f\u00e9minin \u00ab\u00a0Perle d&rsquo;Hugo\u00a0\u00bb a r\u00e9cemment eu le [&hellip;]\" \/>\n<meta name=\"twitter:image\" content=\"https:\/\/vosgesinfo.fr\/app\/uploads\/sites\/6\/2024\/07\/201907img-20190701-180526.jpg\" \/>\n<meta name=\"twitter:creator\" content=\"@VosgesInfo88\" \/>\n<meta name=\"twitter:site\" content=\"@VosgesInfo88\" \/>\n<meta name=\"twitter:label1\" content=\"\u00c9crit par\" \/>\n\t<meta name=\"twitter:data1\" content=\"QG\" \/>\n\t<meta name=\"twitter:label2\" content=\"Dur\u00e9e de lecture estim\u00e9e\" \/>\n\t<meta name=\"twitter:data2\" content=\"2 minutes\" \/>\n<script type=\"application\/ld+json\" class=\"yoast-schema-graph\">{\"@context\":\"https:\/\/schema.org\",\"@graph\":[{\"@type\":\"Article\",\"@id\":\"https:\/\/vosgesinfo.fr\/gerardmerinfo\/2019\/07\/kiwanis-perle-dhugo-fidele-a-devise-internationale-servir-enfants-monde\/#article\",\"isPartOf\":{\"@id\":\"https:\/\/vosgesinfo.fr\/gerardmerinfo\/2019\/07\/kiwanis-perle-dhugo-fidele-a-devise-internationale-servir-enfants-monde\/\"},\"author\":{\"name\":\"QG\",\"@id\":\"https:\/\/vosgesinfo.fr\/gerardmerinfo\/#\/schema\/person\/db5605779a843dad16b5368f3e7613a5\"},\"headline\":\"Le Kiwanis Perle d&rsquo;Hugo fid\u00e8le \u00e0 la devise internationale \u00ab\u00a0Servir les enfants du monde\u00a0\u00bb\",\"datePublished\":\"2019-07-02T13:44:25+00:00\",\"dateModified\":\"2019-07-02T13:44:25+00:00\",\"mainEntityOfPage\":{\"@id\":\"https:\/\/vosgesinfo.fr\/gerardmerinfo\/2019\/07\/kiwanis-perle-dhugo-fidele-a-devise-internationale-servir-enfants-monde\/\"},\"wordCount\":507,\"commentCount\":0,\"publisher\":{\"@id\":\"https:\/\/vosgesinfo.fr\/gerardmerinfo\/#organization\"},\"image\":{\"@id\":\"https:\/\/vosgesinfo.fr\/gerardmerinfo\/2019\/07\/kiwanis-perle-dhugo-fidele-a-devise-internationale-servir-enfants-monde\/#primaryimage\"},\"thumbnailUrl\":\"https:\/\/vosgesinfo.fr\/app\/uploads\/sites\/6\/2024\/07\/201907img-20190701-180526.jpg\",\"keywords\":[\"kiwanis perle d'hugo\"],\"articleSection\":[\"A la une\",\"G\u00e9rardmer\",\"Sant\u00e9\",\"Vie Associative\"],\"inLanguage\":\"fr-FR\",\"potentialAction\":[{\"@type\":\"CommentAction\",\"name\":\"Comment\",\"target\":[\"https:\/\/vosgesinfo.fr\/gerardmerinfo\/2019\/07\/kiwanis-perle-dhugo-fidele-a-devise-internationale-servir-enfants-monde\/#respond\"]}]},{\"@type\":\"WebPage\",\"@id\":\"https:\/\/vosgesinfo.fr\/gerardmerinfo\/2019\/07\/kiwanis-perle-dhugo-fidele-a-devise-internationale-servir-enfants-monde\/\",\"url\":\"https:\/\/vosgesinfo.fr\/gerardmerinfo\/2019\/07\/kiwanis-perle-dhugo-fidele-a-devise-internationale-servir-enfants-monde\/\",\"name\":\"Le Kiwanis Perle d'Hugo fid\u00e8le \u00e0 la devise internationale \\\"Servir les enfants du monde\\\" - Gerardmer Info\",\"isPartOf\":{\"@id\":\"https:\/\/vosgesinfo.fr\/gerardmerinfo\/#website\"},\"primaryImageOfPage\":{\"@id\":\"https:\/\/vosgesinfo.fr\/gerardmerinfo\/2019\/07\/kiwanis-perle-dhugo-fidele-a-devise-internationale-servir-enfants-monde\/#primaryimage\"},\"image\":{\"@id\":\"https:\/\/vosgesinfo.fr\/gerardmerinfo\/2019\/07\/kiwanis-perle-dhugo-fidele-a-devise-internationale-servir-enfants-monde\/#primaryimage\"},\"thumbnailUrl\":\"https:\/\/vosgesinfo.fr\/app\/uploads\/sites\/6\/2024\/07\/201907img-20190701-180526.jpg\",\"datePublished\":\"2019-07-02T13:44:25+00:00\",\"dateModified\":\"2019-07-02T13:44:25+00:00\",\"breadcrumb\":{\"@id\":\"https:\/\/vosgesinfo.fr\/gerardmerinfo\/2019\/07\/kiwanis-perle-dhugo-fidele-a-devise-internationale-servir-enfants-monde\/#breadcrumb\"},\"inLanguage\":\"fr-FR\",\"potentialAction\":[{\"@type\":\"ReadAction\",\"target\":[\"https:\/\/vosgesinfo.fr\/gerardmerinfo\/2019\/07\/kiwanis-perle-dhugo-fidele-a-devise-internationale-servir-enfants-monde\/\"]}]},{\"@type\":\"ImageObject\",\"inLanguage\":\"fr-FR\",\"@id\":\"https:\/\/vosgesinfo.fr\/gerardmerinfo\/2019\/07\/kiwanis-perle-dhugo-fidele-a-devise-internationale-servir-enfants-monde\/#primaryimage\",\"url\":\"https:\/\/vosgesinfo.fr\/app\/uploads\/sites\/6\/2024\/07\/201907img-20190701-180526.jpg\",\"contentUrl\":\"https:\/\/vosgesinfo.fr\/app\/uploads\/sites\/6\/2024\/07\/201907img-20190701-180526.jpg\",\"width\":800,\"height\":600},{\"@type\":\"BreadcrumbList\",\"@id\":\"https:\/\/vosgesinfo.fr\/gerardmerinfo\/2019\/07\/kiwanis-perle-dhugo-fidele-a-devise-internationale-servir-enfants-monde\/#breadcrumb\",\"itemListElement\":[{\"@type\":\"ListItem\",\"position\":1,\"name\":\"Home\",\"item\":\"https:\/\/vosgesinfo.fr\/gerardmerinfo\/\"},{\"@type\":\"ListItem\",\"position\":2,\"name\":\"Le Kiwanis Perle d&rsquo;Hugo fid\u00e8le \u00e0 la devise internationale \u00ab\u00a0Servir les enfants du monde\u00a0\u00bb\"}]},{\"@type\":\"WebSite\",\"@id\":\"https:\/\/vosgesinfo.fr\/gerardmerinfo\/#website\",\"url\":\"https:\/\/vosgesinfo.fr\/gerardmerinfo\/\",\"name\":\"Gerardmer Info\",\"description\":\"Toute l&#039;actualit\u00e9 de G\u00e9rardmer\",\"publisher\":{\"@id\":\"https:\/\/vosgesinfo.fr\/gerardmerinfo\/#organization\"},\"alternateName\":\"Toute l'actualit\u00e9 de G\u00e9rardmer\",\"potentialAction\":[{\"@type\":\"SearchAction\",\"target\":{\"@type\":\"EntryPoint\",\"urlTemplate\":\"https:\/\/vosgesinfo.fr\/gerardmerinfo\/?s={search_term_string}\"},\"query-input\":\"required name=search_term_string\"}],\"inLanguage\":\"fr-FR\"},{\"@type\":\"Organization\",\"@id\":\"https:\/\/vosgesinfo.fr\/gerardmerinfo\/#organization\",\"name\":\"Gerardmer Info\",\"url\":\"https:\/\/vosgesinfo.fr\/gerardmerinfo\/\",\"logo\":{\"@type\":\"ImageObject\",\"inLanguage\":\"fr-FR\",\"@id\":\"https:\/\/vosgesinfo.fr\/gerardmerinfo\/#\/schema\/logo\/image\/\",\"url\":\"https:\/\/vosgesinfo.fr\/app\/uploads\/sites\/6\/2023\/08\/favicon-gerardmerinfo.png\",\"contentUrl\":\"https:\/\/vosgesinfo.fr\/app\/uploads\/sites\/6\/2023\/08\/favicon-gerardmerinfo.png\",\"width\":512,\"height\":512,\"caption\":\"Gerardmer Info\"},\"image\":{\"@id\":\"https:\/\/vosgesinfo.fr\/gerardmerinfo\/#\/schema\/logo\/image\/\"},\"sameAs\":[\"https:\/\/www.facebook.com\/profile.php?id=100049475262660\",\"https:\/\/x.com\/VosgesInfo88\",\"https:\/\/www.youtube.com\/@vosgesinfo\"]},{\"@type\":\"Person\",\"@id\":\"https:\/\/vosgesinfo.fr\/gerardmerinfo\/#\/schema\/person\/db5605779a843dad16b5368f3e7613a5\",\"name\":\"QG\",\"image\":{\"@type\":\"ImageObject\",\"inLanguage\":\"fr-FR\",\"@id\":\"https:\/\/vosgesinfo.fr\/gerardmerinfo\/#\/schema\/person\/image\/\",\"url\":\"https:\/\/secure.gravatar.com\/avatar\/ea80c42c204b534408512832fde52504ecabb9706bcb6151cf6175e5b64e6793?s=96&d=mm&r=g\",\"contentUrl\":\"https:\/\/secure.gravatar.com\/avatar\/ea80c42c204b534408512832fde52504ecabb9706bcb6151cf6175e5b64e6793?s=96&d=mm&r=g\",\"caption\":\"QG\"},\"url\":\"https:\/\/vosgesinfo.fr\/gerardmerinfo\/author\/quentin88\/\"}]}<\/script>\n<!-- \/ Yoast SEO plugin. -->","yoast_head_json":{"title":"Le Kiwanis Perle d'Hugo fid\u00e8le \u00e0 la devise internationale \"Servir les enfants du monde\" - Gerardmer Info","robots":{"index":"index","follow":"follow","max-snippet":"max-snippet:-1","max-image-preview":"max-image-preview:large","max-video-preview":"max-video-preview:-1"},"canonical":"https:\/\/vosgesinfo.fr\/gerardmerinfo\/2019\/07\/kiwanis-perle-dhugo-fidele-a-devise-internationale-servir-enfants-monde\/","twitter_card":"summary_large_image","twitter_title":"Le Kiwanis Perle d'Hugo fid\u00e8le \u00e0 la devise internationale \"Servir les enfants du monde\" - Gerardmer Info","twitter_description":"Fid\u00e8le \u00e0 la devise du Kiwanis Servir les enfants du monde, le club f\u00e9minin \u00ab\u00a0Perle d&rsquo;Hugo\u00a0\u00bb a r\u00e9cemment eu le [&hellip;]","twitter_image":"https:\/\/vosgesinfo.fr\/app\/uploads\/sites\/6\/2024\/07\/201907img-20190701-180526.jpg","twitter_creator":"@VosgesInfo88","twitter_site":"@VosgesInfo88","twitter_misc":{"\u00c9crit par":"QG","Dur\u00e9e de lecture estim\u00e9e":"2 minutes"},"schema":{"@context":"https:\/\/schema.org","@graph":[{"@type":"Article","@id":"https:\/\/vosgesinfo.fr\/gerardmerinfo\/2019\/07\/kiwanis-perle-dhugo-fidele-a-devise-internationale-servir-enfants-monde\/#article","isPartOf":{"@id":"https:\/\/vosgesinfo.fr\/gerardmerinfo\/2019\/07\/kiwanis-perle-dhugo-fidele-a-devise-internationale-servir-enfants-monde\/"},"author":{"name":"QG","@id":"https:\/\/vosgesinfo.fr\/gerardmerinfo\/#\/schema\/person\/db5605779a843dad16b5368f3e7613a5"},"headline":"Le Kiwanis Perle d&rsquo;Hugo fid\u00e8le \u00e0 la devise internationale \u00ab\u00a0Servir les enfants du monde\u00a0\u00bb","datePublished":"2019-07-02T13:44:25+00:00","dateModified":"2019-07-02T13:44:25+00:00","mainEntityOfPage":{"@id":"https:\/\/vosgesinfo.fr\/gerardmerinfo\/2019\/07\/kiwanis-perle-dhugo-fidele-a-devise-internationale-servir-enfants-monde\/"},"wordCount":507,"commentCount":0,"publisher":{"@id":"https:\/\/vosgesinfo.fr\/gerardmerinfo\/#organization"},"image":{"@id":"https:\/\/vosgesinfo.fr\/gerardmerinfo\/2019\/07\/kiwanis-perle-dhugo-fidele-a-devise-internationale-servir-enfants-monde\/#primaryimage"},"thumbnailUrl":"https:\/\/vosgesinfo.fr\/app\/uploads\/sites\/6\/2024\/07\/201907img-20190701-180526.jpg","keywords":["kiwanis perle d'hugo"],"articleSection":["A la une","G\u00e9rardmer","Sant\u00e9","Vie Associative"],"inLanguage":"fr-FR","potentialAction":[{"@type":"CommentAction","name":"Comment","target":["https:\/\/vosgesinfo.fr\/gerardmerinfo\/2019\/07\/kiwanis-perle-dhugo-fidele-a-devise-internationale-servir-enfants-monde\/#respond"]}]},{"@type":"WebPage","@id":"https:\/\/vosgesinfo.fr\/gerardmerinfo\/2019\/07\/kiwanis-perle-dhugo-fidele-a-devise-internationale-servir-enfants-monde\/","url":"https:\/\/vosgesinfo.fr\/gerardmerinfo\/2019\/07\/kiwanis-perle-dhugo-fidele-a-devise-internationale-servir-enfants-monde\/","name":"Le Kiwanis Perle d'Hugo fid\u00e8le \u00e0 la devise internationale \"Servir les enfants du monde\" - Gerardmer Info","isPartOf":{"@id":"https:\/\/vosgesinfo.fr\/gerardmerinfo\/#website"},"primaryImageOfPage":{"@id":"https:\/\/vosgesinfo.fr\/gerardmerinfo\/2019\/07\/kiwanis-perle-dhugo-fidele-a-devise-internationale-servir-enfants-monde\/#primaryimage"},"image":{"@id":"https:\/\/vosgesinfo.fr\/gerardmerinfo\/2019\/07\/kiwanis-perle-dhugo-fidele-a-devise-internationale-servir-enfants-monde\/#primaryimage"},"thumbnailUrl":"https:\/\/vosgesinfo.fr\/app\/uploads\/sites\/6\/2024\/07\/201907img-20190701-180526.jpg","datePublished":"2019-07-02T13:44:25+00:00","dateModified":"2019-07-02T13:44:25+00:00","breadcrumb":{"@id":"https:\/\/vosgesinfo.fr\/gerardmerinfo\/2019\/07\/kiwanis-perle-dhugo-fidele-a-devise-internationale-servir-enfants-monde\/#breadcrumb"},"inLanguage":"fr-FR","potentialAction":[{"@type":"ReadAction","target":["https:\/\/vosgesinfo.fr\/gerardmerinfo\/2019\/07\/kiwanis-perle-dhugo-fidele-a-devise-internationale-servir-enfants-monde\/"]}]},{"@type":"ImageObject","inLanguage":"fr-FR","@id":"https:\/\/vosgesinfo.fr\/gerardmerinfo\/2019\/07\/kiwanis-perle-dhugo-fidele-a-devise-internationale-servir-enfants-monde\/#primaryimage","url":"https:\/\/vosgesinfo.fr\/app\/uploads\/sites\/6\/2024\/07\/201907img-20190701-180526.jpg","contentUrl":"https:\/\/vosgesinfo.fr\/app\/uploads\/sites\/6\/2024\/07\/201907img-20190701-180526.jpg","width":800,"height":600},{"@type":"BreadcrumbList","@id":"https:\/\/vosgesinfo.fr\/gerardmerinfo\/2019\/07\/kiwanis-perle-dhugo-fidele-a-devise-internationale-servir-enfants-monde\/#breadcrumb","itemListElement":[{"@type":"ListItem","position":1,"name":"Home","item":"https:\/\/vosgesinfo.fr\/gerardmerinfo\/"},{"@type":"ListItem","position":2,"name":"Le Kiwanis Perle d&rsquo;Hugo fid\u00e8le \u00e0 la devise internationale \u00ab\u00a0Servir les enfants du monde\u00a0\u00bb"}]},{"@type":"WebSite","@id":"https:\/\/vosgesinfo.fr\/gerardmerinfo\/#website","url":"https:\/\/vosgesinfo.fr\/gerardmerinfo\/","name":"Gerardmer Info","description":"Toute l&#039;actualit\u00e9 de G\u00e9rardmer","publisher":{"@id":"https:\/\/vosgesinfo.fr\/gerardmerinfo\/#organization"},"alternateName":"Toute l'actualit\u00e9 de G\u00e9rardmer","potentialAction":[{"@type":"SearchAction","target":{"@type":"EntryPoint","urlTemplate":"https:\/\/vosgesinfo.fr\/gerardmerinfo\/?s={search_term_string}"},"query-input":"required name=search_term_string"}],"inLanguage":"fr-FR"},{"@type":"Organization","@id":"https:\/\/vosgesinfo.fr\/gerardmerinfo\/#organization","name":"Gerardmer Info","url":"https:\/\/vosgesinfo.fr\/gerardmerinfo\/","logo":{"@type":"ImageObject","inLanguage":"fr-FR","@id":"https:\/\/vosgesinfo.fr\/gerardmerinfo\/#\/schema\/logo\/image\/","url":"https:\/\/vosgesinfo.fr\/app\/uploads\/sites\/6\/2023\/08\/favicon-gerardmerinfo.png","contentUrl":"https:\/\/vosgesinfo.fr\/app\/uploads\/sites\/6\/2023\/08\/favicon-gerardmerinfo.png","width":512,"height":512,"caption":"Gerardmer Info"},"image":{"@id":"https:\/\/vosgesinfo.fr\/gerardmerinfo\/#\/schema\/logo\/image\/"},"sameAs":["https:\/\/www.facebook.com\/profile.php?id=100049475262660","https:\/\/x.com\/VosgesInfo88","https:\/\/www.youtube.com\/@vosgesinfo"]},{"@type":"Person","@id":"https:\/\/vosgesinfo.fr\/gerardmerinfo\/#\/schema\/person\/db5605779a843dad16b5368f3e7613a5","name":"QG","image":{"@type":"ImageObject","inLanguage":"fr-FR","@id":"https:\/\/vosgesinfo.fr\/gerardmerinfo\/#\/schema\/person\/image\/","url":"https:\/\/secure.gravatar.com\/avatar\/ea80c42c204b534408512832fde52504ecabb9706bcb6151cf6175e5b64e6793?s=96&d=mm&r=g","contentUrl":"https:\/\/secure.gravatar.com\/avatar\/ea80c42c204b534408512832fde52504ecabb9706bcb6151cf6175e5b64e6793?s=96&d=mm&r=g","caption":"QG"},"url":"https:\/\/vosgesinfo.fr\/gerardmerinfo\/author\/quentin88\/"}]}},"_links":{"self":[{"href":"https:\/\/vosgesinfo.fr\/gerardmerinfo\/wp-json\/wp\/v2\/posts\/42693","targetHints":{"allow":["GET"]}}],"collection":[{"href":"https:\/\/vosgesinfo.fr\/gerardmerinfo\/wp-json\/wp\/v2\/posts"}],"about":[{"href":"https:\/\/vosgesinfo.fr\/gerardmerinfo\/wp-json\/wp\/v2\/types\/post"}],"author":[{"embeddable":true,"href":"https:\/\/vosgesinfo.fr\/gerardmerinfo\/wp-json\/wp\/v2\/users\/42"}],"replies":[{"embeddable":true,"href":"https:\/\/vosgesinfo.fr\/gerardmerinfo\/wp-json\/wp\/v2\/comments?post=42693"}],"version-history":[{"count":0,"href":"https:\/\/vosgesinfo.fr\/gerardmerinfo\/wp-json\/wp\/v2\/posts\/42693\/revisions"}],"wp:featuredmedia":[{"embeddable":true,"href":"https:\/\/vosgesinfo.fr\/gerardmerinfo\/wp-json\/wp\/v2\/media\/42694"}],"wp:attachment":[{"href":"https:\/\/vosgesinfo.fr\/gerardmerinfo\/wp-json\/wp\/v2\/media?parent=42693"}],"wp:term":[{"taxonomy":"category","embeddable":true,"href":"https:\/\/vosgesinfo.fr\/gerardmerinfo\/wp-json\/wp\/v2\/categories?post=42693"},{"taxonomy":"post_tag","embeddable":true,"href":"https:\/\/vosgesinfo.fr\/gerardmerinfo\/wp-json\/wp\/v2\/tags?post=42693"}],"curies":[{"name":"wp","href":"https:\/\/api.w.org\/{rel}","templated":true}]}}