{"id":42723,"date":"2019-07-03T06:29:42","date_gmt":"2019-07-03T04:29:42","guid":{"rendered":"https:\/\/vosgesinfo.fr\/gerardmerinfo\/2019\/07\/vosges-pilote-francois-chatriot-invite-dhonneur-de-4e-montee-historique-ballon-dalsace\/"},"modified":"2019-07-03T06:29:42","modified_gmt":"2019-07-03T04:29:42","slug":"vosges-pilote-francois-chatriot-invite-dhonneur-de-4e-montee-historique-ballon-dalsace","status":"publish","type":"post","link":"https:\/\/vosgesinfo.fr\/gerardmerinfo\/2019\/07\/vosges-pilote-francois-chatriot-invite-dhonneur-de-4e-montee-historique-ballon-dalsace\/","title":{"rendered":"Vosges : le pilote Fran\u00e7ois Chatriot invit\u00e9 d\u2019honneur de la 4\u00e8 mont\u00e9e historique du Ballon d\u2019Alsace"},"content":{"rendered":"<p><a href=\"https:\/\/remiremontinfo.fr\/2019\/07\/saint-maurice-pilote-francois-chatriot-invite-dhonneur-de-4e-montee-historique-ballon-dalsace\/chatriot\/\" rel=\"attachment wp-att-149478\"><img decoding=\"async\" class=\"aligncenter size-full wp-image-149478\" src=\"\/2019\/07\/chatriot.jpg\" alt=\"chatriot\" width=\"800\" height=\"534\" \/><\/a><\/p>\n<h2><strong>C\u2019est officiel, l\u2019invit\u00e9 d\u2019honneur de la 4\u00e8 mont\u00e9e historique du Ballon d\u2019Alsace, qui aura lieu les 9, 10 et 11 aout prochains, est le pilote Fran\u00e7ois Chatriot alias le <span class=\"s1\">\u00abdocteur\u00a0\u00bb<\/span><span class=\"s1\"><br \/>\n<\/span><\/strong><\/h2>\n<p>La 4\u00e8me \u00e9dition de la mont\u00e9e historique du Ballon d\u2019Alsace se pr\u00e9pare. L\u2019\u00e9quipe de Jean-Pierre Munsch dont le photographe Claude <strong>No\u00ebl<\/strong> \u00e9tait samedi et dimanche dernier sur un stand du Festival du V\u00e9hicules Anciens de Mulhouse pour en faire la pr\u00e9sentation de l\u2019\u00e9preuve. De nombreux pilotes talentueux sont attendus pour l\u2019\u00e9v\u00e9nement, parmi lesquels, notamment Ren\u00e9 Arnoux, fid\u00e8le depuis le retour de la mont\u00e9e historique. Cette ann\u00e9e, l\u2019invit\u00e9 d\u2019honneur n\u2019est autre que Fran\u00e7ois Chatriot, dit\u00a0 \u00ab Le\u00a0Docteur \u00bb. L\u2019occasion de revenir sur le parcours du pilote.<\/p>\n","protected":false},"excerpt":{"rendered":"<p>C\u2019est officiel, l\u2019invit\u00e9 d\u2019honneur de la 4\u00e8 mont\u00e9e historique du Ballon d\u2019Alsace, qui aura lieu les 9, 10 et 11 [&hellip;]<\/p>\n","protected":false},"author":1,"featured_media":42724,"comment_status":"open","ping_status":"open","sticky":false,"template":"","format":"standard","meta":{"footnotes":""},"categories":[20,14,18],"tags":[],"class_list":["post-42723","post","type-post","status-publish","format-standard","has-post-thumbnail","hentry","category-a-la-une","category-sport","category-vosges"],"acf":[],"yoast_head":"<!-- This site is optimized with the Yoast SEO plugin v22.5 - https:\/\/yoast.com\/wordpress\/plugins\/seo\/ -->\n<title>Vosges : le pilote Fran\u00e7ois Chatriot invit\u00e9 d\u2019honneur de la 4\u00e8 mont\u00e9e historique du Ballon d\u2019Alsace - Gerardmer Info<\/title>\n<meta name=\"robots\" content=\"index, follow, max-snippet:-1, max-image-preview:large, max-video-preview:-1\" \/>\n<link rel=\"canonical\" href=\"https:\/\/vosgesinfo.fr\/gerardmerinfo\/2019\/07\/vosges-pilote-francois-chatriot-invite-dhonneur-de-4e-montee-historique-ballon-dalsace\/\" \/>\n<meta name=\"twitter:card\" content=\"summary_large_image\" \/>\n<meta name=\"twitter:title\" content=\"Vosges : le pilote Fran\u00e7ois Chatriot invit\u00e9 d\u2019honneur de la 4\u00e8 mont\u00e9e historique du Ballon d\u2019Alsace - Gerardmer Info\" \/>\n<meta name=\"twitter:description\" content=\"C\u2019est officiel, l\u2019invit\u00e9 d\u2019honneur de la 4\u00e8 mont\u00e9e historique du Ballon d\u2019Alsace, qui aura lieu les 9, 10 et 11 [&hellip;]\" \/>\n<meta name=\"twitter:image\" content=\"https:\/\/vosgesinfo.fr\/app\/uploads\/sites\/6\/2024\/07\/201907chatriot.jpg\" \/>\n<meta name=\"twitter:creator\" content=\"@VosgesInfo88\" \/>\n<meta name=\"twitter:site\" content=\"@VosgesInfo88\" \/>\n<meta name=\"twitter:label1\" content=\"\u00c9crit par\" \/>\n\t<meta name=\"twitter:data1\" content=\"qs_admin\" \/>\n\t<meta name=\"twitter:label2\" content=\"Dur\u00e9e de lecture estim\u00e9e\" \/>\n\t<meta name=\"twitter:data2\" content=\"1 minute\" \/>\n<script type=\"application\/ld+json\" class=\"yoast-schema-graph\">{\"@context\":\"https:\/\/schema.org\",\"@graph\":[{\"@type\":\"Article\",\"@id\":\"https:\/\/vosgesinfo.fr\/gerardmerinfo\/2019\/07\/vosges-pilote-francois-chatriot-invite-dhonneur-de-4e-montee-historique-ballon-dalsace\/#article\",\"isPartOf\":{\"@id\":\"https:\/\/vosgesinfo.fr\/gerardmerinfo\/2019\/07\/vosges-pilote-francois-chatriot-invite-dhonneur-de-4e-montee-historique-ballon-dalsace\/\"},\"author\":{\"name\":\"qs_admin\",\"@id\":\"https:\/\/vosgesinfo.fr\/gerardmerinfo\/#\/schema\/person\/bc5d02d71e6932e81b6dadb7386667b1\"},\"headline\":\"Vosges : le pilote Fran\u00e7ois Chatriot invit\u00e9 d\u2019honneur de la 4\u00e8 mont\u00e9e historique du Ballon d\u2019Alsace\",\"datePublished\":\"2019-07-03T04:29:42+00:00\",\"dateModified\":\"2019-07-03T04:29:42+00:00\",\"mainEntityOfPage\":{\"@id\":\"https:\/\/vosgesinfo.fr\/gerardmerinfo\/2019\/07\/vosges-pilote-francois-chatriot-invite-dhonneur-de-4e-montee-historique-ballon-dalsace\/\"},\"wordCount\":152,\"commentCount\":0,\"publisher\":{\"@id\":\"https:\/\/vosgesinfo.fr\/gerardmerinfo\/#organization\"},\"image\":{\"@id\":\"https:\/\/vosgesinfo.fr\/gerardmerinfo\/2019\/07\/vosges-pilote-francois-chatriot-invite-dhonneur-de-4e-montee-historique-ballon-dalsace\/#primaryimage\"},\"thumbnailUrl\":\"https:\/\/vosgesinfo.fr\/app\/uploads\/sites\/6\/2024\/07\/201907chatriot.jpg\",\"articleSection\":[\"A la une\",\"Sport\",\"Vosges\"],\"inLanguage\":\"fr-FR\",\"potentialAction\":[{\"@type\":\"CommentAction\",\"name\":\"Comment\",\"target\":[\"https:\/\/vosgesinfo.fr\/gerardmerinfo\/2019\/07\/vosges-pilote-francois-chatriot-invite-dhonneur-de-4e-montee-historique-ballon-dalsace\/#respond\"]}]},{\"@type\":\"WebPage\",\"@id\":\"https:\/\/vosgesinfo.fr\/gerardmerinfo\/2019\/07\/vosges-pilote-francois-chatriot-invite-dhonneur-de-4e-montee-historique-ballon-dalsace\/\",\"url\":\"https:\/\/vosgesinfo.fr\/gerardmerinfo\/2019\/07\/vosges-pilote-francois-chatriot-invite-dhonneur-de-4e-montee-historique-ballon-dalsace\/\",\"name\":\"Vosges : le pilote Fran\u00e7ois Chatriot invit\u00e9 d\u2019honneur de la 4\u00e8 mont\u00e9e historique du Ballon d\u2019Alsace - Gerardmer Info\",\"isPartOf\":{\"@id\":\"https:\/\/vosgesinfo.fr\/gerardmerinfo\/#website\"},\"primaryImageOfPage\":{\"@id\":\"https:\/\/vosgesinfo.fr\/gerardmerinfo\/2019\/07\/vosges-pilote-francois-chatriot-invite-dhonneur-de-4e-montee-historique-ballon-dalsace\/#primaryimage\"},\"image\":{\"@id\":\"https:\/\/vosgesinfo.fr\/gerardmerinfo\/2019\/07\/vosges-pilote-francois-chatriot-invite-dhonneur-de-4e-montee-historique-ballon-dalsace\/#primaryimage\"},\"thumbnailUrl\":\"https:\/\/vosgesinfo.fr\/app\/uploads\/sites\/6\/2024\/07\/201907chatriot.jpg\",\"datePublished\":\"2019-07-03T04:29:42+00:00\",\"dateModified\":\"2019-07-03T04:29:42+00:00\",\"breadcrumb\":{\"@id\":\"https:\/\/vosgesinfo.fr\/gerardmerinfo\/2019\/07\/vosges-pilote-francois-chatriot-invite-dhonneur-de-4e-montee-historique-ballon-dalsace\/#breadcrumb\"},\"inLanguage\":\"fr-FR\",\"potentialAction\":[{\"@type\":\"ReadAction\",\"target\":[\"https:\/\/vosgesinfo.fr\/gerardmerinfo\/2019\/07\/vosges-pilote-francois-chatriot-invite-dhonneur-de-4e-montee-historique-ballon-dalsace\/\"]}]},{\"@type\":\"ImageObject\",\"inLanguage\":\"fr-FR\",\"@id\":\"https:\/\/vosgesinfo.fr\/gerardmerinfo\/2019\/07\/vosges-pilote-francois-chatriot-invite-dhonneur-de-4e-montee-historique-ballon-dalsace\/#primaryimage\",\"url\":\"https:\/\/vosgesinfo.fr\/app\/uploads\/sites\/6\/2024\/07\/201907chatriot.jpg\",\"contentUrl\":\"https:\/\/vosgesinfo.fr\/app\/uploads\/sites\/6\/2024\/07\/201907chatriot.jpg\",\"width\":800,\"height\":534},{\"@type\":\"BreadcrumbList\",\"@id\":\"https:\/\/vosgesinfo.fr\/gerardmerinfo\/2019\/07\/vosges-pilote-francois-chatriot-invite-dhonneur-de-4e-montee-historique-ballon-dalsace\/#breadcrumb\",\"itemListElement\":[{\"@type\":\"ListItem\",\"position\":1,\"name\":\"Home\",\"item\":\"https:\/\/vosgesinfo.fr\/gerardmerinfo\/\"},{\"@type\":\"ListItem\",\"position\":2,\"name\":\"Vosges : le pilote Fran\u00e7ois Chatriot invit\u00e9 d\u2019honneur de la 4\u00e8 mont\u00e9e historique du Ballon d\u2019Alsace\"}]},{\"@type\":\"WebSite\",\"@id\":\"https:\/\/vosgesinfo.fr\/gerardmerinfo\/#website\",\"url\":\"https:\/\/vosgesinfo.fr\/gerardmerinfo\/\",\"name\":\"Gerardmer Info\",\"description\":\"Toute l&#039;actualit\u00e9 de G\u00e9rardmer\",\"publisher\":{\"@id\":\"https:\/\/vosgesinfo.fr\/gerardmerinfo\/#organization\"},\"alternateName\":\"Toute l'actualit\u00e9 de G\u00e9rardmer\",\"potentialAction\":[{\"@type\":\"SearchAction\",\"target\":{\"@type\":\"EntryPoint\",\"urlTemplate\":\"https:\/\/vosgesinfo.fr\/gerardmerinfo\/?s={search_term_string}\"},\"query-input\":\"required name=search_term_string\"}],\"inLanguage\":\"fr-FR\"},{\"@type\":\"Organization\",\"@id\":\"https:\/\/vosgesinfo.fr\/gerardmerinfo\/#organization\",\"name\":\"Gerardmer Info\",\"url\":\"https:\/\/vosgesinfo.fr\/gerardmerinfo\/\",\"logo\":{\"@type\":\"ImageObject\",\"inLanguage\":\"fr-FR\",\"@id\":\"https:\/\/vosgesinfo.fr\/gerardmerinfo\/#\/schema\/logo\/image\/\",\"url\":\"https:\/\/vosgesinfo.fr\/app\/uploads\/sites\/6\/2023\/08\/favicon-gerardmerinfo.png\",\"contentUrl\":\"https:\/\/vosgesinfo.fr\/app\/uploads\/sites\/6\/2023\/08\/favicon-gerardmerinfo.png\",\"width\":512,\"height\":512,\"caption\":\"Gerardmer Info\"},\"image\":{\"@id\":\"https:\/\/vosgesinfo.fr\/gerardmerinfo\/#\/schema\/logo\/image\/\"},\"sameAs\":[\"https:\/\/www.facebook.com\/profile.php?id=100049475262660\",\"https:\/\/x.com\/VosgesInfo88\",\"https:\/\/www.youtube.com\/@vosgesinfo\"]},{\"@type\":\"Person\",\"@id\":\"https:\/\/vosgesinfo.fr\/gerardmerinfo\/#\/schema\/person\/bc5d02d71e6932e81b6dadb7386667b1\",\"name\":\"qs_admin\",\"image\":{\"@type\":\"ImageObject\",\"inLanguage\":\"fr-FR\",\"@id\":\"https:\/\/vosgesinfo.fr\/gerardmerinfo\/#\/schema\/person\/image\/\",\"url\":\"https:\/\/secure.gravatar.com\/avatar\/94b18ee0ed79e4a42ea2f2931277b6841a8999fc6fde214600c78057cf1fe1de?s=96&d=mm&r=g\",\"contentUrl\":\"https:\/\/secure.gravatar.com\/avatar\/94b18ee0ed79e4a42ea2f2931277b6841a8999fc6fde214600c78057cf1fe1de?s=96&d=mm&r=g\",\"caption\":\"qs_admin\"},\"sameAs\":[\"https:\/\/vosgesinfo.fr\/wp\"],\"url\":\"https:\/\/vosgesinfo.fr\/gerardmerinfo\/author\/qs_admin\/\"}]}<\/script>\n<!-- \/ Yoast SEO plugin. -->","yoast_head_json":{"title":"Vosges : le pilote Fran\u00e7ois Chatriot invit\u00e9 d\u2019honneur de la 4\u00e8 mont\u00e9e historique du Ballon d\u2019Alsace - Gerardmer Info","robots":{"index":"index","follow":"follow","max-snippet":"max-snippet:-1","max-image-preview":"max-image-preview:large","max-video-preview":"max-video-preview:-1"},"canonical":"https:\/\/vosgesinfo.fr\/gerardmerinfo\/2019\/07\/vosges-pilote-francois-chatriot-invite-dhonneur-de-4e-montee-historique-ballon-dalsace\/","twitter_card":"summary_large_image","twitter_title":"Vosges : le pilote Fran\u00e7ois Chatriot invit\u00e9 d\u2019honneur de la 4\u00e8 mont\u00e9e historique du Ballon d\u2019Alsace - Gerardmer Info","twitter_description":"C\u2019est officiel, l\u2019invit\u00e9 d\u2019honneur de la 4\u00e8 mont\u00e9e historique du Ballon d\u2019Alsace, qui aura lieu les 9, 10 et 11 [&hellip;]","twitter_image":"https:\/\/vosgesinfo.fr\/app\/uploads\/sites\/6\/2024\/07\/201907chatriot.jpg","twitter_creator":"@VosgesInfo88","twitter_site":"@VosgesInfo88","twitter_misc":{"\u00c9crit par":"qs_admin","Dur\u00e9e de lecture estim\u00e9e":"1 minute"},"schema":{"@context":"https:\/\/schema.org","@graph":[{"@type":"Article","@id":"https:\/\/vosgesinfo.fr\/gerardmerinfo\/2019\/07\/vosges-pilote-francois-chatriot-invite-dhonneur-de-4e-montee-historique-ballon-dalsace\/#article","isPartOf":{"@id":"https:\/\/vosgesinfo.fr\/gerardmerinfo\/2019\/07\/vosges-pilote-francois-chatriot-invite-dhonneur-de-4e-montee-historique-ballon-dalsace\/"},"author":{"name":"qs_admin","@id":"https:\/\/vosgesinfo.fr\/gerardmerinfo\/#\/schema\/person\/bc5d02d71e6932e81b6dadb7386667b1"},"headline":"Vosges : le pilote Fran\u00e7ois Chatriot invit\u00e9 d\u2019honneur de la 4\u00e8 mont\u00e9e historique du Ballon d\u2019Alsace","datePublished":"2019-07-03T04:29:42+00:00","dateModified":"2019-07-03T04:29:42+00:00","mainEntityOfPage":{"@id":"https:\/\/vosgesinfo.fr\/gerardmerinfo\/2019\/07\/vosges-pilote-francois-chatriot-invite-dhonneur-de-4e-montee-historique-ballon-dalsace\/"},"wordCount":152,"commentCount":0,"publisher":{"@id":"https:\/\/vosgesinfo.fr\/gerardmerinfo\/#organization"},"image":{"@id":"https:\/\/vosgesinfo.fr\/gerardmerinfo\/2019\/07\/vosges-pilote-francois-chatriot-invite-dhonneur-de-4e-montee-historique-ballon-dalsace\/#primaryimage"},"thumbnailUrl":"https:\/\/vosgesinfo.fr\/app\/uploads\/sites\/6\/2024\/07\/201907chatriot.jpg","articleSection":["A la une","Sport","Vosges"],"inLanguage":"fr-FR","potentialAction":[{"@type":"CommentAction","name":"Comment","target":["https:\/\/vosgesinfo.fr\/gerardmerinfo\/2019\/07\/vosges-pilote-francois-chatriot-invite-dhonneur-de-4e-montee-historique-ballon-dalsace\/#respond"]}]},{"@type":"WebPage","@id":"https:\/\/vosgesinfo.fr\/gerardmerinfo\/2019\/07\/vosges-pilote-francois-chatriot-invite-dhonneur-de-4e-montee-historique-ballon-dalsace\/","url":"https:\/\/vosgesinfo.fr\/gerardmerinfo\/2019\/07\/vosges-pilote-francois-chatriot-invite-dhonneur-de-4e-montee-historique-ballon-dalsace\/","name":"Vosges : le pilote Fran\u00e7ois Chatriot invit\u00e9 d\u2019honneur de la 4\u00e8 mont\u00e9e historique du Ballon d\u2019Alsace - Gerardmer Info","isPartOf":{"@id":"https:\/\/vosgesinfo.fr\/gerardmerinfo\/#website"},"primaryImageOfPage":{"@id":"https:\/\/vosgesinfo.fr\/gerardmerinfo\/2019\/07\/vosges-pilote-francois-chatriot-invite-dhonneur-de-4e-montee-historique-ballon-dalsace\/#primaryimage"},"image":{"@id":"https:\/\/vosgesinfo.fr\/gerardmerinfo\/2019\/07\/vosges-pilote-francois-chatriot-invite-dhonneur-de-4e-montee-historique-ballon-dalsace\/#primaryimage"},"thumbnailUrl":"https:\/\/vosgesinfo.fr\/app\/uploads\/sites\/6\/2024\/07\/201907chatriot.jpg","datePublished":"2019-07-03T04:29:42+00:00","dateModified":"2019-07-03T04:29:42+00:00","breadcrumb":{"@id":"https:\/\/vosgesinfo.fr\/gerardmerinfo\/2019\/07\/vosges-pilote-francois-chatriot-invite-dhonneur-de-4e-montee-historique-ballon-dalsace\/#breadcrumb"},"inLanguage":"fr-FR","potentialAction":[{"@type":"ReadAction","target":["https:\/\/vosgesinfo.fr\/gerardmerinfo\/2019\/07\/vosges-pilote-francois-chatriot-invite-dhonneur-de-4e-montee-historique-ballon-dalsace\/"]}]},{"@type":"ImageObject","inLanguage":"fr-FR","@id":"https:\/\/vosgesinfo.fr\/gerardmerinfo\/2019\/07\/vosges-pilote-francois-chatriot-invite-dhonneur-de-4e-montee-historique-ballon-dalsace\/#primaryimage","url":"https:\/\/vosgesinfo.fr\/app\/uploads\/sites\/6\/2024\/07\/201907chatriot.jpg","contentUrl":"https:\/\/vosgesinfo.fr\/app\/uploads\/sites\/6\/2024\/07\/201907chatriot.jpg","width":800,"height":534},{"@type":"BreadcrumbList","@id":"https:\/\/vosgesinfo.fr\/gerardmerinfo\/2019\/07\/vosges-pilote-francois-chatriot-invite-dhonneur-de-4e-montee-historique-ballon-dalsace\/#breadcrumb","itemListElement":[{"@type":"ListItem","position":1,"name":"Home","item":"https:\/\/vosgesinfo.fr\/gerardmerinfo\/"},{"@type":"ListItem","position":2,"name":"Vosges : le pilote Fran\u00e7ois Chatriot invit\u00e9 d\u2019honneur de la 4\u00e8 mont\u00e9e historique du Ballon d\u2019Alsace"}]},{"@type":"WebSite","@id":"https:\/\/vosgesinfo.fr\/gerardmerinfo\/#website","url":"https:\/\/vosgesinfo.fr\/gerardmerinfo\/","name":"Gerardmer Info","description":"Toute l&#039;actualit\u00e9 de G\u00e9rardmer","publisher":{"@id":"https:\/\/vosgesinfo.fr\/gerardmerinfo\/#organization"},"alternateName":"Toute l'actualit\u00e9 de G\u00e9rardmer","potentialAction":[{"@type":"SearchAction","target":{"@type":"EntryPoint","urlTemplate":"https:\/\/vosgesinfo.fr\/gerardmerinfo\/?s={search_term_string}"},"query-input":"required name=search_term_string"}],"inLanguage":"fr-FR"},{"@type":"Organization","@id":"https:\/\/vosgesinfo.fr\/gerardmerinfo\/#organization","name":"Gerardmer Info","url":"https:\/\/vosgesinfo.fr\/gerardmerinfo\/","logo":{"@type":"ImageObject","inLanguage":"fr-FR","@id":"https:\/\/vosgesinfo.fr\/gerardmerinfo\/#\/schema\/logo\/image\/","url":"https:\/\/vosgesinfo.fr\/app\/uploads\/sites\/6\/2023\/08\/favicon-gerardmerinfo.png","contentUrl":"https:\/\/vosgesinfo.fr\/app\/uploads\/sites\/6\/2023\/08\/favicon-gerardmerinfo.png","width":512,"height":512,"caption":"Gerardmer Info"},"image":{"@id":"https:\/\/vosgesinfo.fr\/gerardmerinfo\/#\/schema\/logo\/image\/"},"sameAs":["https:\/\/www.facebook.com\/profile.php?id=100049475262660","https:\/\/x.com\/VosgesInfo88","https:\/\/www.youtube.com\/@vosgesinfo"]},{"@type":"Person","@id":"https:\/\/vosgesinfo.fr\/gerardmerinfo\/#\/schema\/person\/bc5d02d71e6932e81b6dadb7386667b1","name":"qs_admin","image":{"@type":"ImageObject","inLanguage":"fr-FR","@id":"https:\/\/vosgesinfo.fr\/gerardmerinfo\/#\/schema\/person\/image\/","url":"https:\/\/secure.gravatar.com\/avatar\/94b18ee0ed79e4a42ea2f2931277b6841a8999fc6fde214600c78057cf1fe1de?s=96&d=mm&r=g","contentUrl":"https:\/\/secure.gravatar.com\/avatar\/94b18ee0ed79e4a42ea2f2931277b6841a8999fc6fde214600c78057cf1fe1de?s=96&d=mm&r=g","caption":"qs_admin"},"sameAs":["https:\/\/vosgesinfo.fr\/wp"],"url":"https:\/\/vosgesinfo.fr\/gerardmerinfo\/author\/qs_admin\/"}]}},"_links":{"self":[{"href":"https:\/\/vosgesinfo.fr\/gerardmerinfo\/wp-json\/wp\/v2\/posts\/42723","targetHints":{"allow":["GET"]}}],"collection":[{"href":"https:\/\/vosgesinfo.fr\/gerardmerinfo\/wp-json\/wp\/v2\/posts"}],"about":[{"href":"https:\/\/vosgesinfo.fr\/gerardmerinfo\/wp-json\/wp\/v2\/types\/post"}],"author":[{"embeddable":true,"href":"https:\/\/vosgesinfo.fr\/gerardmerinfo\/wp-json\/wp\/v2\/users\/1"}],"replies":[{"embeddable":true,"href":"https:\/\/vosgesinfo.fr\/gerardmerinfo\/wp-json\/wp\/v2\/comments?post=42723"}],"version-history":[{"count":0,"href":"https:\/\/vosgesinfo.fr\/gerardmerinfo\/wp-json\/wp\/v2\/posts\/42723\/revisions"}],"wp:featuredmedia":[{"embeddable":true,"href":"https:\/\/vosgesinfo.fr\/gerardmerinfo\/wp-json\/wp\/v2\/media\/42724"}],"wp:attachment":[{"href":"https:\/\/vosgesinfo.fr\/gerardmerinfo\/wp-json\/wp\/v2\/media?parent=42723"}],"wp:term":[{"taxonomy":"category","embeddable":true,"href":"https:\/\/vosgesinfo.fr\/gerardmerinfo\/wp-json\/wp\/v2\/categories?post=42723"},{"taxonomy":"post_tag","embeddable":true,"href":"https:\/\/vosgesinfo.fr\/gerardmerinfo\/wp-json\/wp\/v2\/tags?post=42723"}],"curies":[{"name":"wp","href":"https:\/\/api.w.org\/{rel}","templated":true}]}}