{"id":42819,"date":"2019-07-10T15:51:40","date_gmt":"2019-07-10T13:51:40","guid":{"rendered":"https:\/\/vosgesinfo.fr\/gerardmerinfo\/2019\/07\/kiwanis-recoit-honneurs-instances-internationales\/"},"modified":"2019-07-10T15:51:40","modified_gmt":"2019-07-10T13:51:40","slug":"kiwanis-recoit-honneurs-instances-internationales","status":"publish","type":"post","link":"https:\/\/vosgesinfo.fr\/gerardmerinfo\/2019\/07\/kiwanis-recoit-honneurs-instances-internationales\/","title":{"rendered":"Le Kiwanis re\u00e7oit les honneurs des instances internationales"},"content":{"rendered":"<p>&nbsp;<\/p>\n<p><a href=\"\/2019\/07\/image0000001_01.jpg\"><img decoding=\"async\" class=\"aligncenter wp-image-149726\" src=\"\/2019\/07\/image0000001_01.jpg\" alt=\"distinction kiwanis\" width=\"500\" height=\"375\" \/><\/a><\/p>\n<p>Comme chaque ann\u00e9e \u00e0 l&rsquo;aube des grandes vacances, le Kiwanis Club de G\u00e9rardmer se r\u00e9unissait au Paradis du P\u00eacheur pour mettre la touche finale \u00e0 sa balade estivale. L&rsquo;occasion de remettre deux distinctions \u00e0 son pr\u00e9sident ainsi qu&rsquo;\u00e0 son secr\u00e9taire, sans oublier l&rsquo;intronisation d&rsquo;un nouveau membre en la personne de Daniel Grandemange.<\/p>\n<p>Le pr\u00e9sident Pascal Houot et le secr\u00e9taire Michel Lavest ont donc \u00e9t\u00e9 distingu\u00e9s par les instances Internationales pour l&rsquo;ensemble de leur \u0153uvre lors de la saison 2017-2018, avec de nombreux projets men\u00e9s \u00e0 bien. Ils ont fi\u00e8rement repr\u00e9sent\u00e9 les couleurs et surtout les valeurs du Kiwanis par leur engagement et leur bonne gestion du club g\u00e9r\u00f4mois, bien aid\u00e9s par l&rsquo;ensemble des membres du club, \u00e0 l&rsquo;image du tr\u00e9sorier Raoul Marcadella, lui aussi maillon essentiel de cette belle cha\u00eene. Chacun des deux laur\u00e9ats ont donc re\u00e7u un pin&rsquo;s repr\u00e9sentant cette distinction, sachant que c&rsquo;est la deuxi\u00e8me fois que Michel Lavest est cit\u00e9 au niveau international, la premi\u00e8re fois remonte \u00e0 2009.<\/p>\n<div id=\"attachment_149717\" style=\"width: 350px\" class=\"wp-caption alignleft\"><a href=\"\/2019\/07\/IMG_20190708_191130.jpg\"><img decoding=\"async\" aria-describedby=\"caption-attachment-149717\" class=\"size-medium wp-image-149717\" src=\"\/2019\/07\/IMG_20190708_191130-340x255.jpg\" alt=\"Daniel Grandemange, au centre\" width=\"340\" height=\"255\" \/><\/a><p id=\"caption-attachment-149717\" class=\"wp-caption-text\">Daniel Grandemange, au centre<\/p><\/div>\n<p>Une bonne nouvelle n&rsquo;arrivant jamais seule, le club avait le plaisir d&rsquo;accueillir un nouveau membre en la personne de Daniel Grandemange. Ancien ing\u00e9nieur en \u00e9nerg\u00e9tique, il a notamment travaill\u00e9 pour un bureau d&rsquo;\u00e9tude bas\u00e9 \u00e0 Strasbourg de 1990 \u00e0 2017. D\u00e9sormais \u00e0 la retraite, il est venu s&rsquo;installer \u00e0 Xonrupt dans une maison qu&rsquo;il avait fait construire en 2004et continue \u00e0 exercer une activit\u00e9 de consultant dans son domaine professionnel de pr\u00e9dilection. Il rejoint donc le Kiwanis de G\u00e9rardmer, club particuli\u00e8rement dynamique dans lequel il devrait rapidement se sentir \u00e0 l&rsquo;aise, lui qui l&rsquo;est tout autant.<\/p>\n<p><a href=\"\/2019\/07\/image0000001.jpg\"><img decoding=\"async\" class=\"alignright size-medium wp-image-149715\" src=\"\/2019\/07\/image0000001-340x255.jpg\" alt=\"Trinit\u00e9 Chapelle G\u00e9rardmer\" width=\"340\" height=\"255\" \/><\/a>Terminons par la balade estivale du club qui aura lieu le 28 juillet avec d\u00e9parts entre 9 h 30 et 11 h 30 \u00e0 la chapelle de la Trinit\u00e9 qui aura d&rsquo;ailleurs 250 ans cette ann\u00e9e ! Deux parcours accessibles \u00e0 tous vous attendront (6 ou 12 km). Le tarif est de 5\u20ac par marcheur et l&rsquo;int\u00e9gralit\u00e9 des b\u00e9n\u00e9fices seront revers\u00e9s \u00e0 l&rsquo;aide aux enfants handicap\u00e9s. Restauration champ\u00eatre sur place au niveau de la chapelle en question.<\/p>\n<p><a href=\"\/2019\/07\/image0000001_02.jpg\"><img decoding=\"async\" class=\"aligncenter wp-image-149727\" src=\"\/2019\/07\/image0000001_02.jpg\" alt=\"intronisation kiwanis\" width=\"500\" height=\"375\" \/><\/a><\/p>\n<p>&nbsp;<\/p>\n","protected":false},"excerpt":{"rendered":"<p>&nbsp; Comme chaque ann\u00e9e \u00e0 l&rsquo;aube des grandes vacances, le Kiwanis Club de G\u00e9rardmer se r\u00e9unissait au Paradis du P\u00eacheur [&hellip;]<\/p>\n","protected":false},"author":42,"featured_media":42820,"comment_status":"open","ping_status":"open","sticky":false,"template":"","format":"standard","meta":{"footnotes":""},"categories":[20,25,17],"tags":[1779],"class_list":["post-42819","post","type-post","status-publish","format-standard","has-post-thumbnail","hentry","category-a-la-une","category-gerardmer","category-vie-associative","tag-kiwanis"],"acf":[],"yoast_head":"<!-- This site is optimized with the Yoast SEO plugin v22.5 - https:\/\/yoast.com\/wordpress\/plugins\/seo\/ -->\n<title>Le Kiwanis re\u00e7oit les honneurs des instances internationales - Gerardmer Info<\/title>\n<meta name=\"robots\" content=\"index, follow, max-snippet:-1, max-image-preview:large, max-video-preview:-1\" \/>\n<link rel=\"canonical\" href=\"https:\/\/vosgesinfo.fr\/gerardmerinfo\/2019\/07\/kiwanis-recoit-honneurs-instances-internationales\/\" \/>\n<meta name=\"twitter:card\" content=\"summary_large_image\" \/>\n<meta name=\"twitter:title\" content=\"Le Kiwanis re\u00e7oit les honneurs des instances internationales - Gerardmer Info\" \/>\n<meta name=\"twitter:description\" content=\"&nbsp; Comme chaque ann\u00e9e \u00e0 l&rsquo;aube des grandes vacances, le Kiwanis Club de G\u00e9rardmer se r\u00e9unissait au Paradis du P\u00eacheur [&hellip;]\" \/>\n<meta name=\"twitter:image\" content=\"https:\/\/vosgesinfo.fr\/app\/uploads\/sites\/6\/2024\/07\/201907image0000001-01.jpg\" \/>\n<meta name=\"twitter:creator\" content=\"@VosgesInfo88\" \/>\n<meta name=\"twitter:site\" content=\"@VosgesInfo88\" \/>\n<meta name=\"twitter:label1\" content=\"\u00c9crit par\" \/>\n\t<meta name=\"twitter:data1\" content=\"QG\" \/>\n\t<meta name=\"twitter:label2\" content=\"Dur\u00e9e de lecture estim\u00e9e\" \/>\n\t<meta name=\"twitter:data2\" content=\"2 minutes\" \/>\n<script type=\"application\/ld+json\" class=\"yoast-schema-graph\">{\"@context\":\"https:\/\/schema.org\",\"@graph\":[{\"@type\":\"Article\",\"@id\":\"https:\/\/vosgesinfo.fr\/gerardmerinfo\/2019\/07\/kiwanis-recoit-honneurs-instances-internationales\/#article\",\"isPartOf\":{\"@id\":\"https:\/\/vosgesinfo.fr\/gerardmerinfo\/2019\/07\/kiwanis-recoit-honneurs-instances-internationales\/\"},\"author\":{\"name\":\"QG\",\"@id\":\"https:\/\/vosgesinfo.fr\/gerardmerinfo\/#\/schema\/person\/db5605779a843dad16b5368f3e7613a5\"},\"headline\":\"Le Kiwanis re\u00e7oit les honneurs des instances internationales\",\"datePublished\":\"2019-07-10T13:51:40+00:00\",\"dateModified\":\"2019-07-10T13:51:40+00:00\",\"mainEntityOfPage\":{\"@id\":\"https:\/\/vosgesinfo.fr\/gerardmerinfo\/2019\/07\/kiwanis-recoit-honneurs-instances-internationales\/\"},\"wordCount\":384,\"commentCount\":0,\"publisher\":{\"@id\":\"https:\/\/vosgesinfo.fr\/gerardmerinfo\/#organization\"},\"image\":{\"@id\":\"https:\/\/vosgesinfo.fr\/gerardmerinfo\/2019\/07\/kiwanis-recoit-honneurs-instances-internationales\/#primaryimage\"},\"thumbnailUrl\":\"https:\/\/vosgesinfo.fr\/app\/uploads\/sites\/6\/2024\/07\/201907image0000001-01.jpg\",\"keywords\":[\"kiwanis\"],\"articleSection\":[\"A la une\",\"G\u00e9rardmer\",\"Vie Associative\"],\"inLanguage\":\"fr-FR\",\"potentialAction\":[{\"@type\":\"CommentAction\",\"name\":\"Comment\",\"target\":[\"https:\/\/vosgesinfo.fr\/gerardmerinfo\/2019\/07\/kiwanis-recoit-honneurs-instances-internationales\/#respond\"]}]},{\"@type\":\"WebPage\",\"@id\":\"https:\/\/vosgesinfo.fr\/gerardmerinfo\/2019\/07\/kiwanis-recoit-honneurs-instances-internationales\/\",\"url\":\"https:\/\/vosgesinfo.fr\/gerardmerinfo\/2019\/07\/kiwanis-recoit-honneurs-instances-internationales\/\",\"name\":\"Le Kiwanis re\u00e7oit les honneurs des instances internationales - Gerardmer Info\",\"isPartOf\":{\"@id\":\"https:\/\/vosgesinfo.fr\/gerardmerinfo\/#website\"},\"primaryImageOfPage\":{\"@id\":\"https:\/\/vosgesinfo.fr\/gerardmerinfo\/2019\/07\/kiwanis-recoit-honneurs-instances-internationales\/#primaryimage\"},\"image\":{\"@id\":\"https:\/\/vosgesinfo.fr\/gerardmerinfo\/2019\/07\/kiwanis-recoit-honneurs-instances-internationales\/#primaryimage\"},\"thumbnailUrl\":\"https:\/\/vosgesinfo.fr\/app\/uploads\/sites\/6\/2024\/07\/201907image0000001-01.jpg\",\"datePublished\":\"2019-07-10T13:51:40+00:00\",\"dateModified\":\"2019-07-10T13:51:40+00:00\",\"breadcrumb\":{\"@id\":\"https:\/\/vosgesinfo.fr\/gerardmerinfo\/2019\/07\/kiwanis-recoit-honneurs-instances-internationales\/#breadcrumb\"},\"inLanguage\":\"fr-FR\",\"potentialAction\":[{\"@type\":\"ReadAction\",\"target\":[\"https:\/\/vosgesinfo.fr\/gerardmerinfo\/2019\/07\/kiwanis-recoit-honneurs-instances-internationales\/\"]}]},{\"@type\":\"ImageObject\",\"inLanguage\":\"fr-FR\",\"@id\":\"https:\/\/vosgesinfo.fr\/gerardmerinfo\/2019\/07\/kiwanis-recoit-honneurs-instances-internationales\/#primaryimage\",\"url\":\"https:\/\/vosgesinfo.fr\/app\/uploads\/sites\/6\/2024\/07\/201907image0000001-01.jpg\",\"contentUrl\":\"https:\/\/vosgesinfo.fr\/app\/uploads\/sites\/6\/2024\/07\/201907image0000001-01.jpg\",\"width\":800,\"height\":600},{\"@type\":\"BreadcrumbList\",\"@id\":\"https:\/\/vosgesinfo.fr\/gerardmerinfo\/2019\/07\/kiwanis-recoit-honneurs-instances-internationales\/#breadcrumb\",\"itemListElement\":[{\"@type\":\"ListItem\",\"position\":1,\"name\":\"Home\",\"item\":\"https:\/\/vosgesinfo.fr\/gerardmerinfo\/\"},{\"@type\":\"ListItem\",\"position\":2,\"name\":\"Le Kiwanis re\u00e7oit les honneurs des instances internationales\"}]},{\"@type\":\"WebSite\",\"@id\":\"https:\/\/vosgesinfo.fr\/gerardmerinfo\/#website\",\"url\":\"https:\/\/vosgesinfo.fr\/gerardmerinfo\/\",\"name\":\"Gerardmer Info\",\"description\":\"Toute l&#039;actualit\u00e9 de G\u00e9rardmer\",\"publisher\":{\"@id\":\"https:\/\/vosgesinfo.fr\/gerardmerinfo\/#organization\"},\"alternateName\":\"Toute l'actualit\u00e9 de G\u00e9rardmer\",\"potentialAction\":[{\"@type\":\"SearchAction\",\"target\":{\"@type\":\"EntryPoint\",\"urlTemplate\":\"https:\/\/vosgesinfo.fr\/gerardmerinfo\/?s={search_term_string}\"},\"query-input\":\"required name=search_term_string\"}],\"inLanguage\":\"fr-FR\"},{\"@type\":\"Organization\",\"@id\":\"https:\/\/vosgesinfo.fr\/gerardmerinfo\/#organization\",\"name\":\"Gerardmer Info\",\"url\":\"https:\/\/vosgesinfo.fr\/gerardmerinfo\/\",\"logo\":{\"@type\":\"ImageObject\",\"inLanguage\":\"fr-FR\",\"@id\":\"https:\/\/vosgesinfo.fr\/gerardmerinfo\/#\/schema\/logo\/image\/\",\"url\":\"https:\/\/vosgesinfo.fr\/app\/uploads\/sites\/6\/2023\/08\/favicon-gerardmerinfo.png\",\"contentUrl\":\"https:\/\/vosgesinfo.fr\/app\/uploads\/sites\/6\/2023\/08\/favicon-gerardmerinfo.png\",\"width\":512,\"height\":512,\"caption\":\"Gerardmer Info\"},\"image\":{\"@id\":\"https:\/\/vosgesinfo.fr\/gerardmerinfo\/#\/schema\/logo\/image\/\"},\"sameAs\":[\"https:\/\/www.facebook.com\/profile.php?id=100049475262660\",\"https:\/\/x.com\/VosgesInfo88\",\"https:\/\/www.youtube.com\/@vosgesinfo\"]},{\"@type\":\"Person\",\"@id\":\"https:\/\/vosgesinfo.fr\/gerardmerinfo\/#\/schema\/person\/db5605779a843dad16b5368f3e7613a5\",\"name\":\"QG\",\"image\":{\"@type\":\"ImageObject\",\"inLanguage\":\"fr-FR\",\"@id\":\"https:\/\/vosgesinfo.fr\/gerardmerinfo\/#\/schema\/person\/image\/\",\"url\":\"https:\/\/secure.gravatar.com\/avatar\/ea80c42c204b534408512832fde52504ecabb9706bcb6151cf6175e5b64e6793?s=96&d=mm&r=g\",\"contentUrl\":\"https:\/\/secure.gravatar.com\/avatar\/ea80c42c204b534408512832fde52504ecabb9706bcb6151cf6175e5b64e6793?s=96&d=mm&r=g\",\"caption\":\"QG\"},\"url\":\"https:\/\/vosgesinfo.fr\/gerardmerinfo\/author\/quentin88\/\"}]}<\/script>\n<!-- \/ Yoast SEO plugin. -->","yoast_head_json":{"title":"Le Kiwanis re\u00e7oit les honneurs des instances internationales - Gerardmer Info","robots":{"index":"index","follow":"follow","max-snippet":"max-snippet:-1","max-image-preview":"max-image-preview:large","max-video-preview":"max-video-preview:-1"},"canonical":"https:\/\/vosgesinfo.fr\/gerardmerinfo\/2019\/07\/kiwanis-recoit-honneurs-instances-internationales\/","twitter_card":"summary_large_image","twitter_title":"Le Kiwanis re\u00e7oit les honneurs des instances internationales - Gerardmer Info","twitter_description":"&nbsp; Comme chaque ann\u00e9e \u00e0 l&rsquo;aube des grandes vacances, le Kiwanis Club de G\u00e9rardmer se r\u00e9unissait au Paradis du P\u00eacheur [&hellip;]","twitter_image":"https:\/\/vosgesinfo.fr\/app\/uploads\/sites\/6\/2024\/07\/201907image0000001-01.jpg","twitter_creator":"@VosgesInfo88","twitter_site":"@VosgesInfo88","twitter_misc":{"\u00c9crit par":"QG","Dur\u00e9e de lecture estim\u00e9e":"2 minutes"},"schema":{"@context":"https:\/\/schema.org","@graph":[{"@type":"Article","@id":"https:\/\/vosgesinfo.fr\/gerardmerinfo\/2019\/07\/kiwanis-recoit-honneurs-instances-internationales\/#article","isPartOf":{"@id":"https:\/\/vosgesinfo.fr\/gerardmerinfo\/2019\/07\/kiwanis-recoit-honneurs-instances-internationales\/"},"author":{"name":"QG","@id":"https:\/\/vosgesinfo.fr\/gerardmerinfo\/#\/schema\/person\/db5605779a843dad16b5368f3e7613a5"},"headline":"Le Kiwanis re\u00e7oit les honneurs des instances internationales","datePublished":"2019-07-10T13:51:40+00:00","dateModified":"2019-07-10T13:51:40+00:00","mainEntityOfPage":{"@id":"https:\/\/vosgesinfo.fr\/gerardmerinfo\/2019\/07\/kiwanis-recoit-honneurs-instances-internationales\/"},"wordCount":384,"commentCount":0,"publisher":{"@id":"https:\/\/vosgesinfo.fr\/gerardmerinfo\/#organization"},"image":{"@id":"https:\/\/vosgesinfo.fr\/gerardmerinfo\/2019\/07\/kiwanis-recoit-honneurs-instances-internationales\/#primaryimage"},"thumbnailUrl":"https:\/\/vosgesinfo.fr\/app\/uploads\/sites\/6\/2024\/07\/201907image0000001-01.jpg","keywords":["kiwanis"],"articleSection":["A la une","G\u00e9rardmer","Vie Associative"],"inLanguage":"fr-FR","potentialAction":[{"@type":"CommentAction","name":"Comment","target":["https:\/\/vosgesinfo.fr\/gerardmerinfo\/2019\/07\/kiwanis-recoit-honneurs-instances-internationales\/#respond"]}]},{"@type":"WebPage","@id":"https:\/\/vosgesinfo.fr\/gerardmerinfo\/2019\/07\/kiwanis-recoit-honneurs-instances-internationales\/","url":"https:\/\/vosgesinfo.fr\/gerardmerinfo\/2019\/07\/kiwanis-recoit-honneurs-instances-internationales\/","name":"Le Kiwanis re\u00e7oit les honneurs des instances internationales - Gerardmer Info","isPartOf":{"@id":"https:\/\/vosgesinfo.fr\/gerardmerinfo\/#website"},"primaryImageOfPage":{"@id":"https:\/\/vosgesinfo.fr\/gerardmerinfo\/2019\/07\/kiwanis-recoit-honneurs-instances-internationales\/#primaryimage"},"image":{"@id":"https:\/\/vosgesinfo.fr\/gerardmerinfo\/2019\/07\/kiwanis-recoit-honneurs-instances-internationales\/#primaryimage"},"thumbnailUrl":"https:\/\/vosgesinfo.fr\/app\/uploads\/sites\/6\/2024\/07\/201907image0000001-01.jpg","datePublished":"2019-07-10T13:51:40+00:00","dateModified":"2019-07-10T13:51:40+00:00","breadcrumb":{"@id":"https:\/\/vosgesinfo.fr\/gerardmerinfo\/2019\/07\/kiwanis-recoit-honneurs-instances-internationales\/#breadcrumb"},"inLanguage":"fr-FR","potentialAction":[{"@type":"ReadAction","target":["https:\/\/vosgesinfo.fr\/gerardmerinfo\/2019\/07\/kiwanis-recoit-honneurs-instances-internationales\/"]}]},{"@type":"ImageObject","inLanguage":"fr-FR","@id":"https:\/\/vosgesinfo.fr\/gerardmerinfo\/2019\/07\/kiwanis-recoit-honneurs-instances-internationales\/#primaryimage","url":"https:\/\/vosgesinfo.fr\/app\/uploads\/sites\/6\/2024\/07\/201907image0000001-01.jpg","contentUrl":"https:\/\/vosgesinfo.fr\/app\/uploads\/sites\/6\/2024\/07\/201907image0000001-01.jpg","width":800,"height":600},{"@type":"BreadcrumbList","@id":"https:\/\/vosgesinfo.fr\/gerardmerinfo\/2019\/07\/kiwanis-recoit-honneurs-instances-internationales\/#breadcrumb","itemListElement":[{"@type":"ListItem","position":1,"name":"Home","item":"https:\/\/vosgesinfo.fr\/gerardmerinfo\/"},{"@type":"ListItem","position":2,"name":"Le Kiwanis re\u00e7oit les honneurs des instances internationales"}]},{"@type":"WebSite","@id":"https:\/\/vosgesinfo.fr\/gerardmerinfo\/#website","url":"https:\/\/vosgesinfo.fr\/gerardmerinfo\/","name":"Gerardmer Info","description":"Toute l&#039;actualit\u00e9 de G\u00e9rardmer","publisher":{"@id":"https:\/\/vosgesinfo.fr\/gerardmerinfo\/#organization"},"alternateName":"Toute l'actualit\u00e9 de G\u00e9rardmer","potentialAction":[{"@type":"SearchAction","target":{"@type":"EntryPoint","urlTemplate":"https:\/\/vosgesinfo.fr\/gerardmerinfo\/?s={search_term_string}"},"query-input":"required name=search_term_string"}],"inLanguage":"fr-FR"},{"@type":"Organization","@id":"https:\/\/vosgesinfo.fr\/gerardmerinfo\/#organization","name":"Gerardmer Info","url":"https:\/\/vosgesinfo.fr\/gerardmerinfo\/","logo":{"@type":"ImageObject","inLanguage":"fr-FR","@id":"https:\/\/vosgesinfo.fr\/gerardmerinfo\/#\/schema\/logo\/image\/","url":"https:\/\/vosgesinfo.fr\/app\/uploads\/sites\/6\/2023\/08\/favicon-gerardmerinfo.png","contentUrl":"https:\/\/vosgesinfo.fr\/app\/uploads\/sites\/6\/2023\/08\/favicon-gerardmerinfo.png","width":512,"height":512,"caption":"Gerardmer Info"},"image":{"@id":"https:\/\/vosgesinfo.fr\/gerardmerinfo\/#\/schema\/logo\/image\/"},"sameAs":["https:\/\/www.facebook.com\/profile.php?id=100049475262660","https:\/\/x.com\/VosgesInfo88","https:\/\/www.youtube.com\/@vosgesinfo"]},{"@type":"Person","@id":"https:\/\/vosgesinfo.fr\/gerardmerinfo\/#\/schema\/person\/db5605779a843dad16b5368f3e7613a5","name":"QG","image":{"@type":"ImageObject","inLanguage":"fr-FR","@id":"https:\/\/vosgesinfo.fr\/gerardmerinfo\/#\/schema\/person\/image\/","url":"https:\/\/secure.gravatar.com\/avatar\/ea80c42c204b534408512832fde52504ecabb9706bcb6151cf6175e5b64e6793?s=96&d=mm&r=g","contentUrl":"https:\/\/secure.gravatar.com\/avatar\/ea80c42c204b534408512832fde52504ecabb9706bcb6151cf6175e5b64e6793?s=96&d=mm&r=g","caption":"QG"},"url":"https:\/\/vosgesinfo.fr\/gerardmerinfo\/author\/quentin88\/"}]}},"_links":{"self":[{"href":"https:\/\/vosgesinfo.fr\/gerardmerinfo\/wp-json\/wp\/v2\/posts\/42819","targetHints":{"allow":["GET"]}}],"collection":[{"href":"https:\/\/vosgesinfo.fr\/gerardmerinfo\/wp-json\/wp\/v2\/posts"}],"about":[{"href":"https:\/\/vosgesinfo.fr\/gerardmerinfo\/wp-json\/wp\/v2\/types\/post"}],"author":[{"embeddable":true,"href":"https:\/\/vosgesinfo.fr\/gerardmerinfo\/wp-json\/wp\/v2\/users\/42"}],"replies":[{"embeddable":true,"href":"https:\/\/vosgesinfo.fr\/gerardmerinfo\/wp-json\/wp\/v2\/comments?post=42819"}],"version-history":[{"count":0,"href":"https:\/\/vosgesinfo.fr\/gerardmerinfo\/wp-json\/wp\/v2\/posts\/42819\/revisions"}],"wp:featuredmedia":[{"embeddable":true,"href":"https:\/\/vosgesinfo.fr\/gerardmerinfo\/wp-json\/wp\/v2\/media\/42820"}],"wp:attachment":[{"href":"https:\/\/vosgesinfo.fr\/gerardmerinfo\/wp-json\/wp\/v2\/media?parent=42819"}],"wp:term":[{"taxonomy":"category","embeddable":true,"href":"https:\/\/vosgesinfo.fr\/gerardmerinfo\/wp-json\/wp\/v2\/categories?post=42819"},{"taxonomy":"post_tag","embeddable":true,"href":"https:\/\/vosgesinfo.fr\/gerardmerinfo\/wp-json\/wp\/v2\/tags?post=42819"}],"curies":[{"name":"wp","href":"https:\/\/api.w.org\/{rel}","templated":true}]}}