{"id":42833,"date":"2019-07-11T15:47:03","date_gmt":"2019-07-11T13:47:03","guid":{"rendered":"https:\/\/vosgesinfo.fr\/gerardmerinfo\/2019\/07\/jah-prince-the-prophets-cote-divoire-concert-14-juillet\/"},"modified":"2019-07-11T15:47:03","modified_gmt":"2019-07-11T13:47:03","slug":"jah-prince-the-prophets-cote-divoire-concert-14-juillet","status":"publish","type":"post","link":"https:\/\/vosgesinfo.fr\/gerardmerinfo\/2019\/07\/jah-prince-the-prophets-cote-divoire-concert-14-juillet\/","title":{"rendered":"Jah Prince &#038; the Prophets (C\u00f4te d&rsquo;Ivoire) en concert pour le 14 juillet"},"content":{"rendered":"<div id=\"attachment_149730\" style=\"width: 810px\" class=\"wp-caption aligncenter\"><a href=\"\/2019\/07\/Jah-prince-cr\u00e9dit-photo-ThyCool.jpg\"><img decoding=\"async\" aria-describedby=\"caption-attachment-149730\" class=\"size-full wp-image-149730\" src=\"\/2019\/07\/Jah-prince-cr\u00e9dit-photo-ThyCool.jpg\" alt=\"Jah prince - cr\u00e9dit photo - ThyCool\" width=\"800\" height=\"533\" \/><\/a><p id=\"caption-attachment-149730\" class=\"wp-caption-text\">Jah prince &#8211; cr\u00e9dit photo &#8211; ThyCool<\/p><\/div>\n<p>Jah Prince sera en concert dimanche 14 juillet au Grattoir en ce jour de f\u00eate nationale.<\/p>\n<p>Concert \u00e0 partir de 22 h 00 &#8211; entr\u00e9e libre.<\/p>\n<p>&nbsp;<\/p>\n<p>La musique de Jah Prince ? Du roots-rock-jungle-reggae. Repr\u00e9sentative du rythm &amp; folk africain de par son groove, dans un beat up tempo suffisamment syncope, la musique de Prince Serry navigue entre la soul des Jazz men et le balancement expressif et langoureux du Reggae. Entre jeux de sc\u00e8nes et messages proph\u00e9tiques, il embarque ses spectateurs pour un voyage musical psych\u00e9d\u00e9lique. Jah Prince est l&rsquo;un des pionniers de la sc\u00e8ne reggae made in Africa. Auteur, compositeur, guitariste il est le leader du groupe Jah Prince &amp; the prophets. De retour en France apr\u00e8s avoir \u00e9t\u00e9 emprisonn\u00e9 arbitrairement en C\u00f4te d Ivoire suite \u00e0 la sortie de son album, Jah Prince va mettre toute l&rsquo;\u00e9nergie de sa musique au service de la libert\u00e9 d&rsquo;expression.<br \/>\nwww.<a href=\"http:\/\/jahprince.over-blog.com\/?fbclid=IwAR1zmCewOibAu_H9uiLyN6CHHOELYaD5ndY5T-H_PP9J7X2c1ZuGiAoGCpA\" target=\"_blank\" rel=\"nofollow noopener\" data-lynx-mode=\"hover\" data-lynx-uri=\"https:\/\/l.facebook.com\/l.php?u=http%3A%2F%2Fjahprince.over-blog.com%2F%3Ffbclid%3DIwAR1zmCewOibAu_H9uiLyN6CHHOELYaD5ndY5T-H_PP9J7X2c1ZuGiAoGCpA&amp;h=AT15MAmZcIXueIKvjb_kD9DbT4yIR4RxsXij5oxsQZdHENzoTW5eUmHWBwcKrDGwc-mEY2PNnUL2GnUtRFjTZjKXPL6fU7ZHWk7pnvHQvg-fAEcF8fR5xBEDfDLFIWGrGod9FsxKmZSW_DIjRuVW\">http:\/\/jahprince.over-blog.com\/<\/a><\/p>\n","protected":false},"excerpt":{"rendered":"<p>Jah Prince sera en concert dimanche 14 juillet au Grattoir en ce jour de f\u00eate nationale. Concert \u00e0 partir de [&hellip;]<\/p>\n","protected":false},"author":1,"featured_media":42834,"comment_status":"open","ping_status":"open","sticky":false,"template":"","format":"standard","meta":{"footnotes":""},"categories":[20,34,4],"tags":[35],"class_list":["post-42833","post","type-post","status-publish","format-standard","has-post-thumbnail","hentry","category-a-la-une","category-concert","category-culture","tag-bar-le-grattoir"],"acf":[],"yoast_head":"<!-- This site is optimized with the Yoast SEO plugin v22.5 - https:\/\/yoast.com\/wordpress\/plugins\/seo\/ -->\n<title>Jah Prince &amp; the Prophets (C\u00f4te d&#039;Ivoire) en concert pour le 14 juillet - Gerardmer Info<\/title>\n<meta name=\"robots\" content=\"index, follow, max-snippet:-1, max-image-preview:large, max-video-preview:-1\" \/>\n<link rel=\"canonical\" href=\"https:\/\/vosgesinfo.fr\/gerardmerinfo\/2019\/07\/jah-prince-the-prophets-cote-divoire-concert-14-juillet\/\" \/>\n<meta name=\"twitter:card\" content=\"summary_large_image\" \/>\n<meta name=\"twitter:title\" content=\"Jah Prince &amp; the Prophets (C\u00f4te d&#039;Ivoire) en concert pour le 14 juillet - Gerardmer Info\" \/>\n<meta name=\"twitter:description\" content=\"Jah Prince sera en concert dimanche 14 juillet au Grattoir en ce jour de f\u00eate nationale. Concert \u00e0 partir de [&hellip;]\" \/>\n<meta name=\"twitter:image\" content=\"https:\/\/vosgesinfo.fr\/app\/uploads\/sites\/6\/2024\/07\/201907jah-prince-credit-photo-thycool.jpg\" \/>\n<meta name=\"twitter:creator\" content=\"@VosgesInfo88\" \/>\n<meta name=\"twitter:site\" content=\"@VosgesInfo88\" \/>\n<meta name=\"twitter:label1\" content=\"\u00c9crit par\" \/>\n\t<meta name=\"twitter:data1\" content=\"qs_admin\" \/>\n\t<meta name=\"twitter:label2\" content=\"Dur\u00e9e de lecture estim\u00e9e\" \/>\n\t<meta name=\"twitter:data2\" content=\"1 minute\" \/>\n<script type=\"application\/ld+json\" class=\"yoast-schema-graph\">{\"@context\":\"https:\/\/schema.org\",\"@graph\":[{\"@type\":\"Article\",\"@id\":\"https:\/\/vosgesinfo.fr\/gerardmerinfo\/2019\/07\/jah-prince-the-prophets-cote-divoire-concert-14-juillet\/#article\",\"isPartOf\":{\"@id\":\"https:\/\/vosgesinfo.fr\/gerardmerinfo\/2019\/07\/jah-prince-the-prophets-cote-divoire-concert-14-juillet\/\"},\"author\":{\"name\":\"qs_admin\",\"@id\":\"https:\/\/vosgesinfo.fr\/gerardmerinfo\/#\/schema\/person\/bc5d02d71e6932e81b6dadb7386667b1\"},\"headline\":\"Jah Prince &#038; the Prophets (C\u00f4te d&rsquo;Ivoire) en concert pour le 14 juillet\",\"datePublished\":\"2019-07-11T13:47:03+00:00\",\"dateModified\":\"2019-07-11T13:47:03+00:00\",\"mainEntityOfPage\":{\"@id\":\"https:\/\/vosgesinfo.fr\/gerardmerinfo\/2019\/07\/jah-prince-the-prophets-cote-divoire-concert-14-juillet\/\"},\"wordCount\":190,\"commentCount\":0,\"publisher\":{\"@id\":\"https:\/\/vosgesinfo.fr\/gerardmerinfo\/#organization\"},\"image\":{\"@id\":\"https:\/\/vosgesinfo.fr\/gerardmerinfo\/2019\/07\/jah-prince-the-prophets-cote-divoire-concert-14-juillet\/#primaryimage\"},\"thumbnailUrl\":\"https:\/\/vosgesinfo.fr\/app\/uploads\/sites\/6\/2024\/07\/201907jah-prince-credit-photo-thycool.jpg\",\"keywords\":[\"bar le grattoir\"],\"articleSection\":[\"A la une\",\"Concert\",\"Culture\"],\"inLanguage\":\"fr-FR\",\"potentialAction\":[{\"@type\":\"CommentAction\",\"name\":\"Comment\",\"target\":[\"https:\/\/vosgesinfo.fr\/gerardmerinfo\/2019\/07\/jah-prince-the-prophets-cote-divoire-concert-14-juillet\/#respond\"]}]},{\"@type\":\"WebPage\",\"@id\":\"https:\/\/vosgesinfo.fr\/gerardmerinfo\/2019\/07\/jah-prince-the-prophets-cote-divoire-concert-14-juillet\/\",\"url\":\"https:\/\/vosgesinfo.fr\/gerardmerinfo\/2019\/07\/jah-prince-the-prophets-cote-divoire-concert-14-juillet\/\",\"name\":\"Jah Prince & the Prophets (C\u00f4te d'Ivoire) en concert pour le 14 juillet - Gerardmer Info\",\"isPartOf\":{\"@id\":\"https:\/\/vosgesinfo.fr\/gerardmerinfo\/#website\"},\"primaryImageOfPage\":{\"@id\":\"https:\/\/vosgesinfo.fr\/gerardmerinfo\/2019\/07\/jah-prince-the-prophets-cote-divoire-concert-14-juillet\/#primaryimage\"},\"image\":{\"@id\":\"https:\/\/vosgesinfo.fr\/gerardmerinfo\/2019\/07\/jah-prince-the-prophets-cote-divoire-concert-14-juillet\/#primaryimage\"},\"thumbnailUrl\":\"https:\/\/vosgesinfo.fr\/app\/uploads\/sites\/6\/2024\/07\/201907jah-prince-credit-photo-thycool.jpg\",\"datePublished\":\"2019-07-11T13:47:03+00:00\",\"dateModified\":\"2019-07-11T13:47:03+00:00\",\"breadcrumb\":{\"@id\":\"https:\/\/vosgesinfo.fr\/gerardmerinfo\/2019\/07\/jah-prince-the-prophets-cote-divoire-concert-14-juillet\/#breadcrumb\"},\"inLanguage\":\"fr-FR\",\"potentialAction\":[{\"@type\":\"ReadAction\",\"target\":[\"https:\/\/vosgesinfo.fr\/gerardmerinfo\/2019\/07\/jah-prince-the-prophets-cote-divoire-concert-14-juillet\/\"]}]},{\"@type\":\"ImageObject\",\"inLanguage\":\"fr-FR\",\"@id\":\"https:\/\/vosgesinfo.fr\/gerardmerinfo\/2019\/07\/jah-prince-the-prophets-cote-divoire-concert-14-juillet\/#primaryimage\",\"url\":\"https:\/\/vosgesinfo.fr\/app\/uploads\/sites\/6\/2024\/07\/201907jah-prince-credit-photo-thycool.jpg\",\"contentUrl\":\"https:\/\/vosgesinfo.fr\/app\/uploads\/sites\/6\/2024\/07\/201907jah-prince-credit-photo-thycool.jpg\",\"width\":800,\"height\":533},{\"@type\":\"BreadcrumbList\",\"@id\":\"https:\/\/vosgesinfo.fr\/gerardmerinfo\/2019\/07\/jah-prince-the-prophets-cote-divoire-concert-14-juillet\/#breadcrumb\",\"itemListElement\":[{\"@type\":\"ListItem\",\"position\":1,\"name\":\"Home\",\"item\":\"https:\/\/vosgesinfo.fr\/gerardmerinfo\/\"},{\"@type\":\"ListItem\",\"position\":2,\"name\":\"Jah Prince &#038; the Prophets (C\u00f4te d&rsquo;Ivoire) en concert pour le 14 juillet\"}]},{\"@type\":\"WebSite\",\"@id\":\"https:\/\/vosgesinfo.fr\/gerardmerinfo\/#website\",\"url\":\"https:\/\/vosgesinfo.fr\/gerardmerinfo\/\",\"name\":\"Gerardmer Info\",\"description\":\"Toute l&#039;actualit\u00e9 de G\u00e9rardmer\",\"publisher\":{\"@id\":\"https:\/\/vosgesinfo.fr\/gerardmerinfo\/#organization\"},\"alternateName\":\"Toute l'actualit\u00e9 de G\u00e9rardmer\",\"potentialAction\":[{\"@type\":\"SearchAction\",\"target\":{\"@type\":\"EntryPoint\",\"urlTemplate\":\"https:\/\/vosgesinfo.fr\/gerardmerinfo\/?s={search_term_string}\"},\"query-input\":\"required name=search_term_string\"}],\"inLanguage\":\"fr-FR\"},{\"@type\":\"Organization\",\"@id\":\"https:\/\/vosgesinfo.fr\/gerardmerinfo\/#organization\",\"name\":\"Gerardmer Info\",\"url\":\"https:\/\/vosgesinfo.fr\/gerardmerinfo\/\",\"logo\":{\"@type\":\"ImageObject\",\"inLanguage\":\"fr-FR\",\"@id\":\"https:\/\/vosgesinfo.fr\/gerardmerinfo\/#\/schema\/logo\/image\/\",\"url\":\"https:\/\/vosgesinfo.fr\/app\/uploads\/sites\/6\/2023\/08\/favicon-gerardmerinfo.png\",\"contentUrl\":\"https:\/\/vosgesinfo.fr\/app\/uploads\/sites\/6\/2023\/08\/favicon-gerardmerinfo.png\",\"width\":512,\"height\":512,\"caption\":\"Gerardmer Info\"},\"image\":{\"@id\":\"https:\/\/vosgesinfo.fr\/gerardmerinfo\/#\/schema\/logo\/image\/\"},\"sameAs\":[\"https:\/\/www.facebook.com\/profile.php?id=100049475262660\",\"https:\/\/x.com\/VosgesInfo88\",\"https:\/\/www.youtube.com\/@vosgesinfo\"]},{\"@type\":\"Person\",\"@id\":\"https:\/\/vosgesinfo.fr\/gerardmerinfo\/#\/schema\/person\/bc5d02d71e6932e81b6dadb7386667b1\",\"name\":\"qs_admin\",\"image\":{\"@type\":\"ImageObject\",\"inLanguage\":\"fr-FR\",\"@id\":\"https:\/\/vosgesinfo.fr\/gerardmerinfo\/#\/schema\/person\/image\/\",\"url\":\"https:\/\/secure.gravatar.com\/avatar\/94b18ee0ed79e4a42ea2f2931277b6841a8999fc6fde214600c78057cf1fe1de?s=96&d=mm&r=g\",\"contentUrl\":\"https:\/\/secure.gravatar.com\/avatar\/94b18ee0ed79e4a42ea2f2931277b6841a8999fc6fde214600c78057cf1fe1de?s=96&d=mm&r=g\",\"caption\":\"qs_admin\"},\"sameAs\":[\"https:\/\/vosgesinfo.fr\/wp\"],\"url\":\"https:\/\/vosgesinfo.fr\/gerardmerinfo\/author\/qs_admin\/\"}]}<\/script>\n<!-- \/ Yoast SEO plugin. -->","yoast_head_json":{"title":"Jah Prince & the Prophets (C\u00f4te d'Ivoire) en concert pour le 14 juillet - Gerardmer Info","robots":{"index":"index","follow":"follow","max-snippet":"max-snippet:-1","max-image-preview":"max-image-preview:large","max-video-preview":"max-video-preview:-1"},"canonical":"https:\/\/vosgesinfo.fr\/gerardmerinfo\/2019\/07\/jah-prince-the-prophets-cote-divoire-concert-14-juillet\/","twitter_card":"summary_large_image","twitter_title":"Jah Prince & the Prophets (C\u00f4te d'Ivoire) en concert pour le 14 juillet - Gerardmer Info","twitter_description":"Jah Prince sera en concert dimanche 14 juillet au Grattoir en ce jour de f\u00eate nationale. Concert \u00e0 partir de [&hellip;]","twitter_image":"https:\/\/vosgesinfo.fr\/app\/uploads\/sites\/6\/2024\/07\/201907jah-prince-credit-photo-thycool.jpg","twitter_creator":"@VosgesInfo88","twitter_site":"@VosgesInfo88","twitter_misc":{"\u00c9crit par":"qs_admin","Dur\u00e9e de lecture estim\u00e9e":"1 minute"},"schema":{"@context":"https:\/\/schema.org","@graph":[{"@type":"Article","@id":"https:\/\/vosgesinfo.fr\/gerardmerinfo\/2019\/07\/jah-prince-the-prophets-cote-divoire-concert-14-juillet\/#article","isPartOf":{"@id":"https:\/\/vosgesinfo.fr\/gerardmerinfo\/2019\/07\/jah-prince-the-prophets-cote-divoire-concert-14-juillet\/"},"author":{"name":"qs_admin","@id":"https:\/\/vosgesinfo.fr\/gerardmerinfo\/#\/schema\/person\/bc5d02d71e6932e81b6dadb7386667b1"},"headline":"Jah Prince &#038; the Prophets (C\u00f4te d&rsquo;Ivoire) en concert pour le 14 juillet","datePublished":"2019-07-11T13:47:03+00:00","dateModified":"2019-07-11T13:47:03+00:00","mainEntityOfPage":{"@id":"https:\/\/vosgesinfo.fr\/gerardmerinfo\/2019\/07\/jah-prince-the-prophets-cote-divoire-concert-14-juillet\/"},"wordCount":190,"commentCount":0,"publisher":{"@id":"https:\/\/vosgesinfo.fr\/gerardmerinfo\/#organization"},"image":{"@id":"https:\/\/vosgesinfo.fr\/gerardmerinfo\/2019\/07\/jah-prince-the-prophets-cote-divoire-concert-14-juillet\/#primaryimage"},"thumbnailUrl":"https:\/\/vosgesinfo.fr\/app\/uploads\/sites\/6\/2024\/07\/201907jah-prince-credit-photo-thycool.jpg","keywords":["bar le grattoir"],"articleSection":["A la une","Concert","Culture"],"inLanguage":"fr-FR","potentialAction":[{"@type":"CommentAction","name":"Comment","target":["https:\/\/vosgesinfo.fr\/gerardmerinfo\/2019\/07\/jah-prince-the-prophets-cote-divoire-concert-14-juillet\/#respond"]}]},{"@type":"WebPage","@id":"https:\/\/vosgesinfo.fr\/gerardmerinfo\/2019\/07\/jah-prince-the-prophets-cote-divoire-concert-14-juillet\/","url":"https:\/\/vosgesinfo.fr\/gerardmerinfo\/2019\/07\/jah-prince-the-prophets-cote-divoire-concert-14-juillet\/","name":"Jah Prince & the Prophets (C\u00f4te d'Ivoire) en concert pour le 14 juillet - Gerardmer Info","isPartOf":{"@id":"https:\/\/vosgesinfo.fr\/gerardmerinfo\/#website"},"primaryImageOfPage":{"@id":"https:\/\/vosgesinfo.fr\/gerardmerinfo\/2019\/07\/jah-prince-the-prophets-cote-divoire-concert-14-juillet\/#primaryimage"},"image":{"@id":"https:\/\/vosgesinfo.fr\/gerardmerinfo\/2019\/07\/jah-prince-the-prophets-cote-divoire-concert-14-juillet\/#primaryimage"},"thumbnailUrl":"https:\/\/vosgesinfo.fr\/app\/uploads\/sites\/6\/2024\/07\/201907jah-prince-credit-photo-thycool.jpg","datePublished":"2019-07-11T13:47:03+00:00","dateModified":"2019-07-11T13:47:03+00:00","breadcrumb":{"@id":"https:\/\/vosgesinfo.fr\/gerardmerinfo\/2019\/07\/jah-prince-the-prophets-cote-divoire-concert-14-juillet\/#breadcrumb"},"inLanguage":"fr-FR","potentialAction":[{"@type":"ReadAction","target":["https:\/\/vosgesinfo.fr\/gerardmerinfo\/2019\/07\/jah-prince-the-prophets-cote-divoire-concert-14-juillet\/"]}]},{"@type":"ImageObject","inLanguage":"fr-FR","@id":"https:\/\/vosgesinfo.fr\/gerardmerinfo\/2019\/07\/jah-prince-the-prophets-cote-divoire-concert-14-juillet\/#primaryimage","url":"https:\/\/vosgesinfo.fr\/app\/uploads\/sites\/6\/2024\/07\/201907jah-prince-credit-photo-thycool.jpg","contentUrl":"https:\/\/vosgesinfo.fr\/app\/uploads\/sites\/6\/2024\/07\/201907jah-prince-credit-photo-thycool.jpg","width":800,"height":533},{"@type":"BreadcrumbList","@id":"https:\/\/vosgesinfo.fr\/gerardmerinfo\/2019\/07\/jah-prince-the-prophets-cote-divoire-concert-14-juillet\/#breadcrumb","itemListElement":[{"@type":"ListItem","position":1,"name":"Home","item":"https:\/\/vosgesinfo.fr\/gerardmerinfo\/"},{"@type":"ListItem","position":2,"name":"Jah Prince &#038; the Prophets (C\u00f4te d&rsquo;Ivoire) en concert pour le 14 juillet"}]},{"@type":"WebSite","@id":"https:\/\/vosgesinfo.fr\/gerardmerinfo\/#website","url":"https:\/\/vosgesinfo.fr\/gerardmerinfo\/","name":"Gerardmer Info","description":"Toute l&#039;actualit\u00e9 de G\u00e9rardmer","publisher":{"@id":"https:\/\/vosgesinfo.fr\/gerardmerinfo\/#organization"},"alternateName":"Toute l'actualit\u00e9 de G\u00e9rardmer","potentialAction":[{"@type":"SearchAction","target":{"@type":"EntryPoint","urlTemplate":"https:\/\/vosgesinfo.fr\/gerardmerinfo\/?s={search_term_string}"},"query-input":"required name=search_term_string"}],"inLanguage":"fr-FR"},{"@type":"Organization","@id":"https:\/\/vosgesinfo.fr\/gerardmerinfo\/#organization","name":"Gerardmer Info","url":"https:\/\/vosgesinfo.fr\/gerardmerinfo\/","logo":{"@type":"ImageObject","inLanguage":"fr-FR","@id":"https:\/\/vosgesinfo.fr\/gerardmerinfo\/#\/schema\/logo\/image\/","url":"https:\/\/vosgesinfo.fr\/app\/uploads\/sites\/6\/2023\/08\/favicon-gerardmerinfo.png","contentUrl":"https:\/\/vosgesinfo.fr\/app\/uploads\/sites\/6\/2023\/08\/favicon-gerardmerinfo.png","width":512,"height":512,"caption":"Gerardmer Info"},"image":{"@id":"https:\/\/vosgesinfo.fr\/gerardmerinfo\/#\/schema\/logo\/image\/"},"sameAs":["https:\/\/www.facebook.com\/profile.php?id=100049475262660","https:\/\/x.com\/VosgesInfo88","https:\/\/www.youtube.com\/@vosgesinfo"]},{"@type":"Person","@id":"https:\/\/vosgesinfo.fr\/gerardmerinfo\/#\/schema\/person\/bc5d02d71e6932e81b6dadb7386667b1","name":"qs_admin","image":{"@type":"ImageObject","inLanguage":"fr-FR","@id":"https:\/\/vosgesinfo.fr\/gerardmerinfo\/#\/schema\/person\/image\/","url":"https:\/\/secure.gravatar.com\/avatar\/94b18ee0ed79e4a42ea2f2931277b6841a8999fc6fde214600c78057cf1fe1de?s=96&d=mm&r=g","contentUrl":"https:\/\/secure.gravatar.com\/avatar\/94b18ee0ed79e4a42ea2f2931277b6841a8999fc6fde214600c78057cf1fe1de?s=96&d=mm&r=g","caption":"qs_admin"},"sameAs":["https:\/\/vosgesinfo.fr\/wp"],"url":"https:\/\/vosgesinfo.fr\/gerardmerinfo\/author\/qs_admin\/"}]}},"_links":{"self":[{"href":"https:\/\/vosgesinfo.fr\/gerardmerinfo\/wp-json\/wp\/v2\/posts\/42833","targetHints":{"allow":["GET"]}}],"collection":[{"href":"https:\/\/vosgesinfo.fr\/gerardmerinfo\/wp-json\/wp\/v2\/posts"}],"about":[{"href":"https:\/\/vosgesinfo.fr\/gerardmerinfo\/wp-json\/wp\/v2\/types\/post"}],"author":[{"embeddable":true,"href":"https:\/\/vosgesinfo.fr\/gerardmerinfo\/wp-json\/wp\/v2\/users\/1"}],"replies":[{"embeddable":true,"href":"https:\/\/vosgesinfo.fr\/gerardmerinfo\/wp-json\/wp\/v2\/comments?post=42833"}],"version-history":[{"count":0,"href":"https:\/\/vosgesinfo.fr\/gerardmerinfo\/wp-json\/wp\/v2\/posts\/42833\/revisions"}],"wp:featuredmedia":[{"embeddable":true,"href":"https:\/\/vosgesinfo.fr\/gerardmerinfo\/wp-json\/wp\/v2\/media\/42834"}],"wp:attachment":[{"href":"https:\/\/vosgesinfo.fr\/gerardmerinfo\/wp-json\/wp\/v2\/media?parent=42833"}],"wp:term":[{"taxonomy":"category","embeddable":true,"href":"https:\/\/vosgesinfo.fr\/gerardmerinfo\/wp-json\/wp\/v2\/categories?post=42833"},{"taxonomy":"post_tag","embeddable":true,"href":"https:\/\/vosgesinfo.fr\/gerardmerinfo\/wp-json\/wp\/v2\/tags?post=42833"}],"curies":[{"name":"wp","href":"https:\/\/api.w.org\/{rel}","templated":true}]}}