{"id":42839,"date":"2019-07-10T15:51:28","date_gmt":"2019-07-10T13:51:28","guid":{"rendered":"https:\/\/vosgesinfo.fr\/gerardmerinfo\/2019\/07\/enedis-communique-coupures-delectricite-a-venir\/"},"modified":"2019-07-10T15:51:28","modified_gmt":"2019-07-10T13:51:28","slug":"enedis-communique-coupures-delectricite-a-venir","status":"publish","type":"post","link":"https:\/\/vosgesinfo.fr\/gerardmerinfo\/2019\/07\/enedis-communique-coupures-delectricite-a-venir\/","title":{"rendered":"ENEDIS communique &#8211; coupures d&rsquo;\u00e9lectricit\u00e9 \u00e0 venir"},"content":{"rendered":"<div class=\"x_itemFullText\">\n<h2 style=\"text-align: center;\"><a href=\"\/2018\/06\/20-01-2017_Coupure_Electrique_ENEDIS.png\"><img decoding=\"async\" class=\"aligncenter size-full wp-image-129221\" src=\"\/2018\/06\/20-01-2017_Coupure_Electrique_ENEDIS.png\" alt=\"Coupure_Electrique_ENEDIS\" width=\"360\" height=\"210\" \/><\/a><\/h2>\n<h2 style=\"text-align: center;\">ENEDIS communique :<\/h2>\n<p class=\"\">\u00ab\u00a0Afin d\u2019am\u00e9liorer la qualit\u00e9 de la distribution \u00e9lectrique et de r\u00e9pondre aux besoins de notre client\u00e8le, nous r\u00e9alisons des travaux sur le r\u00e9seau \u00e9lectrique qui vous alimente qui entra\u00eeneront une ou plusieurs coupures d\u2019\u00e9lectricit\u00e9.<\/p>\n<div class=\"\"><\/div>\n<p class=\"\">&gt;&gt; Horaires des coupures\u00a0:<\/p>\n<p class=\"\">VENDREDI 19 JUILLET 2019 DE\u00a08H30 A 10H<\/p>\n<p class=\"\">Quartiers ou lieux-dits\u00a0:<\/p>\n<p class=\"\">143 RUE DE LA BRESSE<br class=\"\" \/> 47 AU 49, 93, 22 AU 24, 40, 44, 48, 62, 68, 94 CHEMIN DE LA GRANGE PASSEE<br class=\"\" \/> 42 CHEMIN DES XETTE<br class=\"\" \/> 89, 203 CHEMIN DES PONCEES<br class=\"\" \/> 19, 23, 43, 2, 26, 76 CHEMIN DE LA ROCHE DU RENARD<br class=\"\" \/> 4, 8 CHEMIN DES BERLEUX<br class=\"\" \/> 44 CHEMIN LA GRANGE PASSEE<br class=\"\" \/> 52 CHEMIN DE LA GOUTTE DES SATS<br class=\"\" \/> 13, 31 AU 33, 45, 49, 65, 75 AU 77, 81, 87, 28, 46, 52, 62, 86 AU 88, 108, 108B CHEMIN DE LA ROCHE DU RENARD<br class=\"\" \/> 34 CHEMIN DES BERLEUX<br class=\"\" \/> 35, 43, 38 AU 42, 50 CHEMIN DES XETTE<br class=\"\" \/> 2, 14 CHEMIN DE LA GOUTTE DES SATS<br class=\"\" \/> 43 CHEMIN DES XETTE<br class=\"\" \/> 115 CHEMIN DES PONCEES<br class=\"\" \/> 48 CHEMIN DE LA GRANGE PASSEE<br class=\"\" \/> 143 AU 147, 171, 122, 144 AU 146 ROUTE DE LA BRESSE<\/p>\n<div class=\"\"><\/div>\n<p class=\"\">&gt;&gt; Horaires des coupures\u00a0:<\/p>\n<p class=\"\">MARDI 23 JUILLET 2019 DE\u00a08H00 A 12H00<\/p>\n<p class=\"\">Quartiers ou lieux-dits\u00a0:<\/p>\n<p class=\"\">5 AU 7, 11, 2, 6, 14 CHEMIN HAUT DES ROCHES PETRES<br class=\"\" \/> 9, 27, 41, 49 AU 51, 12, 16, 20, 28, 32, 40, 44, 52 CHEMIN DES ALISIERS<br class=\"\" \/> 5, 9, AU 11, 6, 12 AU 14 CHEMIN DE L&rsquo;ALISE<br class=\"\" \/> 6 CHEMIN HAUT DES ROCHES PETRES<br class=\"\" \/> 9 CHEMIN DE L&rsquo;ALISE<br class=\"\" \/> 45 CHEMIN DES ALISIERS<\/p>\n<div class=\"\"><\/div>\n<p class=\"\">&gt;&gt; Horaires des coupures\u00a0:<\/p>\n<p class=\"\">MARDI 23 JUILLET 2019 DE\u00a014H00 A 16H30<\/p>\n<p class=\"\">Quartiers ou lieux-dits\u00a0:<\/p>\n<p class=\"\">39, 39C, 34, 38 CHEMINS DES OUBLIES<\/p>\n<div class=\"\"><\/div>\n<p class=\"\">Rappel\u00a0:<\/p>\n<p class=\"\">Notre personnel et nos prestataires travaillent sur le r\u00e9seau \u00e9lectrique afin d\u2019assurer la qualit\u00e9 et la continuit\u00e9 du service public de la distribution d\u2019\u00e9lectricit\u00e9. Pour que ces travaux puissent \u00eatre r\u00e9alis\u00e9s en toute s\u00e9curit\u00e9, nous vous rappelons que si vous deviez utiliser un moyen de r\u00e9alimentation (groupe \u00e9lectrog\u00e8ne, alternateur sur tracteur\u2026) il est obligatoire d\u2019ouvrir votre disjoncteur g\u00e9n\u00e9ral ENEDIS (le positionner sur 0). \u00ab\u00a0<\/p>\n<\/div>\n","protected":false},"excerpt":{"rendered":"<p>ENEDIS communique : \u00ab\u00a0Afin d\u2019am\u00e9liorer la qualit\u00e9 de la distribution \u00e9lectrique et de r\u00e9pondre aux besoins de notre client\u00e8le, nous [&hellip;]<\/p>\n","protected":false},"author":1,"featured_media":42840,"comment_status":"open","ping_status":"open","sticky":false,"template":"","format":"standard","meta":{"footnotes":""},"categories":[20,25],"tags":[3270],"class_list":["post-42839","post","type-post","status-publish","format-standard","has-post-thumbnail","hentry","category-a-la-une","category-gerardmer","tag-enedis"],"acf":[],"yoast_head":"<!-- This site is optimized with the Yoast SEO plugin v22.5 - https:\/\/yoast.com\/wordpress\/plugins\/seo\/ -->\n<title>ENEDIS communique - coupures d&#039;\u00e9lectricit\u00e9 \u00e0 venir - Gerardmer Info<\/title>\n<meta name=\"robots\" content=\"index, follow, max-snippet:-1, max-image-preview:large, max-video-preview:-1\" \/>\n<link rel=\"canonical\" href=\"https:\/\/vosgesinfo.fr\/gerardmerinfo\/2019\/07\/enedis-communique-coupures-delectricite-a-venir\/\" \/>\n<meta name=\"twitter:card\" content=\"summary_large_image\" \/>\n<meta name=\"twitter:title\" content=\"ENEDIS communique - coupures d&#039;\u00e9lectricit\u00e9 \u00e0 venir - Gerardmer Info\" \/>\n<meta name=\"twitter:description\" content=\"ENEDIS communique : \u00ab\u00a0Afin d\u2019am\u00e9liorer la qualit\u00e9 de la distribution \u00e9lectrique et de r\u00e9pondre aux besoins de notre client\u00e8le, nous [&hellip;]\" \/>\n<meta name=\"twitter:image\" content=\"https:\/\/vosgesinfo.fr\/app\/uploads\/sites\/6\/2024\/07\/20180620-01-2017-coupure-electrique-enedis-8.png\" \/>\n<meta name=\"twitter:creator\" content=\"@VosgesInfo88\" \/>\n<meta name=\"twitter:site\" content=\"@VosgesInfo88\" \/>\n<meta name=\"twitter:label1\" content=\"\u00c9crit par\" \/>\n\t<meta name=\"twitter:data1\" content=\"qs_admin\" \/>\n\t<meta name=\"twitter:label2\" content=\"Dur\u00e9e de lecture estim\u00e9e\" \/>\n\t<meta name=\"twitter:data2\" content=\"1 minute\" \/>\n<script type=\"application\/ld+json\" class=\"yoast-schema-graph\">{\"@context\":\"https:\/\/schema.org\",\"@graph\":[{\"@type\":\"Article\",\"@id\":\"https:\/\/vosgesinfo.fr\/gerardmerinfo\/2019\/07\/enedis-communique-coupures-delectricite-a-venir\/#article\",\"isPartOf\":{\"@id\":\"https:\/\/vosgesinfo.fr\/gerardmerinfo\/2019\/07\/enedis-communique-coupures-delectricite-a-venir\/\"},\"author\":{\"name\":\"qs_admin\",\"@id\":\"https:\/\/vosgesinfo.fr\/gerardmerinfo\/#\/schema\/person\/bc5d02d71e6932e81b6dadb7386667b1\"},\"headline\":\"ENEDIS communique &#8211; coupures d&rsquo;\u00e9lectricit\u00e9 \u00e0 venir\",\"datePublished\":\"2019-07-10T13:51:28+00:00\",\"dateModified\":\"2019-07-10T13:51:28+00:00\",\"mainEntityOfPage\":{\"@id\":\"https:\/\/vosgesinfo.fr\/gerardmerinfo\/2019\/07\/enedis-communique-coupures-delectricite-a-venir\/\"},\"wordCount\":275,\"commentCount\":0,\"publisher\":{\"@id\":\"https:\/\/vosgesinfo.fr\/gerardmerinfo\/#organization\"},\"image\":{\"@id\":\"https:\/\/vosgesinfo.fr\/gerardmerinfo\/2019\/07\/enedis-communique-coupures-delectricite-a-venir\/#primaryimage\"},\"thumbnailUrl\":\"https:\/\/vosgesinfo.fr\/app\/uploads\/sites\/6\/2024\/07\/20180620-01-2017-coupure-electrique-enedis-8.png\",\"keywords\":[\"ENEDIS\"],\"articleSection\":[\"A la une\",\"G\u00e9rardmer\"],\"inLanguage\":\"fr-FR\",\"potentialAction\":[{\"@type\":\"CommentAction\",\"name\":\"Comment\",\"target\":[\"https:\/\/vosgesinfo.fr\/gerardmerinfo\/2019\/07\/enedis-communique-coupures-delectricite-a-venir\/#respond\"]}]},{\"@type\":\"WebPage\",\"@id\":\"https:\/\/vosgesinfo.fr\/gerardmerinfo\/2019\/07\/enedis-communique-coupures-delectricite-a-venir\/\",\"url\":\"https:\/\/vosgesinfo.fr\/gerardmerinfo\/2019\/07\/enedis-communique-coupures-delectricite-a-venir\/\",\"name\":\"ENEDIS communique - coupures d'\u00e9lectricit\u00e9 \u00e0 venir - Gerardmer Info\",\"isPartOf\":{\"@id\":\"https:\/\/vosgesinfo.fr\/gerardmerinfo\/#website\"},\"primaryImageOfPage\":{\"@id\":\"https:\/\/vosgesinfo.fr\/gerardmerinfo\/2019\/07\/enedis-communique-coupures-delectricite-a-venir\/#primaryimage\"},\"image\":{\"@id\":\"https:\/\/vosgesinfo.fr\/gerardmerinfo\/2019\/07\/enedis-communique-coupures-delectricite-a-venir\/#primaryimage\"},\"thumbnailUrl\":\"https:\/\/vosgesinfo.fr\/app\/uploads\/sites\/6\/2024\/07\/20180620-01-2017-coupure-electrique-enedis-8.png\",\"datePublished\":\"2019-07-10T13:51:28+00:00\",\"dateModified\":\"2019-07-10T13:51:28+00:00\",\"breadcrumb\":{\"@id\":\"https:\/\/vosgesinfo.fr\/gerardmerinfo\/2019\/07\/enedis-communique-coupures-delectricite-a-venir\/#breadcrumb\"},\"inLanguage\":\"fr-FR\",\"potentialAction\":[{\"@type\":\"ReadAction\",\"target\":[\"https:\/\/vosgesinfo.fr\/gerardmerinfo\/2019\/07\/enedis-communique-coupures-delectricite-a-venir\/\"]}]},{\"@type\":\"ImageObject\",\"inLanguage\":\"fr-FR\",\"@id\":\"https:\/\/vosgesinfo.fr\/gerardmerinfo\/2019\/07\/enedis-communique-coupures-delectricite-a-venir\/#primaryimage\",\"url\":\"https:\/\/vosgesinfo.fr\/app\/uploads\/sites\/6\/2024\/07\/20180620-01-2017-coupure-electrique-enedis-8.png\",\"contentUrl\":\"https:\/\/vosgesinfo.fr\/app\/uploads\/sites\/6\/2024\/07\/20180620-01-2017-coupure-electrique-enedis-8.png\",\"width\":360,\"height\":210},{\"@type\":\"BreadcrumbList\",\"@id\":\"https:\/\/vosgesinfo.fr\/gerardmerinfo\/2019\/07\/enedis-communique-coupures-delectricite-a-venir\/#breadcrumb\",\"itemListElement\":[{\"@type\":\"ListItem\",\"position\":1,\"name\":\"Home\",\"item\":\"https:\/\/vosgesinfo.fr\/gerardmerinfo\/\"},{\"@type\":\"ListItem\",\"position\":2,\"name\":\"ENEDIS communique &#8211; coupures d&rsquo;\u00e9lectricit\u00e9 \u00e0 venir\"}]},{\"@type\":\"WebSite\",\"@id\":\"https:\/\/vosgesinfo.fr\/gerardmerinfo\/#website\",\"url\":\"https:\/\/vosgesinfo.fr\/gerardmerinfo\/\",\"name\":\"Gerardmer Info\",\"description\":\"Toute l&#039;actualit\u00e9 de G\u00e9rardmer\",\"publisher\":{\"@id\":\"https:\/\/vosgesinfo.fr\/gerardmerinfo\/#organization\"},\"alternateName\":\"Toute l'actualit\u00e9 de G\u00e9rardmer\",\"potentialAction\":[{\"@type\":\"SearchAction\",\"target\":{\"@type\":\"EntryPoint\",\"urlTemplate\":\"https:\/\/vosgesinfo.fr\/gerardmerinfo\/?s={search_term_string}\"},\"query-input\":\"required name=search_term_string\"}],\"inLanguage\":\"fr-FR\"},{\"@type\":\"Organization\",\"@id\":\"https:\/\/vosgesinfo.fr\/gerardmerinfo\/#organization\",\"name\":\"Gerardmer Info\",\"url\":\"https:\/\/vosgesinfo.fr\/gerardmerinfo\/\",\"logo\":{\"@type\":\"ImageObject\",\"inLanguage\":\"fr-FR\",\"@id\":\"https:\/\/vosgesinfo.fr\/gerardmerinfo\/#\/schema\/logo\/image\/\",\"url\":\"https:\/\/vosgesinfo.fr\/app\/uploads\/sites\/6\/2023\/08\/favicon-gerardmerinfo.png\",\"contentUrl\":\"https:\/\/vosgesinfo.fr\/app\/uploads\/sites\/6\/2023\/08\/favicon-gerardmerinfo.png\",\"width\":512,\"height\":512,\"caption\":\"Gerardmer Info\"},\"image\":{\"@id\":\"https:\/\/vosgesinfo.fr\/gerardmerinfo\/#\/schema\/logo\/image\/\"},\"sameAs\":[\"https:\/\/www.facebook.com\/profile.php?id=100049475262660\",\"https:\/\/x.com\/VosgesInfo88\",\"https:\/\/www.youtube.com\/@vosgesinfo\"]},{\"@type\":\"Person\",\"@id\":\"https:\/\/vosgesinfo.fr\/gerardmerinfo\/#\/schema\/person\/bc5d02d71e6932e81b6dadb7386667b1\",\"name\":\"qs_admin\",\"image\":{\"@type\":\"ImageObject\",\"inLanguage\":\"fr-FR\",\"@id\":\"https:\/\/vosgesinfo.fr\/gerardmerinfo\/#\/schema\/person\/image\/\",\"url\":\"https:\/\/secure.gravatar.com\/avatar\/94b18ee0ed79e4a42ea2f2931277b6841a8999fc6fde214600c78057cf1fe1de?s=96&d=mm&r=g\",\"contentUrl\":\"https:\/\/secure.gravatar.com\/avatar\/94b18ee0ed79e4a42ea2f2931277b6841a8999fc6fde214600c78057cf1fe1de?s=96&d=mm&r=g\",\"caption\":\"qs_admin\"},\"sameAs\":[\"https:\/\/vosgesinfo.fr\/wp\"],\"url\":\"https:\/\/vosgesinfo.fr\/gerardmerinfo\/author\/qs_admin\/\"}]}<\/script>\n<!-- \/ Yoast SEO plugin. -->","yoast_head_json":{"title":"ENEDIS communique - coupures d'\u00e9lectricit\u00e9 \u00e0 venir - Gerardmer Info","robots":{"index":"index","follow":"follow","max-snippet":"max-snippet:-1","max-image-preview":"max-image-preview:large","max-video-preview":"max-video-preview:-1"},"canonical":"https:\/\/vosgesinfo.fr\/gerardmerinfo\/2019\/07\/enedis-communique-coupures-delectricite-a-venir\/","twitter_card":"summary_large_image","twitter_title":"ENEDIS communique - coupures d'\u00e9lectricit\u00e9 \u00e0 venir - Gerardmer Info","twitter_description":"ENEDIS communique : \u00ab\u00a0Afin d\u2019am\u00e9liorer la qualit\u00e9 de la distribution \u00e9lectrique et de r\u00e9pondre aux besoins de notre client\u00e8le, nous [&hellip;]","twitter_image":"https:\/\/vosgesinfo.fr\/app\/uploads\/sites\/6\/2024\/07\/20180620-01-2017-coupure-electrique-enedis-8.png","twitter_creator":"@VosgesInfo88","twitter_site":"@VosgesInfo88","twitter_misc":{"\u00c9crit par":"qs_admin","Dur\u00e9e de lecture estim\u00e9e":"1 minute"},"schema":{"@context":"https:\/\/schema.org","@graph":[{"@type":"Article","@id":"https:\/\/vosgesinfo.fr\/gerardmerinfo\/2019\/07\/enedis-communique-coupures-delectricite-a-venir\/#article","isPartOf":{"@id":"https:\/\/vosgesinfo.fr\/gerardmerinfo\/2019\/07\/enedis-communique-coupures-delectricite-a-venir\/"},"author":{"name":"qs_admin","@id":"https:\/\/vosgesinfo.fr\/gerardmerinfo\/#\/schema\/person\/bc5d02d71e6932e81b6dadb7386667b1"},"headline":"ENEDIS communique &#8211; coupures d&rsquo;\u00e9lectricit\u00e9 \u00e0 venir","datePublished":"2019-07-10T13:51:28+00:00","dateModified":"2019-07-10T13:51:28+00:00","mainEntityOfPage":{"@id":"https:\/\/vosgesinfo.fr\/gerardmerinfo\/2019\/07\/enedis-communique-coupures-delectricite-a-venir\/"},"wordCount":275,"commentCount":0,"publisher":{"@id":"https:\/\/vosgesinfo.fr\/gerardmerinfo\/#organization"},"image":{"@id":"https:\/\/vosgesinfo.fr\/gerardmerinfo\/2019\/07\/enedis-communique-coupures-delectricite-a-venir\/#primaryimage"},"thumbnailUrl":"https:\/\/vosgesinfo.fr\/app\/uploads\/sites\/6\/2024\/07\/20180620-01-2017-coupure-electrique-enedis-8.png","keywords":["ENEDIS"],"articleSection":["A la une","G\u00e9rardmer"],"inLanguage":"fr-FR","potentialAction":[{"@type":"CommentAction","name":"Comment","target":["https:\/\/vosgesinfo.fr\/gerardmerinfo\/2019\/07\/enedis-communique-coupures-delectricite-a-venir\/#respond"]}]},{"@type":"WebPage","@id":"https:\/\/vosgesinfo.fr\/gerardmerinfo\/2019\/07\/enedis-communique-coupures-delectricite-a-venir\/","url":"https:\/\/vosgesinfo.fr\/gerardmerinfo\/2019\/07\/enedis-communique-coupures-delectricite-a-venir\/","name":"ENEDIS communique - coupures d'\u00e9lectricit\u00e9 \u00e0 venir - Gerardmer Info","isPartOf":{"@id":"https:\/\/vosgesinfo.fr\/gerardmerinfo\/#website"},"primaryImageOfPage":{"@id":"https:\/\/vosgesinfo.fr\/gerardmerinfo\/2019\/07\/enedis-communique-coupures-delectricite-a-venir\/#primaryimage"},"image":{"@id":"https:\/\/vosgesinfo.fr\/gerardmerinfo\/2019\/07\/enedis-communique-coupures-delectricite-a-venir\/#primaryimage"},"thumbnailUrl":"https:\/\/vosgesinfo.fr\/app\/uploads\/sites\/6\/2024\/07\/20180620-01-2017-coupure-electrique-enedis-8.png","datePublished":"2019-07-10T13:51:28+00:00","dateModified":"2019-07-10T13:51:28+00:00","breadcrumb":{"@id":"https:\/\/vosgesinfo.fr\/gerardmerinfo\/2019\/07\/enedis-communique-coupures-delectricite-a-venir\/#breadcrumb"},"inLanguage":"fr-FR","potentialAction":[{"@type":"ReadAction","target":["https:\/\/vosgesinfo.fr\/gerardmerinfo\/2019\/07\/enedis-communique-coupures-delectricite-a-venir\/"]}]},{"@type":"ImageObject","inLanguage":"fr-FR","@id":"https:\/\/vosgesinfo.fr\/gerardmerinfo\/2019\/07\/enedis-communique-coupures-delectricite-a-venir\/#primaryimage","url":"https:\/\/vosgesinfo.fr\/app\/uploads\/sites\/6\/2024\/07\/20180620-01-2017-coupure-electrique-enedis-8.png","contentUrl":"https:\/\/vosgesinfo.fr\/app\/uploads\/sites\/6\/2024\/07\/20180620-01-2017-coupure-electrique-enedis-8.png","width":360,"height":210},{"@type":"BreadcrumbList","@id":"https:\/\/vosgesinfo.fr\/gerardmerinfo\/2019\/07\/enedis-communique-coupures-delectricite-a-venir\/#breadcrumb","itemListElement":[{"@type":"ListItem","position":1,"name":"Home","item":"https:\/\/vosgesinfo.fr\/gerardmerinfo\/"},{"@type":"ListItem","position":2,"name":"ENEDIS communique &#8211; coupures d&rsquo;\u00e9lectricit\u00e9 \u00e0 venir"}]},{"@type":"WebSite","@id":"https:\/\/vosgesinfo.fr\/gerardmerinfo\/#website","url":"https:\/\/vosgesinfo.fr\/gerardmerinfo\/","name":"Gerardmer Info","description":"Toute l&#039;actualit\u00e9 de G\u00e9rardmer","publisher":{"@id":"https:\/\/vosgesinfo.fr\/gerardmerinfo\/#organization"},"alternateName":"Toute l'actualit\u00e9 de G\u00e9rardmer","potentialAction":[{"@type":"SearchAction","target":{"@type":"EntryPoint","urlTemplate":"https:\/\/vosgesinfo.fr\/gerardmerinfo\/?s={search_term_string}"},"query-input":"required name=search_term_string"}],"inLanguage":"fr-FR"},{"@type":"Organization","@id":"https:\/\/vosgesinfo.fr\/gerardmerinfo\/#organization","name":"Gerardmer Info","url":"https:\/\/vosgesinfo.fr\/gerardmerinfo\/","logo":{"@type":"ImageObject","inLanguage":"fr-FR","@id":"https:\/\/vosgesinfo.fr\/gerardmerinfo\/#\/schema\/logo\/image\/","url":"https:\/\/vosgesinfo.fr\/app\/uploads\/sites\/6\/2023\/08\/favicon-gerardmerinfo.png","contentUrl":"https:\/\/vosgesinfo.fr\/app\/uploads\/sites\/6\/2023\/08\/favicon-gerardmerinfo.png","width":512,"height":512,"caption":"Gerardmer Info"},"image":{"@id":"https:\/\/vosgesinfo.fr\/gerardmerinfo\/#\/schema\/logo\/image\/"},"sameAs":["https:\/\/www.facebook.com\/profile.php?id=100049475262660","https:\/\/x.com\/VosgesInfo88","https:\/\/www.youtube.com\/@vosgesinfo"]},{"@type":"Person","@id":"https:\/\/vosgesinfo.fr\/gerardmerinfo\/#\/schema\/person\/bc5d02d71e6932e81b6dadb7386667b1","name":"qs_admin","image":{"@type":"ImageObject","inLanguage":"fr-FR","@id":"https:\/\/vosgesinfo.fr\/gerardmerinfo\/#\/schema\/person\/image\/","url":"https:\/\/secure.gravatar.com\/avatar\/94b18ee0ed79e4a42ea2f2931277b6841a8999fc6fde214600c78057cf1fe1de?s=96&d=mm&r=g","contentUrl":"https:\/\/secure.gravatar.com\/avatar\/94b18ee0ed79e4a42ea2f2931277b6841a8999fc6fde214600c78057cf1fe1de?s=96&d=mm&r=g","caption":"qs_admin"},"sameAs":["https:\/\/vosgesinfo.fr\/wp"],"url":"https:\/\/vosgesinfo.fr\/gerardmerinfo\/author\/qs_admin\/"}]}},"_links":{"self":[{"href":"https:\/\/vosgesinfo.fr\/gerardmerinfo\/wp-json\/wp\/v2\/posts\/42839","targetHints":{"allow":["GET"]}}],"collection":[{"href":"https:\/\/vosgesinfo.fr\/gerardmerinfo\/wp-json\/wp\/v2\/posts"}],"about":[{"href":"https:\/\/vosgesinfo.fr\/gerardmerinfo\/wp-json\/wp\/v2\/types\/post"}],"author":[{"embeddable":true,"href":"https:\/\/vosgesinfo.fr\/gerardmerinfo\/wp-json\/wp\/v2\/users\/1"}],"replies":[{"embeddable":true,"href":"https:\/\/vosgesinfo.fr\/gerardmerinfo\/wp-json\/wp\/v2\/comments?post=42839"}],"version-history":[{"count":0,"href":"https:\/\/vosgesinfo.fr\/gerardmerinfo\/wp-json\/wp\/v2\/posts\/42839\/revisions"}],"wp:featuredmedia":[{"embeddable":true,"href":"https:\/\/vosgesinfo.fr\/gerardmerinfo\/wp-json\/wp\/v2\/media\/42840"}],"wp:attachment":[{"href":"https:\/\/vosgesinfo.fr\/gerardmerinfo\/wp-json\/wp\/v2\/media?parent=42839"}],"wp:term":[{"taxonomy":"category","embeddable":true,"href":"https:\/\/vosgesinfo.fr\/gerardmerinfo\/wp-json\/wp\/v2\/categories?post=42839"},{"taxonomy":"post_tag","embeddable":true,"href":"https:\/\/vosgesinfo.fr\/gerardmerinfo\/wp-json\/wp\/v2\/tags?post=42839"}],"curies":[{"name":"wp","href":"https:\/\/api.w.org\/{rel}","templated":true}]}}